{"id":23178,"date":"2014-07-11T17:14:22","date_gmt":"2014-07-11T15:14:22","guid":{"rendered":"http:\/\/www.wallendorff.com\/?p=23178"},"modified":"2018-05-23T08:12:23","modified_gmt":"2018-05-23T06:12:23","slug":"les-eurockeennes-belfort-6-juillet-2","status":"publish","type":"post","link":"https:\/\/www.wallendorff.com\/belogue\/2014\/07\/11\/les-eurockeennes-belfort-6-juillet-2\/","title":{"rendered":"Les Eurock\u00e9ennes, Belfort, 6 juillet."},"content":{"rendered":"\n<div id=\"photo\">\n<p><img decoding=\"async\" src=\"https:\/\/www.wallendorff.com\/belogue\/photo\/2014\/07\/20140711.jpg\"><\/p>\n<\/p><\/div>\n<p>Souvenirs du 3<sup>e<\/sup> jour (toujours en vrac)&nbsp;:<\/p>\n<ul>\n<li>&laquo;&nbsp;Vous voulez du lard&nbsp;?&nbsp;&raquo;<\/li>\n<li>Je n&rsquo;ai PAS vu UN SEUL drapeau breton du week-end. PAS UN.<\/li>\n<li>La m&eacute;t&eacute;o avait pr&eacute;vu des orages, des temp&ecirc;tes, des attaques de zombies et des p&eacute;nuries de bi&egrave;re, mais finalement il n&rsquo;a plu que de 19&nbsp;h 02 &agrave; 19&nbsp;h 08 et &agrave; partir de 4&nbsp;h 20 du matin, soit deux minutes apr&egrave;s que nous nous sommes dit &laquo;&nbsp;tiens, on va peut-&ecirc;tre se rentrer&nbsp;&raquo;. C&rsquo;est &eacute;patant.<\/li>\n<li>Quand j&rsquo;ai vu le bonhomme au canot gonfler son canot juste avant Volbeat, j&rsquo;ai pens&eacute;&nbsp;: &laquo; toi, mon bonhomme au canot, je vais pas te louper avec ton canot quand tu iras sur la foule faire du canot&nbsp;&raquo; mais, au final, si je n&rsquo;ai pas loup&eacute; le bonhomme au canot, c&rsquo;est surtout parce que, alors que j&rsquo;&eacute;tais en train de photographier Andres Kj&oslash;lholm, Anders Kj&oslash;lholm a du doigt quelque chose derri&egrave;re moi en s&rsquo;esclaffant&nbsp;: &laquo;&nbsp;regardez, les copains, y a un bonhomme sur un canot qui fait du canot sur la foule lolixed&eacute;&nbsp;&raquo; (je lis tr&egrave;s bien le danois sur les l&egrave;vres), ce qui me permit de me retourner et la Paf&nbsp;! le bonhomme au canot.<\/li>\n<li>Chouter des feux d&rsquo;artifices, c&rsquo;est point simple.<\/li>\n<li>Le monsieur qui dormait par terre a fini par se r&eacute;veiller apr&egrave;s. Il va tr&egrave;s bien, merci.<\/li>\n<li>&laquo;&nbsp;Vous voulez du lard&nbsp;?&nbsp;&raquo;<\/li>\n<\/ul>\n<p style=\"text-align:right\">Je vous laisse avec les photos du jour. Le reste des photos du week-end est sous <a href=\"https:\/\/www.wallendorff.com\/belogue\/tag\/eurockeennes-2014\/\">ce lien<\/a>.<\/p>\n<div id=\"bandeson\">\n<p><img decoding=\"async\" src=\"https:\/\/www.wallendorff.com\/belogue\/photo\/pochettes\/n\/nine_black_alps-candy_for_the_clowns.jpg\" align=\"left\" \/><a style=\"font-weight:normal\" id=\"lienmp3\" href=\"http:\/\/www.youtube.com\/watch?v=_Q7McsqmMoo\"><em>Supermarket Clothes<\/em><\/a><br \/>\n<a href=\"http:\/\/www.nineblackalps.com\">Nine Black Alps<\/a><\/p>\n<\/p><\/div>\n<p style=\"text-align:right\">Et c&rsquo;est tout pour cette fois-ci&nbsp;! &Agrave; l&rsquo;ann&eacute;e prochaine, les Eurocks. <\/p>\n<p style=\"text-align:right\">PS&nbsp;: Rhubarbe II dit que j&rsquo;ai march&eacute; 28,2&nbsp;km en 3 jours. C&rsquo;est moins que ce que je pensais.<\/p>\n<div id=\"photo2\">\n<p><img decoding=\"async\" src=\"https:\/\/www.wallendorff.com\/belogue\/photo\/2014\/07\/20140711-01.jpg\" \/><\/p>\n<\/div>\n<p>&nbsp;<\/p>ngg_shortcode_0_placeholder","protected":false},"excerpt":{"rendered":"<p>Souvenirs du 3e jour (toujours en vrac)&nbsp;: &laquo;&nbsp;Vous voulez du lard&nbsp;?&nbsp;&raquo; Je n&rsquo;ai PAS vu UN SEUL drapeau breton du week-end. PAS UN. La m&eacute;t&eacute;o avait pr&eacute;vu des orages, des temp&ecirc;tes, des attaques de zombies et des p&eacute;nuries de bi&egrave;re, mais finalement il n&rsquo;a plu que de 19&nbsp;h 02 &agrave; 19&nbsp;h 08 et &agrave; partir&hellip;<\/p>\n","protected":false},"author":1,"featured_media":26820,"comment_status":"open","ping_status":"open","sticky":false,"template":"","format":"standard","meta":{"_acf_changed":false,"ngg_post_thumbnail":0,"jetpack_post_was_ever_published":false,"_jetpack_newsletter_access":"","_jetpack_dont_email_post_to_subs":false,"_jetpack_newsletter_tier_id":0,"_jetpack_memberships_contains_paywalled_content":false,"_jetpack_memberships_contains_paid_content":false,"footnotes":"","jetpack_publicize_message":"","jetpack_publicize_feature_enabled":true,"jetpack_social_post_already_shared":false,"jetpack_social_options":{"image_generator_settings":{"template":"highway","default_image_id":0,"font":"","enabled":false},"version":2}},"categories":[7],"tags":[11810,10084,6103,10110,10529,2571,8170,181,6766,8351,10109,12033,10136,10880,10120,10296,12042,10135,12040,8747,12035,8243,10295,10396,12039],"class_list":["post-23178","post","type-post","status-publish","format-standard","has-post-thumbnail","hentry","category-alive","tag-11810","tag-alive","tag-ambiance-2","tag-belfort","tag-biffy-clyro","tag-ef-16-35-mm-f28l-ii-usm","tag-ef-24-70-mm-f2-8l-ii-usm","tag-ef-70-200-mm-f28l-usm","tag-eos-5d-mark-iii","tag-eos-6d","tag-eurockeennes","tag-eurockeennes-2014","tag-festival","tag-foster-the-people","tag-france","tag-franche-comte","tag-ghost","tag-public","tag-robert-plant","tag-robert-plant-and-the-sensationnal-space-shifters","tag-sermamagny","tag-sigma-15-mm-f2-8-ex-dg-diagonal-fish-eye","tag-territoire-de-belfort","tag-the-black-keys","tag-volbeat"],"acf":[],"geo":null,"jetpack_publicize_connections":[],"jetpack_featured_media_url":"https:\/\/www.wallendorff.com\/belogue\/wp-content\/uploads\/2015\/04\/201407111.jpg","jetpack_shortlink":"https:\/\/wp.me\/p3b35P-61Q","jetpack_sharing_enabled":true,"jetpack-related-posts":[{"id":21269,"url":"https:\/\/www.wallendorff.com\/belogue\/2013\/07\/09\/les-eurockeennes-belfort-4-juillet\/","url_meta":{"origin":23178,"position":0},"title":"Les Eurock\u00e9ennes, Belfort, 4 juillet.","author":"dpc","date":"9 juillet 2013","format":false,"excerpt":"Arriver \u00e0 la bourre et chouter -M- n'importe comment, retrouver les lieux, en d\u00e9couvrir d'autres, reconna\u00eetre des visages, prendre ses rep\u00e8res, aller de sc\u00e8ne en sc\u00e8ne et finir t\u00f4t \u2013\u00a0\u00e0 2\u00a0h du matin \u00e0 peine\u00a0\u2013 cette soir\u00e9e plus proche de l'ap\u00e9ritif que de la vraie journ\u00e9e de festival. L'ensemble des\u2026","rel":"","context":"Dans &quot;Alive&quot;","block_context":{"text":"Alive","link":"https:\/\/www.wallendorff.com\/belogue\/category\/alive\/"},"img":{"alt_text":"","src":"https:\/\/i0.wp.com\/www.wallendorff.com\/belogue\/wp-content\/uploads\/2015\/04\/201307091.jpg?resize=350%2C200&ssl=1","width":350,"height":200,"srcset":"https:\/\/i0.wp.com\/www.wallendorff.com\/belogue\/wp-content\/uploads\/2015\/04\/201307091.jpg?resize=350%2C200&ssl=1 1x, https:\/\/i0.wp.com\/www.wallendorff.com\/belogue\/wp-content\/uploads\/2015\/04\/201307091.jpg?resize=525%2C300&ssl=1 1.5x, https:\/\/i0.wp.com\/www.wallendorff.com\/belogue\/wp-content\/uploads\/2015\/04\/201307091.jpg?resize=700%2C400&ssl=1 2x"},"classes":[]},{"id":21283,"url":"https:\/\/www.wallendorff.com\/belogue\/2013\/07\/10\/les-eurockeennes-belfort-5-juillet\/","url_meta":{"origin":23178,"position":1},"title":"Les Eurock\u00e9ennes, Belfort, 5 juillet.","author":"dpc","date":"10 juillet 2013","format":false,"excerpt":"Manger du lard, errer dans la poussi\u00e8re, boire des bi\u00e8res, voir le coucher de soleil, re-boire des bi\u00e8res, regarder la radio, tra\u00eener au milieu des cadavres, finir dans une tente et rentrer sans ses pieds. L'ensemble des photos est sous ce mot-clef. She's Dead to Me The Von Bondies \u00a0","rel":"","context":"Dans &quot;Alive&quot;","block_context":{"text":"Alive","link":"https:\/\/www.wallendorff.com\/belogue\/category\/alive\/"},"img":{"alt_text":"","src":"https:\/\/i0.wp.com\/www.wallendorff.com\/belogue\/wp-content\/uploads\/2015\/04\/201307101.jpg?resize=350%2C200&ssl=1","width":350,"height":200,"srcset":"https:\/\/i0.wp.com\/www.wallendorff.com\/belogue\/wp-content\/uploads\/2015\/04\/201307101.jpg?resize=350%2C200&ssl=1 1x, https:\/\/i0.wp.com\/www.wallendorff.com\/belogue\/wp-content\/uploads\/2015\/04\/201307101.jpg?resize=525%2C300&ssl=1 1.5x, https:\/\/i0.wp.com\/www.wallendorff.com\/belogue\/wp-content\/uploads\/2015\/04\/201307101.jpg?resize=700%2C400&ssl=1 2x"},"classes":[]},{"id":28031,"url":"https:\/\/www.wallendorff.com\/belogue\/2015\/07\/08\/les-eurockeennes-belfort-jour-2\/","url_meta":{"origin":23178,"position":2},"title":"Les Eurock\u00e9ennes, Belfort, jour 2.","author":"dpc","date":"8 juillet 2015","format":false,"excerpt":"Le reste des photos est sur ce lien. Le reste des photos est sur ce lien.","rel":"","context":"Dans &quot;Alive&quot;","block_context":{"text":"Alive","link":"https:\/\/www.wallendorff.com\/belogue\/category\/alive\/"},"img":{"alt_text":"","src":"https:\/\/i0.wp.com\/www.wallendorff.com\/belogue\/wp-content\/uploads\/2015\/07\/20150708-511.jpg?resize=350%2C200&ssl=1","width":350,"height":200,"srcset":"https:\/\/i0.wp.com\/www.wallendorff.com\/belogue\/wp-content\/uploads\/2015\/07\/20150708-511.jpg?resize=350%2C200&ssl=1 1x, https:\/\/i0.wp.com\/www.wallendorff.com\/belogue\/wp-content\/uploads\/2015\/07\/20150708-511.jpg?resize=525%2C300&ssl=1 1.5x, https:\/\/i0.wp.com\/www.wallendorff.com\/belogue\/wp-content\/uploads\/2015\/07\/20150708-511.jpg?resize=700%2C400&ssl=1 2x"},"classes":[]},{"id":28107,"url":"https:\/\/www.wallendorff.com\/belogue\/2015\/07\/09\/les-eurockeennes-belfort-jour-3\/","url_meta":{"origin":23178,"position":3},"title":"Les Eurock\u00e9ennes, Belfort, jour 3.","author":"dpc","date":"9 juillet 2015","format":false,"excerpt":"Le reste des photos est sur ce lien. Le reste des photos est sur ce lien.","rel":"","context":"Dans &quot;Alive&quot;","block_context":{"text":"Alive","link":"https:\/\/www.wallendorff.com\/belogue\/category\/alive\/"},"img":{"alt_text":"","src":"https:\/\/i0.wp.com\/www.wallendorff.com\/belogue\/wp-content\/uploads\/2015\/07\/20150709-731.jpg?resize=350%2C200&ssl=1","width":350,"height":200,"srcset":"https:\/\/i0.wp.com\/www.wallendorff.com\/belogue\/wp-content\/uploads\/2015\/07\/20150709-731.jpg?resize=350%2C200&ssl=1 1x, https:\/\/i0.wp.com\/www.wallendorff.com\/belogue\/wp-content\/uploads\/2015\/07\/20150709-731.jpg?resize=525%2C300&ssl=1 1.5x, https:\/\/i0.wp.com\/www.wallendorff.com\/belogue\/wp-content\/uploads\/2015\/07\/20150709-731.jpg?resize=700%2C400&ssl=1 2x"},"classes":[]},{"id":31409,"url":"https:\/\/www.wallendorff.com\/belogue\/2016\/07\/06\/les-eurockeennes-belfort-jour-2-2\/","url_meta":{"origin":23178,"position":4},"title":"Les Eurock\u00e9ennes, Belfort, jour 2.","author":"dpc","date":"6 juillet 2016","format":false,"excerpt":"L'int\u00e9grale des photos est sur ce lien.","rel":"","context":"Dans &quot;Alive&quot;","block_context":{"text":"Alive","link":"https:\/\/www.wallendorff.com\/belogue\/category\/alive\/"},"img":{"alt_text":"","src":"https:\/\/i0.wp.com\/www.wallendorff.com\/belogue\/wp-content\/uploads\/2016\/07\/20160706-58-1.jpg?resize=350%2C200&ssl=1","width":350,"height":200,"srcset":"https:\/\/i0.wp.com\/www.wallendorff.com\/belogue\/wp-content\/uploads\/2016\/07\/20160706-58-1.jpg?resize=350%2C200&ssl=1 1x, https:\/\/i0.wp.com\/www.wallendorff.com\/belogue\/wp-content\/uploads\/2016\/07\/20160706-58-1.jpg?resize=525%2C300&ssl=1 1.5x, https:\/\/i0.wp.com\/www.wallendorff.com\/belogue\/wp-content\/uploads\/2016\/07\/20160706-58-1.jpg?resize=700%2C400&ssl=1 2x"},"classes":[]},{"id":23157,"url":"https:\/\/www.wallendorff.com\/belogue\/2014\/07\/09\/les-eurockeennes-belfort-4-juillet-2\/","url_meta":{"origin":23178,"position":5},"title":"Les Eurock\u00e9ennes, Belfort, 4 juillet.","author":"dpc","date":"9 juillet 2014","format":false,"excerpt":"La route, rater Temples, puis voir les fl\u00e9aux s'encha\u00eener\u00a0: pluie, boue et, finalement, Rhubarbe II tout bourr\u00e9 \u00e0 la flotte qui s'invente un mode al\u00e9atoire. Puisque je n'\u00e9tais pas l\u00e0 en 2012, je me croirais presque revenu en 2001. Poisseux d\u00e9but de week-end. Les photos s'en ressentent. Le reste des\u2026","rel":"","context":"Dans &quot;Alive&quot;","block_context":{"text":"Alive","link":"https:\/\/www.wallendorff.com\/belogue\/category\/alive\/"},"img":{"alt_text":"","src":"https:\/\/i0.wp.com\/www.wallendorff.com\/belogue\/wp-content\/uploads\/2015\/04\/201407091.jpg?resize=350%2C200&ssl=1","width":350,"height":200,"srcset":"https:\/\/i0.wp.com\/www.wallendorff.com\/belogue\/wp-content\/uploads\/2015\/04\/201407091.jpg?resize=350%2C200&ssl=1 1x, https:\/\/i0.wp.com\/www.wallendorff.com\/belogue\/wp-content\/uploads\/2015\/04\/201407091.jpg?resize=525%2C300&ssl=1 1.5x, https:\/\/i0.wp.com\/www.wallendorff.com\/belogue\/wp-content\/uploads\/2015\/04\/201407091.jpg?resize=700%2C400&ssl=1 2x"},"classes":[]}],"_links":{"self":[{"href":"https:\/\/www.wallendorff.com\/belogue\/wp-json\/wp\/v2\/posts\/23178","targetHints":{"allow":["GET"]}}],"collection":[{"href":"https:\/\/www.wallendorff.com\/belogue\/wp-json\/wp\/v2\/posts"}],"about":[{"href":"https:\/\/www.wallendorff.com\/belogue\/wp-json\/wp\/v2\/types\/post"}],"author":[{"embeddable":true,"href":"https:\/\/www.wallendorff.com\/belogue\/wp-json\/wp\/v2\/users\/1"}],"replies":[{"embeddable":true,"href":"https:\/\/www.wallendorff.com\/belogue\/wp-json\/wp\/v2\/comments?post=23178"}],"version-history":[{"count":7,"href":"https:\/\/www.wallendorff.com\/belogue\/wp-json\/wp\/v2\/posts\/23178\/revisions"}],"predecessor-version":[{"id":23269,"href":"https:\/\/www.wallendorff.com\/belogue\/wp-json\/wp\/v2\/posts\/23178\/revisions\/23269"}],"wp:featuredmedia":[{"embeddable":true,"href":"https:\/\/www.wallendorff.com\/belogue\/wp-json\/wp\/v2\/media\/26820"}],"wp:attachment":[{"href":"https:\/\/www.wallendorff.com\/belogue\/wp-json\/wp\/v2\/media?parent=23178"}],"wp:term":[{"taxonomy":"category","embeddable":true,"href":"https:\/\/www.wallendorff.com\/belogue\/wp-json\/wp\/v2\/categories?post=23178"},{"taxonomy":"post_tag","embeddable":true,"href":"https:\/\/www.wallendorff.com\/belogue\/wp-json\/wp\/v2\/tags?post=23178"}],"curies":[{"name":"wp","href":"https:\/\/api.w.org\/{rel}","templated":true}]}}