{"id":23168,"date":"2014-07-10T17:05:50","date_gmt":"2014-07-10T15:05:50","guid":{"rendered":"http:\/\/www.wallendorff.com\/?p=23168"},"modified":"2018-05-23T08:12:23","modified_gmt":"2018-05-23T06:12:23","slug":"les-eurockeennes-belfort-5-juillet-2","status":"publish","type":"post","link":"https:\/\/www.wallendorff.com\/belogue\/2014\/07\/10\/les-eurockeennes-belfort-5-juillet-2\/","title":{"rendered":"Les Eurock\u00e9ennes, Belfort, 5 juillet."},"content":{"rendered":"\n<div id=\"photo\">\n<p><img decoding=\"async\" src=\"https:\/\/www.wallendorff.com\/belogue\/photo\/2014\/07\/20140710.jpg\"><\/p>\n<\/p><\/div>\n<p style=\"text-align:right\">Souvenirs du 2<sup>e<\/sup> jour (en vrac)&nbsp;:<\/p>\n<ul>\n<li>&laquo;&nbsp;Vous voulez du lard&nbsp;?&nbsp;&raquo;<\/li>\n<li>Un 6D qui se r&eacute;veille d&rsquo;un coma hydraulique, c&rsquo;est comme un humain un lendemain de soir&eacute;e bar&nbsp;: &ccedil;a se rappelle rien, &ccedil;a fait comme s&rsquo;il ne s&rsquo;&eacute;tait rien pass&eacute; et &ccedil;a ne comprend pas pourquoi &ccedil;&rsquo;a mal &agrave; la t&ecirc;te.<\/li>\n<li>Il devait pleuvoir, samedi, mais il n&rsquo;en fut finalement rien car toute l&rsquo;eau de la journ&eacute;e a servi &agrave; arroser le Main Square festival &agrave; Arras. Merci, le Main Square Festival &agrave; Arras.<\/li>\n<li>Quand, en 1991, dans le quartier de Highland Park &agrave; Los Angeles, monsieur Skrillex a refus&eacute; d&rsquo;acheter &agrave; son fils un lit en forme de formule 1 et que ce dernier lui r&eacute;pondit en se roulant par terre &laquo;&nbsp;JE M&rsquo;EN FOUS QUAND JE SERAI GRAND JE SERAI M&Eacute;GA-RICHE ET J&rsquo;AURAI UNE SC&Egrave;NE DE OUFFE EN FORME DE VAISSEAU SPATIAL G&Eacute;ANT&nbsp;&raquo;, il ne blaguait pas.<\/li>\n<li>&laquo;&nbsp;Vous voulez du lard&nbsp;?&nbsp;&raquo;<\/li>\n<\/ul>\n<p style=\"text-align:right\">Je vous laisse avec les photos du jour. Le reste des photos du week-end est sous <a href=\"https:\/\/www.wallendorff.com\/belogue\/tag\/eurockeennes-2014\/\">ce lien<\/a>.<\/p>\n<div id=\"bandeson\">\n<p><img decoding=\"async\" src=\"https:\/\/www.wallendorff.com\/belogue\/photo\/pochettes\/f\/future_death-special_victims.jpg\" align=\"left\" \/><a style=\"font-weight:normal\" id=\"lienmp3\" href=\"http:\/\/www.youtube.com\/watch?v=uy-_BHFKBT0\"><em>Basements<\/em><\/a><br \/>\n<a href=\"http:\/\/futuredeath.bandcamp.com\/\">Future Death<\/a><\/p>\n<\/p><\/div>ngg_shortcode_0_placeholder<p>&nbsp;<\/p>\n","protected":false},"excerpt":{"rendered":"<p>Souvenirs du 2e jour (en vrac)&nbsp;: &laquo;&nbsp;Vous voulez du lard&nbsp;?&nbsp;&raquo; Un 6D qui se r&eacute;veille d&rsquo;un coma hydraulique, c&rsquo;est comme un humain un lendemain de soir&eacute;e bar&nbsp;: &ccedil;a se rappelle rien, &ccedil;a fait comme s&rsquo;il ne s&rsquo;&eacute;tait rien pass&eacute; et &ccedil;a ne comprend pas pourquoi &ccedil;&rsquo;a mal &agrave; la t&ecirc;te. Il devait pleuvoir, samedi, mais&hellip;<\/p>\n","protected":false},"author":1,"featured_media":26815,"comment_status":"open","ping_status":"open","sticky":false,"template":"","format":"standard","meta":{"_acf_changed":false,"ngg_post_thumbnail":0,"jetpack_post_was_ever_published":false,"_jetpack_newsletter_access":"","_jetpack_dont_email_post_to_subs":false,"_jetpack_newsletter_tier_id":0,"_jetpack_memberships_contains_paywalled_content":false,"_jetpack_memberships_contains_paid_content":false,"footnotes":"","jetpack_publicize_message":"","jetpack_publicize_feature_enabled":true,"jetpack_social_post_already_shared":false,"jetpack_social_options":{"image_generator_settings":{"template":"highway","default_image_id":0,"font":"","enabled":false},"version":2}},"categories":[7],"tags":[11810,10084,6103,8742,10110,2571,8170,181,6766,8351,12036,12037,10109,12033,10136,10120,10296,10100,8741,10835,11626,10135,12035,10910,8243,12038,10295],"class_list":["post-23168","post","type-post","status-publish","format-standard","has-post-thumbnail","hentry","category-alive","tag-11810","tag-alive","tag-ambiance-2","tag-basements","tag-belfort","tag-ef-16-35-mm-f28l-ii-usm","tag-ef-24-70-mm-f2-8l-ii-usm","tag-ef-70-200-mm-f28l-usm","tag-eos-5d-mark-iii","tag-eos-6d","tag-circa-waves","tag-drenge","tag-eurockeennes","tag-eurockeennes-2014","tag-festival","tag-france","tag-franche-comte","tag-franz-ferdinand","tag-future-death","tag-gaetan-roussel","tag-jagwar-ma","tag-public","tag-sermamagny","tag-shaka-ponk","tag-sigma-15-mm-f2-8-ex-dg-diagonal-fish-eye","tag-skrillex","tag-territoire-de-belfort"],"acf":[],"geo":{"latitude":47.6851463,"longitude":6.8091631,"description":"Chemin de Cramenuz, 90300 Sermamagny, France"},"jetpack_publicize_connections":[],"jetpack_featured_media_url":"https:\/\/www.wallendorff.com\/belogue\/wp-content\/uploads\/2015\/04\/201407101.jpg","jetpack_shortlink":"https:\/\/wp.me\/p3b35P-61G","jetpack_sharing_enabled":true,"jetpack-related-posts":[{"id":125131,"url":"https:\/\/www.wallendorff.com\/belogue\/2023\/07\/03\/les-eurockeennes-2023-belfort-jour-4\/","url_meta":{"origin":23168,"position":0},"title":"Les Eurock\u00e9ennes 2023, Belfort, jour 4.","author":"dpc","date":"3 juillet 2023","format":false,"excerpt":"1 sc\u00e8ne + 3 groupes dont 1 t\u00eate d'affiche qui limite les photographes et qui bloque l'acc\u00e8s au front de sc\u00e8ne = une maigre galerie. Chef and the Gang @ les Eurock\u00e9ennes, Belfort, 02\/07\/2023 Les Eurock\u00e9ennes, Belfort, 02\/07\/2023 Chef and the Gang @ les Eurock\u00e9ennes, Belfort, 02\/07\/2023 Les Eurock\u00e9ennes, Belfort,\u2026","rel":"","context":"Dans &quot;Alive&quot;","block_context":{"text":"Alive","link":"https:\/\/www.wallendorff.com\/belogue\/category\/alive\/"},"img":{"alt_text":"","src":"https:\/\/i0.wp.com\/www.wallendorff.com\/belogue\/wp-content\/uploads\/2023\/07\/20230703-07.jpg?resize=350%2C200&ssl=1","width":350,"height":200,"srcset":"https:\/\/i0.wp.com\/www.wallendorff.com\/belogue\/wp-content\/uploads\/2023\/07\/20230703-07.jpg?resize=350%2C200&ssl=1 1x, https:\/\/i0.wp.com\/www.wallendorff.com\/belogue\/wp-content\/uploads\/2023\/07\/20230703-07.jpg?resize=525%2C300&ssl=1 1.5x, https:\/\/i0.wp.com\/www.wallendorff.com\/belogue\/wp-content\/uploads\/2023\/07\/20230703-07.jpg?resize=700%2C400&ssl=1 2x, https:\/\/i0.wp.com\/www.wallendorff.com\/belogue\/wp-content\/uploads\/2023\/07\/20230703-07.jpg?resize=1050%2C600&ssl=1 3x"},"classes":[]},{"id":124968,"url":"https:\/\/www.wallendorff.com\/belogue\/2023\/07\/01\/les-eurockeennes-2023-belfort-jour-2\/","url_meta":{"origin":23168,"position":1},"title":"Les Eurock\u00e9ennes 2023, Belfort, jour 2.","author":"dpc","date":"1 juillet 2023","format":false,"excerpt":"Les Eurock\u00e9ennes, Belfort, 30\/06\/2023 Les Eurock\u00e9ennes, Belfort, 30\/06\/2023 Les Eurock\u00e9ennes, Belfort, 30\/06\/2023 Yard Act @ les Eurock\u00e9ennes, Belfort, 30\/06\/2023 Yard Act @ les Eurock\u00e9ennes, Belfort, 30\/06\/2023 Yard Act @ les Eurock\u00e9ennes, Belfort, 30\/06\/2023 Les Eurock\u00e9ennes, Belfort, 30\/06\/2023 Yard Act @ les Eurock\u00e9ennes, Belfort, 30\/06\/2023 Yard Act @ les Eurock\u00e9ennes, Belfort,\u2026","rel":"","context":"Dans &quot;Alive&quot;","block_context":{"text":"Alive","link":"https:\/\/www.wallendorff.com\/belogue\/category\/alive\/"},"img":{"alt_text":"","src":"https:\/\/i0.wp.com\/www.wallendorff.com\/belogue\/wp-content\/uploads\/2023\/07\/20230701-74.jpg?resize=350%2C200&ssl=1","width":350,"height":200,"srcset":"https:\/\/i0.wp.com\/www.wallendorff.com\/belogue\/wp-content\/uploads\/2023\/07\/20230701-74.jpg?resize=350%2C200&ssl=1 1x, https:\/\/i0.wp.com\/www.wallendorff.com\/belogue\/wp-content\/uploads\/2023\/07\/20230701-74.jpg?resize=525%2C300&ssl=1 1.5x, https:\/\/i0.wp.com\/www.wallendorff.com\/belogue\/wp-content\/uploads\/2023\/07\/20230701-74.jpg?resize=700%2C400&ssl=1 2x, https:\/\/i0.wp.com\/www.wallendorff.com\/belogue\/wp-content\/uploads\/2023\/07\/20230701-74.jpg?resize=1050%2C600&ssl=1 3x"},"classes":[]},{"id":132705,"url":"https:\/\/www.wallendorff.com\/belogue\/2025\/07\/07\/les-eurockeennes-2025-belfort-jour-4\/","url_meta":{"origin":23168,"position":2},"title":"Les Eurock\u00e9ennes 2025, Belfort, jour 4.","author":"dpc","date":"7 juillet 2025","format":false,"excerpt":"Les Eurock\u00e9ennes, Belfort, 06\/07\/2024 Molotovs @ les Eurock\u00e9ennes, Belfort, 06\/07\/2025 Molotovs @ les Eurock\u00e9ennes, Belfort, 06\/07\/2025 Molotovs @ les Eurock\u00e9ennes, Belfort, 06\/07\/2025 Molotovs @ les Eurock\u00e9ennes, Belfort, 06\/07\/2025 Molotovs @ les Eurock\u00e9ennes, Belfort, 06\/07\/2025 Molotovs @ les Eurock\u00e9ennes, Belfort, 06\/07\/2025 Molotovs @ les Eurock\u00e9ennes, Belfort, 06\/07\/2025 Molotovs @ les Eurock\u00e9ennes,\u2026","rel":"","context":"Dans &quot;Alive&quot;","block_context":{"text":"Alive","link":"https:\/\/www.wallendorff.com\/belogue\/category\/alive\/"},"img":{"alt_text":"","src":"https:\/\/i0.wp.com\/www.wallendorff.com\/belogue\/wp-content\/uploads\/2025\/07\/20250707-08.jpg?resize=350%2C200&ssl=1","width":350,"height":200,"srcset":"https:\/\/i0.wp.com\/www.wallendorff.com\/belogue\/wp-content\/uploads\/2025\/07\/20250707-08.jpg?resize=350%2C200&ssl=1 1x, https:\/\/i0.wp.com\/www.wallendorff.com\/belogue\/wp-content\/uploads\/2025\/07\/20250707-08.jpg?resize=525%2C300&ssl=1 1.5x, https:\/\/i0.wp.com\/www.wallendorff.com\/belogue\/wp-content\/uploads\/2025\/07\/20250707-08.jpg?resize=700%2C400&ssl=1 2x, https:\/\/i0.wp.com\/www.wallendorff.com\/belogue\/wp-content\/uploads\/2025\/07\/20250707-08.jpg?resize=1050%2C600&ssl=1 3x"},"classes":[]},{"id":124880,"url":"https:\/\/www.wallendorff.com\/belogue\/2023\/06\/30\/les-eurockeennes-2023-belfort-jour-1\/","url_meta":{"origin":23168,"position":3},"title":"Les Eurock\u00e9ennes 2023, Belfort, jour 1.","author":"dpc","date":"30 juin 2023","format":false,"excerpt":"Ad\u00e9 @ les Eurock\u00e9ennes, Belfort, 29\/06\/2023 Les Eurock\u00e9ennes, Belfort, 29\/06\/2023 Ad\u00e9 @ les Eurock\u00e9ennes, Belfort, 29\/06\/2023 Ad\u00e9 @ les Eurock\u00e9ennes, Belfort, 29\/06\/2023 Ad\u00e9 @ les Eurock\u00e9ennes, Belfort, 29\/06\/2023 Ad\u00e9 @ les Eurock\u00e9ennes, Belfort, 29\/06\/2023 Ad\u00e9 @ les Eurock\u00e9ennes, Belfort, 29\/06\/2023 Les Eurock\u00e9ennes, Belfort, 29\/06\/2023 Les Eurock\u00e9ennes, Belfort, 29\/06\/2023 Les Eurock\u00e9ennes,\u2026","rel":"","context":"Dans &quot;Alive&quot;","block_context":{"text":"Alive","link":"https:\/\/www.wallendorff.com\/belogue\/category\/alive\/"},"img":{"alt_text":"","src":"https:\/\/i0.wp.com\/www.wallendorff.com\/belogue\/wp-content\/uploads\/2023\/06\/20230630-50.jpg?resize=350%2C200&ssl=1","width":350,"height":200,"srcset":"https:\/\/i0.wp.com\/www.wallendorff.com\/belogue\/wp-content\/uploads\/2023\/06\/20230630-50.jpg?resize=350%2C200&ssl=1 1x, https:\/\/i0.wp.com\/www.wallendorff.com\/belogue\/wp-content\/uploads\/2023\/06\/20230630-50.jpg?resize=525%2C300&ssl=1 1.5x, https:\/\/i0.wp.com\/www.wallendorff.com\/belogue\/wp-content\/uploads\/2023\/06\/20230630-50.jpg?resize=700%2C400&ssl=1 2x, https:\/\/i0.wp.com\/www.wallendorff.com\/belogue\/wp-content\/uploads\/2023\/06\/20230630-50.jpg?resize=1050%2C600&ssl=1 3x"},"classes":[]},{"id":125054,"url":"https:\/\/www.wallendorff.com\/belogue\/2023\/07\/02\/les-eurockeennes-2023-belfort-jour-3\/","url_meta":{"origin":23168,"position":4},"title":"Les Eurock\u00e9ennes 2023, Belfort, jour 3.","author":"dpc","date":"2 juillet 2023","format":false,"excerpt":"Larkin Poe @ les Eurock\u00e9ennes, Belfort, 01\/07\/2023 Larkin Poe @ les Eurock\u00e9ennes, Belfort, 01\/07\/2023 Larkin Poe @ les Eurock\u00e9ennes, Belfort, 01\/07\/2023 Les Eurock\u00e9ennes, Belfort, 01\/07\/2023 Larkin Poe @ les Eurock\u00e9ennes, Belfort, 01\/07\/2023 Les Eurock\u00e9ennes, Belfort, 01\/07\/2023 Larkin Poe @ les Eurock\u00e9ennes, Belfort, 01\/07\/2023 Larkin Poe @ les Eurock\u00e9ennes, Belfort, 01\/07\/2023\u2026","rel":"","context":"Dans &quot;Alive&quot;","block_context":{"text":"Alive","link":"https:\/\/www.wallendorff.com\/belogue\/category\/alive\/"},"img":{"alt_text":"","src":"https:\/\/i0.wp.com\/www.wallendorff.com\/belogue\/wp-content\/uploads\/2023\/07\/20230702-56.jpg?resize=350%2C200&ssl=1","width":350,"height":200,"srcset":"https:\/\/i0.wp.com\/www.wallendorff.com\/belogue\/wp-content\/uploads\/2023\/07\/20230702-56.jpg?resize=350%2C200&ssl=1 1x, https:\/\/i0.wp.com\/www.wallendorff.com\/belogue\/wp-content\/uploads\/2023\/07\/20230702-56.jpg?resize=525%2C300&ssl=1 1.5x, https:\/\/i0.wp.com\/www.wallendorff.com\/belogue\/wp-content\/uploads\/2023\/07\/20230702-56.jpg?resize=700%2C400&ssl=1 2x, https:\/\/i0.wp.com\/www.wallendorff.com\/belogue\/wp-content\/uploads\/2023\/07\/20230702-56.jpg?resize=1050%2C600&ssl=1 3x"},"classes":[]},{"id":128953,"url":"https:\/\/www.wallendorff.com\/belogue\/2024\/07\/05\/les-eurockeennes-2024-belfort-jour-1\/","url_meta":{"origin":23168,"position":5},"title":"Les Eurock\u00e9ennes 2024, Belfort, jour 1.","author":"dpc","date":"5 juillet 2024","format":false,"excerpt":"Les Eurock\u00e9ennes, Belfort, 04\/07\/2024 Oumou Sangar\u00e9 @ les Eurock\u00e9ennes, Belfort, 04\/07\/2024 Les Eurock\u00e9ennes, Belfort, 04\/07\/2024 Oumou Sangar\u00e9 @ les Eurock\u00e9ennes, Belfort, 04\/07\/2024 Les Eurock\u00e9ennes, Belfort, 04\/07\/2024 Oumou Sangar\u00e9 @ les Eurock\u00e9ennes, Belfort, 04\/07\/2024 Les Eurock\u00e9ennes, Belfort, 04\/07\/2024 Oumou Sangar\u00e9 @ les Eurock\u00e9ennes, Belfort, 04\/07\/2024 Oumou Sangar\u00e9 @ les Eurock\u00e9ennes, Belfort,\u2026","rel":"","context":"Dans &quot;Alive&quot;","block_context":{"text":"Alive","link":"https:\/\/www.wallendorff.com\/belogue\/category\/alive\/"},"img":{"alt_text":"","src":"https:\/\/i0.wp.com\/www.wallendorff.com\/belogue\/wp-content\/uploads\/2024\/07\/20240705-32.jpg?resize=350%2C200&ssl=1","width":350,"height":200,"srcset":"https:\/\/i0.wp.com\/www.wallendorff.com\/belogue\/wp-content\/uploads\/2024\/07\/20240705-32.jpg?resize=350%2C200&ssl=1 1x, https:\/\/i0.wp.com\/www.wallendorff.com\/belogue\/wp-content\/uploads\/2024\/07\/20240705-32.jpg?resize=525%2C300&ssl=1 1.5x, https:\/\/i0.wp.com\/www.wallendorff.com\/belogue\/wp-content\/uploads\/2024\/07\/20240705-32.jpg?resize=700%2C400&ssl=1 2x, https:\/\/i0.wp.com\/www.wallendorff.com\/belogue\/wp-content\/uploads\/2024\/07\/20240705-32.jpg?resize=1050%2C600&ssl=1 3x"},"classes":[]}],"_links":{"self":[{"href":"https:\/\/www.wallendorff.com\/belogue\/wp-json\/wp\/v2\/posts\/23168","targetHints":{"allow":["GET"]}}],"collection":[{"href":"https:\/\/www.wallendorff.com\/belogue\/wp-json\/wp\/v2\/posts"}],"about":[{"href":"https:\/\/www.wallendorff.com\/belogue\/wp-json\/wp\/v2\/types\/post"}],"author":[{"embeddable":true,"href":"https:\/\/www.wallendorff.com\/belogue\/wp-json\/wp\/v2\/users\/1"}],"replies":[{"embeddable":true,"href":"https:\/\/www.wallendorff.com\/belogue\/wp-json\/wp\/v2\/comments?post=23168"}],"version-history":[{"count":6,"href":"https:\/\/www.wallendorff.com\/belogue\/wp-json\/wp\/v2\/posts\/23168\/revisions"}],"predecessor-version":[{"id":23262,"href":"https:\/\/www.wallendorff.com\/belogue\/wp-json\/wp\/v2\/posts\/23168\/revisions\/23262"}],"wp:featuredmedia":[{"embeddable":true,"href":"https:\/\/www.wallendorff.com\/belogue\/wp-json\/wp\/v2\/media\/26815"}],"wp:attachment":[{"href":"https:\/\/www.wallendorff.com\/belogue\/wp-json\/wp\/v2\/media?parent=23168"}],"wp:term":[{"taxonomy":"category","embeddable":true,"href":"https:\/\/www.wallendorff.com\/belogue\/wp-json\/wp\/v2\/categories?post=23168"},{"taxonomy":"post_tag","embeddable":true,"href":"https:\/\/www.wallendorff.com\/belogue\/wp-json\/wp\/v2\/tags?post=23168"}],"curies":[{"name":"wp","href":"https:\/\/api.w.org\/{rel}","templated":true}]}}