{"id":23141,"date":"2014-07-04T09:18:04","date_gmt":"2014-07-04T07:18:04","guid":{"rendered":"http:\/\/www.wallendorff.com\/?p=23141"},"modified":"2014-07-31T12:43:09","modified_gmt":"2014-07-31T10:43:09","slug":"weee-lete-weee","status":"publish","type":"post","link":"https:\/\/www.wallendorff.com\/belogue\/2014\/07\/04\/weee-lete-weee\/","title":{"rendered":"W\u00e9\u00e9\u00e9 l&rsquo;\u00e9t\u00e9 w\u00e9\u00e9\u00e9."},"content":{"rendered":"\n<div id=\"photo\">\n<p><img decoding=\"async\" src=\"https:\/\/www.wallendorff.com\/belogue\/photo\/2014\/07\/20140704.jpg\"><br \/>\nPlage des Cavaliers, Anglet, 9 mai.<\/p>\n<\/p><\/div>\n<p style=\"text-align:right\">Allez, tout le monde se met la planche sous le bras et court derri&egrave;re moi, c&rsquo;est parti les campeurs, l&rsquo;&eacute;t&eacute; commence aujourd&rsquo;hui, faudrait voir &agrave; point le louper.<\/p>\n<p style=\"text-align:right\">Und jetzt&#8230;<\/p>\n<p style=\"text-align:right\">(voil&agrave; d&eacute;cid&eacute;ment une de mes phrases pr&eacute;f&eacute;r&eacute;es de l&rsquo;ann&eacute;e.)<\/p>\n<p style=\"text-align:right\">&#8230; nach Belfort.<\/p>\n<p style=\"text-align:right\">&nbsp;<\/p>\n<div id=\"bandeson\">\n<p><img decoding=\"async\" src=\"https:\/\/www.wallendorff.com\/belogue\/photo\/pochettes\/l\/life_less_ordinary_a.jpg\" align=\"left\" \/><a id=\"lienmp3\" style=\"font-weight:normal\" href=\"http:\/\/www.youtube.com\/watch?v=FR3V6a1w-1s\"><em>A Life Less Ordinary<\/em><\/a><br \/>\n          <a href=\"http:\/\/www.ash-official.com\/\">Ash<\/a><\/p>\n<\/p><\/div>\n","protected":false},"excerpt":{"rendered":"<p>Plage des Cavaliers, Anglet, 9 mai. Allez, tout le monde se met la planche sous le bras et court derri&egrave;re moi, c&rsquo;est parti les campeurs, l&rsquo;&eacute;t&eacute; commence aujourd&rsquo;hui, faudrait voir &agrave; point le louper. Und jetzt&#8230; (voil&agrave; d&eacute;cid&eacute;ment une de mes phrases pr&eacute;f&eacute;r&eacute;es de l&rsquo;ann&eacute;e.) &#8230; nach Belfort. &nbsp; A Life Less Ordinary Ash<\/p>\n","protected":false},"author":1,"featured_media":26818,"comment_status":"open","ping_status":"open","sticky":false,"template":"","format":"standard","meta":{"_acf_changed":false,"ngg_post_thumbnail":0,"jetpack_post_was_ever_published":false,"_jetpack_newsletter_access":"","_jetpack_dont_email_post_to_subs":false,"_jetpack_newsletter_tier_id":0,"_jetpack_memberships_contains_paywalled_content":false,"_jetpack_memberships_contains_paid_content":false,"footnotes":"","jetpack_publicize_message":"","jetpack_publicize_feature_enabled":true,"jetpack_social_post_already_shared":false,"jetpack_social_options":{"image_generator_settings":{"template":"highway","default_image_id":0,"font":"","enabled":false},"version":2}},"categories":[3],"tags":[8732,11985,10316,10114,10311,10120,10483,4163,10714,11986,10315,4575],"class_list":["post-23141","post","type-post","status-publish","format-standard","has-post-thumbnail","hentry","category-dpc","tag-a-life-less-ordinary","tag-anglet","tag-aquitaine","tag-ash","tag-dos","tag-france","tag-mer","tag-ocean-atlantique","tag-plage","tag-plage-des-cavaliers","tag-pyrenees-atlantiques","tag-surfeur"],"acf":[],"geo":{"latitude":43.5045052,"longitude":-1.5392447,"description":"Biarritz, Aquitaine, 64200, FR"},"jetpack_publicize_connections":[],"jetpack_featured_media_url":"https:\/\/www.wallendorff.com\/belogue\/wp-content\/uploads\/2015\/04\/201407041.jpg","jetpack_shortlink":"https:\/\/wp.me\/p3b35P-61f","jetpack_sharing_enabled":true,"jetpack-related-posts":[{"id":23282,"url":"https:\/\/www.wallendorff.com\/belogue\/2014\/08\/14\/plagisme-ii\/","url_meta":{"origin":23141,"position":0},"title":"Plagisme [II].","author":"dpc","date":"14 ao\u00fbt 2014","format":false,"excerpt":"Plage des Cavaliers, Anglet, 9 mai. [Le premier date un peu, oui.] Tongues Paws","rel":"","context":"Dans &quot;DPC&quot;","block_context":{"text":"DPC","link":"https:\/\/www.wallendorff.com\/belogue\/category\/dpc\/"},"img":{"alt_text":"","src":"https:\/\/i0.wp.com\/www.wallendorff.com\/belogue\/wp-content\/uploads\/2015\/04\/201408141.jpg?resize=350%2C200&ssl=1","width":350,"height":200,"srcset":"https:\/\/i0.wp.com\/www.wallendorff.com\/belogue\/wp-content\/uploads\/2015\/04\/201408141.jpg?resize=350%2C200&ssl=1 1x, https:\/\/i0.wp.com\/www.wallendorff.com\/belogue\/wp-content\/uploads\/2015\/04\/201408141.jpg?resize=525%2C300&ssl=1 1.5x, https:\/\/i0.wp.com\/www.wallendorff.com\/belogue\/wp-content\/uploads\/2015\/04\/201408141.jpg?resize=700%2C400&ssl=1 2x"},"classes":[]},{"id":23225,"url":"https:\/\/www.wallendorff.com\/belogue\/2014\/07\/31\/plagisme-i\/","url_meta":{"origin":23141,"position":1},"title":"Plagisme [I].","author":"dpc","date":"31 juillet 2014","format":false,"excerpt":"Plage des Cavaliers, Anglet, 9 mai. My Silver Lining First Aid Kit","rel":"","context":"Dans &quot;DPC&quot;","block_context":{"text":"DPC","link":"https:\/\/www.wallendorff.com\/belogue\/category\/dpc\/"},"img":{"alt_text":"","src":"https:\/\/i0.wp.com\/www.wallendorff.com\/belogue\/wp-content\/uploads\/2015\/04\/201407311.jpg?resize=350%2C200&ssl=1","width":350,"height":200,"srcset":"https:\/\/i0.wp.com\/www.wallendorff.com\/belogue\/wp-content\/uploads\/2015\/04\/201407311.jpg?resize=350%2C200&ssl=1 1x, https:\/\/i0.wp.com\/www.wallendorff.com\/belogue\/wp-content\/uploads\/2015\/04\/201407311.jpg?resize=525%2C300&ssl=1 1.5x, https:\/\/i0.wp.com\/www.wallendorff.com\/belogue\/wp-content\/uploads\/2015\/04\/201407311.jpg?resize=700%2C400&ssl=1 2x"},"classes":[]},{"id":9864,"url":"https:\/\/www.wallendorff.com\/belogue\/2010\/11\/28\/du-hall-denomme\/","url_meta":{"origin":23141,"position":2},"title":"Du hall [d\u00e9nomme].","author":"dpc","date":"28 novembre 2010","format":false,"excerpt":"Galerie Vivienne, Paris, 18 septembre. [On avait dit et redit et reredit et rereredit que... bref.] The Black Angels \u2013 Entrance Song","rel":"","context":"Dans &quot;DPC&quot;","block_context":{"text":"DPC","link":"https:\/\/www.wallendorff.com\/belogue\/category\/dpc\/"},"img":{"alt_text":"","src":"https:\/\/i0.wp.com\/www.wallendorff.com\/belogue\/wp-content\/uploads\/2015\/04\/201011281.jpg?resize=350%2C200&ssl=1","width":350,"height":200,"srcset":"https:\/\/i0.wp.com\/www.wallendorff.com\/belogue\/wp-content\/uploads\/2015\/04\/201011281.jpg?resize=350%2C200&ssl=1 1x, https:\/\/i0.wp.com\/www.wallendorff.com\/belogue\/wp-content\/uploads\/2015\/04\/201011281.jpg?resize=525%2C300&ssl=1 1.5x, https:\/\/i0.wp.com\/www.wallendorff.com\/belogue\/wp-content\/uploads\/2015\/04\/201011281.jpg?resize=700%2C400&ssl=1 2x"},"classes":[]},{"id":7755,"url":"https:\/\/www.wallendorff.com\/belogue\/2010\/06\/24\/ash-alberta-cross-james-yuill-la-maroquinerie-paris\/","url_meta":{"origin":23141,"position":3},"title":"Ash + Alberta Cross + James Yuill @ la Maroquinerie, Paris.","author":"dpc","date":"24 juin 2010","format":false,"excerpt":"Lose Control | A Life Less Ordinary | Dionysian Urge | Goldfinger | Petrol | Shining Light | Joy Kicks Darkness | Orpheus | The Dead Disciples | True Love 1980 | Oh Yeah | Kung Fu | Arcadia | Girl from Mars | Return of White Rabbit || Projects\u2026","rel":"","context":"Dans &quot;Alive&quot;","block_context":{"text":"Alive","link":"https:\/\/www.wallendorff.com\/belogue\/category\/alive\/"},"img":{"alt_text":"","src":"https:\/\/i0.wp.com\/www.wallendorff.com\/belogue\/wp-content\/uploads\/2015\/04\/201006241.jpg?resize=350%2C200&ssl=1","width":350,"height":200,"srcset":"https:\/\/i0.wp.com\/www.wallendorff.com\/belogue\/wp-content\/uploads\/2015\/04\/201006241.jpg?resize=350%2C200&ssl=1 1x, https:\/\/i0.wp.com\/www.wallendorff.com\/belogue\/wp-content\/uploads\/2015\/04\/201006241.jpg?resize=525%2C300&ssl=1 1.5x, https:\/\/i0.wp.com\/www.wallendorff.com\/belogue\/wp-content\/uploads\/2015\/04\/201006241.jpg?resize=700%2C400&ssl=1 2x"},"classes":[]},{"id":22992,"url":"https:\/\/www.wallendorff.com\/belogue\/2014\/05\/31\/mai-2014\/","url_meta":{"origin":23141,"position":4},"title":"Mai 2014.","author":"dpc","date":"31 mai 2014","format":false,"excerpt":"Des ponts, un anniversaire, une expo, un avion, une plage, une soir\u00e9e d\u00e9guis\u00e9e, un guitariste nudiste, deux concerts, un mariage, un train, une nuit, un train, un anniversaire, une session photo, une autre session photo, un orage, un concert, un film, une soucoupe et un mariage et 3\u00a0562\u00a0km de plus\u2026","rel":"","context":"Dans &quot;Blog-note&quot;","block_context":{"text":"Blog-note","link":"https:\/\/www.wallendorff.com\/belogue\/category\/blog-note\/"},"img":{"alt_text":"","src":"https:\/\/i0.wp.com\/www.wallendorff.com\/belogue\/wp-content\/uploads\/2015\/04\/20140618-271.jpg?resize=350%2C200&ssl=1","width":350,"height":200,"srcset":"https:\/\/i0.wp.com\/www.wallendorff.com\/belogue\/wp-content\/uploads\/2015\/04\/20140618-271.jpg?resize=350%2C200&ssl=1 1x, https:\/\/i0.wp.com\/www.wallendorff.com\/belogue\/wp-content\/uploads\/2015\/04\/20140618-271.jpg?resize=525%2C300&ssl=1 1.5x, https:\/\/i0.wp.com\/www.wallendorff.com\/belogue\/wp-content\/uploads\/2015\/04\/20140618-271.jpg?resize=700%2C400&ssl=1 2x"},"classes":[]},{"id":186,"url":"https:\/\/www.wallendorff.com\/belogue\/2006\/07\/05\/be-eurocks-en-2006-day-1\/","url_meta":{"origin":23141,"position":5},"title":"Be Eurocks en 2006, day #1.","author":"dpc","date":"5 juillet 2006","format":false,"excerpt":"[D\u00e9sol\u00e9 pour le rendez-vous manqu\u00e9 d'hier, j'ai \u00e9t\u00e9 pris en otage par une bouteille de Sancerre.] \u00a0Mademoiselle K \u2013 \u00c7a sent l'\u00e9t\u00e9 Deftones, Grande Sc\u00e8ne, 19h30. Two Gallants, La Plage, 20h50 Dionysos & Synfonietta, Grande Sc\u00e8ne, 21h55 Polysics, La Loggia, 23h20 Le reste","rel":"","context":"Dans &quot;Alive&quot;","block_context":{"text":"Alive","link":"https:\/\/www.wallendorff.com\/belogue\/category\/alive\/"},"img":{"alt_text":"","src":"https:\/\/i0.wp.com\/www.wallendorff.com\/belogue\/wp-content\/uploads\/2015\/04\/200607051.jpg?resize=350%2C200&ssl=1","width":350,"height":200,"srcset":"https:\/\/i0.wp.com\/www.wallendorff.com\/belogue\/wp-content\/uploads\/2015\/04\/200607051.jpg?resize=350%2C200&ssl=1 1x, https:\/\/i0.wp.com\/www.wallendorff.com\/belogue\/wp-content\/uploads\/2015\/04\/200607051.jpg?resize=525%2C300&ssl=1 1.5x, https:\/\/i0.wp.com\/www.wallendorff.com\/belogue\/wp-content\/uploads\/2015\/04\/200607051.jpg?resize=700%2C400&ssl=1 2x"},"classes":[]}],"_links":{"self":[{"href":"https:\/\/www.wallendorff.com\/belogue\/wp-json\/wp\/v2\/posts\/23141","targetHints":{"allow":["GET"]}}],"collection":[{"href":"https:\/\/www.wallendorff.com\/belogue\/wp-json\/wp\/v2\/posts"}],"about":[{"href":"https:\/\/www.wallendorff.com\/belogue\/wp-json\/wp\/v2\/types\/post"}],"author":[{"embeddable":true,"href":"https:\/\/www.wallendorff.com\/belogue\/wp-json\/wp\/v2\/users\/1"}],"replies":[{"embeddable":true,"href":"https:\/\/www.wallendorff.com\/belogue\/wp-json\/wp\/v2\/comments?post=23141"}],"version-history":[{"count":8,"href":"https:\/\/www.wallendorff.com\/belogue\/wp-json\/wp\/v2\/posts\/23141\/revisions"}],"predecessor-version":[{"id":23228,"href":"https:\/\/www.wallendorff.com\/belogue\/wp-json\/wp\/v2\/posts\/23141\/revisions\/23228"}],"wp:featuredmedia":[{"embeddable":true,"href":"https:\/\/www.wallendorff.com\/belogue\/wp-json\/wp\/v2\/media\/26818"}],"wp:attachment":[{"href":"https:\/\/www.wallendorff.com\/belogue\/wp-json\/wp\/v2\/media?parent=23141"}],"wp:term":[{"taxonomy":"category","embeddable":true,"href":"https:\/\/www.wallendorff.com\/belogue\/wp-json\/wp\/v2\/categories?post=23141"},{"taxonomy":"post_tag","embeddable":true,"href":"https:\/\/www.wallendorff.com\/belogue\/wp-json\/wp\/v2\/tags?post=23141"}],"curies":[{"name":"wp","href":"https:\/\/api.w.org\/{rel}","templated":true}]}}