{"id":23138,"date":"2014-07-03T11:17:26","date_gmt":"2014-07-03T09:17:26","guid":{"rendered":"http:\/\/www.wallendorff.com\/?p=23138"},"modified":"2014-07-03T11:18:00","modified_gmt":"2014-07-03T09:18:00","slug":"on-expose-2","status":"publish","type":"post","link":"https:\/\/www.wallendorff.com\/belogue\/2014\/07\/03\/on-expose-2\/","title":{"rendered":"On expose."},"content":{"rendered":"\n<div id=\"photo\">\n<p><img decoding=\"async\" src=\"https:\/\/www.wallendorff.com\/belogue\/photo\/2014\/07\/20140703.jpg\"><\/p>\n<\/p><\/div>\n<p>J&rsquo;exposerai &agrave; partir de ce soir et jusqu&rsquo;au mercredi 9 juillet des photos live au <a href=\"http:\/\/www.groundcontrol-paris.fr\/\" data-hovercard=\"\/ajax\/hovercard\/page.php?id=644196098997516\">GROUND CONTROL<\/a>, lieu compl&egrave;tement atypique et dynamit&eacute;.<\/p>\n<p> Pour le vernissage, les talentueux <a href=\"http:\/\/alinemusique.wordpress.com\/\" data-hovercard=\"\/ajax\/hovercard\/page.php?id=288254197896510\">Aline<\/a> seront nos invit&eacute;s fil-rouge tout au long de l&rsquo;&eacute;mission de radio anim&eacute;e par Louis Hamelin qui sera diffus&eacute;e de 19 &agrave; 20&nbsp;h et assur&eacute;e par <a href=\"http:\/\/www.moustic.fr\/\" data-hovercard=\"\/ajax\/hovercard\/page.php?id=323925256689\">Moustic<\/a>.<\/p>\n<p> Le tout sera suivi d&rsquo;un DJ set 100% <a href=\"https:\/\/www.facebook.com\/Painsurprises\" data-hovercard=\"\/ajax\/hovercard\/page.php?id=190397594317684\">Pain Surprises<\/a>&nbsp;:<\/p>\n<ul>\n<li>Disco 300 (Etienne)<\/li>\n<li> Jacques (Amour Versus)<\/li>\n<li> Grand Soleil (Ben + Adrien) &ndash; Parall&egrave;le (F&eacute;lix) &ndash; Masse Gratif&rsquo; (&Eacute;liott + Julian)<\/li>\n<\/ul>\n<p>Et c&rsquo;est gratuit&nbsp;!<\/p>\n<p>Rendez vous donc pour le vernissage ce soir &agrave; 19&nbsp;h au Ground Control, 34, quai d&rsquo;Austerlitz, sur le quai en bord de Seine (tout en bas de la cit&eacute; de la mode et du design).<\/p>\n","protected":false},"excerpt":{"rendered":"<p>J&rsquo;exposerai &agrave; partir de ce soir et jusqu&rsquo;au mercredi 9 juillet des photos live au GROUND CONTROL, lieu compl&egrave;tement atypique et dynamit&eacute;. Pour le vernissage, les talentueux Aline seront nos invit&eacute;s fil-rouge tout au long de l&rsquo;&eacute;mission de radio anim&eacute;e par Louis Hamelin qui sera diffus&eacute;e de 19 &agrave; 20&nbsp;h et assur&eacute;e par Moustic. Le&hellip;<\/p>\n","protected":false},"author":1,"featured_media":26817,"comment_status":"open","ping_status":"open","sticky":false,"template":"","format":"standard","meta":{"_acf_changed":false,"ngg_post_thumbnail":0,"jetpack_post_was_ever_published":false,"_jetpack_newsletter_access":"","_jetpack_dont_email_post_to_subs":false,"_jetpack_newsletter_tier_id":0,"_jetpack_memberships_contains_paywalled_content":false,"_jetpack_memberships_contains_paid_content":false,"footnotes":"","jetpack_publicize_message":"","jetpack_publicize_feature_enabled":true,"jetpack_social_post_already_shared":false,"jetpack_social_options":{"image_generator_settings":{"template":"highway","default_image_id":0,"font":"","enabled":false},"version":2}},"categories":[3],"tags":[10329],"class_list":["post-23138","post","type-post","status-publish","format-standard","has-post-thumbnail","hentry","category-dpc","tag-exposition"],"acf":[],"geo":null,"jetpack_publicize_connections":[],"jetpack_featured_media_url":"https:\/\/www.wallendorff.com\/belogue\/wp-content\/uploads\/2015\/04\/201407031.jpg","jetpack_shortlink":"https:\/\/wp.me\/p3b35P-61c","jetpack_sharing_enabled":true,"jetpack-related-posts":[{"id":127845,"url":"https:\/\/www.wallendorff.com\/belogue\/2024\/04\/22\/muse-st-andrews-hall-detroit-22-avril-2004\/","url_meta":{"origin":23138,"position":0},"title":"Muse @ St. Andrew&rsquo;s Hall, D\u00e9troit, 22 avril 2004.","author":"dpc","date":"22 avril 2024","format":false,"excerpt":"Hysteria | New Born | The Small Print | Sing for Absolution | Muscle Museum | Citizen Erased | Ruled by Secrecy | Sunburn | Butterflies & Hurricanes | Bliss | Time Is Running Out | Plug in Baby || Apocalypse Please | Stockholm SyndromeIl y a 20 ans, je\u2026","rel":"","context":"Dans &quot;Alive&quot;","block_context":{"text":"Alive","link":"https:\/\/www.wallendorff.com\/belogue\/category\/alive\/"},"img":{"alt_text":"","src":"https:\/\/i0.wp.com\/www.wallendorff.com\/belogue\/wp-content\/uploads\/2024\/04\/20240422-14.jpg?resize=350%2C200&ssl=1","width":350,"height":200,"srcset":"https:\/\/i0.wp.com\/www.wallendorff.com\/belogue\/wp-content\/uploads\/2024\/04\/20240422-14.jpg?resize=350%2C200&ssl=1 1x, https:\/\/i0.wp.com\/www.wallendorff.com\/belogue\/wp-content\/uploads\/2024\/04\/20240422-14.jpg?resize=525%2C300&ssl=1 1.5x, https:\/\/i0.wp.com\/www.wallendorff.com\/belogue\/wp-content\/uploads\/2024\/04\/20240422-14.jpg?resize=700%2C400&ssl=1 2x, https:\/\/i0.wp.com\/www.wallendorff.com\/belogue\/wp-content\/uploads\/2024\/04\/20240422-14.jpg?resize=1050%2C600&ssl=1 3x"},"classes":[]},{"id":124649,"url":"https:\/\/www.wallendorff.com\/belogue\/2023\/06\/12\/servus-wien-6\/","url_meta":{"origin":23138,"position":1},"title":"Servus Wien.","author":"dpc","date":"12 juin 2023","format":false,"excerpt":"[La galerie compl\u00e8te vient apr\u00e8s ce looooong texte traditionnel dont l'origine se perd dans les pr\u00e9mices de ce mill\u00e9naires.] Vienne, 14 \u2013 15 avril 2023. Can't Even Tell Soul Asylum Il y a dix-neuf ans, les Pistons de D\u00e9troit \u00e9taient en finale NBA. Il y a dix-huit ans, les Pistons\u2026","rel":"","context":"Dans &quot;DPC&quot;","block_context":{"text":"DPC","link":"https:\/\/www.wallendorff.com\/belogue\/category\/dpc\/"},"img":{"alt_text":"","src":"https:\/\/i0.wp.com\/www.wallendorff.com\/belogue\/wp-content\/uploads\/2023\/06\/20230612-09.jpg?resize=350%2C200&ssl=1","width":350,"height":200,"srcset":"https:\/\/i0.wp.com\/www.wallendorff.com\/belogue\/wp-content\/uploads\/2023\/06\/20230612-09.jpg?resize=350%2C200&ssl=1 1x, https:\/\/i0.wp.com\/www.wallendorff.com\/belogue\/wp-content\/uploads\/2023\/06\/20230612-09.jpg?resize=525%2C300&ssl=1 1.5x, https:\/\/i0.wp.com\/www.wallendorff.com\/belogue\/wp-content\/uploads\/2023\/06\/20230612-09.jpg?resize=700%2C400&ssl=1 2x, https:\/\/i0.wp.com\/www.wallendorff.com\/belogue\/wp-content\/uploads\/2023\/06\/20230612-09.jpg?resize=1050%2C600&ssl=1 3x"},"classes":[]},{"id":132422,"url":"https:\/\/www.wallendorff.com\/belogue\/2025\/06\/12\/jaunes-dombres\/","url_meta":{"origin":23138,"position":2},"title":"Jaunes d&rsquo;ombres.","author":"dpc","date":"12 juin 2025","format":false,"excerpt":"Tour Montparnasse, Paris, 18 avril 2024.Merci \u00e0 Lala mais pas \u00e0 Leffe\u00ae ni Twinuts\u00ae car j'ai sottement oubli\u00e9 de faire les commissions. Et \u00e0 part \u00e7a... Il y a vingt-et-un ans, les Pistons de D\u00e9troit \u00e9taient en finale NBA. Il y a vingt ans, les Pistons de D\u00e9troit \u00e9taient encore\u2026","rel":"","context":"Dans &quot;DPC&quot;","block_context":{"text":"DPC","link":"https:\/\/www.wallendorff.com\/belogue\/category\/dpc\/"},"img":{"alt_text":"","src":"https:\/\/i0.wp.com\/www.wallendorff.com\/belogue\/wp-content\/uploads\/2025\/06\/20250612-08.jpg?resize=350%2C200&ssl=1","width":350,"height":200,"srcset":"https:\/\/i0.wp.com\/www.wallendorff.com\/belogue\/wp-content\/uploads\/2025\/06\/20250612-08.jpg?resize=350%2C200&ssl=1 1x, https:\/\/i0.wp.com\/www.wallendorff.com\/belogue\/wp-content\/uploads\/2025\/06\/20250612-08.jpg?resize=525%2C300&ssl=1 1.5x, https:\/\/i0.wp.com\/www.wallendorff.com\/belogue\/wp-content\/uploads\/2025\/06\/20250612-08.jpg?resize=700%2C400&ssl=1 2x, https:\/\/i0.wp.com\/www.wallendorff.com\/belogue\/wp-content\/uploads\/2025\/06\/20250612-08.jpg?resize=1050%2C600&ssl=1 3x"},"classes":[]},{"id":128261,"url":"https:\/\/www.wallendorff.com\/belogue\/2024\/06\/12\/cetait-2004\/","url_meta":{"origin":23138,"position":3},"title":"C&rsquo;\u00e9tait 2004.","author":"dpc","date":"12 juin 2024","format":false,"excerpt":"En ouvrant ce journal, il y a 20 ans, je n'aurais jamais pens\u00e9 qu'il durerait si longtemps. Mais il a tenu, d'abord sur feu 20six, puis en solitaire sur ce site, traversant les plateformes et les modes jusqu'\u00e0 aujourd'hui. MySpace, Flickr, Facebook, Instagram passent et disparaissent, mais reste ce site.Je\u2026","rel":"","context":"Dans &quot;DPC&quot;","block_context":{"text":"DPC","link":"https:\/\/www.wallendorff.com\/belogue\/category\/dpc\/"},"img":{"alt_text":"","src":"https:\/\/i0.wp.com\/www.wallendorff.com\/belogue\/wp-content\/uploads\/2024\/06\/20240612-03.jpg?resize=350%2C200&ssl=1","width":350,"height":200,"srcset":"https:\/\/i0.wp.com\/www.wallendorff.com\/belogue\/wp-content\/uploads\/2024\/06\/20240612-03.jpg?resize=350%2C200&ssl=1 1x, https:\/\/i0.wp.com\/www.wallendorff.com\/belogue\/wp-content\/uploads\/2024\/06\/20240612-03.jpg?resize=525%2C300&ssl=1 1.5x, https:\/\/i0.wp.com\/www.wallendorff.com\/belogue\/wp-content\/uploads\/2024\/06\/20240612-03.jpg?resize=700%2C400&ssl=1 2x, https:\/\/i0.wp.com\/www.wallendorff.com\/belogue\/wp-content\/uploads\/2024\/06\/20240612-03.jpg?resize=1050%2C600&ssl=1 3x"},"classes":[]},{"id":127185,"url":"https:\/\/www.wallendorff.com\/belogue\/2024\/01\/23\/ni-lune-ni-deux\/","url_meta":{"origin":23138,"position":4},"title":"Ni lune, ni deux.","author":"dpc","date":"23 janvier 2024","format":false,"excerpt":"Avenue du Pr\u00e9sident-Kennedy, Paris, 27 novembre 2023. J'\u00e9tais parti pour aller voir au Trocad\u00e9ro si j'y \u00e9tais, en choisissant un soir bien froid, bien humide pour \u00e9ventuellement y trouver quelques touristes esseul\u00e9s et, peut-\u00eatre, une flaque adapt\u00e9e \u00e0 la photographie de reflet nocturne de tour m\u00e9tallique de grande envergure.Passant sur\u2026","rel":"","context":"Dans &quot;DPC&quot;","block_context":{"text":"DPC","link":"https:\/\/www.wallendorff.com\/belogue\/category\/dpc\/"},"img":{"alt_text":"","src":"https:\/\/i0.wp.com\/www.wallendorff.com\/belogue\/wp-content\/uploads\/2024\/01\/20240123.jpg?resize=350%2C200&ssl=1","width":350,"height":200,"srcset":"https:\/\/i0.wp.com\/www.wallendorff.com\/belogue\/wp-content\/uploads\/2024\/01\/20240123.jpg?resize=350%2C200&ssl=1 1x, https:\/\/i0.wp.com\/www.wallendorff.com\/belogue\/wp-content\/uploads\/2024\/01\/20240123.jpg?resize=525%2C300&ssl=1 1.5x, https:\/\/i0.wp.com\/www.wallendorff.com\/belogue\/wp-content\/uploads\/2024\/01\/20240123.jpg?resize=700%2C400&ssl=1 2x, https:\/\/i0.wp.com\/www.wallendorff.com\/belogue\/wp-content\/uploads\/2024\/01\/20240123.jpg?resize=1050%2C600&ssl=1 3x"},"classes":[]},{"id":132131,"url":"https:\/\/www.wallendorff.com\/belogue\/2025\/04\/13\/diese-starterpacknoai\/","url_meta":{"origin":23138,"position":5},"title":"Di\u00e8se-StarterPackNoAI","author":"dpc","date":"13 avril 2025","format":false,"excerpt":"Paris, 12 avril 2025. Et voici mon #StarterPackNoAI. Photographes, je vous invite \u00e0 en faire autant.\u00c9videmment, j\u2019aurais pr\u00e9f\u00e9r\u00e9 le faire en un seul morceau, mais quand on n\u2019a qu\u2019un bout de mur disponible dans l\u2019appartement, on se d\u00e9brouille comme un peu.Faire mon starter pack uniquement en intelligence artisanale m\u2019a permis\u2026","rel":"","context":"Dans &quot;DPC&quot;","block_context":{"text":"DPC","link":"https:\/\/www.wallendorff.com\/belogue\/category\/dpc\/"},"img":{"alt_text":"","src":"https:\/\/i0.wp.com\/www.wallendorff.com\/belogue\/wp-content\/uploads\/2025\/04\/20250412.jpg?resize=350%2C200&ssl=1","width":350,"height":200,"srcset":"https:\/\/i0.wp.com\/www.wallendorff.com\/belogue\/wp-content\/uploads\/2025\/04\/20250412.jpg?resize=350%2C200&ssl=1 1x, https:\/\/i0.wp.com\/www.wallendorff.com\/belogue\/wp-content\/uploads\/2025\/04\/20250412.jpg?resize=525%2C300&ssl=1 1.5x, https:\/\/i0.wp.com\/www.wallendorff.com\/belogue\/wp-content\/uploads\/2025\/04\/20250412.jpg?resize=700%2C400&ssl=1 2x"},"classes":[]}],"_links":{"self":[{"href":"https:\/\/www.wallendorff.com\/belogue\/wp-json\/wp\/v2\/posts\/23138","targetHints":{"allow":["GET"]}}],"collection":[{"href":"https:\/\/www.wallendorff.com\/belogue\/wp-json\/wp\/v2\/posts"}],"about":[{"href":"https:\/\/www.wallendorff.com\/belogue\/wp-json\/wp\/v2\/types\/post"}],"author":[{"embeddable":true,"href":"https:\/\/www.wallendorff.com\/belogue\/wp-json\/wp\/v2\/users\/1"}],"replies":[{"embeddable":true,"href":"https:\/\/www.wallendorff.com\/belogue\/wp-json\/wp\/v2\/comments?post=23138"}],"version-history":[{"count":2,"href":"https:\/\/www.wallendorff.com\/belogue\/wp-json\/wp\/v2\/posts\/23138\/revisions"}],"predecessor-version":[{"id":23140,"href":"https:\/\/www.wallendorff.com\/belogue\/wp-json\/wp\/v2\/posts\/23138\/revisions\/23140"}],"wp:featuredmedia":[{"embeddable":true,"href":"https:\/\/www.wallendorff.com\/belogue\/wp-json\/wp\/v2\/media\/26817"}],"wp:attachment":[{"href":"https:\/\/www.wallendorff.com\/belogue\/wp-json\/wp\/v2\/media?parent=23138"}],"wp:term":[{"taxonomy":"category","embeddable":true,"href":"https:\/\/www.wallendorff.com\/belogue\/wp-json\/wp\/v2\/categories?post=23138"},{"taxonomy":"post_tag","embeddable":true,"href":"https:\/\/www.wallendorff.com\/belogue\/wp-json\/wp\/v2\/tags?post=23138"}],"curies":[{"name":"wp","href":"https:\/\/api.w.org\/{rel}","templated":true}]}}