{"id":23099,"date":"2014-06-29T19:17:51","date_gmt":"2014-06-29T17:17:51","guid":{"rendered":"http:\/\/www.wallendorff.com\/?p=23099"},"modified":"2014-06-29T19:21:05","modified_gmt":"2014-06-29T17:21:05","slug":"dix-ans-de-tout-le-reste","status":"publish","type":"post","link":"https:\/\/www.wallendorff.com\/belogue\/2014\/06\/29\/dix-ans-de-tout-le-reste\/","title":{"rendered":"Dix ans de tout le reste."},"content":{"rendered":"<div id=\"photo\">\n<p><img decoding=\"async\" src=\"https:\/\/www.wallendorff.com\/belogue\/photo\/2004\/12\/24.jpg\" \/><\/p>\n<\/div>\n<p style=\"text-align:right\">Dix ans de tout ce qui n&rsquo;a pas pu entrer dans les autres cat\u00e9gories. Dix ans de photos qui comptent, sans qu&rsquo;on sache vraiment pourquoi. Dix ans de photos de toilettes, mais pas assez pour en faire une s\u00e9rie.<\/p>\n<p style=\"text-align:right\">Faudra penser \u00e0 en faire plein, en pr\u00e9vision des 20 ans.<\/p>\n<h1 style=\"text-align:right\">Phone to the floor.<\/h1>\n<div id=\"photo2\">\n<p><img decoding=\"async\" src=\"https:\/\/www.wallendorff.com\/belogue\/photo\/2004\/09\/38.jpg\" \/><\/p>\n<\/div>\n<p style=\"text-align:right\"> <a href=\"https:\/\/www.wallendorff.com\/belogue\/2004\/09\/24\/phone-to-the-floor\/\">Sylvan Lake, 24 septembre 2004<\/a>.<\/p>\n<p>&nbsp;<\/p>\n<h1 style=\"text-align:right\">Interlude.<\/h1>\n<div id=\"photo2\">\n<p><img decoding=\"async\" src=\"https:\/\/www.wallendorff.com\/belogue\/photo\/2004\/10\/43.jpg\" \/><\/p>\n<\/div>\n<p style=\"text-align:right\"> <a href=\"https:\/\/www.wallendorff.com\/belogue\/2004\/10\/30\/interlude-2\/\">Premi\u00e8re photo au reflex, Orchard Lake Road, 31 octobre 2004<\/a>.<\/p>\n<p>&nbsp;<\/p>\n<h1 style=\"text-align:right\">Previously unreleased #2.<\/h1>\n<div id=\"photo2\">\n<p><img decoding=\"async\" src=\"https:\/\/www.wallendorff.com\/belogue\/photo\/2005\/01\/20040120-ff.jpg\" \/><\/p>\n<\/div>\n<p style=\"text-align:right\"><a href=\"https:\/\/www.wallendorff.com\/belogue\/2005\/01\/20\/previously-unreleased-2\/\">Franz Ferdinand, Cobo Arena, D\u00e9troit, 1<sup>er<\/sup> d\u00e9cembre 2004<\/a>.<\/p>\n<p>&nbsp;<\/p>\n<h1 style=\"text-align:right\">Chicago 1.<\/h1>\n<div id=\"photo2\">\n<p><img decoding=\"async\" src=\"https:\/\/www.wallendorff.com\/belogue\/photo\/2004\/12\/24.jpg\" \/><\/p>\n<\/div>\n<p style=\"text-align:right\"><a href=\"https:\/\/www.wallendorff.com\/belogue\/2004\/12\/15\/chicago-1\/\">Harrison St., Chicago, 16 d\u00e9cembre 2004<\/a>.<\/p>\n<p>&nbsp;<\/p>\n<h1 style=\"text-align:right\">Lent. Terne. Rouge. [l&rsquo;an terme ronge.]<\/h1>\n<div id=\"photo2\">\n<p><img decoding=\"async\" src=\"https:\/\/www.wallendorff.com\/belogue\/photo\/2005\/01\/20050128-drapeau.jpg\" \/><\/p>\n<\/div>\n<p style=\"text-align:right\"><a href=\"https:\/\/www.wallendorff.com\/belogue\/2005\/01\/28\/lent-terne-rouge-l-an-terme-ronge\/\">Plymouth, 23 janvier 2005<\/a>.<\/p>\n<p>&nbsp;<\/p>\n<h1 style=\"text-align:right\">Quine, \u0153ufs, dis&nbsp;: mots qu&rsquo;ont sens.<\/h1>\n<div id=\"photo2\">\n<p><img decoding=\"async\" src=\"https:\/\/www.wallendorff.com\/belogue\/photo\/2005\/02\/20050213-01.jpg\" \/><\/p>\n<\/div>\n<p style=\"text-align:right\"><a href=\"https:\/\/www.wallendorff.com\/belogue\/2005\/02\/13\/quine-ufs-dis-mots-qu-ont-sens\/\">D\u00e9troit, 10 f\u00e9vrier 2005<\/a>.<\/p>\n<p>&nbsp;<\/p>\n<h1 style=\"text-align:right\">Transparent comme un.<\/h1>\n<div id=\"photo2\">\n<p><img decoding=\"async\" src=\"https:\/\/www.wallendorff.com\/belogue\/photo\/2005\/02\/20050215-01.jpg\" \/><\/p>\n<\/div>\n<p style=\"text-align:right\"><a href=\"https:\/\/www.wallendorff.com\/belogue\/2005\/02\/15\/tranparents-comme-un\/\">Michigan Central Railstation, D\u00e9troit, 10 f\u00e9vrier 2005<\/a>.<\/p>\n<p>&nbsp;<\/p>\n<h1 style=\"text-align:right\">Interpol @ le Z\u00e9nith, Paris.<\/h1>\n<div id=\"photo2\">\n<p><img decoding=\"async\" src=\"https:\/\/www.wallendorff.com\/belogue\/photo\/2005\/04\/20050422.jpg\" \/><\/p>\n<\/div>\n<p style=\"text-align:right\"><a href=\"https:\/\/www.wallendorff.com\/belogue\/2005\/04\/22\/interpol-le-zenith-paris-21-avril-2005\/\">Interpol, le Z\u00e9nith, Paris, 21 Avril 2005<\/a>.<\/p>\n<p>&nbsp;<\/p>\n<h1 style=\"text-align:right\">Pas qu&rsquo;au Taisons, c\u0153urs au balcons.<\/h1>\n<div id=\"photo2\">\n<p><img decoding=\"async\" src=\"https:\/\/www.wallendorff.com\/belogue\/photo\/2005\/06\/20050604.jpg\" \/><\/p>\n<\/div>\n<p style=\"text-align:right\"><a href=\"https:\/\/www.wallendorff.com\/belogue\/2005\/06\/04\/pas-quaux-taisons-curs-aux-balcons\/\">Rue Taison, Metz, 27 mai 2005<\/a>. <\/p>\n<p>&nbsp;<\/p>\n<h1 style=\"text-align:right\">Qu&rsquo;en levain \u00e9tir\u00e9.<\/h1>\n<div id=\"photo2\">\n<p><img decoding=\"async\" src=\"https:\/\/www.wallendorff.com\/belogue\/photo\/2005\/08\/20050831.jpg\" \/><\/p>\n<\/div>\n<p style=\"text-align:right\"><a href=\"https:\/\/www.wallendorff.com\/belogue\/2005\/08\/31\/qu-en-levain-etire\/\">Bottle Shop, Paris, 30 ao\u00fbt 2005<\/a>.<\/p>\n<p>&nbsp;<\/p>\n<h1 style=\"text-align:right\">Mes nils, mon temps.<\/h1>\n<div id=\"photo2\">\n<p><img decoding=\"async\" src=\"https:\/\/www.wallendorff.com\/belogue\/photo\/2005\/11\/20051127.jpg\" \/><\/p>\n<\/div>\n<p style=\"text-align:right\"><a href=\"https:\/\/www.wallendorff.com\/belogue\/2004\/11\/03\/quand-on-parle-du-nous-on-envoie-l-adieu\/\">Gare de l&rsquo;Est, Paris, 21 novembre 2005<\/a>.<\/p>\n<p>&nbsp;<\/p>\n<h1 style=\"text-align:right\">Des heures donn\u00e9es.<\/h1>\n<div id=\"photo2\">\n<p><img decoding=\"async\" src=\"https:\/\/www.wallendorff.com\/belogue\/photo\/2005\/12\/20051213.jpg\" \/><\/p>\n<\/div>\n<p style=\"text-align:right\"> <a href=\"https:\/\/www.wallendorff.com\/belogue\/2005\/12\/13\/des-heures-donnees\/\">Sleepless in Cit\u00e9, Paris, 2 d\u00e9cembre 2005<\/a>.<\/p>\n<p>&nbsp;<\/p>\n<h1 style=\"text-align:right\">Clairs hiers.<\/h1>\n<div id=\"photo2\">\n<p><img decoding=\"async\" src=\"https:\/\/www.wallendorff.com\/belogue\/photo\/2007\/02\/20070220.jpg\" \/><\/p>\n<\/div>\n<p style=\"text-align:right\"> <a href=\"https:\/\/www.wallendorff.com\/belogue\/2007\/02\/20\/clairs-hiers\/\">For\u00eat de S\u00e9cheval, 11 f\u00e9vrier 2007<\/a>.<\/p>\n<p>&nbsp;<\/p>\n<h1 style=\"text-align:right\">The Coral @ l&rsquo;\u00c9lys\u00e9e-Montmartre, Paris.<\/h1>\n<div id=\"photo2\">\n<p><img decoding=\"async\" src=\"https:\/\/www.wallendorff.com\/belogue\/photo\/2007\/12\/20071207.jpg\" \/><\/p>\n<\/div>\n<p style=\"text-align:right\"> <a href=\"https:\/\/www.wallendorff.com\/belogue\/2007\/12\/07\/the-coral-l-lyse-montmartre-paris\/\">L&rsquo;\u00c9lys\u00e9e-Montmartre, Paris, 6 d\u00e9cembre 2007<\/a>.<\/p>\n<p>&nbsp;<\/p>\n<h1 style=\"text-align:right\">Me nuisant plus, b\u00eale que vaux-je hourds.<\/h1>\n<div id=\"photo2\">\n<p><img decoding=\"async\" src=\"https:\/\/www.wallendorff.com\/belogue\/photo\/2009\/06\/20090612.jpg\" \/><\/p>\n<\/div>\n<p style=\"text-align:right\"> <a href=\"https:\/\/www.wallendorff.com\/belogue\/2009\/06\/12\/me-nuisant-plus-bele-que-vaux-je-hourds\/\">Plan\u00e8te Mars, Paris, 11 juin 2009<\/a>.<\/p>\n<p>&nbsp;<\/p>\n<h1 style=\"text-align:right\">Encore @ A<sup>2<\/sup>.<\/h1>\n<div id=\"photo2\">\n<p><img decoding=\"async\" src=\"https:\/\/www.wallendorff.com\/belogue\/photo\/galeries\/2009\/05\/20090503-encore\/20090806-02.jpg\" \/><\/p>\n<\/div>\n<p style=\"text-align:right\"> <a href=\"https:\/\/www.wallendorff.com\/belogue\/2009\/08\/06\/encore-a2\/\">Encore Records, Ann Arbor, 3 mai 2009<\/a>.<\/p>\n<p>&nbsp;<\/p>\n<h1 style=\"text-align:right\">1960 &ndash; 2010.<\/h1>\n<div id=\"photo2\">\n<p><img decoding=\"async\" src=\"https:\/\/www.wallendorff.com\/belogue\/photo\/2010\/05\/20100503.jpg\" \/><\/p>\n<\/div>\n<p style=\"text-align:right\"> <a href=\"https:\/\/www.wallendorff.com\/belogue\/2010\/05\/03\/w19602010\/\">1<sup>er<\/sup> mai 2010<\/a>.<\/p>\n<p>&nbsp;<\/p>\n<h1 style=\"text-align:right\">Grand coin.<\/h1>\n<div id=\"photo2\">\n<p><img decoding=\"async\" src=\"https:\/\/www.wallendorff.com\/belogue\/photo\/2011\/08\/20110816.jpg\" \/><\/p>\n<\/div>\n<p style=\"text-align:right\"> <a href=\"https:\/\/www.wallendorff.com\/belogue\/2011\/08\/16\/grand-coin\/\">Cit\u00e9 Aubry, Paris, 15 juillet 2011<\/a>.<\/p>\n<p>&nbsp;<\/p>\n<h1 style=\"text-align:right\">Mopet chaud.<\/h1>\n<div id=\"photo2\">\n<p><img decoding=\"async\" src=\"https:\/\/www.wallendorff.com\/belogue\/photo\/2011\/09\/20110912.jpg\" \/><\/p>\n<\/div>\n<p style=\"text-align:right\"> <a href=\"https:\/\/www.wallendorff.com\/belogue\/2011\/09\/12\/mopet-chaud\/\">Pointe de la Torche, 4 ao\u00fbt 2011<\/a>.<\/p>\n<p>&nbsp;<\/p>\n<h1 style=\"text-align:right\">La petite boutique des horaires.<\/h1>\n<div id=\"photo2\">\n<p><img decoding=\"async\" src=\"https:\/\/www.wallendorff.com\/belogue\/photo\/2011\/11\/20111114.jpg\" \/><\/p>\n<\/div>\n<p style=\"text-align:right\"> <a href=\"https:\/\/www.wallendorff.com\/belogue\/2011\/11\/14\/la-petite-boutique-des-horaires\/\">Rue Ravignan, Paris, 30 ao\u00fbt 2011<\/a>.<\/p>\n<p>&nbsp;<\/p>\n<h1 style=\"text-align:right\">Un des pandas ment.<\/h1>\n<div id=\"photo2\">\n<p><img decoding=\"async\" src=\"https:\/\/www.wallendorff.com\/belogue\/photo\/2011\/11\/20111123.jpg\" \/><\/p>\n<\/div>\n<p style=\"text-align:right\"> <a href=\"https:\/\/www.wallendorff.com\/belogue\/2011\/11\/23\/un-des-pandas-ment\/\">Station Vaugirard, Paris, 10 septembre 2011<\/a>.<\/p>\n<p>&nbsp;<\/p>\n<h1 style=\"text-align:right\">Baraka fuite.<\/h1>\n<div id=\"photo2\">\n<p><img decoding=\"async\" src=\"https:\/\/www.wallendorff.com\/belogue\/photo\/2011\/12\/20111202.jpg\" \/><\/p>\n<\/div>\n<p style=\"text-align:right\"> <a href=\"https:\/\/www.wallendorff.com\/belogue\/2011\/12\/02\/baraka-fuite\/\">Ermita de Guadalupe, Fontarrabie, 18 septembre 2011<\/a>.<\/p>\n<p>&nbsp;<\/p>\n<h1 style=\"text-align:right\">The years go by so fast.<\/h1>\n<div id=\"photo2\">\n<p><img decoding=\"async\" src=\"https:\/\/www.wallendorff.com\/belogue\/photo\/2011\/12\/20111217.jpg\" \/><\/p>\n<\/div>\n<p style=\"text-align:right\"> <a href=\"https:\/\/www.wallendorff.com\/belogue\/2011\/12\/17\/the-years-go-by-so-fast\/\">Paris, 22 octobre 2011<\/a>.<\/p>\n<p>&nbsp;<\/p>\n<h1 style=\"text-align:right\">Walcourt.<\/h1>\n<div id=\"photo2\">\n<p><img decoding=\"async\" src=\"https:\/\/www.wallendorff.com\/belogue\/photo\/2012\/06\/20120605.jpg\" \/><\/p>\n<\/div>\n<p style=\"text-align:right\"> <a href=\"https:\/\/www.wallendorff.com\/belogue\/2012\/06\/05\/walcourt\/\">Route de Philippville, Givet, 20 avril 2012<\/a>.<\/p>\n<p>&nbsp;<\/p>\n<h1 style=\"text-align:right\">[Beau] coup de pompes [I].<\/h1>\n<div id=\"photo2\">\n<p><img decoding=\"async\" src=\"https:\/\/www.wallendorff.com\/belogue\/photo\/2012\/06\/20120607.jpg\" \/><\/p>\n<\/div>\n<p style=\"text-align:right\"> <a href=\"https:\/\/www.wallendorff.com\/belogue\/2012\/06\/07\/beaucoup-de-pompes-ii\/\">Rue Gustave-Dor\u00e9, Strasbourg, 27 avril 2012<\/a>.<\/p>\n<p>&nbsp;<\/p>\n<h1 style=\"text-align:right\">Beno\u00eet si\u00e8ge.<\/h1>\n<div id=\"photo2\">\n<p><img decoding=\"async\" src=\"https:\/\/www.wallendorff.com\/belogue\/photo\/2012\/12\/20121216.jpg\" \/><\/p>\n<\/div>\n<p style=\"text-align:right\"> <a href=\"https:\/\/www.wallendorff.com\/belogue\/2012\/12\/16\/benoit-siege\/\">H\u00f4tel de la Tr\u00e9moille, Paris, 15 septembre 2012<\/a>.<\/p>\n<p>&nbsp;<\/p>\n","protected":false},"excerpt":{"rendered":"<p>Dix ans de tout ce qui n&rsquo;a pas pu entrer dans les autres cat\u00e9gories. Dix ans de photos qui comptent, sans qu&rsquo;on sache vraiment pourquoi. Dix ans de photos de toilettes, mais pas assez pour en faire une s\u00e9rie. Faudra penser \u00e0 en faire plein, en pr\u00e9vision des 20 ans. Phone to the floor. Sylvan&hellip;<\/p>\n","protected":false},"author":1,"featured_media":26814,"comment_status":"open","ping_status":"open","sticky":false,"template":"","format":"standard","meta":{"_acf_changed":false,"ngg_post_thumbnail":0,"jetpack_post_was_ever_published":false,"_jetpack_newsletter_access":"","_jetpack_dont_email_post_to_subs":false,"_jetpack_newsletter_tier_id":0,"_jetpack_memberships_contains_paywalled_content":false,"_jetpack_memberships_contains_paid_content":false,"footnotes":"","jetpack_publicize_message":"","jetpack_publicize_feature_enabled":true,"jetpack_social_post_already_shared":false,"jetpack_social_options":{"image_generator_settings":{"template":"highway","default_image_id":0,"font":"","enabled":false},"version":2}},"categories":[3],"tags":[8630,8715],"class_list":["post-23099","post","type-post","status-publish","format-standard","has-post-thumbnail","hentry","category-dpc","tag-8630","tag-vrac"],"acf":[],"geo":null,"jetpack_publicize_connections":[],"jetpack_featured_media_url":"https:\/\/www.wallendorff.com\/belogue\/wp-content\/uploads\/2015\/04\/248.jpg","jetpack_shortlink":"https:\/\/wp.me\/p3b35P-60z","jetpack_sharing_enabled":true,"jetpack-related-posts":[{"id":128261,"url":"https:\/\/www.wallendorff.com\/belogue\/2024\/06\/12\/cetait-2004\/","url_meta":{"origin":23099,"position":0},"title":"C&rsquo;\u00e9tait 2004.","author":"dpc","date":"12 juin 2024","format":false,"excerpt":"En ouvrant ce journal, il y a 20 ans, je n'aurais jamais pens\u00e9 qu'il durerait si longtemps. Mais il a tenu, d'abord sur feu 20six, puis en solitaire sur ce site, traversant les plateformes et les modes jusqu'\u00e0 aujourd'hui. MySpace, Flickr, Facebook, Instagram passent et disparaissent, mais reste ce site.Je\u2026","rel":"","context":"Dans &quot;DPC&quot;","block_context":{"text":"DPC","link":"https:\/\/www.wallendorff.com\/belogue\/category\/dpc\/"},"img":{"alt_text":"","src":"https:\/\/i0.wp.com\/www.wallendorff.com\/belogue\/wp-content\/uploads\/2024\/06\/20240612-03.jpg?resize=350%2C200&ssl=1","width":350,"height":200,"srcset":"https:\/\/i0.wp.com\/www.wallendorff.com\/belogue\/wp-content\/uploads\/2024\/06\/20240612-03.jpg?resize=350%2C200&ssl=1 1x, https:\/\/i0.wp.com\/www.wallendorff.com\/belogue\/wp-content\/uploads\/2024\/06\/20240612-03.jpg?resize=525%2C300&ssl=1 1.5x, https:\/\/i0.wp.com\/www.wallendorff.com\/belogue\/wp-content\/uploads\/2024\/06\/20240612-03.jpg?resize=700%2C400&ssl=1 2x, https:\/\/i0.wp.com\/www.wallendorff.com\/belogue\/wp-content\/uploads\/2024\/06\/20240612-03.jpg?resize=1050%2C600&ssl=1 3x"},"classes":[]},{"id":23057,"url":"https:\/\/www.wallendorff.com\/belogue\/2014\/06\/26\/dix-ans-sur-la-route\/","url_meta":{"origin":23099,"position":1},"title":"Dix ans sur la route.","author":"dpc","date":"26 juin 2014","format":false,"excerpt":"Dix ans de kilom\u00e8tres et de pneus br\u00fbl\u00e9s. Dix ans de pauses toutes les deux heures. Dix ans vers l'avant. McNichols Road, 7 ao\u00fbt 2004. McNichols Road, D\u00e9troit, 7 ao\u00fbt 2004. Parenth\u00e8se\u00a0: en septembre 2013, le m\u00eame endroit ressemble \u00e0 \u00e7a (on le reconna\u00eet \u00e0 la peinture du mur de\u2026","rel":"","context":"Dans &quot;DPC&quot;","block_context":{"text":"DPC","link":"https:\/\/www.wallendorff.com\/belogue\/category\/dpc\/"},"img":{"alt_text":"","src":"https:\/\/i0.wp.com\/www.wallendorff.com\/belogue\/wp-content\/uploads\/2015\/04\/201209172.jpg?resize=350%2C200&ssl=1","width":350,"height":200,"srcset":"https:\/\/i0.wp.com\/www.wallendorff.com\/belogue\/wp-content\/uploads\/2015\/04\/201209172.jpg?resize=350%2C200&ssl=1 1x, https:\/\/i0.wp.com\/www.wallendorff.com\/belogue\/wp-content\/uploads\/2015\/04\/201209172.jpg?resize=525%2C300&ssl=1 1.5x, https:\/\/i0.wp.com\/www.wallendorff.com\/belogue\/wp-content\/uploads\/2015\/04\/201209172.jpg?resize=700%2C400&ssl=1 2x"},"classes":[]},{"id":132422,"url":"https:\/\/www.wallendorff.com\/belogue\/2025\/06\/12\/jaunes-dombres\/","url_meta":{"origin":23099,"position":2},"title":"Jaunes d&rsquo;ombres.","author":"dpc","date":"12 juin 2025","format":false,"excerpt":"Tour Montparnasse, Paris, 18 avril 2024.Merci \u00e0 Lala mais pas \u00e0 Leffe\u00ae ni Twinuts\u00ae car j'ai sottement oubli\u00e9 de faire les commissions. Et \u00e0 part \u00e7a... Il y a vingt-et-un ans, les Pistons de D\u00e9troit \u00e9taient en finale NBA. Il y a vingt ans, les Pistons de D\u00e9troit \u00e9taient encore\u2026","rel":"","context":"Dans &quot;DPC&quot;","block_context":{"text":"DPC","link":"https:\/\/www.wallendorff.com\/belogue\/category\/dpc\/"},"img":{"alt_text":"","src":"https:\/\/i0.wp.com\/www.wallendorff.com\/belogue\/wp-content\/uploads\/2025\/06\/20250612-08.jpg?resize=350%2C200&ssl=1","width":350,"height":200,"srcset":"https:\/\/i0.wp.com\/www.wallendorff.com\/belogue\/wp-content\/uploads\/2025\/06\/20250612-08.jpg?resize=350%2C200&ssl=1 1x, https:\/\/i0.wp.com\/www.wallendorff.com\/belogue\/wp-content\/uploads\/2025\/06\/20250612-08.jpg?resize=525%2C300&ssl=1 1.5x, https:\/\/i0.wp.com\/www.wallendorff.com\/belogue\/wp-content\/uploads\/2025\/06\/20250612-08.jpg?resize=700%2C400&ssl=1 2x, https:\/\/i0.wp.com\/www.wallendorff.com\/belogue\/wp-content\/uploads\/2025\/06\/20250612-08.jpg?resize=1050%2C600&ssl=1 3x"},"classes":[]},{"id":124649,"url":"https:\/\/www.wallendorff.com\/belogue\/2023\/06\/12\/servus-wien-6\/","url_meta":{"origin":23099,"position":3},"title":"Servus Wien.","author":"dpc","date":"12 juin 2023","format":false,"excerpt":"[La galerie compl\u00e8te vient apr\u00e8s ce looooong texte traditionnel dont l'origine se perd dans les pr\u00e9mices de ce mill\u00e9naires.] Vienne, 14 \u2013 15 avril 2023. Can't Even Tell Soul Asylum Il y a dix-neuf ans, les Pistons de D\u00e9troit \u00e9taient en finale NBA. Il y a dix-huit ans, les Pistons\u2026","rel":"","context":"Dans &quot;DPC&quot;","block_context":{"text":"DPC","link":"https:\/\/www.wallendorff.com\/belogue\/category\/dpc\/"},"img":{"alt_text":"","src":"https:\/\/i0.wp.com\/www.wallendorff.com\/belogue\/wp-content\/uploads\/2023\/06\/20230612-09.jpg?resize=350%2C200&ssl=1","width":350,"height":200,"srcset":"https:\/\/i0.wp.com\/www.wallendorff.com\/belogue\/wp-content\/uploads\/2023\/06\/20230612-09.jpg?resize=350%2C200&ssl=1 1x, https:\/\/i0.wp.com\/www.wallendorff.com\/belogue\/wp-content\/uploads\/2023\/06\/20230612-09.jpg?resize=525%2C300&ssl=1 1.5x, https:\/\/i0.wp.com\/www.wallendorff.com\/belogue\/wp-content\/uploads\/2023\/06\/20230612-09.jpg?resize=700%2C400&ssl=1 2x, https:\/\/i0.wp.com\/www.wallendorff.com\/belogue\/wp-content\/uploads\/2023\/06\/20230612-09.jpg?resize=1050%2C600&ssl=1 3x"},"classes":[]},{"id":23003,"url":"https:\/\/www.wallendorff.com\/belogue\/2014\/06\/20\/dix-ans-de-concerts-12\/","url_meta":{"origin":23099,"position":4},"title":"Dix ans de concerts [1\/2].","author":"dpc","date":"20 juin 2014","format":false,"excerpt":"Pas la peine de faire une redite, apr\u00e8s la compile des 500 concerts et celle des 10 ans de passes photos. Depuis 2012, disons que je retiens la fois o\u00f9 je me suis fait maudire par un Italien, Matthias Malzieu qui me tombe sur le nez \u00e0 Rock en Seine,\u2026","rel":"","context":"Dans &quot;DPC&quot;","block_context":{"text":"DPC","link":"https:\/\/www.wallendorff.com\/belogue\/category\/dpc\/"},"img":{"alt_text":"","src":"https:\/\/i0.wp.com\/www.wallendorff.com\/belogue\/wp-content\/uploads\/2015\/04\/20110520-391.jpg?resize=350%2C200&ssl=1","width":350,"height":200,"srcset":"https:\/\/i0.wp.com\/www.wallendorff.com\/belogue\/wp-content\/uploads\/2015\/04\/20110520-391.jpg?resize=350%2C200&ssl=1 1x, https:\/\/i0.wp.com\/www.wallendorff.com\/belogue\/wp-content\/uploads\/2015\/04\/20110520-391.jpg?resize=525%2C300&ssl=1 1.5x, https:\/\/i0.wp.com\/www.wallendorff.com\/belogue\/wp-content\/uploads\/2015\/04\/20110520-391.jpg?resize=700%2C400&ssl=1 2x"},"classes":[]},{"id":23047,"url":"https:\/\/www.wallendorff.com\/belogue\/2014\/06\/25\/dix-ans-derriere-des-gens-et-a-cote-deux-aussi\/","url_meta":{"origin":23099,"position":5},"title":"Dix ans derri\u00e8re des gens [et \u00e0 c\u00f4t\u00e9 d&rsquo;eux, aussi].","author":"dpc","date":"25 juin 2014","format":false,"excerpt":"[plus une statue.] Et l\u00e0 je vois d'avance deux ou trois petits malins venir me dire \u00ab\u00a0non mais dis donc, les photos mises en exergue des 10 ans d'autoportraits, des 10 ans de nuits, des 10 ans de cimeti\u00e8res et des 10 ans de filles-dans-des-ruelles-sombres-la-nuit-avec-un-lampadaire \u00e9taient d\u00e9j\u00e0 TOUTES des photos\u2026","rel":"","context":"Dans &quot;DPC&quot;","block_context":{"text":"DPC","link":"https:\/\/www.wallendorff.com\/belogue\/category\/dpc\/"},"img":{"alt_text":"","src":"https:\/\/i0.wp.com\/www.wallendorff.com\/belogue\/wp-content\/uploads\/2015\/04\/201202162.jpg?resize=350%2C200&ssl=1","width":350,"height":200,"srcset":"https:\/\/i0.wp.com\/www.wallendorff.com\/belogue\/wp-content\/uploads\/2015\/04\/201202162.jpg?resize=350%2C200&ssl=1 1x, https:\/\/i0.wp.com\/www.wallendorff.com\/belogue\/wp-content\/uploads\/2015\/04\/201202162.jpg?resize=525%2C300&ssl=1 1.5x, https:\/\/i0.wp.com\/www.wallendorff.com\/belogue\/wp-content\/uploads\/2015\/04\/201202162.jpg?resize=700%2C400&ssl=1 2x"},"classes":[]}],"_links":{"self":[{"href":"https:\/\/www.wallendorff.com\/belogue\/wp-json\/wp\/v2\/posts\/23099","targetHints":{"allow":["GET"]}}],"collection":[{"href":"https:\/\/www.wallendorff.com\/belogue\/wp-json\/wp\/v2\/posts"}],"about":[{"href":"https:\/\/www.wallendorff.com\/belogue\/wp-json\/wp\/v2\/types\/post"}],"author":[{"embeddable":true,"href":"https:\/\/www.wallendorff.com\/belogue\/wp-json\/wp\/v2\/users\/1"}],"replies":[{"embeddable":true,"href":"https:\/\/www.wallendorff.com\/belogue\/wp-json\/wp\/v2\/comments?post=23099"}],"version-history":[{"count":2,"href":"https:\/\/www.wallendorff.com\/belogue\/wp-json\/wp\/v2\/posts\/23099\/revisions"}],"predecessor-version":[{"id":23101,"href":"https:\/\/www.wallendorff.com\/belogue\/wp-json\/wp\/v2\/posts\/23099\/revisions\/23101"}],"wp:featuredmedia":[{"embeddable":true,"href":"https:\/\/www.wallendorff.com\/belogue\/wp-json\/wp\/v2\/media\/26814"}],"wp:attachment":[{"href":"https:\/\/www.wallendorff.com\/belogue\/wp-json\/wp\/v2\/media?parent=23099"}],"wp:term":[{"taxonomy":"category","embeddable":true,"href":"https:\/\/www.wallendorff.com\/belogue\/wp-json\/wp\/v2\/categories?post=23099"},{"taxonomy":"post_tag","embeddable":true,"href":"https:\/\/www.wallendorff.com\/belogue\/wp-json\/wp\/v2\/tags?post=23099"}],"curies":[{"name":"wp","href":"https:\/\/api.w.org\/{rel}","templated":true}]}}