{"id":23047,"date":"2014-06-25T12:42:30","date_gmt":"2014-06-25T10:42:30","guid":{"rendered":"http:\/\/www.wallendorff.com\/?p=23047"},"modified":"2014-06-25T12:47:27","modified_gmt":"2014-06-25T10:47:27","slug":"dix-ans-derriere-des-gens-et-a-cote-deux-aussi","status":"publish","type":"post","link":"https:\/\/www.wallendorff.com\/belogue\/2014\/06\/25\/dix-ans-derriere-des-gens-et-a-cote-deux-aussi\/","title":{"rendered":"Dix ans derri\u00e8re des gens [et \u00e0 c\u00f4t\u00e9 d&rsquo;eux, aussi]."},"content":{"rendered":"<div id=\"photo\">\n<p><img decoding=\"async\" src=\"https:\/\/www.wallendorff.com\/belogue\/photo\/2012\/02\/20120216.jpg\" \/><\/p>\n<\/div>\n<p style=\"text-align:right\">[plus une statue.]<\/p>\n<p>Et l&agrave; je vois d&rsquo;avance deux ou trois petits malins venir me dire &laquo;&nbsp;non mais dis donc, les photos mises en exergue des <a href=\"https:\/\/www.wallendorff.com\/belogue\/2014\/06\/14\/dix-ans-dautoportraits\/\">10 ans d&rsquo;autoportraits<\/a>, des <a href=\"https:\/\/www.wallendorff.com\/belogue\/2014\/06\/15\/dix-ans-de-nuits\/\">10 ans de nuits<\/a>, des <a href=\"https:\/\/www.wallendorff.com\/belogue\/2014\/06\/16\/dix-ans-de-cimetieres\/\">10 ans de cimeti&egrave;res<\/a> et des <a href=\"https:\/\/www.wallendorff.com\/belogue\/2014\/06\/22\/dix-ans-de-filles-dans-des-ruelles-sombres-la-nuit-avec-un-lampadaire\/\">10 ans de filles-dans-des-ruelles-sombres-la-nuit-avec-un-lampadaire<\/a> &eacute;taient d&eacute;j&agrave; TOUTES des photos prises derri&egrave;re des gens [et &agrave; c&ocirc;t&eacute; d&rsquo;eux, aussi], arr&ecirc;te un peu de nous prendre pour des jambons et avoue plut&ocirc;t que ta s&eacute;rie de 10 ans derri&egrave;re des gens [et &agrave; c&ocirc;t&eacute; d&rsquo;eux, aussi], c&rsquo;est plut&ocirc;t une s&eacute;rie de 10 ans de photos derri&egrave;re-des-gens-[et-&agrave;-c&ocirc;t&eacute;-d&rsquo;eux,-aussi]-[plus-une-statue]-que-t&rsquo;as-pas-su-faire-entrer-dans-les-autres-th&egrave;mes, oui.&nbsp;&raquo;<\/p>\n<p style=\"text-align:right\">Et l&agrave;, &agrave; ceux-l&agrave;, je peux r&eacute;pondre tout de suite qu&rsquo;ils ont tout &agrave; fait raison.<\/p>\n<p style=\"text-align:right\">Hum.<\/p>\n<p style=\"text-align:right\">Dix ans derri&egrave;re des gens [et &agrave; c&ocirc;t&eacute; d&rsquo;eux, aussi] [plus une statue] que j&rsquo;ai pas su faire entrer dans les autres th&egrave;mes, donc.<\/p>\n<p style=\"text-align:right\">&nbsp;<\/p>\n<h1 style=\"text-align:right\">Quai qu&rsquo;est cake, est.<\/h1>\n<div id=\"photo2\">\n<p><img decoding=\"async\" src=\"https:\/\/www.wallendorff.com\/belogue\/photo\/2006\/08\/20060816.jpg\" \/><\/p>\n<\/div>\n<p style=\"text-align:right\"> <a href=\"https:\/\/www.wallendorff.com\/belogue\/2006\/08\/16\/quai-qu-est-cake-est\/\">Station Bastille, Paris, 13 ao&ucirc;t 2006<\/a>.<\/p>\n<p>&nbsp;<\/p>\n<h1 style=\"text-align:right\">Sans retour n&rsquo;est.<\/h1>\n<div id=\"photo2\">\n<p><img decoding=\"async\" src=\"https:\/\/www.wallendorff.com\/belogue\/photo\/2006\/11\/20061130.jpg\" \/><\/p>\n<\/div>\n<p style=\"text-align:right\"><a href=\"https:\/\/www.wallendorff.com\/belogue\/2006\/11\/30\/sans-retour-n-est\/\">Rue Alphand, Paris, 29 novembre 2006<\/a>.<\/p>\n<p>&nbsp;<\/p>\n<h1 style=\"text-align:right\">Alliages actent &agrave; Est.<\/h1>\n<div id=\"photo2\">\n<p><img decoding=\"async\" src=\"https:\/\/www.wallendorff.com\/belogue\/photo\/2007\/06\/20070607.jpg\" \/><\/p>\n<\/div>\n<p style=\"text-align:right\"><a href=\"https:\/\/www.wallendorff.com\/belogue\/2007\/06\/07\/alliages-actent-a-est\/\">Impasse Saint-Denis, Paris, 28 avril 2007<\/a>.<\/p>\n<p>&nbsp;<\/p>\n<h1 style=\"text-align:right\">Be Eurocks en 2007, day #2.<\/h1>\n<div id=\"photo2\">\n<p><img decoding=\"async\" src=\"https:\/\/www.wallendorff.com\/belogue\/photo\/galeries\/2007\/06\/200706307-misc\/20070705-01.jpg\" \/><\/p>\n<\/div>\n<p style=\"text-align:right\"><a href=\"https:\/\/www.wallendorff.com\/belogue\/2007\/07\/05\/be-eurocks-en-2007-day-2\/\">Les Eurock&eacute;ennes, Belfort, 30 juin 2007<\/a>.<\/p>\n<p>&nbsp;<\/p>\n<h1 style=\"text-align:right\">Black Rebel Motorcycle Club @ Furia Sound Festival, Cergy-Pontoise.<\/h1>\n<div id=\"photo2\">\n<p><img decoding=\"async\" src=\"https:\/\/www.wallendorff.com\/belogue\/photo\/2008\/06\/20080630.jpg\" \/><\/p>\n<\/div>\n<p style=\"text-align:right\"><a href=\"https:\/\/www.wallendorff.com\/belogue\/2008\/06\/30\/black-rebel-motorcycle-club-furia-sound-festival-cergy-pontoise-28-juin\/\">Furia Sound Festival, Cergy-Pontoise, 28 juin<\/a>.<\/p>\n<p>&nbsp;<\/p>\n<h1 style=\"text-align:right\">Another day you leave behind.<\/h1>\n<div id=\"photo2\">\n<p><img decoding=\"async\" src=\"https:\/\/www.wallendorff.com\/belogue\/photo\/2010\/01\/20100106.jpg\" \/><\/p>\n<\/div>\n<p style=\"text-align:right\"><a href=\"https:\/\/www.wallendorff.com\/belogue\/2010\/01\/06\/another-day-you-leave-behind\/\">Galerie Vivienne, Paris, 11 novembre 2009<\/a>. <\/p>\n<p>&nbsp;<\/p>\n<h1 style=\"text-align:right\">2009 en&#8230; #1.<\/h1>\n<div id=\"photo2\">\n<p><img decoding=\"async\" src=\"https:\/\/www.wallendorff.com\/belogue\/photo\/2009\/12\/20091226.jpg\" \/><\/p>\n<\/div>\n<p style=\"text-align:right\"><a href=\"https:\/\/www.wallendorff.com\/belogue\/2009\/12\/26\/2009en-1\/\">Le Fanfaron, Paris, 5 d&eacute;cembre 2009<\/a>.<\/p>\n<p>&nbsp;<\/p>\n<h1 style=\"text-align:right\">Rain down on me.<\/h1>\n<div id=\"photo2\">\n<p><img decoding=\"async\" src=\"https:\/\/www.wallendorff.com\/belogue\/photo\/2010\/04\/20100407.jpg\" \/><\/p>\n<\/div>\n<p style=\"text-align:right\"> <a href=\"https:\/\/www.wallendorff.com\/belogue\/2010\/04\/07\/rain-down-on-me\/\">Dieppe, 20 mars 2010<\/a>.<\/p>\n<p>&nbsp;<\/p>\n<h1 style=\"text-align:right\">Il jouait du piano de books.<\/h1>\n<div id=\"photo2\">\n<p><img decoding=\"async\" src=\"https:\/\/www.wallendorff.com\/belogue\/photo\/2010\/06\/20100604.jpg\" \/><\/p>\n<\/div>\n<p style=\"text-align:right\"> <a href=\"https:\/\/www.wallendorff.com\/belogue\/2010\/06\/04\/il-jouait-du-piano-de-books\/\">Shakespeare &amp; Co., Paris, 25 avril 2010<\/a>.<\/p>\n<p>&nbsp;<\/p>\n<h1 style=\"text-align:right\">Carreaux lignent [du sud].<\/h1>\n<div id=\"photo2\">\n<p><img decoding=\"async\" src=\"https:\/\/www.wallendorff.com\/belogue\/photo\/2010\/11\/20101129.jpg\" \/><\/p>\n<\/div>\n<p style=\"text-align:right\"> <a href=\"https:\/\/www.wallendorff.com\/belogue\/2010\/11\/29\/carreaux-lignent-du-sud\/\">H&ocirc;tel de Toulouse, Paris, 18 septembre 2010<\/a>.<\/p>\n<p>&nbsp;<\/p>\n<h1 style=\"text-align:right\">We are the river flow, and you can never know.<\/h1>\n<div id=\"photo2\">\n<p><img decoding=\"async\" src=\"https:\/\/www.wallendorff.com\/belogue\/photo\/2011\/02\/20110205.jpg\" \/><\/p>\n<\/div>\n<p style=\"text-align:right\"> <a href=\"https:\/\/www.wallendorff.com\/belogue\/2011\/02\/05\/we-are-the-river-flow-and-you-can-never-know\/\">Petite ceinture, Paris, 8 janvier 2011<\/a>.<\/p>\n<p>&nbsp;<\/p>\n<h1 style=\"text-align:right\">Still waiting on a divine touch.<\/h1>\n<div id=\"photo2\">\n<p><img decoding=\"async\" src=\"https:\/\/www.wallendorff.com\/belogue\/photo\/2011\/03\/20110316.jpg\" \/><\/p>\n<\/div>\n<p style=\"text-align:right\"> <a href=\"https:\/\/www.wallendorff.com\/belogue\/2011\/03\/16\/still-waiting-on-a-divine-touch\/\">Quai Paul-Vautrin, Metz, 13 f&eacute;vrier 2011<\/a>.<\/p>\n<p>&nbsp;<\/p>\n<h1 style=\"text-align:right\">Des os, redonn&eacute;es.<\/h1>\n<div id=\"photo2\">\n<p><img decoding=\"async\" src=\"https:\/\/www.wallendorff.com\/belogue\/photo\/2011\/08\/20110826.jpg\" \/><\/p>\n<\/div>\n<p style=\"text-align:right\"> <a href=\"https:\/\/www.wallendorff.com\/belogue\/2011\/08\/26\/des-os-redonnes\/\">Station Cit&eacute;, Paris, 26 juillet 2011<\/a>.<\/p>\n<p>&nbsp;<\/p>\n<h1 style=\"text-align:right\">De la fuite [dans les id&eacute;es].<\/h1>\n<div id=\"photo2\">\n<p><img decoding=\"async\" src=\"https:\/\/www.wallendorff.com\/belogue\/photo\/2012\/02\/20120216.jpg\" \/><\/p>\n<\/div>\n<p style=\"text-align:right\"> <a href=\"https:\/\/www.wallendorff.com\/belogue\/2012\/02\/16\/de-la-fuite-dans-les-idees\/\">Station Porte Dauphine, Paris, 2 janvier 2012<\/a>.<\/p>\n<p>&nbsp;<\/p>\n<h1 style=\"text-align:right\">Lucarnes aval.<\/h1>\n<div id=\"photo2\">\n<p><img decoding=\"async\" src=\"https:\/\/www.wallendorff.com\/belogue\/photo\/2012\/03\/20120322.jpg\" \/><\/p>\n<\/div>\n<p style=\"text-align:right\"> <a href=\"https:\/\/www.wallendorff.com\/belogue\/2012\/03\/22\/lucarnes-aval1\/\">Parvis des Droits-de-l&rsquo;Homme, Paris, 2 f&eacute;vrier 2012<\/a>.<\/p>\n<p>&nbsp;<\/p>\n<h1 style=\"text-align:right\">Passer l&agrave; nain.<\/h1>\n<div id=\"photo2\">\n<p><img decoding=\"async\" src=\"https:\/\/www.wallendorff.com\/belogue\/photo\/2012\/07\/20120716.jpg\" \/><\/p>\n<\/div>\n<p style=\"text-align:right\"> <a href=\"https:\/\/www.wallendorff.com\/belogue\/2012\/07\/16\/passer-la-nain\/\">Place de la Riponne, Lausanne, 25 mai 2012<\/a>.<\/p>\n<p>&nbsp;<\/p>\n<h1 style=\"text-align:right\">Late on the pier [IV].<\/h1>\n<div id=\"photo2\">\n<p><img decoding=\"async\" src=\"https:\/\/www.wallendorff.com\/belogue\/photo\/2012\/08\/20120807.jpg\" \/><\/p>\n<\/div>\n<p style=\"text-align:right\"> <a href=\"https:\/\/www.wallendorff.com\/belogue\/2012\/08\/07\/late-on-the-pier-iv\/\">Port de Tougues, 28 mai 2012<\/a>.<\/p>\n<p>&nbsp;<\/p>\n<h1 style=\"text-align:right\">I spoke to the base, and the base says we wait.<\/h1>\n<div id=\"photo2\">\n<p><img decoding=\"async\" src=\"https:\/\/www.wallendorff.com\/belogue\/photo\/2012\/10\/20121005.jpg\" \/><\/p>\n<\/div>\n<p style=\"text-align:right\"> <a href=\"https:\/\/www.wallendorff.com\/belogue\/2012\/10\/05\/i-spoke-to-the-base-and-the-base-says-we-wait\/\">Tadeusa Ko&scaron;&#263;u&scaron;ka, Belgrade, 30 juillet 2012<\/a>.<\/p>\n<p>&nbsp;<\/p>\n<h1 style=\"text-align:right\">Bon, deux gemmes se bondent.<\/h1>\n<div id=\"photo2\">\n<p><img decoding=\"async\" src=\"https:\/\/www.wallendorff.com\/belogue\/photo\/2013\/01\/20130117.jpg\" \/><\/p>\n<\/div>\n<p style=\"text-align:right\"> <a href=\"https:\/\/www.wallendorff.com\/belogue\/2013\/01\/17\/bon-deux-gemmes-se-bondent\/\">Square du Bicentenaire, le Mans, 24 novembre 2012<\/a>.<\/p>\n<p>&nbsp;<\/p>\n<h1 style=\"text-align:right\">Apr&egrave;s tout [III].<\/h1>\n<div id=\"photo2\">\n<p><img decoding=\"async\" src=\"https:\/\/www.wallendorff.com\/belogue\/photo\/2013\/02\/20130201.jpg\" \/><\/p>\n<\/div>\n<p style=\"text-align:right\"> <a href=\"https:\/\/www.wallendorff.com\/belogue\/2013\/02\/01\/apres-tout-iii\/\">Rue Liancourt, Paris, 15 d&eacute;cembre 2012<\/a>.<\/p>\n<p>&nbsp;<\/p>\n<p>&Eacute;galement cit&eacute;s&nbsp;:<\/p>\n<ul>\n<li><a href=\"https:\/\/www.wallendorff.com\/belogue\/2005\/12\/12\/des-ores-donnes\/\">Des ores donn&eacute;s (Station Cit&eacute;, Paris, 2 d&eacute;cembre 2005). <\/a><\/li>\n<li><a href=\"https:\/\/www.wallendorff.com\/belogue\/2007\/07\/12\/avant-projet\/\">Avant projets (rue Dussoubs, Paris, 11 juillet 2007)<\/a>.<\/li>\n<li><a href=\"https:\/\/www.wallendorff.com\/belogue\/2008\/01\/28\/si-elles-m-ont-marri\/\">Si elle m&rsquo;ont marri (place Charles-de-Gaulle, Paris, 8 janvier)<\/a>.<\/li>\n<li><a href=\"https:\/\/www.wallendorff.com\/belogue\/2010\/01\/07\/avides-meges-oints-juyette-outre\/\">Avides m&egrave;ges oints, Juyette outre (Villa de Guelma, Paris, 12 novembre 2009)<\/a>.<\/li>\n<li><a href=\"https:\/\/www.wallendorff.com\/belogue\/2011\/08\/19\/dos-dode\/\">Dos d&rsquo;Ode (h&ocirc;tel de Cluny, Paris, 23 juillet 2011)<\/a>.<\/li>\n<\/ul>\n<p>&nbsp;<\/p>\n","protected":false},"excerpt":{"rendered":"<p>[plus une statue.] Et l&agrave; je vois d&rsquo;avance deux ou trois petits malins venir me dire &laquo;&nbsp;non mais dis donc, les photos mises en exergue des 10 ans d&rsquo;autoportraits, des 10 ans de nuits, des 10 ans de cimeti&egrave;res et des 10 ans de filles-dans-des-ruelles-sombres-la-nuit-avec-un-lampadaire &eacute;taient d&eacute;j&agrave; TOUTES des photos prises derri&egrave;re des gens [et&hellip;<\/p>\n","protected":false},"author":1,"featured_media":26801,"comment_status":"open","ping_status":"open","sticky":false,"template":"","format":"standard","meta":{"_acf_changed":false,"ngg_post_thumbnail":0,"jetpack_post_was_ever_published":false,"_jetpack_newsletter_access":"","_jetpack_dont_email_post_to_subs":false,"_jetpack_newsletter_tier_id":0,"_jetpack_memberships_contains_paywalled_content":false,"_jetpack_memberships_contains_paid_content":false,"footnotes":"","jetpack_publicize_message":"","jetpack_publicize_feature_enabled":true,"jetpack_social_post_already_shared":false,"jetpack_social_options":{"image_generator_settings":{"template":"highway","default_image_id":0,"font":"","enabled":false},"version":2}},"categories":[3],"tags":[8630,10311,10407],"class_list":["post-23047","post","type-post","status-publish","format-standard","has-post-thumbnail","hentry","category-dpc","tag-8630","tag-dos","tag-silhouette"],"acf":[],"geo":null,"jetpack_publicize_connections":[],"jetpack_featured_media_url":"https:\/\/www.wallendorff.com\/belogue\/wp-content\/uploads\/2015\/04\/201202162.jpg","jetpack_shortlink":"https:\/\/wp.me\/p3b35P-5ZJ","jetpack_sharing_enabled":true,"jetpack-related-posts":[{"id":124649,"url":"https:\/\/www.wallendorff.com\/belogue\/2023\/06\/12\/servus-wien-6\/","url_meta":{"origin":23047,"position":0},"title":"Servus Wien.","author":"dpc","date":"12 juin 2023","format":false,"excerpt":"[La galerie compl\u00e8te vient apr\u00e8s ce looooong texte traditionnel dont l'origine se perd dans les pr\u00e9mices de ce mill\u00e9naires.] Vienne, 14 \u2013 15 avril 2023. Can't Even Tell Soul Asylum Il y a dix-neuf ans, les Pistons de D\u00e9troit \u00e9taient en finale NBA. Il y a dix-huit ans, les Pistons\u2026","rel":"","context":"Dans &quot;DPC&quot;","block_context":{"text":"DPC","link":"https:\/\/www.wallendorff.com\/belogue\/category\/dpc\/"},"img":{"alt_text":"","src":"https:\/\/i0.wp.com\/www.wallendorff.com\/belogue\/wp-content\/uploads\/2023\/06\/20230612-09.jpg?resize=350%2C200&ssl=1","width":350,"height":200,"srcset":"https:\/\/i0.wp.com\/www.wallendorff.com\/belogue\/wp-content\/uploads\/2023\/06\/20230612-09.jpg?resize=350%2C200&ssl=1 1x, https:\/\/i0.wp.com\/www.wallendorff.com\/belogue\/wp-content\/uploads\/2023\/06\/20230612-09.jpg?resize=525%2C300&ssl=1 1.5x, https:\/\/i0.wp.com\/www.wallendorff.com\/belogue\/wp-content\/uploads\/2023\/06\/20230612-09.jpg?resize=700%2C400&ssl=1 2x, https:\/\/i0.wp.com\/www.wallendorff.com\/belogue\/wp-content\/uploads\/2023\/06\/20230612-09.jpg?resize=1050%2C600&ssl=1 3x"},"classes":[]},{"id":132422,"url":"https:\/\/www.wallendorff.com\/belogue\/2025\/06\/12\/jaunes-dombres\/","url_meta":{"origin":23047,"position":1},"title":"Jaunes d&rsquo;ombres.","author":"dpc","date":"12 juin 2025","format":false,"excerpt":"Tour Montparnasse, Paris, 18 avril 2024.Merci \u00e0 Lala mais pas \u00e0 Leffe\u00ae ni Twinuts\u00ae car j'ai sottement oubli\u00e9 de faire les commissions. Et \u00e0 part \u00e7a... Il y a vingt-et-un ans, les Pistons de D\u00e9troit \u00e9taient en finale NBA. Il y a vingt ans, les Pistons de D\u00e9troit \u00e9taient encore\u2026","rel":"","context":"Dans &quot;DPC&quot;","block_context":{"text":"DPC","link":"https:\/\/www.wallendorff.com\/belogue\/category\/dpc\/"},"img":{"alt_text":"","src":"https:\/\/i0.wp.com\/www.wallendorff.com\/belogue\/wp-content\/uploads\/2025\/06\/20250612-08.jpg?resize=350%2C200&ssl=1","width":350,"height":200,"srcset":"https:\/\/i0.wp.com\/www.wallendorff.com\/belogue\/wp-content\/uploads\/2025\/06\/20250612-08.jpg?resize=350%2C200&ssl=1 1x, https:\/\/i0.wp.com\/www.wallendorff.com\/belogue\/wp-content\/uploads\/2025\/06\/20250612-08.jpg?resize=525%2C300&ssl=1 1.5x, https:\/\/i0.wp.com\/www.wallendorff.com\/belogue\/wp-content\/uploads\/2025\/06\/20250612-08.jpg?resize=700%2C400&ssl=1 2x, https:\/\/i0.wp.com\/www.wallendorff.com\/belogue\/wp-content\/uploads\/2025\/06\/20250612-08.jpg?resize=1050%2C600&ssl=1 3x"},"classes":[]},{"id":128261,"url":"https:\/\/www.wallendorff.com\/belogue\/2024\/06\/12\/cetait-2004\/","url_meta":{"origin":23047,"position":2},"title":"C&rsquo;\u00e9tait 2004.","author":"dpc","date":"12 juin 2024","format":false,"excerpt":"En ouvrant ce journal, il y a 20 ans, je n'aurais jamais pens\u00e9 qu'il durerait si longtemps. Mais il a tenu, d'abord sur feu 20six, puis en solitaire sur ce site, traversant les plateformes et les modes jusqu'\u00e0 aujourd'hui. MySpace, Flickr, Facebook, Instagram passent et disparaissent, mais reste ce site.Je\u2026","rel":"","context":"Dans &quot;DPC&quot;","block_context":{"text":"DPC","link":"https:\/\/www.wallendorff.com\/belogue\/category\/dpc\/"},"img":{"alt_text":"","src":"https:\/\/i0.wp.com\/www.wallendorff.com\/belogue\/wp-content\/uploads\/2024\/06\/20240612-03.jpg?resize=350%2C200&ssl=1","width":350,"height":200,"srcset":"https:\/\/i0.wp.com\/www.wallendorff.com\/belogue\/wp-content\/uploads\/2024\/06\/20240612-03.jpg?resize=350%2C200&ssl=1 1x, https:\/\/i0.wp.com\/www.wallendorff.com\/belogue\/wp-content\/uploads\/2024\/06\/20240612-03.jpg?resize=525%2C300&ssl=1 1.5x, https:\/\/i0.wp.com\/www.wallendorff.com\/belogue\/wp-content\/uploads\/2024\/06\/20240612-03.jpg?resize=700%2C400&ssl=1 2x, https:\/\/i0.wp.com\/www.wallendorff.com\/belogue\/wp-content\/uploads\/2024\/06\/20240612-03.jpg?resize=1050%2C600&ssl=1 3x"},"classes":[]},{"id":23102,"url":"https:\/\/www.wallendorff.com\/belogue\/2014\/06\/30\/dix-ans-de-titres\/","url_meta":{"origin":23047,"position":3},"title":"Dix ans de titres.","author":"dpc","date":"30 juin 2014","format":false,"excerpt":"Dix ans de matin\u00e9es pass\u00e9es \u00e0 se triturer la t\u00eate pour trouver un jeu de mot. Dix ans \u00e0 pondre des titres plus d\u00e9biles et plus obscurs les uns que les autres, parfois si obscurs que, m\u00eame moi, je ne les comprends plus. Cette liste de 2\u00a0894 titres est loin\u2026","rel":"","context":"Dans &quot;DPC&quot;","block_context":{"text":"DPC","link":"https:\/\/www.wallendorff.com\/belogue\/category\/dpc\/"},"img":{"alt_text":"","src":"","width":0,"height":0},"classes":[]},{"id":7677,"url":"https:\/\/www.wallendorff.com\/belogue\/2010\/06\/12\/six\/","url_meta":{"origin":23047,"position":4},"title":"668 the neighbour of the beast.","author":"dpc","date":"12 juin 2010","format":false,"excerpt":"Rue Michel-le-Comte, Paris, 8 mai. Non mais l\u00e0 c'est plut\u00f4t une mobylette qu'un escalier, donc \u00e7a compte pas. Hum. Ah et puis\u00a0: Il y a six ans, les Pistons de D\u00e9troit \u00e9taient en finale NBA. Il y a cinq ans, les Pistons de D\u00e9troit \u00e9taient encore en finale NBA. Il\u2026","rel":"","context":"Dans &quot;DPC&quot;","block_context":{"text":"DPC","link":"https:\/\/www.wallendorff.com\/belogue\/category\/dpc\/"},"img":{"alt_text":"","src":"https:\/\/i0.wp.com\/www.wallendorff.com\/belogue\/wp-content\/uploads\/2015\/04\/201006121.jpg?resize=350%2C200&ssl=1","width":350,"height":200},"classes":[]},{"id":22948,"url":"https:\/\/www.wallendorff.com\/belogue\/2014\/06\/12\/dix-ans\/","url_meta":{"origin":23047,"position":5},"title":"Dix ans.","author":"dpc","date":"12 juin 2014","format":false,"excerpt":"Il y a dix ans, les Pistons de D\u00e9troit \u00e9taient en finale NBA. Il y a neuf ans, les Pistons de D\u00e9troit \u00e9taient encore en finale NBA. Il y a huit ans, les Pistons de D\u00e9troit \u00e9taient en vacances apr\u00e8s s'\u00eatre fait vider comme des nases en sept manches de\u2026","rel":"","context":"Dans &quot;DPC&quot;","block_context":{"text":"DPC","link":"https:\/\/www.wallendorff.com\/belogue\/category\/dpc\/"},"img":{"alt_text":"","src":"https:\/\/i0.wp.com\/www.wallendorff.com\/belogue\/wp-content\/uploads\/2015\/04\/200901013.jpg?resize=350%2C200&ssl=1","width":350,"height":200,"srcset":"https:\/\/i0.wp.com\/www.wallendorff.com\/belogue\/wp-content\/uploads\/2015\/04\/200901013.jpg?resize=350%2C200&ssl=1 1x, https:\/\/i0.wp.com\/www.wallendorff.com\/belogue\/wp-content\/uploads\/2015\/04\/200901013.jpg?resize=525%2C300&ssl=1 1.5x"},"classes":[]}],"_links":{"self":[{"href":"https:\/\/www.wallendorff.com\/belogue\/wp-json\/wp\/v2\/posts\/23047","targetHints":{"allow":["GET"]}}],"collection":[{"href":"https:\/\/www.wallendorff.com\/belogue\/wp-json\/wp\/v2\/posts"}],"about":[{"href":"https:\/\/www.wallendorff.com\/belogue\/wp-json\/wp\/v2\/types\/post"}],"author":[{"embeddable":true,"href":"https:\/\/www.wallendorff.com\/belogue\/wp-json\/wp\/v2\/users\/1"}],"replies":[{"embeddable":true,"href":"https:\/\/www.wallendorff.com\/belogue\/wp-json\/wp\/v2\/comments?post=23047"}],"version-history":[{"count":8,"href":"https:\/\/www.wallendorff.com\/belogue\/wp-json\/wp\/v2\/posts\/23047\/revisions"}],"predecessor-version":[{"id":23054,"href":"https:\/\/www.wallendorff.com\/belogue\/wp-json\/wp\/v2\/posts\/23047\/revisions\/23054"}],"wp:featuredmedia":[{"embeddable":true,"href":"https:\/\/www.wallendorff.com\/belogue\/wp-json\/wp\/v2\/media\/26801"}],"wp:attachment":[{"href":"https:\/\/www.wallendorff.com\/belogue\/wp-json\/wp\/v2\/media?parent=23047"}],"wp:term":[{"taxonomy":"category","embeddable":true,"href":"https:\/\/www.wallendorff.com\/belogue\/wp-json\/wp\/v2\/categories?post=23047"},{"taxonomy":"post_tag","embeddable":true,"href":"https:\/\/www.wallendorff.com\/belogue\/wp-json\/wp\/v2\/tags?post=23047"}],"curies":[{"name":"wp","href":"https:\/\/api.w.org\/{rel}","templated":true}]}}