{"id":23041,"date":"2014-06-24T11:42:52","date_gmt":"2014-06-24T09:42:52","guid":{"rendered":"http:\/\/www.wallendorff.com\/?p=23041"},"modified":"2014-06-24T11:44:52","modified_gmt":"2014-06-24T09:44:52","slug":"dix-ans-en-lair","status":"publish","type":"post","link":"https:\/\/www.wallendorff.com\/belogue\/2014\/06\/24\/dix-ans-en-lair\/","title":{"rendered":"Dix ans en l&rsquo;air."},"content":{"rendered":"<div id=\"photo\">\n<p><img decoding=\"async\" src=\"https:\/\/www.wallendorff.com\/belogue\/photo\/2012\/11\/20121101.jpg\" \/><\/p>\n<\/div>\n<p style=\"text-align:right\">Dix ans d&rsquo;avion. Dix ans d&rsquo;a&eacute;roports. Dix ans de transit.<\/p>\n<h1 style=\"text-align:right\">Shiphol, three hours, three pics.<\/h1>\n<div id=\"photo2\">\n<p><img decoding=\"async\" src=\"https:\/\/www.wallendorff.com\/belogue\/photo\/2004\/12\/41.jpg\" \/><\/p>\n<\/div>\n<div id=\"photo2\">\n<p><img decoding=\"async\" src=\"https:\/\/www.wallendorff.com\/belogue\/photo\/2004\/12\/42.jpg\" \/><\/p>\n<\/div>\n<p style=\"text-align:right\"> <a href=\"https:\/\/www.wallendorff.com\/belogue\/2004\/12\/18\/schripol-three-hours-three-pix\/\">Schiphol Luchthaven, Amsterdam, 18 d&eacute;cembre 2004<\/a>.<\/p>\n<p>&nbsp;<\/p>\n<div id=\"photo2\">\n<p><img decoding=\"async\" src=\"https:\/\/www.wallendorff.com\/belogue\/photo\/2014\/06\/20140624.jpg\" \/><\/p>\n<\/div>\n<p style=\"text-align:right\"> Schiphol Luchthaven, Amsterdam, 16 f&eacute;vrier 2005.<\/p>\n<p>&nbsp;<\/p>\n<h1 style=\"text-align:right\">Assises bonnes en gare.<\/h1>\n<div id=\"photo2\">\n<p><img decoding=\"async\" src=\"https:\/\/www.wallendorff.com\/belogue\/photo\/2007\/06\/20070606.jpg\" \/><\/p>\n<\/div>\n<p style=\"text-align:right\"> <a href=\"https:\/\/www.wallendorff.com\/belogue\/2007\/06\/06\/assises-bonnes-en-gare\/\">George Bush Intercontinental Airport, Houston, 27 avril 2007.<\/a><\/p>\n<p>&nbsp;<\/p>\n<h1 style=\"text-align:right\">Kilom&egrave;tre 2&nbsp;488.<\/h1>\n<div id=\"photo2\">\n<p><img decoding=\"async\" src=\"https:\/\/www.wallendorff.com\/belogue\/photo\/2008\/04\/20080403.jpg\" \/><\/p>\n<\/div>\n<p style=\"text-align:right\"> <a href=\"https:\/\/www.wallendorff.com\/belogue\/2008\/04\/03\/kilomtre-2-488\/\">Schiphol Luchthaven, Amsterdam, 2 avril 2008<\/a>.<\/p>\n<p>&nbsp;<\/p>\n<h1 style=\"text-align:right\">Kilom&egrave;tre 2&nbsp;518.<\/h1>\n<div id=\"photo2\">\n<p><img decoding=\"async\" src=\"https:\/\/www.wallendorff.com\/belogue\/photo\/2008\/04\/20080404.jpg\" \/><\/p>\n<\/div>\n<p style=\"text-align:right\"> <a href=\"https:\/\/www.wallendorff.com\/belogue\/2008\/04\/04\/kilomtre-2-518\/\">Vol KL 1057, 2 avril 2008<\/a>.<\/p>\n<p>&nbsp;<\/p>\n<h1 style=\"text-align:right\">Kilom&egrave;tre 3&nbsp;113.<\/h1>\n<div id=\"photo2\">\n<p><img decoding=\"async\" src=\"https:\/\/www.wallendorff.com\/belogue\/photo\/2008\/04\/20080405.jpg\" \/><\/p>\n<\/div>\n<p style=\"text-align:right\"> <a href=\"https:\/\/www.wallendorff.com\/belogue\/2008\/04\/05\/kilomtre-3-113\/\">Bristol International Airport, 4 avril 2008<\/a>.<\/p>\n<p>&nbsp;<\/p>\n<h1 style=\"text-align:right\">Here we are, back again.<\/h1>\n<div id=\"photo2\">\n<p><img decoding=\"async\" src=\"https:\/\/www.wallendorff.com\/belogue\/photo\/2008\/09\/20080915.jpg\" \/><\/p>\n<\/div>\n<p style=\"text-align:right\"><a href=\"https:\/\/www.wallendorff.com\/belogue\/2008\/09\/15\/here-we-are-back-again\/\">A&eacute;roport Paris &#8211; Charles-de-Gaulle,  14 septembre 2008<\/a>.<\/p>\n<p>&nbsp;<\/p>\n<h1 style=\"text-align:right\">B&egrave;gues arts-banquettes.<\/h1>\n<div id=\"photo2\">\n<p><img decoding=\"async\" src=\"https:\/\/www.wallendorff.com\/belogue\/photo\/2008\/10\/20081001.jpg\" \/><\/p>\n<\/div>\n<p style=\"text-align:right\"><a href=\"https:\/\/www.wallendorff.com\/belogue\/2008\/10\/01\/begues-arts-banquette\/\">Terminal 2E, a&eacute;roport Paris &#8211; Charles-de-Gaulle, 14 septembre 2008<\/a>.<\/p>\n<p>&nbsp;<\/p>\n<h1 style=\"text-align:right\">I make my way up and down through the days.<\/h1>\n<div id=\"photo2\">\n<p><img decoding=\"async\" src=\"https:\/\/www.wallendorff.com\/belogue\/photo\/2008\/09\/20080918.jpg\" \/><\/p>\n<\/div>\n<p style=\"text-align:right\"><a href=\"https:\/\/www.wallendorff.com\/belogue\/2008\/09\/18\/i-make-my-way-up-and-down-through-the-days\/\">Vol AF 1673, 16 septembre 2008<\/a>.<\/p>\n<p>&nbsp;<\/p>\n<h1 style=\"text-align:right\">1779.<\/h1>\n<div id=\"photo2\">\n<p><img decoding=\"async\" src=\"https:\/\/www.wallendorff.com\/belogue\/photo\/2009\/05\/20090512.jpg\" \/><\/p>\n<\/div>\n<p style=\"text-align:right\"><a href=\"https:\/\/www.wallendorff.com\/belogue\/2009\/05\/12\/1779\/\">Vol NW 0045, 24 avril 2009<\/a>.<\/p>\n<p>&nbsp;<\/p>\n<h1 style=\"text-align:right\">Arlanda [aux relents de dos].<\/h1>\n<div id=\"photo2\">\n<p><img decoding=\"async\" src=\"https:\/\/www.wallendorff.com\/belogue\/photo\/2010\/11\/20101111.jpg\" \/><\/p>\n<\/div>\n<p style=\"text-align:right\"><a href=\"https:\/\/www.wallendorff.com\/belogue\/2010\/11\/11\/arlanda-aux-relents-de-dos\/\">A&eacute;roport de Stockholm-Arlanda, 30 ao&ucirc;t 2010<\/a>.<\/p>\n<p>&nbsp;<\/p>\n<h1 style=\"text-align:right\">Old oiseaux.<\/h1>\n<div id=\"photo2\">\n<p><img decoding=\"async\" src=\"https:\/\/www.wallendorff.com\/belogue\/photo\/2012\/11\/20121101.jpg\" \/><\/p>\n<\/div>\n<p style=\"text-align:right\"><a href=\"https:\/\/www.wallendorff.com\/belogue\/2012\/11\/01\/old-oiseaux\/\">Dubrovnik, 2 ao&ucirc;t 2012<\/a>.<\/p>\n<p>&nbsp;<\/p>\n<h1 style=\"text-align:right\">Photo de nues.<\/h1>\n<div id=\"photo2\">\n<p><img decoding=\"async\" src=\"http:\/\/wallendorff.com\/photo\/2013\/03\/20130321.jpg\" \/><\/p>\n<\/div>\n<p style=\"text-align:right\"><a href=\"https:\/\/www.wallendorff.com\/belogue\/2013\/03\/21\/photo-de-nues\/\">A&eacute;roport Paris &#8211; Charles-de-Gaulle, 8 f&eacute;vrier 2013<\/a>.<\/p>\n<p>&nbsp;<\/p>\n<h1 style=\"text-align:right\">&Acirc;me sans s&oelig;ur.<\/h1>\n<div id=\"photo2\">\n<p><img decoding=\"async\" src=\"http:\/\/wallendorff.com\/photo\/2013\/03\/20130325.jpg\" \/><\/p>\n<\/div>\n<p style=\"text-align:right\"><a href=\"https:\/\/www.wallendorff.com\/belogue\/2013\/03\/25\/ame-sans-soeur\/\">A&eacute;roport Paris &#8211; Charles-de-Gaulle, 8 f&eacute;vrier 2013<\/a>.<\/p>\n<p>&nbsp;<\/p>\n<h1 style=\"text-align:right\">Navion [II].<\/h1>\n<div id=\"photo2\">\n<p><img decoding=\"async\" src=\"https:\/\/www.wallendorff.com\/belogue\/photo\/2013\/03\/20130326.jpg\" \/><\/p>\n<\/div>\n<p style=\"text-align:right\"><a href=\"https:\/\/www.wallendorff.com\/belogue\/2013\/03\/26\/navion-ii\/\">A&eacute;roport Paris &#8211; Charles-de-Gaulle, 8 f&eacute;vrier 2013<\/a>.<\/p>\n<p>&nbsp;<\/p>\n<h1 style=\"text-align:right\">Into the wide #10.<\/h1>\n<div id=\"photo2\">\n<p><img decoding=\"async\" src=\"https:\/\/www.wallendorff.com\/belogue\/photo\/2013\/06\/20130621.jpg\" \/><\/p>\n<\/div>\n<p style=\"text-align:right\"><a href=\"https:\/\/www.wallendorff.com\/belogue\/2013\/06\/21\/into-the-wide-10\/\">Terminal 2F, a&eacute;roport Paris &#8211; Charles-de-Gaulle, 20 mai 2013<\/a>. <\/p>\n<p>&nbsp;<\/p>\n<h1 style=\"text-align:right\">Bruxelles [de l&rsquo;enfer].<\/h1>\n<div id=\"photo2\">\n<p><img decoding=\"async\" src=\"https:\/\/www.wallendorff.com\/belogue\/photo\/2014\/03\/20140324.jpg\" \/><\/p>\n<\/div>\n<p style=\"text-align:right\"><a href=\"https:\/\/www.wallendorff.com\/belogue\/2014\/03\/24\/bruxelles-de-lenfer\/\">Bruxelles, 22 f&eacute;vrier 2014<\/a>.<\/p>\n<p>&nbsp;<\/p>\n<h1>&Eacute;galement cit&eacute;s&nbsp;:<\/h1>\n<ul>\n<li><a href=\"https:\/\/www.wallendorff.com\/belogue\/2007\/05\/02\/paris-style-assorti\/\">Paris-style assorti (a&eacute;roport Paris &#8211; Charles-de-Gaulle, 23 avril 2007)<\/a>.<\/li>\n<li><a href=\"https:\/\/www.wallendorff.com\/belogue\/2007\/05\/12\/excedes-ailes\/\">Exc&egrave;des ailes (a&eacute;roport Paris &#8211; Charles-de-Gaulle, 23 avril 2007)<\/a>.<\/li>\n<li><a href=\"https:\/\/www.wallendorff.com\/belogue\/2013\/03\/22\/navion\/\">Navion (a&eacute;roport Paris &#8211; Charles-de-Gaulle, 8 f&eacute;vrier 2013)<\/a>.<\/li>\n<\/ul>\n","protected":false},"excerpt":{"rendered":"<p>Dix ans d&rsquo;avion. Dix ans d&rsquo;a&eacute;roports. Dix ans de transit. Shiphol, three hours, three pics. Schiphol Luchthaven, Amsterdam, 18 d&eacute;cembre 2004. &nbsp; Schiphol Luchthaven, Amsterdam, 16 f&eacute;vrier 2005. &nbsp; Assises bonnes en gare. George Bush Intercontinental Airport, Houston, 27 avril 2007. &nbsp; Kilom&egrave;tre 2&nbsp;488. Schiphol Luchthaven, Amsterdam, 2 avril 2008. &nbsp; Kilom&egrave;tre 2&nbsp;518. Vol KL&hellip;<\/p>\n","protected":false},"author":1,"featured_media":26800,"comment_status":"open","ping_status":"open","sticky":false,"template":"","format":"standard","meta":{"_acf_changed":false,"ngg_post_thumbnail":0,"jetpack_post_was_ever_published":false,"_jetpack_newsletter_access":"","_jetpack_dont_email_post_to_subs":false,"_jetpack_newsletter_tier_id":0,"_jetpack_memberships_contains_paywalled_content":false,"_jetpack_memberships_contains_paid_content":false,"footnotes":"","jetpack_publicize_message":"","jetpack_publicize_feature_enabled":true,"jetpack_social_post_already_shared":false,"jetpack_social_options":{"image_generator_settings":{"template":"highway","default_image_id":0,"font":"","enabled":false},"version":2}},"categories":[3],"tags":[8630,10177,10176],"class_list":["post-23041","post","type-post","status-publish","format-standard","has-post-thumbnail","hentry","category-dpc","tag-8630","tag-aeroport","tag-avion"],"acf":[],"geo":null,"jetpack_publicize_connections":[],"jetpack_featured_media_url":"https:\/\/www.wallendorff.com\/belogue\/wp-content\/uploads\/2015\/04\/201211013.jpg","jetpack_shortlink":"https:\/\/wp.me\/p3b35P-5ZD","jetpack_sharing_enabled":true,"jetpack-related-posts":[{"id":124649,"url":"https:\/\/www.wallendorff.com\/belogue\/2023\/06\/12\/servus-wien-6\/","url_meta":{"origin":23041,"position":0},"title":"Servus Wien.","author":"dpc","date":"12 juin 2023","format":false,"excerpt":"[La galerie compl\u00e8te vient apr\u00e8s ce looooong texte traditionnel dont l'origine se perd dans les pr\u00e9mices de ce mill\u00e9naires.] Vienne, 14 \u2013 15 avril 2023. Can't Even Tell Soul Asylum Il y a dix-neuf ans, les Pistons de D\u00e9troit \u00e9taient en finale NBA. Il y a dix-huit ans, les Pistons\u2026","rel":"","context":"Dans &quot;DPC&quot;","block_context":{"text":"DPC","link":"https:\/\/www.wallendorff.com\/belogue\/category\/dpc\/"},"img":{"alt_text":"","src":"https:\/\/i0.wp.com\/www.wallendorff.com\/belogue\/wp-content\/uploads\/2023\/06\/20230612-09.jpg?resize=350%2C200&ssl=1","width":350,"height":200,"srcset":"https:\/\/i0.wp.com\/www.wallendorff.com\/belogue\/wp-content\/uploads\/2023\/06\/20230612-09.jpg?resize=350%2C200&ssl=1 1x, https:\/\/i0.wp.com\/www.wallendorff.com\/belogue\/wp-content\/uploads\/2023\/06\/20230612-09.jpg?resize=525%2C300&ssl=1 1.5x, https:\/\/i0.wp.com\/www.wallendorff.com\/belogue\/wp-content\/uploads\/2023\/06\/20230612-09.jpg?resize=700%2C400&ssl=1 2x, https:\/\/i0.wp.com\/www.wallendorff.com\/belogue\/wp-content\/uploads\/2023\/06\/20230612-09.jpg?resize=1050%2C600&ssl=1 3x"},"classes":[]},{"id":132422,"url":"https:\/\/www.wallendorff.com\/belogue\/2025\/06\/12\/jaunes-dombres\/","url_meta":{"origin":23041,"position":1},"title":"Jaunes d&rsquo;ombres.","author":"dpc","date":"12 juin 2025","format":false,"excerpt":"Tour Montparnasse, Paris, 18 avril 2024.Merci \u00e0 Lala mais pas \u00e0 Leffe\u00ae ni Twinuts\u00ae car j'ai sottement oubli\u00e9 de faire les commissions. Et \u00e0 part \u00e7a... Il y a vingt-et-un ans, les Pistons de D\u00e9troit \u00e9taient en finale NBA. Il y a vingt ans, les Pistons de D\u00e9troit \u00e9taient encore\u2026","rel":"","context":"Dans &quot;DPC&quot;","block_context":{"text":"DPC","link":"https:\/\/www.wallendorff.com\/belogue\/category\/dpc\/"},"img":{"alt_text":"","src":"https:\/\/i0.wp.com\/www.wallendorff.com\/belogue\/wp-content\/uploads\/2025\/06\/20250612-08.jpg?resize=350%2C200&ssl=1","width":350,"height":200,"srcset":"https:\/\/i0.wp.com\/www.wallendorff.com\/belogue\/wp-content\/uploads\/2025\/06\/20250612-08.jpg?resize=350%2C200&ssl=1 1x, https:\/\/i0.wp.com\/www.wallendorff.com\/belogue\/wp-content\/uploads\/2025\/06\/20250612-08.jpg?resize=525%2C300&ssl=1 1.5x, https:\/\/i0.wp.com\/www.wallendorff.com\/belogue\/wp-content\/uploads\/2025\/06\/20250612-08.jpg?resize=700%2C400&ssl=1 2x, https:\/\/i0.wp.com\/www.wallendorff.com\/belogue\/wp-content\/uploads\/2025\/06\/20250612-08.jpg?resize=1050%2C600&ssl=1 3x"},"classes":[]},{"id":128261,"url":"https:\/\/www.wallendorff.com\/belogue\/2024\/06\/12\/cetait-2004\/","url_meta":{"origin":23041,"position":2},"title":"C&rsquo;\u00e9tait 2004.","author":"dpc","date":"12 juin 2024","format":false,"excerpt":"En ouvrant ce journal, il y a 20 ans, je n'aurais jamais pens\u00e9 qu'il durerait si longtemps. Mais il a tenu, d'abord sur feu 20six, puis en solitaire sur ce site, traversant les plateformes et les modes jusqu'\u00e0 aujourd'hui. MySpace, Flickr, Facebook, Instagram passent et disparaissent, mais reste ce site.Je\u2026","rel":"","context":"Dans &quot;DPC&quot;","block_context":{"text":"DPC","link":"https:\/\/www.wallendorff.com\/belogue\/category\/dpc\/"},"img":{"alt_text":"","src":"https:\/\/i0.wp.com\/www.wallendorff.com\/belogue\/wp-content\/uploads\/2024\/06\/20240612-03.jpg?resize=350%2C200&ssl=1","width":350,"height":200,"srcset":"https:\/\/i0.wp.com\/www.wallendorff.com\/belogue\/wp-content\/uploads\/2024\/06\/20240612-03.jpg?resize=350%2C200&ssl=1 1x, https:\/\/i0.wp.com\/www.wallendorff.com\/belogue\/wp-content\/uploads\/2024\/06\/20240612-03.jpg?resize=525%2C300&ssl=1 1.5x, https:\/\/i0.wp.com\/www.wallendorff.com\/belogue\/wp-content\/uploads\/2024\/06\/20240612-03.jpg?resize=700%2C400&ssl=1 2x, https:\/\/i0.wp.com\/www.wallendorff.com\/belogue\/wp-content\/uploads\/2024\/06\/20240612-03.jpg?resize=1050%2C600&ssl=1 3x"},"classes":[]},{"id":1230,"url":"https:\/\/www.wallendorff.com\/belogue\/2008\/05\/19\/transit-stores\/","url_meta":{"origin":23041,"position":3},"title":"Transit-stores.","author":"dpc","date":"19 mai 2008","format":false,"excerpt":"Schiphol Luchthaven, Amsterdam, 2 avril. Et sinon la pochette du Flight Of The Conchord rappelle un m\u00e9lange de Tintin et les Picaros et Tom Tom Tommy de Philippe Chatel, un 33-tours dont j'avais oubli\u00e9 jusqu'\u00e0 l'existence depuis mes 7 ans, ce qui conf\u00e8re au duo n\u00e9o-z\u00e9landais un statut de madeleines\u2026","rel":"","context":"Dans &quot;DPC&quot;","block_context":{"text":"DPC","link":"https:\/\/www.wallendorff.com\/belogue\/category\/dpc\/"},"img":{"alt_text":"","src":"https:\/\/i0.wp.com\/www.wallendorff.com\/belogue\/wp-content\/uploads\/2015\/04\/200805191.jpg?resize=350%2C200&ssl=1","width":350,"height":200},"classes":[]},{"id":134358,"url":"https:\/\/www.wallendorff.com\/belogue\/2025\/11\/13\/encyclies\/","url_meta":{"origin":23041,"position":4},"title":"Encyclies.","author":"dpc","date":"13 novembre 2025","format":false,"excerpt":"Paris, 2015 \u2013 2024. Encyclies. Des ronds dans l\u2019eau. Ces millions d\u2019ondes de r\u00e9percussion qu'ont provoqu\u00e9 nos vies lanc\u00e9es \u00e0 pleine vitesse dans le marais du drame. Des ondes qui en ont cr\u00e9\u00e9 d\u2019autres, qui encore aujourd\u2019hui se croisent, se percutent, se conjuguent.Voil\u00e0 10 ans que les pierres de nos\u2026","rel":"","context":"Dans &quot;DPC&quot;","block_context":{"text":"DPC","link":"https:\/\/www.wallendorff.com\/belogue\/category\/dpc\/"},"img":{"alt_text":"","src":"https:\/\/i0.wp.com\/www.wallendorff.com\/belogue\/wp-content\/uploads\/2025\/11\/20251113-05.jpg?resize=350%2C200&ssl=1","width":350,"height":200,"srcset":"https:\/\/i0.wp.com\/www.wallendorff.com\/belogue\/wp-content\/uploads\/2025\/11\/20251113-05.jpg?resize=350%2C200&ssl=1 1x, https:\/\/i0.wp.com\/www.wallendorff.com\/belogue\/wp-content\/uploads\/2025\/11\/20251113-05.jpg?resize=525%2C300&ssl=1 1.5x, https:\/\/i0.wp.com\/www.wallendorff.com\/belogue\/wp-content\/uploads\/2025\/11\/20251113-05.jpg?resize=700%2C400&ssl=1 2x, https:\/\/i0.wp.com\/www.wallendorff.com\/belogue\/wp-content\/uploads\/2025\/11\/20251113-05.jpg?resize=1050%2C600&ssl=1 3x"},"classes":[]},{"id":22997,"url":"https:\/\/www.wallendorff.com\/belogue\/2014\/06\/19\/dix-ans-de-crepuscules\/","url_meta":{"origin":23041,"position":5},"title":"Dix ans de cr\u00e9puscules.","author":"dpc","date":"19 juin 2014","format":false,"excerpt":"Dix ans de bleu, dix ans de jaune, dix ans de jour qui fuit. Coachella Music and Arts Festival, Indio, 1er-2 mai. Indio, 1er mai 2004. \u00a0 Meute de Louvre. Palais du Louvre, Paris, 29 septembre 2005. \u00a0 \u00d4, monde, d'yeux. King Edward Street, Liverpool, 18 octobre 2007. \u00a0 Fous\u2026","rel":"","context":"Dans &quot;DPC&quot;","block_context":{"text":"DPC","link":"https:\/\/www.wallendorff.com\/belogue\/category\/dpc\/"},"img":{"alt_text":"","src":"https:\/\/i0.wp.com\/www.wallendorff.com\/belogue\/wp-content\/uploads\/2015\/04\/201209102.jpg?resize=350%2C200&ssl=1","width":350,"height":200,"srcset":"https:\/\/i0.wp.com\/www.wallendorff.com\/belogue\/wp-content\/uploads\/2015\/04\/201209102.jpg?resize=350%2C200&ssl=1 1x, https:\/\/i0.wp.com\/www.wallendorff.com\/belogue\/wp-content\/uploads\/2015\/04\/201209102.jpg?resize=525%2C300&ssl=1 1.5x, https:\/\/i0.wp.com\/www.wallendorff.com\/belogue\/wp-content\/uploads\/2015\/04\/201209102.jpg?resize=700%2C400&ssl=1 2x"},"classes":[]}],"_links":{"self":[{"href":"https:\/\/www.wallendorff.com\/belogue\/wp-json\/wp\/v2\/posts\/23041","targetHints":{"allow":["GET"]}}],"collection":[{"href":"https:\/\/www.wallendorff.com\/belogue\/wp-json\/wp\/v2\/posts"}],"about":[{"href":"https:\/\/www.wallendorff.com\/belogue\/wp-json\/wp\/v2\/types\/post"}],"author":[{"embeddable":true,"href":"https:\/\/www.wallendorff.com\/belogue\/wp-json\/wp\/v2\/users\/1"}],"replies":[{"embeddable":true,"href":"https:\/\/www.wallendorff.com\/belogue\/wp-json\/wp\/v2\/comments?post=23041"}],"version-history":[{"count":5,"href":"https:\/\/www.wallendorff.com\/belogue\/wp-json\/wp\/v2\/posts\/23041\/revisions"}],"predecessor-version":[{"id":23046,"href":"https:\/\/www.wallendorff.com\/belogue\/wp-json\/wp\/v2\/posts\/23041\/revisions\/23046"}],"wp:featuredmedia":[{"embeddable":true,"href":"https:\/\/www.wallendorff.com\/belogue\/wp-json\/wp\/v2\/media\/26800"}],"wp:attachment":[{"href":"https:\/\/www.wallendorff.com\/belogue\/wp-json\/wp\/v2\/media?parent=23041"}],"wp:term":[{"taxonomy":"category","embeddable":true,"href":"https:\/\/www.wallendorff.com\/belogue\/wp-json\/wp\/v2\/categories?post=23041"},{"taxonomy":"post_tag","embeddable":true,"href":"https:\/\/www.wallendorff.com\/belogue\/wp-json\/wp\/v2\/tags?post=23041"}],"curies":[{"name":"wp","href":"https:\/\/api.w.org\/{rel}","templated":true}]}}