{"id":23031,"date":"2014-06-23T12:19:25","date_gmt":"2014-06-23T10:19:25","guid":{"rendered":"http:\/\/www.wallendorff.com\/?p=23031"},"modified":"2014-06-23T16:00:25","modified_gmt":"2014-06-23T14:00:25","slug":"dix-ans-de-portraits-de-gens","status":"publish","type":"post","link":"https:\/\/www.wallendorff.com\/belogue\/2014\/06\/23\/dix-ans-de-portraits-de-gens\/","title":{"rendered":"Dix ans de portraits de gens."},"content":{"rendered":"<div id=\"photo\">\n<p><img decoding=\"async\" src=\"https:\/\/www.wallendorff.com\/belogue\/photo\/galeries\/2013\/02\/20130206-brmc\/20130214-07.jpg\" \/><\/p>\n<\/div>\n<p style=\"text-align:right\">Dix ans de connus. Dix ans de mes connus. Dix ans de tr&egrave;s connus.<\/p>\n<h1 style=\"text-align:right\">Cuilleri assoupi.<\/h1>\n<div id=\"photo2\">\n<p><img decoding=\"async\" src=\"https:\/\/www.wallendorff.com\/belogue\/photo\/2005\/06\/20050616.jpg\" \/><\/p>\n<\/div>\n<p style=\"text-align:right\"> <a href=\"https:\/\/www.wallendorff.com\/belogue\/2005\/06\/16\/cuilleri-assoupi\/\">Station Nation, Paris, 7 juin 2005<\/a>.<\/p>\n<p>&nbsp;<\/p>\n<h1 style=\"text-align:right\">Shooting people #4.<\/h1>\n<div id=\"photo2\">\n<p><img decoding=\"async\" src=\"https:\/\/www.wallendorff.com\/belogue\/photo\/2006\/10\/20061006.jpg\" \/><\/p>\n<\/div>\n<p style=\"text-align:right\"> <a href=\"https:\/\/www.wallendorff.com\/belogue\/2006\/10\/06\/shooting-people-4\/\">H&ocirc;tel Renaissance, Paris, 3 octobre 2006<\/a>.<\/p>\n<p>&nbsp;<\/p>\n<h1 style=\"text-align:right\">Shooting people #17.<\/h1>\n<div id=\"photo2\">\n<p><img decoding=\"async\" src=\"https:\/\/www.wallendorff.com\/belogue\/photo\/2007\/10\/20071024.jpg\" \/><\/p>\n<\/div>\n<p style=\"text-align:right\"> <a href=\"https:\/\/www.wallendorff.com\/belogue\/2007\/10\/24\/shooting-people-17\/\">Maison de la Radio, Paris, 17 septembre 2007.<\/a><\/p>\n<p>&nbsp;<\/p>\n<h1 style=\"text-align:right\">Simon et Gart&rsquo;s font d&rsquo;cale.<\/h1>\n<div id=\"photo2\">\n<p><img decoding=\"async\" src=\"https:\/\/www.wallendorff.com\/belogue\/photo\/2007\/11\/20071129.jpg\" \/><\/p>\n<\/div>\n<p style=\"text-align:right\"> <a href=\"https:\/\/www.wallendorff.com\/belogue\/2007\/11\/29\/simone-garth-s-fond-d-cale\/\">Royal Daffodil, Liverpool, 18 octobre 2007<\/a>.<\/p>\n<p>&nbsp;<\/p>\n<h1 style=\"text-align:right\">Shooting people #21.<\/h1>\n<div id=\"photo2\">\n<p><img decoding=\"async\" src=\"https:\/\/www.wallendorff.com\/belogue\/photo\/2008\/01\/20080105.jpg\" \/><\/p>\n<\/div>\n<p style=\"text-align:right\"> <a href=\"https:\/\/www.wallendorff.com\/belogue\/2008\/01\/05\/shooting-people-21\/\">Le D&eacute;nicheur, Paris, 5 janvier 2008<\/a>.<\/p>\n<p>&nbsp;<\/p>\n<h1 style=\"text-align:right\">Shooting people #24.<\/h1>\n<div id=\"photo2\">\n<p><img decoding=\"async\" src=\"https:\/\/www.wallendorff.com\/belogue\/photo\/2008\/02\/20080207.jpg\" \/><\/p>\n<\/div>\n<p style=\"text-align:right\"> <a href=\"https:\/\/www.wallendorff.com\/belogue\/2008\/02\/07\/shooting-people-24\/\">Bar Latino, Metz, 17 janvier 2008<\/a>.<\/p>\n<p>&nbsp;<\/p>\n<h1 style=\"text-align:right\">Shooting people #29.<\/h1>\n<div id=\"photo2\">\n<p><img decoding=\"async\" src=\"https:\/\/www.wallendorff.com\/belogue\/photo\/2008\/05\/20080523.jpg\" \/><\/p>\n<\/div>\n<p style=\"text-align:right\"><a href=\"https:\/\/www.wallendorff.com\/belogue\/2008\/05\/23\/shooting-people-29\/\">Studios Jet, Bruxelles, 16 f&eacute;vrier 2008<\/a>.<\/p>\n<p>&nbsp;<\/p>\n<h1 style=\"text-align:right\">Shooting people #39.<\/h1>\n<div id=\"photo2\">\n<p><img decoding=\"async\" src=\"https:\/\/www.wallendorff.com\/belogue\/photo\/2008\/11\/20081107.jpg\" \/><\/p>\n<\/div>\n<p style=\"text-align:right\"><a href=\"https:\/\/www.wallendorff.com\/belogue\/2008\/11\/07\/shooting-people-39\/\">Passerelle L&eacute;opold-S&eacute;dar-Sanghor, Paris, 8 octobre 2008<\/a>.<\/p>\n<p>&nbsp;<\/p>\n<h1 style=\"text-align:right\">Shooting people #43.<\/h1>\n<div id=\"photo2\">\n<p><img decoding=\"async\" src=\"https:\/\/www.wallendorff.com\/belogue\/photo\/2009\/01\/20090102.jpg\" \/><\/p>\n<\/div>\n<p style=\"text-align:right\"><a href=\"https:\/\/www.wallendorff.com\/belogue\/2009\/01\/02\/shooting-people-43\/\">Parc Monceau, Paris, 30 novembre 2008<\/a>.<\/p>\n<p>&nbsp;<\/p>\n<h1 style=\"text-align:right\">Shooting people #44.<\/h1>\n<div id=\"photo2\">\n<p><img decoding=\"async\" src=\"https:\/\/www.wallendorff.com\/belogue\/photo\/2009\/01\/20090107.jpg\" \/><\/p>\n<\/div>\n<p style=\"text-align:right\"><a href=\"https:\/\/www.wallendorff.com\/belogue\/2009\/01\/07\/shooting-people-44\/\">Station Raspail, Paris, 21 d&eacute;cembre 2008<\/a>.<\/p>\n<p>&nbsp;<\/p>\n<h1 style=\"text-align:right\">Shooting people #53.<\/h1>\n<div id=\"photo2\">\n<p><img decoding=\"async\" src=\"https:\/\/www.wallendorff.com\/belogue\/photo\/2009\/07\/20090731.jpg\" \/><\/p>\n<\/div>\n<p style=\"text-align:right\"><a href=\"https:\/\/www.wallendorff.com\/belogue\/2009\/07\/31\/shooting-people-53\/\">Garden Bowl, D&eacute;troit, 3 mai 2009<\/a>.<\/p>\n<p>&nbsp;<\/p>\n<h1 style=\"text-align:right\">Shooting people #69.<\/h1>\n<div id=\"photo2\">\n<p><img decoding=\"async\" src=\"https:\/\/www.wallendorff.com\/belogue\/photo\/2010\/05\/20100518.jpg\" \/><\/p>\n<\/div>\n<p style=\"text-align:right\"><a href=\"https:\/\/www.wallendorff.com\/belogue\/2010\/05\/18\/shooting-people-69\/\">Breakfast in America, Paris, 24 septembre 2009<\/a>.<\/p>\n<p>&nbsp;<\/p>\n<h1 style=\"text-align:right\">Shooting people #64.<\/h1>\n<div id=\"photo2\">\n<p><img decoding=\"async\" src=\"http:\/\/wallendorff.com\/photo\/2010\/02\/20100223.jpg\" \/><\/p>\n<\/div>\n<p style=\"text-align:right\"><a href=\"https:\/\/www.wallendorff.com\/belogue\/2010\/02\/23\/shooting-people-64\/\">Rue Boyer, Paris, 21 f&eacute;vrier 2010<\/a>.<\/p>\n<p>&nbsp;<\/p>\n<h1 style=\"text-align:right\">Shooting people #77.<\/h1>\n<div id=\"photo2\">\n<p><img decoding=\"async\" src=\"https:\/\/www.wallendorff.com\/belogue\/photo\/2011\/01\/20110112.jpg\" \/><\/p>\n<\/div>\n<p style=\"text-align:right\"><a href=\"https:\/\/www.wallendorff.com\/belogue\/2011\/01\/12\/shooting-people-77\/\">Plan&egrave;te Mars, Paris, 9 janvier 2011<\/a>. <\/p>\n<p>&nbsp;<\/p>\n<h1 style=\"text-align:right\">Shiva s&rsquo;r&eacute;gale.<\/h1>\n<div id=\"photo2\">\n<p><img decoding=\"async\" src=\"https:\/\/www.wallendorff.com\/belogue\/photo\/2011\/06\/20110620.jpg\" \/><\/p>\n<\/div>\n<p style=\"text-align:right\"><a href=\"https:\/\/www.wallendorff.com\/belogue\/2011\/06\/20\/shiva-sregale\/\">Rue Crespin-du-Gast, Paris, 17 mai 2011<\/a>. <\/p>\n<p>&nbsp;<\/p>\n<h1 style=\"text-align:right\">Shooting people #90.<\/h1>\n<div id=\"photo2\">\n<p><img decoding=\"async\" src=\"https:\/\/www.wallendorff.com\/belogue\/photo\/2011\/10\/20111024.jpg\" \/><\/p>\n<\/div>\n<p style=\"text-align:right\"><a href=\"https:\/\/www.wallendorff.com\/belogue\/2011\/10\/24\/shooting-people-90\/\">Quai de la Gironde, Paris, 16 ao&ucirc;t 2011<\/a>.<\/p>\n<p>&nbsp;<\/p>\n<h1 style=\"text-align:right\">Shooting people #97.<\/h1>\n<div id=\"photo2\">\n<p><img decoding=\"async\" src=\"https:\/\/www.wallendorff.com\/belogue\/photo\/2012\/09\/20120904.jpg\" \/><\/p>\n<\/div>\n<p style=\"text-align:right\"><a href=\"https:\/\/www.wallendorff.com\/belogue\/2012\/09\/04\/shooting-people-97\/\">CTransilien POGI, quelque part pr&egrave;s de Saint-Cyr-l&rsquo;&Eacute;cole, 24 juin 2012<\/a>.<\/p>\n<p>&nbsp;<\/p>\n<h1 style=\"text-align:right\">Shooting people #98.<\/h1>\n<div id=\"photo2\">\n<p><img decoding=\"async\" src=\"https:\/\/www.wallendorff.com\/belogue\/photo\/2012\/12\/20121221.jpg\" \/><\/p>\n<\/div>\n<p style=\"text-align:right\"><a href=\"https:\/\/www.wallendorff.com\/belogue\/2012\/12\/21\/shooting-people-98\/\">Clichy, 10 septembre 2012<\/a>.<\/p>\n<p>&nbsp;<\/p>\n<h1 style=\"text-align:right\">Shooting people #101.<\/h1>\n<div id=\"photo2\">\n<p><img decoding=\"async\" src=\"https:\/\/www.wallendorff.com\/belogue\/photo\/2013\/03\/20130301.jpg\" \/><\/p>\n<\/div>\n<p style=\"text-align:right\"><a href=\"https:\/\/www.wallendorff.com\/belogue\/2013\/03\/01\/shooting-people-101\/\">Les D&eacute;ferlantes, Argel&egrave;s-sur-Mer, 8 juillet 2012<\/a>.<\/p>\n<p>&nbsp;<\/p>\n<h1 style=\"text-align:right\">Septembre 2012.<\/h1>\n<div id=\"photo2\">\n<p><img decoding=\"async\" src=\"https:\/\/www.wallendorff.com\/belogue\/photo\/galeries\/2012\/09\/20120930-bn\/20120930-48.jpg\" \/><\/p>\n<\/div>\n<p style=\"text-align:right\"> <a href=\"https:\/\/www.wallendorff.com\/belogue\/2012\/09\/30\/septembre-2012\/\">Rue Keller, Paris, 30 septembre 2012<\/a>.<\/p>\n<p>&nbsp;<\/p>\n<h1 style=\"text-align:right\">Shooting people #100.<\/h1>\n<div id=\"photo2\">\n<p><img decoding=\"async\" src=\"https:\/\/www.wallendorff.com\/belogue\/photo\/galeries\/2013\/02\/20130206-brmc\/20130214-07.jpg\" \/><\/p>\n<\/div>\n<p style=\"text-align:right\"> <a href=\"https:\/\/www.wallendorff.com\/belogue\/2013\/02\/14\/shooting-people-100\/\">H&ocirc;tel Arvor, Paris, 6 f&eacute;vrier 2013<\/a>.<\/p>\n<p>&nbsp;<\/p>\n<h1 style=\"text-align:right\">Avril 2013.<\/h1>\n<div id=\"photo2\">\n<p><img decoding=\"async\" src=\"https:\/\/www.wallendorff.com\/belogue\/photo\/galeries\/2013\/04\/20130430-bn\/20130501-50.jpg\" \/><\/p>\n<\/div>\n<p style=\"text-align:right\"> <a href=\"https:\/\/www.wallendorff.com\/belogue\/2013\/04\/30\/avril-2013\/\">T&ecirc;te &agrave; Claps, Issy-les-Moulineaux, 22 avril 2013<\/a>.<\/p>\n<p>&nbsp;<\/p>\n<h1>&Eacute;galement cit&eacute;s&nbsp;:<\/h1>\n<ul>\n<li><a href=\"https:\/\/www.wallendorff.com\/belogue\/2007\/01\/10\/shooting-people-7\/\">Shooting people #7 (Paris, 8 janvier 2007)<\/a>.<\/li>\n<li><a href=\"https:\/\/www.wallendorff.com\/belogue\/2008\/01\/26\/shooting-people-23\/\">Shooting people #23 (Paris, 25 janvier 2008)<\/a>.<\/li>\n<li><a href=\"https:\/\/www.wallendorff.com\/belogue\/2010\/02\/02\/shooting-people-61-62-63\/\">Shooting people #61, 62, 63 (Paris, 28 janvier 2010)<\/a>.<\/li>\n<li><a href=\"https:\/\/www.wallendorff.com\/belogue\/2010\/05\/30\/shooting-people-70\/\">Shooting people #70 (le Z&eacute;nith, Paris, 26 mai 2010)<\/a>.<\/li>\n<li><a href=\"https:\/\/www.wallendorff.com\/belogue\/2009\/06\/12\/me-nuisant-plus-bele-que-vaux-je-hourds\/\">Me nuisant plus, b&ecirc;le que vaux-je hourds (Plan&egrave;te Mars, Paris, 11 juin 2011)<\/a>.<\/li>\n<\/ul>\n<p>&nbsp;<\/p>\n","protected":false},"excerpt":{"rendered":"<p>Dix ans de connus. Dix ans de mes connus. Dix ans de tr&egrave;s connus. Cuilleri assoupi. Station Nation, Paris, 7 juin 2005. &nbsp; Shooting people #4. H&ocirc;tel Renaissance, Paris, 3 octobre 2006. &nbsp; Shooting people #17. Maison de la Radio, Paris, 17 septembre 2007. &nbsp; Simon et Gart&rsquo;s font d&rsquo;cale. Royal Daffodil, Liverpool, 18 octobre&hellip;<\/p>\n","protected":false},"author":1,"featured_media":26797,"comment_status":"open","ping_status":"open","sticky":false,"template":"","format":"standard","meta":{"_acf_changed":false,"ngg_post_thumbnail":0,"jetpack_post_was_ever_published":false,"_jetpack_newsletter_access":"","_jetpack_dont_email_post_to_subs":false,"_jetpack_newsletter_tier_id":0,"_jetpack_memberships_contains_paywalled_content":false,"_jetpack_memberships_contains_paid_content":false,"footnotes":"","jetpack_publicize_message":"","jetpack_publicize_feature_enabled":true,"jetpack_social_post_already_shared":false,"jetpack_social_options":{"image_generator_settings":{"template":"highway","default_image_id":0,"font":"","enabled":false},"version":2}},"categories":[3],"tags":[8630,10272],"class_list":["post-23031","post","type-post","status-publish","format-standard","has-post-thumbnail","hentry","category-dpc","tag-8630","tag-portrait"],"acf":[],"geo":null,"jetpack_publicize_connections":[],"jetpack_featured_media_url":"https:\/\/www.wallendorff.com\/belogue\/wp-content\/uploads\/2015\/04\/20130214-071.jpg","jetpack_shortlink":"https:\/\/wp.me\/p3b35P-5Zt","jetpack_sharing_enabled":true,"jetpack-related-posts":[{"id":22930,"url":"https:\/\/www.wallendorff.com\/belogue\/2014\/06\/09\/dix-ans-chez-les-bisounours\/","url_meta":{"origin":23031,"position":0},"title":"Dix ans chez les bisounours.","author":"dpc","date":"9 juin 2014","format":false,"excerpt":"Dix ans de conjugu\u00e9 et dix ans d'\u00e9v\u00e9nements, dont beaucoup en blanc. Il ne faut jamais dire \u00ab\u00a0j'aimais\u00a0\u00bb. Station Charles de Gaulle \u2014 \u00c9toile, Paris, 8 juin 2005. \u00a0 L'ar\u00f4me entiche. Palais Royal, Paris, 21 juillet 2005. \u00a0 Garde leste. Gare de l'Est, Paris, 27 ao\u00fbt 2006. \u00a0 We live\u2026","rel":"","context":"Dans &quot;DPC&quot;","block_context":{"text":"DPC","link":"https:\/\/www.wallendorff.com\/belogue\/category\/dpc\/"},"img":{"alt_text":"","src":"https:\/\/i0.wp.com\/www.wallendorff.com\/belogue\/wp-content\/uploads\/2015\/04\/201206133.jpg?resize=350%2C200&ssl=1","width":350,"height":200,"srcset":"https:\/\/i0.wp.com\/www.wallendorff.com\/belogue\/wp-content\/uploads\/2015\/04\/201206133.jpg?resize=350%2C200&ssl=1 1x, https:\/\/i0.wp.com\/www.wallendorff.com\/belogue\/wp-content\/uploads\/2015\/04\/201206133.jpg?resize=525%2C300&ssl=1 1.5x, https:\/\/i0.wp.com\/www.wallendorff.com\/belogue\/wp-content\/uploads\/2015\/04\/201206133.jpg?resize=700%2C400&ssl=1 2x"},"classes":[]},{"id":22972,"url":"https:\/\/www.wallendorff.com\/belogue\/2014\/06\/16\/dix-ans-de-cimetieres\/","url_meta":{"origin":23031,"position":1},"title":"Dix ans de cimeti\u00e8res.","author":"dpc","date":"16 juin 2014","format":false,"excerpt":"[Et aussi 10 ans de croix]. Dix ans \u00e0 les visiter d\u00e8s que j'en rencontre un. Dix ans \u00e0 ne jamais y passer plus de 15 minutes, aussi, sinon \u00e7a finit par me d\u00e9primer. Deux coudes cuits hier \u00e0 Pau. Saint Cyr's Church, Stonehouse, 15 septembre 2008. \u00a0 Shooting people\u2026","rel":"","context":"Dans &quot;DPC&quot;","block_context":{"text":"DPC","link":"https:\/\/www.wallendorff.com\/belogue\/category\/dpc\/"},"img":{"alt_text":"","src":"https:\/\/i0.wp.com\/www.wallendorff.com\/belogue\/wp-content\/uploads\/2015\/04\/201106032.jpg?resize=350%2C200&ssl=1","width":350,"height":200,"srcset":"https:\/\/i0.wp.com\/www.wallendorff.com\/belogue\/wp-content\/uploads\/2015\/04\/201106032.jpg?resize=350%2C200&ssl=1 1x, https:\/\/i0.wp.com\/www.wallendorff.com\/belogue\/wp-content\/uploads\/2015\/04\/201106032.jpg?resize=525%2C300&ssl=1 1.5x"},"classes":[]},{"id":22957,"url":"https:\/\/www.wallendorff.com\/belogue\/2014\/06\/13\/dix-ans-en-publics\/","url_meta":{"origin":23031,"position":2},"title":"Dix ans en publics.","author":"dpc","date":"13 juin 2014","format":false,"excerpt":"Dix ans d'yeux riv\u00e9s dans la m\u00eame direction. Dix ans de sourires, d'attente f\u00e9brile et de mains tendus. Dix ans de gens qui, pour une minute, oublient tout le reste. Previously unreleased #49. Franz Ferdinand, Cobo Arena, D\u00e9troit, 1er d\u00e9cembre 2004. \u00a0 Jah dort, s'cuve ou f\u00eate. AqME, Metiz'Art, Metz,\u2026","rel":"","context":"Dans &quot;DPC&quot;","block_context":{"text":"DPC","link":"https:\/\/www.wallendorff.com\/belogue\/category\/dpc\/"},"img":{"alt_text":"","src":"https:\/\/i0.wp.com\/www.wallendorff.com\/belogue\/wp-content\/uploads\/2015\/04\/200506022.jpg?resize=350%2C200&ssl=1","width":350,"height":200,"srcset":"https:\/\/i0.wp.com\/www.wallendorff.com\/belogue\/wp-content\/uploads\/2015\/04\/200506022.jpg?resize=350%2C200&ssl=1 1x, https:\/\/i0.wp.com\/www.wallendorff.com\/belogue\/wp-content\/uploads\/2015\/04\/200506022.jpg?resize=525%2C300&ssl=1 1.5x, https:\/\/i0.wp.com\/www.wallendorff.com\/belogue\/wp-content\/uploads\/2015\/04\/200506022.jpg?resize=700%2C400&ssl=1 2x"},"classes":[]},{"id":23017,"url":"https:\/\/www.wallendorff.com\/belogue\/2014\/06\/22\/dix-ans-de-filles-dans-des-ruelles-sombres-la-nuit-avec-un-lampadaire\/","url_meta":{"origin":23031,"position":3},"title":"Dix ans de filles. Dans des ruelles sombres. La nuit. Avec un lampadaire.","author":"dpc","date":"22 juin 2014","format":false,"excerpt":"Parfois, je me demande si tout \u00e7a ne vire pas \u00e0 l'obsession. Aux bonnes heures, d\u00e9drame. Tr\u00e8s Grosse Biblioth\u00e8que, Paris, 27 juillet 2005. \u00a0 Shooting people #46. Passage du Mont\u00e9n\u00e9gro, Paris, 5 janvier 2009. \u00a0 Shooting people #48. Rue Sainte-Rustique, Paris, 22 f\u00e9vrier 2009. \u00a0 Shooting people #49. Canal Saint-Martin,\u2026","rel":"","context":"Dans &quot;DPC&quot;","block_context":{"text":"DPC","link":"https:\/\/www.wallendorff.com\/belogue\/category\/dpc\/"},"img":{"alt_text":"","src":"https:\/\/i0.wp.com\/www.wallendorff.com\/belogue\/wp-content\/uploads\/2015\/04\/200904063.jpg?resize=350%2C200&ssl=1","width":350,"height":200,"srcset":"https:\/\/i0.wp.com\/www.wallendorff.com\/belogue\/wp-content\/uploads\/2015\/04\/200904063.jpg?resize=350%2C200&ssl=1 1x, https:\/\/i0.wp.com\/www.wallendorff.com\/belogue\/wp-content\/uploads\/2015\/04\/200904063.jpg?resize=525%2C300&ssl=1 1.5x"},"classes":[]},{"id":22997,"url":"https:\/\/www.wallendorff.com\/belogue\/2014\/06\/19\/dix-ans-de-crepuscules\/","url_meta":{"origin":23031,"position":4},"title":"Dix ans de cr\u00e9puscules.","author":"dpc","date":"19 juin 2014","format":false,"excerpt":"Dix ans de bleu, dix ans de jaune, dix ans de jour qui fuit. Coachella Music and Arts Festival, Indio, 1er-2 mai. Indio, 1er mai 2004. \u00a0 Meute de Louvre. Palais du Louvre, Paris, 29 septembre 2005. \u00a0 \u00d4, monde, d'yeux. King Edward Street, Liverpool, 18 octobre 2007. \u00a0 Fous\u2026","rel":"","context":"Dans &quot;DPC&quot;","block_context":{"text":"DPC","link":"https:\/\/www.wallendorff.com\/belogue\/category\/dpc\/"},"img":{"alt_text":"","src":"https:\/\/i0.wp.com\/www.wallendorff.com\/belogue\/wp-content\/uploads\/2015\/04\/201209102.jpg?resize=350%2C200&ssl=1","width":350,"height":200,"srcset":"https:\/\/i0.wp.com\/www.wallendorff.com\/belogue\/wp-content\/uploads\/2015\/04\/201209102.jpg?resize=350%2C200&ssl=1 1x, https:\/\/i0.wp.com\/www.wallendorff.com\/belogue\/wp-content\/uploads\/2015\/04\/201209102.jpg?resize=525%2C300&ssl=1 1.5x, https:\/\/i0.wp.com\/www.wallendorff.com\/belogue\/wp-content\/uploads\/2015\/04\/201209102.jpg?resize=700%2C400&ssl=1 2x"},"classes":[]},{"id":23041,"url":"https:\/\/www.wallendorff.com\/belogue\/2014\/06\/24\/dix-ans-en-lair\/","url_meta":{"origin":23031,"position":5},"title":"Dix ans en l&rsquo;air.","author":"dpc","date":"24 juin 2014","format":false,"excerpt":"Dix ans d'avion. Dix ans d'a\u00e9roports. Dix ans de transit. Shiphol, three hours, three pics. Schiphol Luchthaven, Amsterdam, 18 d\u00e9cembre 2004. \u00a0 Schiphol Luchthaven, Amsterdam, 16 f\u00e9vrier 2005. \u00a0 Assises bonnes en gare. George Bush Intercontinental Airport, Houston, 27 avril 2007. \u00a0 Kilom\u00e8tre 2\u00a0488. Schiphol Luchthaven, Amsterdam, 2 avril 2008.\u2026","rel":"","context":"Dans &quot;DPC&quot;","block_context":{"text":"DPC","link":"https:\/\/www.wallendorff.com\/belogue\/category\/dpc\/"},"img":{"alt_text":"","src":"https:\/\/i0.wp.com\/www.wallendorff.com\/belogue\/wp-content\/uploads\/2015\/04\/201211013.jpg?resize=350%2C200&ssl=1","width":350,"height":200,"srcset":"https:\/\/i0.wp.com\/www.wallendorff.com\/belogue\/wp-content\/uploads\/2015\/04\/201211013.jpg?resize=350%2C200&ssl=1 1x, https:\/\/i0.wp.com\/www.wallendorff.com\/belogue\/wp-content\/uploads\/2015\/04\/201211013.jpg?resize=525%2C300&ssl=1 1.5x, https:\/\/i0.wp.com\/www.wallendorff.com\/belogue\/wp-content\/uploads\/2015\/04\/201211013.jpg?resize=700%2C400&ssl=1 2x"},"classes":[]}],"_links":{"self":[{"href":"https:\/\/www.wallendorff.com\/belogue\/wp-json\/wp\/v2\/posts\/23031","targetHints":{"allow":["GET"]}}],"collection":[{"href":"https:\/\/www.wallendorff.com\/belogue\/wp-json\/wp\/v2\/posts"}],"about":[{"href":"https:\/\/www.wallendorff.com\/belogue\/wp-json\/wp\/v2\/types\/post"}],"author":[{"embeddable":true,"href":"https:\/\/www.wallendorff.com\/belogue\/wp-json\/wp\/v2\/users\/1"}],"replies":[{"embeddable":true,"href":"https:\/\/www.wallendorff.com\/belogue\/wp-json\/wp\/v2\/comments?post=23031"}],"version-history":[{"count":7,"href":"https:\/\/www.wallendorff.com\/belogue\/wp-json\/wp\/v2\/posts\/23031\/revisions"}],"predecessor-version":[{"id":23040,"href":"https:\/\/www.wallendorff.com\/belogue\/wp-json\/wp\/v2\/posts\/23031\/revisions\/23040"}],"wp:featuredmedia":[{"embeddable":true,"href":"https:\/\/www.wallendorff.com\/belogue\/wp-json\/wp\/v2\/media\/26797"}],"wp:attachment":[{"href":"https:\/\/www.wallendorff.com\/belogue\/wp-json\/wp\/v2\/media?parent=23031"}],"wp:term":[{"taxonomy":"category","embeddable":true,"href":"https:\/\/www.wallendorff.com\/belogue\/wp-json\/wp\/v2\/categories?post=23031"},{"taxonomy":"post_tag","embeddable":true,"href":"https:\/\/www.wallendorff.com\/belogue\/wp-json\/wp\/v2\/tags?post=23031"}],"curies":[{"name":"wp","href":"https:\/\/api.w.org\/{rel}","templated":true}]}}