{"id":23017,"date":"2014-06-22T10:06:09","date_gmt":"2014-06-22T08:06:09","guid":{"rendered":"http:\/\/www.wallendorff.com\/?p=23017"},"modified":"2014-06-22T10:07:47","modified_gmt":"2014-06-22T08:07:47","slug":"dix-ans-de-filles-dans-des-ruelles-sombres-la-nuit-avec-un-lampadaire","status":"publish","type":"post","link":"https:\/\/www.wallendorff.com\/belogue\/2014\/06\/22\/dix-ans-de-filles-dans-des-ruelles-sombres-la-nuit-avec-un-lampadaire\/","title":{"rendered":"Dix ans de filles. Dans des ruelles sombres. La nuit. Avec un lampadaire."},"content":{"rendered":"<div id=\"photo\">\n<p><img decoding=\"async\" src=\"https:\/\/www.wallendorff.com\/belogue\/photo\/2009\/04\/20090406.jpg\" \/><\/p>\n<\/div>\n<p style=\"text-align:right\">Parfois, je me demande si tout &ccedil;a ne vire pas &agrave; l&rsquo;obsession.<\/p>\n<h1 style=\"text-align:right\">Aux bonnes heures, d&eacute;drame.<\/h1>\n<div id=\"photo2\">\n<p><img decoding=\"async\" src=\"https:\/\/www.wallendorff.com\/belogue\/photo\/2005\/08\/20050811.jpg\" \/><\/p>\n<\/div>\n<p style=\"text-align:right\"> <a href=\"https:\/\/www.wallendorff.com\/belogue\/2005\/08\/11\/aux-bonnes-heures-dedrame\/\">Tr&egrave;s Grosse Biblioth&egrave;que, Paris, 27 juillet 2005<\/a>.<\/p>\n<p>&nbsp;<\/p>\n<h1 style=\"text-align:right\">Shooting people #46.<\/h1>\n<div id=\"photo2\">\n<p><img decoding=\"async\" src=\"https:\/\/www.wallendorff.com\/belogue\/photo\/2009\/02\/20090203.jpg\" \/><\/p>\n<\/div>\n<p style=\"text-align:right\"> <a href=\"https:\/\/www.wallendorff.com\/belogue\/2009\/02\/03\/shooting-people-46\/\">Passage du Mont&eacute;n&eacute;gro, Paris, 5 janvier 2009<\/a>.<\/p>\n<p>&nbsp;<\/p>\n<h1 style=\"text-align:right\">Shooting people #48.<\/h1>\n<div id=\"photo2\">\n<p><img decoding=\"async\" src=\"https:\/\/www.wallendorff.com\/belogue\/photo\/2009\/03\/20090331.jpg\" \/><\/p>\n<\/div>\n<p style=\"text-align:right\"> <a href=\"https:\/\/www.wallendorff.com\/belogue\/2009\/03\/31\/shooting-people-48\/\">Rue Sainte-Rustique, Paris, 22 f&eacute;vrier 2009<\/a>.<\/p>\n<p>&nbsp;<\/p>\n<h1 style=\"text-align:right\">Shooting people #49.<\/h1>\n<div id=\"photo2\">\n<p><img decoding=\"async\" src=\"https:\/\/www.wallendorff.com\/belogue\/photo\/2009\/04\/20090402.jpg\" \/><\/p>\n<\/div>\n<p style=\"text-align:right\"> <a href=\"https:\/\/www.wallendorff.com\/belogue\/2009\/04\/02\/shooting-people-49\/\">Canal Saint-Martin, Paris, 23 f&eacute;vrier 2009<\/a>.<\/p>\n<p>&nbsp;<\/p>\n<h1 style=\"text-align:right\">A family of trees wanted to be haunted.<\/h1>\n<div id=\"photo2\">\n<p><img decoding=\"async\" src=\"https:\/\/www.wallendorff.com\/belogue\/photo\/2009\/04\/20090406.jpg\" \/><\/p>\n<\/div>\n<p style=\"text-align:right\"> <a href=\"https:\/\/www.wallendorff.com\/belogue\/2009\/04\/06\/a-family-of-trees-wanted-to-be-haunted\/\">Avenue Junot, Paris, 2 mars 2009<\/a>.<\/p>\n<p>&nbsp;<\/p>\n<h1 style=\"text-align:right\">And it feels all right and it feels OK.<\/h1>\n<div id=\"photo2\">\n<p><img decoding=\"async\" src=\"https:\/\/www.wallendorff.com\/belogue\/photo\/2009\/11\/20091130.jpg\" \/><\/p>\n<\/div>\n<p style=\"text-align:right\"> <a href=\"https:\/\/www.wallendorff.com\/belogue\/2009\/11\/30\/and-it-feels-all-right-and-it-feels-ok\/\">Rue des Vertus, Paris, 4 ao&ucirc;t 2009<\/a>.<\/p>\n<p>&nbsp;<\/p>\n<h1 style=\"text-align:right\">Hame&ccedil;ons-cibles savent te nuir.<\/h1>\n<div id=\"photo2\">\n<p><img decoding=\"async\" src=\"https:\/\/www.wallendorff.com\/belogue\/photo\/2009\/12\/20091201.jpg\" \/><\/p>\n<\/div>\n<p style=\"text-align:right\"> <a href=\"https:\/\/www.wallendorff.com\/belogue\/2009\/12\/01\/hamecons-cibles-savent-te-nuir\/\">Rue des Vertus, Paris, 4 ao&ucirc;t 2009<\/a>.<\/p>\n<p>&nbsp;<\/p>\n<h1 style=\"text-align:right\">Follow [III].<\/h1>\n<div id=\"photo2\">\n<p><img decoding=\"async\" src=\"https:\/\/www.wallendorff.com\/belogue\/photo\/2011\/05\/20110511.jpg\" \/><\/p>\n<\/div>\n<p style=\"text-align:right\"> <a href=\"https:\/\/www.wallendorff.com\/belogue\/2011\/05\/11\/follow-iii\/\">Rue d&rsquo;Ochampt, Paris, 20 avril 2011<\/a>.<\/p>\n<p>&nbsp;<\/p>\n<h1 style=\"text-align:right\">Run myself into the ground.<\/h1>\n<div id=\"photo2\">\n<p><img decoding=\"async\" src=\"https:\/\/www.wallendorff.com\/belogue\/photo\/2011\/06\/20110627.jpg\" \/><\/p>\n<\/div>\n<p style=\"text-align:right\"> <a href=\"https:\/\/www.wallendorff.com\/belogue\/2011\/06\/27\/run-myself-into-the-ground\/\">Rue Bossuet, Paris, 27 mai 2011<\/a>.<\/p>\n<p>&nbsp;<\/p>\n<h1 style=\"text-align:right\">Shooting people #88.<\/h1>\n<div id=\"photo2\">\n<p><img decoding=\"async\" src=\"https:\/\/www.wallendorff.com\/belogue\/photo\/2011\/08\/20110818.jpg\" \/><\/p>\n<\/div>\n<p style=\"text-align:right\"> <a href=\"https:\/\/www.wallendorff.com\/belogue\/2011\/08\/18\/shooting-people-88\/\">Rue Jean-Fautrier, Paris, 22 juillet 2011<\/a>.<\/p>\n<p>&nbsp;<\/p>\n<h1 style=\"text-align:right\">Down to dusk.<\/h1>\n<div id=\"photo2\">\n<p><img decoding=\"async\" src=\"https:\/\/www.wallendorff.com\/belogue\/photo\/2012\/05\/20120522.jpg\" \/><\/p>\n<\/div>\n<p style=\"text-align:right\"> <a href=\"https:\/\/www.wallendorff.com\/belogue\/2012\/05\/22\/down-to-dusk\/\">Rue de la Bonne, Paris, 6 avril 2012<\/a>.<\/p>\n<p>&nbsp;<\/p>\n<h1 style=\"text-align:right\">Stairing at the wall.<\/h1>\n<div id=\"photo2\">\n<p><img decoding=\"async\" src=\"https:\/\/www.wallendorff.com\/belogue\/photo\/2014\/02\/20140212.jpg\" \/><\/p>\n<\/div>\n<p style=\"text-align:right\"> <a href=\"https:\/\/www.wallendorff.com\/belogue\/2014\/02\/12\/stairing-at-the-wall\/\">Rue Foyatier, Paris, 20 janvier 2014<\/a>.<\/p>\n<p>&nbsp;<\/p>\n<h1>&Eacute;galement cit&eacute;s&nbsp;:<\/h1>\n<ul>\n<li><a href=\"https:\/\/www.wallendorff.com\/belogue\/2009\/02\/19\/shooting-people-47\/\">Shooting people #47 (rue Dieu, Paris, 14 janvier 2009)<\/a>.<\/li>\n<\/ul>\n","protected":false},"excerpt":{"rendered":"<p>Parfois, je me demande si tout &ccedil;a ne vire pas &agrave; l&rsquo;obsession. Aux bonnes heures, d&eacute;drame. Tr&egrave;s Grosse Biblioth&egrave;que, Paris, 27 juillet 2005. &nbsp; Shooting people #46. Passage du Mont&eacute;n&eacute;gro, Paris, 5 janvier 2009. &nbsp; Shooting people #48. Rue Sainte-Rustique, Paris, 22 f&eacute;vrier 2009. &nbsp; Shooting people #49. Canal Saint-Martin, Paris, 23 f&eacute;vrier 2009. &nbsp;&hellip;<\/p>\n","protected":false},"author":1,"featured_media":26807,"comment_status":"open","ping_status":"open","sticky":false,"template":"","format":"standard","meta":{"_acf_changed":false,"ngg_post_thumbnail":0,"jetpack_post_was_ever_published":false,"_jetpack_newsletter_access":"","_jetpack_dont_email_post_to_subs":false,"_jetpack_newsletter_tier_id":0,"_jetpack_memberships_contains_paywalled_content":false,"_jetpack_memberships_contains_paid_content":false,"footnotes":"","jetpack_publicize_message":"","jetpack_publicize_feature_enabled":true,"jetpack_social_post_already_shared":false,"jetpack_social_options":{"image_generator_settings":{"template":"highway","default_image_id":0,"font":"","enabled":false},"version":2}},"categories":[3],"tags":[8630,10340,10278,10158],"class_list":["post-23017","post","type-post","status-publish","format-standard","has-post-thumbnail","hentry","category-dpc","tag-8630","tag-fille","tag-lampadaire","tag-ruelle"],"acf":[],"geo":null,"jetpack_publicize_connections":[],"jetpack_featured_media_url":"https:\/\/www.wallendorff.com\/belogue\/wp-content\/uploads\/2015\/04\/200904063.jpg","jetpack_shortlink":"https:\/\/wp.me\/p3b35P-5Zf","jetpack_sharing_enabled":true,"jetpack-related-posts":[{"id":13117,"url":"https:\/\/www.wallendorff.com\/belogue\/2011\/08\/18\/shooting-people-88\/","url_meta":{"origin":23017,"position":0},"title":"Shooting people #88.","author":"dpc","date":"18 ao\u00fbt 2011","format":false,"excerpt":"Rue Jean Fautrier, Paris, 22 juillet. \u00a0Amanda Palmer \u2013 Polly (Nirvana cover)","rel":"","context":"Dans &quot;Portraits&quot;","block_context":{"text":"Portraits","link":"https:\/\/www.wallendorff.com\/belogue\/category\/portraits\/"},"img":{"alt_text":"","src":"https:\/\/i0.wp.com\/www.wallendorff.com\/belogue\/wp-content\/uploads\/2015\/04\/201108181.jpg?resize=350%2C200&ssl=1","width":350,"height":200,"srcset":"https:\/\/i0.wp.com\/www.wallendorff.com\/belogue\/wp-content\/uploads\/2015\/04\/201108181.jpg?resize=350%2C200&ssl=1 1x, https:\/\/i0.wp.com\/www.wallendorff.com\/belogue\/wp-content\/uploads\/2015\/04\/201108181.jpg?resize=525%2C300&ssl=1 1.5x"},"classes":[]},{"id":32055,"url":"https:\/\/www.wallendorff.com\/belogue\/2016\/08\/09\/shooting-people-121\/","url_meta":{"origin":23017,"position":1},"title":"Shooting people #121.","author":"dpc","date":"9 ao\u00fbt 2016","format":false,"excerpt":"Quai de Bourbon, Paris, 3 juin. Way Down We Go Kaleo","rel":"","context":"Dans &quot;Portraits&quot;","block_context":{"text":"Portraits","link":"https:\/\/www.wallendorff.com\/belogue\/category\/portraits\/"},"img":{"alt_text":"","src":"https:\/\/i0.wp.com\/www.wallendorff.com\/belogue\/wp-content\/uploads\/2016\/08\/20160809.jpg?resize=350%2C200&ssl=1","width":350,"height":200,"srcset":"https:\/\/i0.wp.com\/www.wallendorff.com\/belogue\/wp-content\/uploads\/2016\/08\/20160809.jpg?resize=350%2C200&ssl=1 1x, https:\/\/i0.wp.com\/www.wallendorff.com\/belogue\/wp-content\/uploads\/2016\/08\/20160809.jpg?resize=525%2C300&ssl=1 1.5x, https:\/\/i0.wp.com\/www.wallendorff.com\/belogue\/wp-content\/uploads\/2016\/08\/20160809.jpg?resize=700%2C400&ssl=1 2x"},"classes":[]},{"id":3872,"url":"https:\/\/www.wallendorff.com\/belogue\/2009\/02\/03\/shooting-people-46\/","url_meta":{"origin":23017,"position":2},"title":"Shooting people #46.","author":"dpc","date":"3 f\u00e9vrier 2009","format":false,"excerpt":"Passage du Mont\u00e9n\u00e9gro, Paris, 5 janvier. Calexico \u2013 Ocean of Noise (Arcade Fire cover) \/Edit: Rh\u00e2 toute ma jeunesse.","rel":"","context":"Dans &quot;Portraits&quot;","block_context":{"text":"Portraits","link":"https:\/\/www.wallendorff.com\/belogue\/category\/portraits\/"},"img":{"alt_text":"","src":"https:\/\/i0.wp.com\/www.wallendorff.com\/belogue\/wp-content\/uploads\/2015\/04\/200902031.jpg?resize=350%2C200&ssl=1","width":350,"height":200,"srcset":"https:\/\/i0.wp.com\/www.wallendorff.com\/belogue\/wp-content\/uploads\/2015\/04\/200902031.jpg?resize=350%2C200&ssl=1 1x, https:\/\/i0.wp.com\/www.wallendorff.com\/belogue\/wp-content\/uploads\/2015\/04\/200902031.jpg?resize=525%2C300&ssl=1 1.5x"},"classes":[]},{"id":17014,"url":"https:\/\/www.wallendorff.com\/belogue\/2012\/04\/23\/lampadaire-no-422\/","url_meta":{"origin":23017,"position":3},"title":"Lampadaire no 422.","author":"dpc","date":"23 avril 2012","format":false,"excerpt":"Cour d'Alsace-Lorraine, Paris, 2 mars. Je crois que j'ai vraiment un probl\u00e8me d'obsession avec les r\u00e9verb\u00e8res. The Men \u2013 Presence [youtube]http:\/\/www.youtube.com\/watch?v=PsMZkcrByOw[\/youtube]","rel":"","context":"Dans &quot;DPC&quot;","block_context":{"text":"DPC","link":"https:\/\/www.wallendorff.com\/belogue\/category\/dpc\/"},"img":{"alt_text":"","src":"https:\/\/i0.wp.com\/www.wallendorff.com\/belogue\/wp-content\/uploads\/2015\/04\/201204231.jpg?resize=350%2C200&ssl=1","width":350,"height":200},"classes":[]},{"id":4120,"url":"https:\/\/www.wallendorff.com\/belogue\/2009\/04\/06\/a-family-of-trees-wanted-to-be-haunted\/","url_meta":{"origin":23017,"position":4},"title":"A family of trees wanted to be haunted.","author":"dpc","date":"6 avril 2009","format":false,"excerpt":"Shooting people #50 Avenue Junot, Paris, 2 mars. Ben Lee \u2013 Kids (MGMT cover) Ah et sinon \u00e7a, aussi.","rel":"","context":"Dans &quot;Portraits&quot;","block_context":{"text":"Portraits","link":"https:\/\/www.wallendorff.com\/belogue\/category\/portraits\/"},"img":{"alt_text":"","src":"https:\/\/i0.wp.com\/www.wallendorff.com\/belogue\/wp-content\/uploads\/2015\/04\/200904062.jpg?resize=350%2C200&ssl=1","width":350,"height":200,"srcset":"https:\/\/i0.wp.com\/www.wallendorff.com\/belogue\/wp-content\/uploads\/2015\/04\/200904062.jpg?resize=350%2C200&ssl=1 1x, https:\/\/i0.wp.com\/www.wallendorff.com\/belogue\/wp-content\/uploads\/2015\/04\/200904062.jpg?resize=525%2C300&ssl=1 1.5x"},"classes":[]},{"id":4971,"url":"https:\/\/www.wallendorff.com\/belogue\/2009\/11\/01\/lustre-acharne\/","url_meta":{"origin":23017,"position":5},"title":"Lustre [acharn\u00e9].","author":"dpc","date":"1 novembre 2009","format":false,"excerpt":"Canal de l'Ourcq, Paris, 31 mai. Si cette photo est l\u00e0 c'est parce qu'elle ressemble \u00e0 l'affiche d'une version d'Into the Wild dans laquelle le h\u00e9ros serait un lampadaire parisien, tortur\u00e9 entre son d\u00e9sir d'\u00e9vasion lointaine et sa triste condition de cand\u00e9labre qui ne bouge jamais puisqu'il n'a pas de\u2026","rel":"","context":"Dans &quot;DPC&quot;","block_context":{"text":"DPC","link":"https:\/\/www.wallendorff.com\/belogue\/category\/dpc\/"},"img":{"alt_text":"","src":"https:\/\/i0.wp.com\/www.wallendorff.com\/belogue\/wp-content\/uploads\/2015\/04\/200911011.jpg?resize=350%2C200&ssl=1","width":350,"height":200},"classes":[]}],"_links":{"self":[{"href":"https:\/\/www.wallendorff.com\/belogue\/wp-json\/wp\/v2\/posts\/23017","targetHints":{"allow":["GET"]}}],"collection":[{"href":"https:\/\/www.wallendorff.com\/belogue\/wp-json\/wp\/v2\/posts"}],"about":[{"href":"https:\/\/www.wallendorff.com\/belogue\/wp-json\/wp\/v2\/types\/post"}],"author":[{"embeddable":true,"href":"https:\/\/www.wallendorff.com\/belogue\/wp-json\/wp\/v2\/users\/1"}],"replies":[{"embeddable":true,"href":"https:\/\/www.wallendorff.com\/belogue\/wp-json\/wp\/v2\/comments?post=23017"}],"version-history":[{"count":7,"href":"https:\/\/www.wallendorff.com\/belogue\/wp-json\/wp\/v2\/posts\/23017\/revisions"}],"predecessor-version":[{"id":23030,"href":"https:\/\/www.wallendorff.com\/belogue\/wp-json\/wp\/v2\/posts\/23017\/revisions\/23030"}],"wp:featuredmedia":[{"embeddable":true,"href":"https:\/\/www.wallendorff.com\/belogue\/wp-json\/wp\/v2\/media\/26807"}],"wp:attachment":[{"href":"https:\/\/www.wallendorff.com\/belogue\/wp-json\/wp\/v2\/media?parent=23017"}],"wp:term":[{"taxonomy":"category","embeddable":true,"href":"https:\/\/www.wallendorff.com\/belogue\/wp-json\/wp\/v2\/categories?post=23017"},{"taxonomy":"post_tag","embeddable":true,"href":"https:\/\/www.wallendorff.com\/belogue\/wp-json\/wp\/v2\/tags?post=23017"}],"curies":[{"name":"wp","href":"https:\/\/api.w.org\/{rel}","templated":true}]}}