{"id":23008,"date":"2014-06-21T09:42:32","date_gmt":"2014-06-21T07:42:32","guid":{"rendered":"http:\/\/www.wallendorff.com\/?p=23008"},"modified":"2014-06-21T09:45:20","modified_gmt":"2014-06-21T07:45:20","slug":"dix-ans-de-concerts-22","status":"publish","type":"post","link":"https:\/\/www.wallendorff.com\/belogue\/2014\/06\/21\/dix-ans-de-concerts-22\/","title":{"rendered":"Dix ans de concerts [2\/2]."},"content":{"rendered":"<div id=\"photo\">\n<p><img decoding=\"async\" src=\"https:\/\/www.wallendorff.com\/belogue\/photo\/galeries\/2011\/06\/201106231-gotk\/20110624-16.jpg\" \/><\/p>\n<\/div>\n<h1>Dix ans de chroniques de concerts qui parlent pas vraiment du concert<\/h1>\n<p>Parce qu&rsquo;il arrive, dans la vie, qu&rsquo;on d&eacute;cide de parler un petit peu du concert de l&rsquo;artiste, oui, mais surtout&nbsp;:<\/p>\n<table style=\"border:none\" width=\"0\" border=\"0\" cellspacing=\"10\" cellpadding=\"0\">\n<tr style=\"border:none\">\n<td style=\"border:none\"><img decoding=\"async\" src=\"https:\/\/www.wallendorff.com\/belogue\/photo\/2014\/06\/20140620-01.jpg\" \/><\/td >\n<td style=\"border:none\"><a href=\"https:\/\/www.wallendorff.com\/belogue\/2004\/10\/13\/mclusky-magic-stick-detroit\/\">Du collier de guitares de l&rsquo;artiste (Mclusky, Magic Stick, D&eacute;troit, 12 octobre 2004).<\/a><\/td >\n  <\/tr style=\"border:none\">\n<tr style=\"border:none\">\n<td style=\"border:none\"><img decoding=\"async\" src=\"https:\/\/www.wallendorff.com\/belogue\/photo\/2014\/06\/20140620-02.jpg\" alt=\"\" \/><\/td >\n<td style=\"border:none\"><a href=\"https:\/\/www.wallendorff.com\/belogue\/2004\/11\/01\/ben-kweller-st-andrew-s-hall-detroit\/\">Des draps de la chambre d&rsquo;h&ocirc;tel de l&rsquo;artiste (Ben Kweller, St. Andrew&rsquo;s Hall, D&eacute;troit, 31 octobre 2004).<\/a><\/td >\n  <\/tr style=\"border:none\">\n<tr style=\"border:none\">\n<td style=\"border:none\"><img decoding=\"async\" src=\"https:\/\/www.wallendorff.com\/belogue\/photo\/2014\/06\/20140620-03.jpg\" alt=\"\" \/><\/td >\n<td style=\"border:none\"><a href=\"https:\/\/www.wallendorff.com\/belogue\/2006\/10\/25\/the-40-ans-of-the-rock-n-fluque-le-bataclan-paris\/\">De la guitare qu&rsquo;il aurait mieux valu pas brancher de l&rsquo;artiste (40 ans Rock &amp; Folk, le Bataclan, 24 octobre 2006)<\/a>.<\/td >\n  <\/tr style=\"border:none\">\n<tr style=\"border:none\">\n<td style=\"border:none\"><img decoding=\"async\" src=\"https:\/\/www.wallendorff.com\/belogue\/photo\/2014\/06\/20140620-04.jpg\" alt=\"\" \/><\/td >\n<td style=\"border:none\"><a href=\"https:\/\/www.wallendorff.com\/belogue\/2007\/09\/26\/interpol-verizon-wireless-theater-houston\/\">Du chauffeur de taxi qui m&rsquo;a ramen&eacute; du concert de l&rsquo;artiste (Interpol, Verizon Wireless Theater, Houston, 25 septembre 2007)<\/a>.<\/td >\n  <\/tr style=\"border:none\">\n<tr style=\"border:none\">\n<td style=\"border:none\"><img decoding=\"async\" src=\"https:\/\/www.wallendorff.com\/belogue\/photo\/2014\/06\/20140620-05.jpg\" alt=\"\" \/><\/td >\n<td style=\"border:none\"><a href=\"https:\/\/www.wallendorff.com\/belogue\/2007\/10\/19\/the-wombats-le-bateau-qui-flotte-liverpool\/\">Du public et du bateau du concert de l&rsquo;artiste (The Wombats, Royal Daffodil, Liverpool, 18 octobre 2007)<\/a>.<\/td >\n  <\/tr style=\"border:none\">\n<tr style=\"border:none\">\n<td style=\"border:none\"><img decoding=\"async\" src=\"https:\/\/www.wallendorff.com\/belogue\/photo\/2014\/06\/20140620-06.jpg\" alt=\"\" \/><\/td >\n<td style=\"border:none\"><a href=\"https:\/\/www.wallendorff.com\/belogue\/2008\/03\/21\/the-wombats-le-trabendo-paris\/\">De tous les <strike>num&eacute;ros<\/strike> gens qui sont venus avec moi au concert de l&rsquo;artiste (The Wombats, le Trabendo, Paris, 20 mars 2008)<\/a>.<\/td >\n  <\/tr style=\"border:none\">\n<tr style=\"border:none\">\n<td style=\"border:none\"><img decoding=\"async\" src=\"https:\/\/www.wallendorff.com\/belogue\/photo\/2014\/06\/20140620-07.jpg\" alt=\"\" \/><\/td >\n<td style=\"border:none\"><a href=\"https:\/\/www.wallendorff.com\/belogue\/2008\/07\/02\/iron-maiden-pop-bercy-paris\/\">De la lettre que je m&rsquo;&eacute;cris &agrave; moi-m&ecirc;me 15 ans plus t&ocirc;t &agrave; propos du concert de l&rsquo;artiste (Iron Maiden, palais omnisports de Paris-Bercy, Paris, 1<sup>er<\/sup> juillet 2008)<\/a>.<\/td >\n  <\/tr style=\"border:none\">\n<tr style=\"border:none\">\n<td style=\"border:none\"><img decoding=\"async\" src=\"https:\/\/www.wallendorff.com\/belogue\/photo\/2014\/06\/20140620-08.jpg\" alt=\"\" \/><\/td >\n<td style=\"border:none\"><a href=\"https:\/\/www.wallendorff.com\/belogue\/2008\/10\/21\/mademoiselle-k-lolympia-paris\/\">De la fosse photo du concert de l&rsquo;artiste (Mademoiselle K, l&rsquo;Olympia, Paris, 20 octobre 2008)<\/a>.<\/td >\n  <\/tr style=\"border:none\">\n<tr style=\"border:none\">\n<td style=\"border:none\"><img decoding=\"async\" src=\"https:\/\/www.wallendorff.com\/belogue\/photo\/2014\/06\/20140620-09.jpg\" alt=\"\" \/><\/td >\n<td style=\"border:none\"><a href=\"https:\/\/www.wallendorff.com\/belogue\/2009\/02\/05\/metro-station-la-maroquinerie-paris\/\">De l&rsquo;heure &agrave; laquelle on est sorti du concert de l&rsquo;artiste (Metro Station, la Maroquinerie, Paris, 4 f&eacute;vrier 2009)<\/a>.<\/td >\n  <\/tr style=\"border:none\">\n<tr style=\"border:none\">\n<td style=\"border:none\"><img decoding=\"async\" src=\"https:\/\/www.wallendorff.com\/belogue\/photo\/2014\/06\/20140620-10.jpg\" \/><\/td >\n<td style=\"border:none\"><a href=\"https:\/\/www.wallendorff.com\/belogue\/2009\/02\/26\/my-vitriol-le-point-ephemere-paris\/\">De la fois pr&eacute;c&eacute;dente, quand j&rsquo;ai loup&eacute; le concert de l&rsquo;artiste (My Vitriol, le Point &Eacute;ph&eacute;m&egrave;re, Paris, 25 f&eacute;vrier 2009)<\/a>.<\/td >\n  <\/tr style=\"border:none\">\n<tr style=\"border:none\">\n<td style=\"border:none\"><img decoding=\"async\" src=\"https:\/\/www.wallendorff.com\/belogue\/photo\/2014\/06\/20140620-11.jpg\" alt=\"\" \/><\/td >\n<td style=\"border:none\"><a href=\"https:\/\/www.wallendorff.com\/belogue\/2009\/03\/06\/i-am-kloot-la-maroquinerie-paris\/\">De la premi&egrave;re partie risible tellement qu&rsquo;elle est d&eacute;primante du concert de l&rsquo;artiste (I Am Kloot + arlt., la Maroquinerie, Paris, 5 mars 2009)<\/a>.<\/td >\n  <\/tr style=\"border:none\">\n<tr style=\"border:none\">\n<td style=\"border:none\"><img decoding=\"async\" src=\"https:\/\/www.wallendorff.com\/belogue\/photo\/2014\/06\/20140620-12.jpg\" alt=\"\" \/><\/td >\n<td style=\"border:none\"><a href=\"https:\/\/www.wallendorff.com\/belogue\/2009\/05\/19\/pj-harvey-john-parish-le-bataclan-paris\/\">De son objectif embu&eacute; &agrave; cause de la chaleur qui r&egrave;gne dans le concert de l&rsquo;artiste (PJ Harvey &amp; John Parish, le Bataclan, Paris, 18 mai 2009)<\/a>.<\/td >\n  <\/tr style=\"border:none\">\n<tr style=\"border:none\">\n<td style=\"border:none\"><img decoding=\"async\" src=\"https:\/\/www.wallendorff.com\/belogue\/photo\/2014\/06\/20140620-13.jpg\" alt=\"\" \/><\/td >\n<td style=\"border:none\"><a href=\"https:\/\/www.wallendorff.com\/belogue\/2010\/02\/09\/kasabian-control-lolympia-paris\/\">Du l&rsquo;&eacute;volution du nombre de fois que se sont lev&eacute;s les bras de l&rsquo;artiste (Kasabian, l&rsquo;Olympia, 8 f&eacute;vrier 2010)<\/a>.<\/td >\n  <\/tr style=\"border:none\">\n<tr style=\"border:none\">\n<td style=\"border:none\"><img decoding=\"async\" src=\"https:\/\/www.wallendorff.com\/belogue\/photo\/2014\/06\/20140620-14.jpg\" alt=\"\" \/><\/td >\n<td style=\"border:none\"><a href=\"https:\/\/www.wallendorff.com\/belogue\/2010\/09\/14\/klaxons-baby-monster-la-cigale-paris\/\">Du tatouage sur les fesses du roadie de l&rsquo;artiste (Klaxons, la Cigale, Paris, 13 septembre 2010)<\/a>.<\/td >\n  <\/tr style=\"border:none\">\n<tr style=\"border:none\">\n<td style=\"border:none\"><img decoding=\"async\" src=\"https:\/\/www.wallendorff.com\/belogue\/photo\/2014\/06\/20140620-15.jpg\" alt=\"\" \/><\/td >\n<td style=\"border:none\"><a href=\"https:\/\/www.wallendorff.com\/belogue\/2010\/09\/29\/olof-arnalds-salon-musical-saint-eustache-paris\/\">Des grozieux du public pendant que je photographie le concert tr&egrave;s tr&egrave;s calme de l&rsquo;artiste (&Oacute;l&ouml;f Arnalds, salon musical Saint-Eustache, Paris, 28 septembre 2010<\/a>).<\/td >\n  <\/tr style=\"border:none\">\n<tr style=\"border:none\">\n<td style=\"border:none\"><img decoding=\"async\" src=\"https:\/\/www.wallendorff.com\/belogue\/photo\/2014\/06\/20140620-16.jpg\" alt=\"\" \/><\/td >\n<td style=\"border:none\"><a href=\"https:\/\/www.wallendorff.com\/belogue\/2011\/05\/12\/broken-records-le-divan-du-monde-paris\/\">Du la foule de 19 personnes (moi inclus) qui se pointe au concert de l&rsquo;artiste (Broken Records, le Divan du Monde, Paris, 11 mai 2011)<\/a>.<\/td >\n  <\/tr style=\"border:none\">\n<tr style=\"border:none\">\n<td style=\"border:none\"><img decoding=\"async\" src=\"https:\/\/www.wallendorff.com\/belogue\/photo\/2014\/06\/20140620-17.jpg\" alt=\"\" \/><\/td >\n<td style=\"border:none\"><a href=\"https:\/\/www.wallendorff.com\/belogue\/2011\/05\/18\/black-lips-le-centquatre-paris\/\">De l&rsquo;alarme incendie qui se d&eacute;clenche en plein milieu du concert de l&rsquo;artiste (Black Lips, le Centquatre, Paris, 17 mai 2011)<\/a>.<\/td >\n  <\/tr style=\"border:none\">\n<tr style=\"border:none\">\n<td style=\"border:none\"><img decoding=\"async\" src=\"https:\/\/www.wallendorff.com\/belogue\/photo\/2014\/06\/20140620-18.jpg\" alt=\"\" \/><\/td >\n<td style=\"border:none\"><a href=\"https:\/\/www.wallendorff.com\/belogue\/2013\/12\/16\/placebo-toy-palais-omnisports-de-paris-bercy-paris-10-decembre\/\">Du nombre de jours (et de centim&egrave;tres de cheveux) qui se sont &eacute;coul&eacute;s depuis mon dernier concert de l&rsquo;artiste (Placebo, palais omnisports de Paris-Bercy, Paris,10 d&eacute;cembre 2013)<\/a>.<\/td >\n  <\/tr style=\"border:none\">\n<\/table>\n<h1 style=\"text-align:right\">&nbsp;<\/h1>\n<h1 style=\"text-align:right\">Dix ans de gens qui sautent et qui slament<\/h1>\n<div id=\"photo2\">\n<p><img decoding=\"async\" src=\"https:\/\/www.wallendorff.com\/belogue\/photo\/2006\/10\/20061029.jpg\" \/><\/p>\n<\/div>\n<p style=\"text-align:right\"> <a href=\"https:\/\/www.wallendorff.com\/belogue\/2006\/10\/29\/dionysos-wsg-synfonietta-de-belfort-le-zenith-paris\/\">Dionysos, le Z&eacute;nith, Paris, 28 octobre 2006<\/a>.<\/p>\n<p>&nbsp;<\/p>\n<div id=\"photo2\">\n<p><img decoding=\"async\" src=\"https:\/\/www.wallendorff.com\/belogue\/photo\/galeries\/2007\/06\/200706306-ifb\/20070705-14.jpg\" \/><\/p>\n<\/div>\n<p style=\"text-align:right\"> <a href=\"https:\/\/www.wallendorff.com\/belogue\/2007\/07\/05\/be-eurocks-en-2007-day-2\/\">I&rsquo;m from Barcelona, Les Eurock&eacute;ennes, Belfort, 30 juin 2007<\/a>.<\/p>\n<p>&nbsp;<\/p>\n<div id=\"photo2\">\n<p><img decoding=\"async\" src=\"https:\/\/www.wallendorff.com\/belogue\/photo\/2008\/04\/20080413.jpg\" \/><\/p>\n<\/div>\n<p style=\"text-align:right\"> <a href=\"https:\/\/www.wallendorff.com\/belogue\/2008\/04\/13\/previously-unreleased-81\/\">Dionysos, les Ar&egrave;nes, Metz, 18 janvier 2008<\/a>.<\/p>\n<p>&nbsp;<\/p>\n<div id=\"photo2\">\n<p><img decoding=\"async\" src=\"https:\/\/www.wallendorff.com\/belogue\/photo\/galeries\/2009\/04\/20090416-subways_the\/20090418-29.jpg\" \/><\/p>\n<\/div>\n<p style=\"text-align:right\"> <a href=\"https:\/\/www.wallendorff.com\/belogue\/2009\/04\/18\/the-subways-montgomery-temper-trap-le-nouveau-casino-paris-16-avril\/\">The Subways, le Nouveau Casino, Paris, 16 avril 2009<\/a>.<\/p>\n<p>&nbsp;<\/p>\n<div id=\"photo2\">\n<p><img decoding=\"async\" src=\"https:\/\/www.wallendorff.com\/belogue\/photo\/galeries\/2011\/06\/201106282-im\/20110629-50.jpg\" \/><\/p>\n<\/div>\n<p style=\"text-align:right\"> <a href=\"https:\/\/www.wallendorff.com\/belogue\/2011\/06\/29\/iron-maiden-rise-to-remain-palais-omnisports-de-paris-bercy\/\">Iron Maiden, palais omnisports de Paris-Bercy, Paris, 28 juin 2011<\/a>.<\/p>\n<p>&nbsp;<\/p>\n<div id=\"photo2\">\n<p><img decoding=\"async\" src=\"https:\/\/www.wallendorff.com\/belogue\/photo\/galeries\/2011\/06\/201106231-gotk\/20110624-16.jpg\" \/><\/p>\n<\/div>\n<p style=\"text-align:right\"> <a href=\"https:\/\/www.wallendorff.com\/belogue\/2011\/06\/24\/bullets-for-my-valentine-glamour-of-the-kill-le-bataclan-paris\/\">Glamour of the Kill, le Bataclan, Paris, 23 juin 2011<\/a>.<\/p>\n<p>&nbsp;<\/p>\n<div id=\"photo2\">\n<p><img decoding=\"async\" src=\"https:\/\/www.wallendorff.com\/belogue\/photo\/galeries\/2011\/07\/201107312-bellrays\/20110802-48.jpg\" \/><\/p>\n<\/div>\n<p style=\"text-align:right\"> <a href=\"https:\/\/www.wallendorff.com\/belogue\/2011\/08\/02\/guitare-en-scene-saint-julien-en-genevois-29-31-juillet\/\">The BellRays, Guitare en Sc&egrave;ne, Saint-Julien-en-Genevois, 31 juillet 2011<\/a>.<\/p>\n<p>&nbsp;<\/p>\n<div id=\"photo2\">\n<p><img decoding=\"async\" src=\"https:\/\/www.wallendorff.com\/belogue\/photo\/galeries\/2013\/07\/20130704-eurockeennes\/20130709-44.jpg\" \/><\/p>\n<\/div>\n<p style=\"text-align:right\"> <a href=\"https:\/\/www.wallendorff.com\/belogue\/2013\/07\/09\/les-eurockeennes-belfort-4-juillet\/\">Les Eurock&eacute;ennes, Belfort, 4 juillet 2013<\/a>.<\/p>\n<p>&nbsp;<\/p>\n<div id=\"photo2\">\n<p><img decoding=\"async\" src=\"https:\/\/www.wallendorff.com\/belogue\/photo\/galeries\/2013\/08\/20130823-res\/20130827-24.jpg\" \/><\/p>\n<\/div>\n<p style=\"text-align:right\"> <a href=\"https:\/\/www.wallendorff.com\/belogue\/2013\/08\/27\/rock-en-seine-2013-jour-1\/\">Franz Ferdinand, Rock en Seine, 23 ao&ucirc;t 2013<\/a>.<\/p>\n<p>&nbsp;<\/p>\n<div id=\"photo2\">\n<p><img decoding=\"async\" src=\"https:\/\/www.wallendorff.com\/belogue\/photo\/galeries\/2013\/08\/20130824-res\/20130828-42.jpg\" \/><\/p>\n<\/div>\n<p style=\"text-align:right\"> <a href=\"https:\/\/www.wallendorff.com\/belogue\/2013\/08\/28\/rock-en-seine-2013-jour-2\/\">Phoenix, Rock en Seine, 24 ao&ucirc;t 2013<\/a>.<\/p>\n<p>&nbsp;<\/p>\n<div id=\"photo2\">\n<p><img decoding=\"async\" src=\"https:\/\/www.wallendorff.com\/belogue\/photo\/galeries\/2013\/08\/20130825-res\/20130829-38.jpg\" \/><\/p>\n<\/div>\n<p style=\"text-align:right\"><a href=\"https:\/\/www.wallendorff.com\/belogue\/2013\/08\/29\/rock-en-seine-2013-jour-3\/\">The Bloody Beetr<\/a><a href=\"https:\/\/www.wallendorff.com\/belogue\/2013\/08\/29\/rock-en-seine-2013-jour-3\/\">oots Live, Rock en Seine, 25 ao&ucirc;t 2013<\/a>.<\/p>\n<p>&nbsp;<\/p>\n<div id=\"photo2\">\n<p><img decoding=\"async\" src=\"https:\/\/www.wallendorff.com\/belogue\/photo\/galeries\/2013\/11\/201311122-foals\/20131117-22.jpg\" \/><\/p>\n<\/div>\n<p style=\"text-align:right\"> <a href=\"https:\/\/www.wallendorff.com\/belogue\/2013\/11\/17\/foals-breton-festival-des-inrocks-le-zenith-paris-12-novembre\/\">Foals, le Z&eacute;nith, Paris, 12 novembre 2013<\/a>.<\/p>\n<p>&nbsp;<\/p>\n<div id=\"photo2\">\n<p><img decoding=\"async\" src=\"https:\/\/www.wallendorff.com\/belogue\/photo\/galeries\/2014\/04\/20140422-kc\/20140423-12.jpg\" \/><\/p>\n<\/div>\n<p style=\"text-align:right\"> <a href=\"https:\/\/www.wallendorff.com\/belogue\/2014\/04\/23\/kaiser-chiefs-la-fleche-dor-paris\/\">La Fl&egrave;che d&rsquo;Or, Paris, 22 avril 2014<\/a>.<\/p>\n<p>&nbsp;<\/p>\n","protected":false},"excerpt":{"rendered":"<p>Dix ans de chroniques de concerts qui parlent pas vraiment du concert Parce qu&rsquo;il arrive, dans la vie, qu&rsquo;on d&eacute;cide de parler un petit peu du concert de l&rsquo;artiste, oui, mais surtout&nbsp;: Du collier de guitares de l&rsquo;artiste (Mclusky, Magic Stick, D&eacute;troit, 12 octobre 2004). Des draps de la chambre d&rsquo;h&ocirc;tel de l&rsquo;artiste (Ben Kweller,&hellip;<\/p>\n","protected":false},"author":1,"featured_media":26806,"comment_status":"open","ping_status":"open","sticky":false,"template":"","format":"standard","meta":{"_acf_changed":false,"ngg_post_thumbnail":0,"jetpack_post_was_ever_published":false,"_jetpack_newsletter_access":"","_jetpack_dont_email_post_to_subs":false,"_jetpack_newsletter_tier_id":0,"_jetpack_memberships_contains_paywalled_content":false,"_jetpack_memberships_contains_paid_content":false,"footnotes":"","jetpack_publicize_message":"","jetpack_publicize_feature_enabled":true,"jetpack_social_post_already_shared":false,"jetpack_social_options":{"image_generator_settings":{"template":"highway","default_image_id":0,"font":"","enabled":false},"version":2}},"categories":[3],"tags":[8630,10084],"class_list":["post-23008","post","type-post","status-publish","format-standard","has-post-thumbnail","hentry","category-dpc","tag-8630","tag-alive"],"acf":[],"geo":null,"jetpack_publicize_connections":[],"jetpack_featured_media_url":"https:\/\/www.wallendorff.com\/belogue\/wp-content\/uploads\/2015\/04\/20110624-161.jpg","jetpack_shortlink":"https:\/\/wp.me\/p3b35P-5Z6","jetpack_sharing_enabled":true,"jetpack-related-posts":[{"id":23003,"url":"https:\/\/www.wallendorff.com\/belogue\/2014\/06\/20\/dix-ans-de-concerts-12\/","url_meta":{"origin":23008,"position":0},"title":"Dix ans de concerts [1\/2].","author":"dpc","date":"20 juin 2014","format":false,"excerpt":"Pas la peine de faire une redite, apr\u00e8s la compile des 500 concerts et celle des 10 ans de passes photos. Depuis 2012, disons que je retiens la fois o\u00f9 je me suis fait maudire par un Italien, Matthias Malzieu qui me tombe sur le nez \u00e0 Rock en Seine,\u2026","rel":"","context":"Dans &quot;DPC&quot;","block_context":{"text":"DPC","link":"https:\/\/www.wallendorff.com\/belogue\/category\/dpc\/"},"img":{"alt_text":"","src":"https:\/\/i0.wp.com\/www.wallendorff.com\/belogue\/wp-content\/uploads\/2015\/04\/20110520-391.jpg?resize=350%2C200&ssl=1","width":350,"height":200,"srcset":"https:\/\/i0.wp.com\/www.wallendorff.com\/belogue\/wp-content\/uploads\/2015\/04\/20110520-391.jpg?resize=350%2C200&ssl=1 1x, https:\/\/i0.wp.com\/www.wallendorff.com\/belogue\/wp-content\/uploads\/2015\/04\/20110520-391.jpg?resize=525%2C300&ssl=1 1.5x, https:\/\/i0.wp.com\/www.wallendorff.com\/belogue\/wp-content\/uploads\/2015\/04\/20110520-391.jpg?resize=700%2C400&ssl=1 2x"},"classes":[]},{"id":7890,"url":"https:\/\/www.wallendorff.com\/belogue\/2010\/07\/23\/dreamed-a-dream-by-the-old-canal\/","url_meta":{"origin":23008,"position":1},"title":"Dreamed a dreaaaam by the old canaaaal.","author":"dpc","date":"23 juillet 2010","format":false,"excerpt":"Pont Neuf, Paris, 22 juin. \u00c9coutez, c'est beau. Surtout si on imagine qu'il s'agit de la Liffey et pas de la Seine, de Guinness et pas d'eau. Apr\u00e8s seulement vous irez lire en dessous. \u00a0Black Rebel Motorcycle Club \u2013 Dirty Old Town (The Pogues cover) Bon apr\u00e8s, comme d'habitude cela\u2026","rel":"","context":"Dans &quot;DPC&quot;","block_context":{"text":"DPC","link":"https:\/\/www.wallendorff.com\/belogue\/category\/dpc\/"},"img":{"alt_text":"","src":"https:\/\/i0.wp.com\/www.wallendorff.com\/belogue\/wp-content\/uploads\/2015\/04\/201007231.jpg?resize=350%2C200&ssl=1","width":350,"height":200},"classes":[]},{"id":132422,"url":"https:\/\/www.wallendorff.com\/belogue\/2025\/06\/12\/jaunes-dombres\/","url_meta":{"origin":23008,"position":2},"title":"Jaunes d&rsquo;ombres.","author":"dpc","date":"12 juin 2025","format":false,"excerpt":"Tour Montparnasse, Paris, 18 avril 2024.Merci \u00e0 Lala mais pas \u00e0 Leffe\u00ae ni Twinuts\u00ae car j'ai sottement oubli\u00e9 de faire les commissions. Et \u00e0 part \u00e7a... Il y a vingt-et-un ans, les Pistons de D\u00e9troit \u00e9taient en finale NBA. Il y a vingt ans, les Pistons de D\u00e9troit \u00e9taient encore\u2026","rel":"","context":"Dans &quot;DPC&quot;","block_context":{"text":"DPC","link":"https:\/\/www.wallendorff.com\/belogue\/category\/dpc\/"},"img":{"alt_text":"","src":"https:\/\/i0.wp.com\/www.wallendorff.com\/belogue\/wp-content\/uploads\/2025\/06\/20250612-08.jpg?resize=350%2C200&ssl=1","width":350,"height":200,"srcset":"https:\/\/i0.wp.com\/www.wallendorff.com\/belogue\/wp-content\/uploads\/2025\/06\/20250612-08.jpg?resize=350%2C200&ssl=1 1x, https:\/\/i0.wp.com\/www.wallendorff.com\/belogue\/wp-content\/uploads\/2025\/06\/20250612-08.jpg?resize=525%2C300&ssl=1 1.5x, https:\/\/i0.wp.com\/www.wallendorff.com\/belogue\/wp-content\/uploads\/2025\/06\/20250612-08.jpg?resize=700%2C400&ssl=1 2x, https:\/\/i0.wp.com\/www.wallendorff.com\/belogue\/wp-content\/uploads\/2025\/06\/20250612-08.jpg?resize=1050%2C600&ssl=1 3x"},"classes":[]},{"id":124649,"url":"https:\/\/www.wallendorff.com\/belogue\/2023\/06\/12\/servus-wien-6\/","url_meta":{"origin":23008,"position":3},"title":"Servus Wien.","author":"dpc","date":"12 juin 2023","format":false,"excerpt":"[La galerie compl\u00e8te vient apr\u00e8s ce looooong texte traditionnel dont l'origine se perd dans les pr\u00e9mices de ce mill\u00e9naires.] Vienne, 14 \u2013 15 avril 2023. Can't Even Tell Soul Asylum Il y a dix-neuf ans, les Pistons de D\u00e9troit \u00e9taient en finale NBA. Il y a dix-huit ans, les Pistons\u2026","rel":"","context":"Dans &quot;DPC&quot;","block_context":{"text":"DPC","link":"https:\/\/www.wallendorff.com\/belogue\/category\/dpc\/"},"img":{"alt_text":"","src":"https:\/\/i0.wp.com\/www.wallendorff.com\/belogue\/wp-content\/uploads\/2023\/06\/20230612-09.jpg?resize=350%2C200&ssl=1","width":350,"height":200,"srcset":"https:\/\/i0.wp.com\/www.wallendorff.com\/belogue\/wp-content\/uploads\/2023\/06\/20230612-09.jpg?resize=350%2C200&ssl=1 1x, https:\/\/i0.wp.com\/www.wallendorff.com\/belogue\/wp-content\/uploads\/2023\/06\/20230612-09.jpg?resize=525%2C300&ssl=1 1.5x, https:\/\/i0.wp.com\/www.wallendorff.com\/belogue\/wp-content\/uploads\/2023\/06\/20230612-09.jpg?resize=700%2C400&ssl=1 2x, https:\/\/i0.wp.com\/www.wallendorff.com\/belogue\/wp-content\/uploads\/2023\/06\/20230612-09.jpg?resize=1050%2C600&ssl=1 3x"},"classes":[]},{"id":128261,"url":"https:\/\/www.wallendorff.com\/belogue\/2024\/06\/12\/cetait-2004\/","url_meta":{"origin":23008,"position":4},"title":"C&rsquo;\u00e9tait 2004.","author":"dpc","date":"12 juin 2024","format":false,"excerpt":"En ouvrant ce journal, il y a 20 ans, je n'aurais jamais pens\u00e9 qu'il durerait si longtemps. Mais il a tenu, d'abord sur feu 20six, puis en solitaire sur ce site, traversant les plateformes et les modes jusqu'\u00e0 aujourd'hui. MySpace, Flickr, Facebook, Instagram passent et disparaissent, mais reste ce site.Je\u2026","rel":"","context":"Dans &quot;DPC&quot;","block_context":{"text":"DPC","link":"https:\/\/www.wallendorff.com\/belogue\/category\/dpc\/"},"img":{"alt_text":"","src":"https:\/\/i0.wp.com\/www.wallendorff.com\/belogue\/wp-content\/uploads\/2024\/06\/20240612-03.jpg?resize=350%2C200&ssl=1","width":350,"height":200,"srcset":"https:\/\/i0.wp.com\/www.wallendorff.com\/belogue\/wp-content\/uploads\/2024\/06\/20240612-03.jpg?resize=350%2C200&ssl=1 1x, https:\/\/i0.wp.com\/www.wallendorff.com\/belogue\/wp-content\/uploads\/2024\/06\/20240612-03.jpg?resize=525%2C300&ssl=1 1.5x, https:\/\/i0.wp.com\/www.wallendorff.com\/belogue\/wp-content\/uploads\/2024\/06\/20240612-03.jpg?resize=700%2C400&ssl=1 2x, https:\/\/i0.wp.com\/www.wallendorff.com\/belogue\/wp-content\/uploads\/2024\/06\/20240612-03.jpg?resize=1050%2C600&ssl=1 3x"},"classes":[]},{"id":36828,"url":"https:\/\/www.wallendorff.com\/belogue\/2017\/12\/28\/2017-en-1\/","url_meta":{"origin":23008,"position":5},"title":"2017 en&#8230; #1.","author":"dpc","date":"28 d\u00e9cembre 2017","format":false,"excerpt":"2017 en 10 concerts. Le set d'Arcade Fire aux Eurock\u00e9ennes fut inoubliable\u00a0: temps id\u00e9al, public dingue et final \u00e9tir\u00e9 \u00e0 un point tel que le feu d'artifice qui cl\u00f4t traditionnellement le festival d\u00fbt d\u00e9marrer avant la fin de Wake Up. L'image de Win Butler qui continue son morceau sans se\u2026","rel":"","context":"Dans &quot;DPC&quot;","block_context":{"text":"DPC","link":"https:\/\/www.wallendorff.com\/belogue\/category\/dpc\/"},"img":{"alt_text":"","src":"https:\/\/i0.wp.com\/www.wallendorff.com\/belogue\/wp-content\/uploads\/2017\/11\/20171130-33.jpg?resize=350%2C200&ssl=1","width":350,"height":200,"srcset":"https:\/\/i0.wp.com\/www.wallendorff.com\/belogue\/wp-content\/uploads\/2017\/11\/20171130-33.jpg?resize=350%2C200&ssl=1 1x, https:\/\/i0.wp.com\/www.wallendorff.com\/belogue\/wp-content\/uploads\/2017\/11\/20171130-33.jpg?resize=525%2C300&ssl=1 1.5x, https:\/\/i0.wp.com\/www.wallendorff.com\/belogue\/wp-content\/uploads\/2017\/11\/20171130-33.jpg?resize=700%2C400&ssl=1 2x"},"classes":[]}],"_links":{"self":[{"href":"https:\/\/www.wallendorff.com\/belogue\/wp-json\/wp\/v2\/posts\/23008","targetHints":{"allow":["GET"]}}],"collection":[{"href":"https:\/\/www.wallendorff.com\/belogue\/wp-json\/wp\/v2\/posts"}],"about":[{"href":"https:\/\/www.wallendorff.com\/belogue\/wp-json\/wp\/v2\/types\/post"}],"author":[{"embeddable":true,"href":"https:\/\/www.wallendorff.com\/belogue\/wp-json\/wp\/v2\/users\/1"}],"replies":[{"embeddable":true,"href":"https:\/\/www.wallendorff.com\/belogue\/wp-json\/wp\/v2\/comments?post=23008"}],"version-history":[{"count":11,"href":"https:\/\/www.wallendorff.com\/belogue\/wp-json\/wp\/v2\/posts\/23008\/revisions"}],"predecessor-version":[{"id":23027,"href":"https:\/\/www.wallendorff.com\/belogue\/wp-json\/wp\/v2\/posts\/23008\/revisions\/23027"}],"wp:featuredmedia":[{"embeddable":true,"href":"https:\/\/www.wallendorff.com\/belogue\/wp-json\/wp\/v2\/media\/26806"}],"wp:attachment":[{"href":"https:\/\/www.wallendorff.com\/belogue\/wp-json\/wp\/v2\/media?parent=23008"}],"wp:term":[{"taxonomy":"category","embeddable":true,"href":"https:\/\/www.wallendorff.com\/belogue\/wp-json\/wp\/v2\/categories?post=23008"},{"taxonomy":"post_tag","embeddable":true,"href":"https:\/\/www.wallendorff.com\/belogue\/wp-json\/wp\/v2\/tags?post=23008"}],"curies":[{"name":"wp","href":"https:\/\/api.w.org\/{rel}","templated":true}]}}