{"id":23003,"date":"2014-06-20T11:35:41","date_gmt":"2014-06-20T09:35:41","guid":{"rendered":"http:\/\/www.wallendorff.com\/?p=23003"},"modified":"2014-06-20T11:41:11","modified_gmt":"2014-06-20T09:41:11","slug":"dix-ans-de-concerts-12","status":"publish","type":"post","link":"https:\/\/www.wallendorff.com\/belogue\/2014\/06\/20\/dix-ans-de-concerts-12\/","title":{"rendered":"Dix ans de concerts [1\/2]."},"content":{"rendered":"<div id=\"photo\">\n<p><img decoding=\"async\" src=\"https:\/\/www.wallendorff.com\/belogue\/photo\/galeries\/2011\/05\/201105172-bl\/20110520-39.jpg\" \/><\/p>\n<\/div>\n<p>Pas la peine de faire une redite, apr&egrave;s <a href=\"http:\/\/501.wallendorff.com\">la compile des 500 concerts<\/a> et celle des <a href=\"https:\/\/www.wallendorff.com\/belogue\/2013\/05\/13\/the-first-ten-years\/\">10 ans de passes photos<\/a>. Depuis 2012, disons que je retiens <a href=\"https:\/\/www.wallendorff.com\/belogue\/2012\/07\/04\/main-square-festival-jour-2-2\/\">la fois o&ugrave; je me suis fait maudire par un Italien<\/a>, <a href=\"https:\/\/www.wallendorff.com\/belogue\/2013\/03\/18\/the-aftermath\/\"><\/a><a href=\"https:\/\/www.wallendorff.com\/belogue\/2012\/08\/25\/et-pendant-ce-temps-a-rock-en-seine-11\/\">Matthias Malzieu qui me tombe sur le nez &agrave; Rock en Seine<\/a>, <a href=\"https:\/\/www.wallendorff.com\/belogue\/2013\/03\/18\/the-aftermath\/\">l&rsquo;expo de l&rsquo;ann&eacute;e derni&egrave;re<\/a>, <a href=\"https:\/\/www.wallendorff.com\/belogue\/2013\/06\/03\/kasabian-casa-bacardi-live-milan-30-mai\/\">la barri&egrave;re de Kasabian qui tombe &agrave; Milan<\/a>, et le <a href=\"https:\/\/www.wallendorff.com\/belogue\/2014\/04\/26\/augustines-le-cafe-de-la-danse-paris\/\">concert fou d&rsquo;Augustines il y a deux mois<\/a>, tiens. Voil&agrave;. <\/p>\n<h1>Dix ans de coulisses<\/h1>\n<div id=\"photo2\">\n<p><img decoding=\"async\" src=\"https:\/\/www.wallendorff.com\/belogue\/photo\/galeries\/2006\/12\/20061208-indochine\/200612101813.jpg\" \/><\/p>\n<\/div>\n<p style=\"text-align:right\"> <a href=\"https:\/\/www.wallendorff.com\/belogue\/2006\/12\/10\/bercy-ii\/\">Palais omnisports de Paris-Bercy, Paris, 8 d&eacute;cembre 2006<\/a>.<\/p>\n<p>&nbsp;<\/p>\n<div id=\"photo2\">\n<p><img decoding=\"async\" src=\"https:\/\/www.wallendorff.com\/belogue\/photo\/2007\/02\/20070206.jpg\" \/><\/p>\n<\/div>\n<p style=\"text-align:right\"> <a href=\"https:\/\/www.wallendorff.com\/belogue\/2007\/02\/06\/shooting-people-9\/\">Aquarium du Trocad&eacute;ro, Paris, 6 f&eacute;vrier 2007<\/a>.<\/p>\n<p>&nbsp;<\/p>\n<div id=\"photo2\">\n<p><img decoding=\"async\" src=\"https:\/\/www.wallendorff.com\/belogue\/photo\/2007\/05\/20070531.jpg\" \/><\/p>\n<\/div>\n<p style=\"text-align:right\"> <a href=\"https:\/\/www.wallendorff.com\/belogue\/2007\/05\/31\/199linkin-park-pop-bercy-paris\/\">Palais omnisports de Paris-Bercy, Paris, 30 mai 2007<\/a>.<\/p>\n<p>&nbsp;<\/p>\n<div id=\"photo2\">\n<p><img decoding=\"async\" src=\"https:\/\/www.wallendorff.com\/belogue\/photo\/2008\/06\/20080606.jpg\" \/><\/p>\n<\/div>\n<p style=\"text-align:right\"> <a href=\"https:\/\/www.wallendorff.com\/belogue\/2008\/06\/06\/mission-accomplie\/\">Le Brise-Glace, Annecy, 6 juin 2008<\/a>.<\/p>\n<p>&nbsp;<\/p>\n<div id=\"photo2\">\n<p><img decoding=\"async\" src=\"https:\/\/www.wallendorff.com\/belogue\/photo\/2013\/01\/20130123.jpg\" \/><\/p>\n<\/div>\n<p style=\"text-align:right\"> <a href=\"https:\/\/www.wallendorff.com\/belogue\/2013\/01\/23\/fond-de-tiroir-22\/\">Le Z&eacute;nith, Paris, 26 mai 2010<\/a>.<\/p>\n<p>&nbsp;<\/p>\n<div id=\"photo2\">\n<p><img decoding=\"async\" src=\"https:\/\/www.wallendorff.com\/belogue\/photo\/2013\/01\/20130124.jpg\" \/><\/p>\n<\/div>\n<p style=\"text-align:right\"> <a href=\"https:\/\/www.wallendorff.com\/belogue\/2013\/01\/24\/aftershow\/\">Le Trianon, Paris, 29 novembre 2012<\/a>.<\/p>\n<p>&nbsp;<\/p>\n<div id=\"photo2\">\n<p><img decoding=\"async\" src=\"https:\/\/www.wallendorff.com\/belogue\/photo\/galeries\/2013\/06\/20130630-bn\/20130630-24.jpg\" \/><\/p>\n<\/div>\n<p style=\"text-align:right\"> <a href=\"https:\/\/www.wallendorff.com\/belogue\/2013\/06\/30\/juin-2013\/\">Stade de France, Paris, 15 juin 2013<\/a>.<\/p>\n<p>&nbsp;<\/p>\n<h1 style=\"text-align:right\">Dix ans de groupes qui saluent<\/h1>\n<div id=\"photo2\">\n<p><img decoding=\"async\" src=\"https:\/\/www.wallendorff.com\/belogue\/photo\/2007\/06\/20070612.jpg\" \/><\/p>\n<\/div>\n<p style=\"text-align:right\"> <a href=\"https:\/\/www.wallendorff.com\/belogue\/2007\/06\/12\/the-white-stripes-le-zenith-paris-2\/\">The White Stripes, le Z&eacute;nith, Paris, 11 juin 2007<\/a>.<\/p>\n<p style=\"text-align:right\">&nbsp;<\/p>\n<div id=\"photo2\">\n<p><img decoding=\"async\" src=\"https:\/\/www.wallendorff.com\/belogue\/photo\/2007\/06\/20070614.jpg\" \/><\/p>\n<\/div>\n<p style=\"text-align:right\"> <a href=\"https:\/\/www.wallendorff.com\/belogue\/2007\/06\/14\/mademoiselle-k-le-trabendo-paris\/\">Mademoiselle K, le Trabendo, Paris, 13 juin 2007<\/a>.<\/p>\n<p>&nbsp;<\/p>\n<div id=\"photo2\">\n<p><img decoding=\"async\" src=\"https:\/\/www.wallendorff.com\/belogue\/photo\/2008\/04\/20080429.jpg\" \/><\/p>\n<\/div>\n<p style=\"text-align:right\"> <a href=\"https:\/\/www.wallendorff.com\/belogue\/2008\/04\/29\/mademoiselle-k-la-cigale-paris-2\/\">Mademoiselle K, la Cigale, Paris, 28 avril 2008<\/a>.<\/p>\n<p>&nbsp;<\/p>\n<div id=\"photo2\">\n<p><img decoding=\"async\" src=\"https:\/\/www.wallendorff.com\/belogue\/photo\/2008\/10\/20081021.jpg\" \/><\/p>\n<\/div>\n<p style=\"text-align:right\"> <a href=\"https:\/\/www.wallendorff.com\/belogue\/2008\/10\/21\/mademoiselle-k-lolympia-paris\/\">Mademoiselle K, l&rsquo;Olympia, Paris, 20 octobre 2008<\/a>.<\/p>\n<p>&nbsp;<\/p>\n<div id=\"photo2\">\n<p><img decoding=\"async\" src=\"https:\/\/www.wallendorff.com\/belogue\/photo\/galeries\/2009\/03\/20090318-mademoiselle_k\/20090319-25.jpg\" \/><\/p>\n<\/div>\n<p style=\"text-align:right\"> <a href=\"https:\/\/www.wallendorff.com\/belogue\/2009\/03\/19\/mademoiselle-k-lalhambra-paris\/\">Mademoiselle K, th&eacute;&acirc;tre de l&rsquo;Alhambra, Paris, 18 mars 2009<\/a>.<\/p>\n<p>&nbsp;<\/p>\n<p style=\"text-align:center\">Sur ce, changeons un peu d&rsquo;artiste.<\/p>\n<p>&nbsp;<\/p>\n<div id=\"photo2\">\n<p><img decoding=\"async\" src=\"https:\/\/www.wallendorff.com\/belogue\/photo\/galeries\/2009\/05\/20090503-franz_ferdinand\/20090525-23.jpg\" \/><\/p>\n<\/div>\n<p style=\"text-align:right\"> <a href=\"https:\/\/www.wallendorff.com\/belogue\/2009\/05\/25\/franz-ferdinand-born-ruffians-clutch-cargos-pontiac-03052009\/\">Franz Ferdinand, Clutch Cargo&rsquo;s, Pontiac, 3 mai 2009<\/a>.<\/p>\n<p style=\"text-align:right\">&nbsp;<\/p>\n<div id=\"photo2\">\n<p><img decoding=\"async\" src=\"https:\/\/www.wallendorff.com\/belogue\/photo\/galeries\/2009\/11\/200911263-ff\/20091127-56.jpg\" \/><\/p>\n<\/div>\n<p style=\"text-align:right\"> <a href=\"https:\/\/www.wallendorff.com\/belogue\/2009\/11\/27\/franz-ferdinand-the-cribs-john-and-jehn-le-zenith-paris\/\">Franz Ferdinand, le Z&eacute;nith, Paris, 26 novembre 2009<\/a>.<\/p>\n<p style=\"text-align:center\">Sur ce, rechangeons un peu d&rsquo;artiste.<\/p>\n<p>&nbsp;<\/p>\n<div id=\"photo2\">\n<p><img decoding=\"async\" src=\"https:\/\/www.wallendorff.com\/belogue\/photo\/galeries\/2011\/05\/201105172-bl\/20110520-39.jpg\" \/><\/p>\n<\/div>\n<p style=\"text-align:right\"> <a href=\"https:\/\/www.wallendorff.com\/belogue\/2011\/05\/20\/black-lips-jack-of-heart-le-centquatre-paris-17-mai\/\">Black Lips, le Centquatre, Paris, 17 mai 2011<\/a>.<\/p>\n<p>&nbsp;<\/p>\n<div id=\"photo2\">\n<p><img decoding=\"async\" src=\"https:\/\/www.wallendorff.com\/belogue\/photo\/galeries\/2012\/06\/20120630-msf\/01-stu\/20120704-22.jpg\" \/><\/p>\n<\/div>\n<p style=\"text-align:right\"> <a href=\"https:\/\/www.wallendorff.com\/belogue\/2012\/07\/04\/main-square-festival-jour-2-2\/\">Skip the Use, Main Square Festival, Arras, 30 juin 2012<\/a>.<\/p>\n<p>&nbsp;<\/p>\n<div id=\"photo2\">\n<p><img decoding=\"async\" src=\"https:\/\/www.wallendorff.com\/belogue\/photo\/galeries\/2013\/05\/20130530-kasabian\/20130603-45.jpg\" \/><\/p>\n<\/div>\n<p style=\"text-align:right\"> <a href=\"https:\/\/www.wallendorff.com\/belogue\/2013\/06\/03\/kasabian-casa-bacardi-live-milan-30-mai\/\">Kasabian, Casa Bacardi Live, Milan, 30 mai 2013<\/a>.<\/p>\n<p>&nbsp;<\/p>\n<div id=\"photo2\">\n<p><img decoding=\"async\" src=\"https:\/\/www.wallendorff.com\/belogue\/photo\/galeries\/2013\/08\/20130823-res\/20130827-36.jpg\" \/><\/p>\n<\/div>\n<p style=\"text-align:right\"> <a href=\"https:\/\/www.wallendorff.com\/belogue\/2013\/08\/27\/rock-en-seine-2013-jour-1\/\">Franz Ferdinand, Rock en Seine, 23 ao&ucirc;t 2013<\/a>.<\/p>\n<p>&nbsp;<\/p>\n<div id=\"photo2\">\n<p><img decoding=\"async\" src=\"https:\/\/www.wallendorff.com\/belogue\/photo\/galeries\/2014\/03\/20140317-editors\/20140318-21.jpg\" \/><\/p>\n<\/div>\n<p style=\"text-align:right\"> <a href=\"https:\/\/www.wallendorff.com\/belogue\/2014\/03\/18\/editors-la-cigale-paris-2\/\">Editors, la Cigale, Paris, 17 mars 2014<\/a>.<\/p>\n<p>&nbsp;<\/p>\n<div id=\"photo2\">\n<p><img decoding=\"async\" src=\"https:\/\/www.wallendorff.com\/belogue\/photo\/galeries\/2014\/03\/20140319-brs\/20140320-14.jpg\" \/><\/p>\n<\/div>\n<p style=\"text-align:right\"> <a href=\"https:\/\/www.wallendorff.com\/belogue\/2014\/03\/20\/blood-red-shoes-la-gaite-lyrique-paris\/\">Blood Red Shoes, la Ga&icirc;t&eacute; Lyrique, Paris, 19 mars 2014<\/a>.<\/p>\n<p>&nbsp;<\/p>\n<div id=\"photo2\">\n<p><img decoding=\"async\" src=\"https:\/\/www.wallendorff.com\/belogue\/photo\/galeries\/2014\/04\/20140407-stu\/20140409-32.jpg\" \/><\/p>\n<\/div>\n<p style=\"text-align:right\"> <a href=\"https:\/\/www.wallendorff.com\/belogue\/2014\/04\/09\/skip-the-use-le-trianon-paris-7-avril\/\">Skip the Use, le Trianon, Paris, 7 avril 2014<\/a>.<\/p>\n<p>&nbsp;<\/p>\n","protected":false},"excerpt":{"rendered":"<p>Pas la peine de faire une redite, apr&egrave;s la compile des 500 concerts et celle des 10 ans de passes photos. Depuis 2012, disons que je retiens la fois o&ugrave; je me suis fait maudire par un Italien, Matthias Malzieu qui me tombe sur le nez &agrave; Rock en Seine, l&rsquo;expo de l&rsquo;ann&eacute;e derni&egrave;re, la&hellip;<\/p>\n","protected":false},"author":1,"featured_media":26805,"comment_status":"open","ping_status":"open","sticky":false,"template":"","format":"standard","meta":{"_acf_changed":false,"ngg_post_thumbnail":0,"jetpack_post_was_ever_published":false,"_jetpack_newsletter_access":"","_jetpack_dont_email_post_to_subs":false,"_jetpack_newsletter_tier_id":0,"_jetpack_memberships_contains_paywalled_content":false,"_jetpack_memberships_contains_paid_content":false,"footnotes":"","jetpack_publicize_message":"","jetpack_publicize_feature_enabled":true,"jetpack_social_post_already_shared":false,"jetpack_social_options":{"image_generator_settings":{"template":"highway","default_image_id":0,"font":"","enabled":false},"version":2}},"categories":[3],"tags":[8630,10084],"class_list":["post-23003","post","type-post","status-publish","format-standard","has-post-thumbnail","hentry","category-dpc","tag-8630","tag-alive"],"acf":[],"geo":null,"jetpack_publicize_connections":[],"jetpack_featured_media_url":"https:\/\/www.wallendorff.com\/belogue\/wp-content\/uploads\/2015\/04\/20110520-391.jpg","jetpack_shortlink":"https:\/\/wp.me\/p3b35P-5Z1","jetpack_sharing_enabled":true,"jetpack-related-posts":[{"id":132422,"url":"https:\/\/www.wallendorff.com\/belogue\/2025\/06\/12\/jaunes-dombres\/","url_meta":{"origin":23003,"position":0},"title":"Jaunes d&rsquo;ombres.","author":"dpc","date":"12 juin 2025","format":false,"excerpt":"Tour Montparnasse, Paris, 18 avril 2024.Merci \u00e0 Lala mais pas \u00e0 Leffe\u00ae ni Twinuts\u00ae car j'ai sottement oubli\u00e9 de faire les commissions. Et \u00e0 part \u00e7a... Il y a vingt-et-un ans, les Pistons de D\u00e9troit \u00e9taient en finale NBA. Il y a vingt ans, les Pistons de D\u00e9troit \u00e9taient encore\u2026","rel":"","context":"Dans &quot;DPC&quot;","block_context":{"text":"DPC","link":"https:\/\/www.wallendorff.com\/belogue\/category\/dpc\/"},"img":{"alt_text":"","src":"https:\/\/i0.wp.com\/www.wallendorff.com\/belogue\/wp-content\/uploads\/2025\/06\/20250612-08.jpg?resize=350%2C200&ssl=1","width":350,"height":200,"srcset":"https:\/\/i0.wp.com\/www.wallendorff.com\/belogue\/wp-content\/uploads\/2025\/06\/20250612-08.jpg?resize=350%2C200&ssl=1 1x, https:\/\/i0.wp.com\/www.wallendorff.com\/belogue\/wp-content\/uploads\/2025\/06\/20250612-08.jpg?resize=525%2C300&ssl=1 1.5x, https:\/\/i0.wp.com\/www.wallendorff.com\/belogue\/wp-content\/uploads\/2025\/06\/20250612-08.jpg?resize=700%2C400&ssl=1 2x, https:\/\/i0.wp.com\/www.wallendorff.com\/belogue\/wp-content\/uploads\/2025\/06\/20250612-08.jpg?resize=1050%2C600&ssl=1 3x"},"classes":[]},{"id":124649,"url":"https:\/\/www.wallendorff.com\/belogue\/2023\/06\/12\/servus-wien-6\/","url_meta":{"origin":23003,"position":1},"title":"Servus Wien.","author":"dpc","date":"12 juin 2023","format":false,"excerpt":"[La galerie compl\u00e8te vient apr\u00e8s ce looooong texte traditionnel dont l'origine se perd dans les pr\u00e9mices de ce mill\u00e9naires.] Vienne, 14 \u2013 15 avril 2023. Can't Even Tell Soul Asylum Il y a dix-neuf ans, les Pistons de D\u00e9troit \u00e9taient en finale NBA. Il y a dix-huit ans, les Pistons\u2026","rel":"","context":"Dans &quot;DPC&quot;","block_context":{"text":"DPC","link":"https:\/\/www.wallendorff.com\/belogue\/category\/dpc\/"},"img":{"alt_text":"","src":"https:\/\/i0.wp.com\/www.wallendorff.com\/belogue\/wp-content\/uploads\/2023\/06\/20230612-09.jpg?resize=350%2C200&ssl=1","width":350,"height":200,"srcset":"https:\/\/i0.wp.com\/www.wallendorff.com\/belogue\/wp-content\/uploads\/2023\/06\/20230612-09.jpg?resize=350%2C200&ssl=1 1x, https:\/\/i0.wp.com\/www.wallendorff.com\/belogue\/wp-content\/uploads\/2023\/06\/20230612-09.jpg?resize=525%2C300&ssl=1 1.5x, https:\/\/i0.wp.com\/www.wallendorff.com\/belogue\/wp-content\/uploads\/2023\/06\/20230612-09.jpg?resize=700%2C400&ssl=1 2x, https:\/\/i0.wp.com\/www.wallendorff.com\/belogue\/wp-content\/uploads\/2023\/06\/20230612-09.jpg?resize=1050%2C600&ssl=1 3x"},"classes":[]},{"id":128261,"url":"https:\/\/www.wallendorff.com\/belogue\/2024\/06\/12\/cetait-2004\/","url_meta":{"origin":23003,"position":2},"title":"C&rsquo;\u00e9tait 2004.","author":"dpc","date":"12 juin 2024","format":false,"excerpt":"En ouvrant ce journal, il y a 20 ans, je n'aurais jamais pens\u00e9 qu'il durerait si longtemps. Mais il a tenu, d'abord sur feu 20six, puis en solitaire sur ce site, traversant les plateformes et les modes jusqu'\u00e0 aujourd'hui. MySpace, Flickr, Facebook, Instagram passent et disparaissent, mais reste ce site.Je\u2026","rel":"","context":"Dans &quot;DPC&quot;","block_context":{"text":"DPC","link":"https:\/\/www.wallendorff.com\/belogue\/category\/dpc\/"},"img":{"alt_text":"","src":"https:\/\/i0.wp.com\/www.wallendorff.com\/belogue\/wp-content\/uploads\/2024\/06\/20240612-03.jpg?resize=350%2C200&ssl=1","width":350,"height":200,"srcset":"https:\/\/i0.wp.com\/www.wallendorff.com\/belogue\/wp-content\/uploads\/2024\/06\/20240612-03.jpg?resize=350%2C200&ssl=1 1x, https:\/\/i0.wp.com\/www.wallendorff.com\/belogue\/wp-content\/uploads\/2024\/06\/20240612-03.jpg?resize=525%2C300&ssl=1 1.5x, https:\/\/i0.wp.com\/www.wallendorff.com\/belogue\/wp-content\/uploads\/2024\/06\/20240612-03.jpg?resize=700%2C400&ssl=1 2x, https:\/\/i0.wp.com\/www.wallendorff.com\/belogue\/wp-content\/uploads\/2024\/06\/20240612-03.jpg?resize=1050%2C600&ssl=1 3x"},"classes":[]},{"id":19926,"url":"https:\/\/www.wallendorff.com\/belogue\/2012\/12\/28\/2012-en-3\/","url_meta":{"origin":23003,"position":3},"title":"2012 en&#8230; #3.","author":"dpc","date":"28 d\u00e9cembre 2012","format":false,"excerpt":"pr\u00e9sente 2012 en 10 concerts pas oubliables. Oui c'est la m\u00eame qu'en 2010 mais faut me comprendre, aussi\u00a0: Avec ce concert, j'aurai tout v\u00e9cu\u00a0: l'accr\u00e9ditation-surprise, l'affaire de l'Italien et le m\u00e9diator de Mike McCready, l'aller-retour \u00e9clair sur la sc\u00e8ne d'\u00e0 c\u00f4t\u00e9 pour faire 3 photos de The Rapture, le retour\u2026","rel":"","context":"Dans &quot;Alive&quot;","block_context":{"text":"Alive","link":"https:\/\/www.wallendorff.com\/belogue\/category\/alive\/"},"img":{"alt_text":"","src":"https:\/\/i0.wp.com\/www.wallendorff.com\/belogue\/wp-content\/uploads\/2015\/04\/201212281.jpg?resize=350%2C200&ssl=1","width":350,"height":200,"srcset":"https:\/\/i0.wp.com\/www.wallendorff.com\/belogue\/wp-content\/uploads\/2015\/04\/201212281.jpg?resize=350%2C200&ssl=1 1x, https:\/\/i0.wp.com\/www.wallendorff.com\/belogue\/wp-content\/uploads\/2015\/04\/201212281.jpg?resize=525%2C300&ssl=1 1.5x, https:\/\/i0.wp.com\/www.wallendorff.com\/belogue\/wp-content\/uploads\/2015\/04\/201212281.jpg?resize=700%2C400&ssl=1 2x"},"classes":[]},{"id":23008,"url":"https:\/\/www.wallendorff.com\/belogue\/2014\/06\/21\/dix-ans-de-concerts-22\/","url_meta":{"origin":23003,"position":4},"title":"Dix ans de concerts [2\/2].","author":"dpc","date":"21 juin 2014","format":false,"excerpt":"Dix ans de chroniques de concerts qui parlent pas vraiment du concert Parce qu'il arrive, dans la vie, qu'on d\u00e9cide de parler un petit peu du concert de l'artiste, oui, mais surtout\u00a0: Du collier de guitares de l'artiste (Mclusky, Magic Stick, D\u00e9troit, 12 octobre 2004). Des draps de la chambre\u2026","rel":"","context":"Dans &quot;DPC&quot;","block_context":{"text":"DPC","link":"https:\/\/www.wallendorff.com\/belogue\/category\/dpc\/"},"img":{"alt_text":"","src":"https:\/\/i0.wp.com\/www.wallendorff.com\/belogue\/wp-content\/uploads\/2015\/04\/20110624-161.jpg?resize=350%2C200&ssl=1","width":350,"height":200,"srcset":"https:\/\/i0.wp.com\/www.wallendorff.com\/belogue\/wp-content\/uploads\/2015\/04\/20110624-161.jpg?resize=350%2C200&ssl=1 1x, https:\/\/i0.wp.com\/www.wallendorff.com\/belogue\/wp-content\/uploads\/2015\/04\/20110624-161.jpg?resize=525%2C300&ssl=1 1.5x, https:\/\/i0.wp.com\/www.wallendorff.com\/belogue\/wp-content\/uploads\/2015\/04\/20110624-161.jpg?resize=700%2C400&ssl=1 2x"},"classes":[]},{"id":7677,"url":"https:\/\/www.wallendorff.com\/belogue\/2010\/06\/12\/six\/","url_meta":{"origin":23003,"position":5},"title":"668 the neighbour of the beast.","author":"dpc","date":"12 juin 2010","format":false,"excerpt":"Rue Michel-le-Comte, Paris, 8 mai. Non mais l\u00e0 c'est plut\u00f4t une mobylette qu'un escalier, donc \u00e7a compte pas. Hum. Ah et puis\u00a0: Il y a six ans, les Pistons de D\u00e9troit \u00e9taient en finale NBA. Il y a cinq ans, les Pistons de D\u00e9troit \u00e9taient encore en finale NBA. Il\u2026","rel":"","context":"Dans &quot;DPC&quot;","block_context":{"text":"DPC","link":"https:\/\/www.wallendorff.com\/belogue\/category\/dpc\/"},"img":{"alt_text":"","src":"https:\/\/i0.wp.com\/www.wallendorff.com\/belogue\/wp-content\/uploads\/2015\/04\/201006121.jpg?resize=350%2C200&ssl=1","width":350,"height":200},"classes":[]}],"_links":{"self":[{"href":"https:\/\/www.wallendorff.com\/belogue\/wp-json\/wp\/v2\/posts\/23003","targetHints":{"allow":["GET"]}}],"collection":[{"href":"https:\/\/www.wallendorff.com\/belogue\/wp-json\/wp\/v2\/posts"}],"about":[{"href":"https:\/\/www.wallendorff.com\/belogue\/wp-json\/wp\/v2\/types\/post"}],"author":[{"embeddable":true,"href":"https:\/\/www.wallendorff.com\/belogue\/wp-json\/wp\/v2\/users\/1"}],"replies":[{"embeddable":true,"href":"https:\/\/www.wallendorff.com\/belogue\/wp-json\/wp\/v2\/comments?post=23003"}],"version-history":[{"count":7,"href":"https:\/\/www.wallendorff.com\/belogue\/wp-json\/wp\/v2\/posts\/23003\/revisions"}],"predecessor-version":[{"id":23024,"href":"https:\/\/www.wallendorff.com\/belogue\/wp-json\/wp\/v2\/posts\/23003\/revisions\/23024"}],"wp:featuredmedia":[{"embeddable":true,"href":"https:\/\/www.wallendorff.com\/belogue\/wp-json\/wp\/v2\/media\/26805"}],"wp:attachment":[{"href":"https:\/\/www.wallendorff.com\/belogue\/wp-json\/wp\/v2\/media?parent=23003"}],"wp:term":[{"taxonomy":"category","embeddable":true,"href":"https:\/\/www.wallendorff.com\/belogue\/wp-json\/wp\/v2\/categories?post=23003"},{"taxonomy":"post_tag","embeddable":true,"href":"https:\/\/www.wallendorff.com\/belogue\/wp-json\/wp\/v2\/tags?post=23003"}],"curies":[{"name":"wp","href":"https:\/\/api.w.org\/{rel}","templated":true}]}}