{"id":22972,"date":"2014-06-16T11:07:38","date_gmt":"2014-06-16T09:07:38","guid":{"rendered":"http:\/\/www.wallendorff.com\/?p=22972"},"modified":"2014-06-16T11:18:33","modified_gmt":"2014-06-16T09:18:33","slug":"dix-ans-de-cimetieres","status":"publish","type":"post","link":"https:\/\/www.wallendorff.com\/belogue\/2014\/06\/16\/dix-ans-de-cimetieres\/","title":{"rendered":"Dix ans de cimeti\u00e8res."},"content":{"rendered":"<div id=\"photo\">\n<p><img decoding=\"async\" src=\"https:\/\/www.wallendorff.com\/belogue\/photo\/2011\/06\/20110603.jpg\" \/><\/p>\n<\/div>\n<p style=\"text-align:right\">[Et aussi 10 ans de croix].<\/p>\n<p style=\"text-align:right\">Dix ans &agrave; les visiter d&egrave;s que j&rsquo;en rencontre un. Dix ans &agrave; ne jamais y passer plus de 15 minutes, aussi, sinon &ccedil;a finit par me d&eacute;primer.<\/p>\n<h1 style=\"text-align:right\">Deux coudes cuits hier &agrave; Pau.<\/h1>\n<div id=\"photo2\">\n<p><img decoding=\"async\" src=\"https:\/\/www.wallendorff.com\/belogue\/photo\/2008\/10\/20081014.jpg\" \/><\/p>\n<\/div>\n<p style=\"text-align:right\"> <a href=\"https:\/\/www.wallendorff.com\/belogue\/2008\/10\/14\/deux-coudes-cuits-hier-a-pau\/\">Saint Cyr&rsquo;s Church, Stonehouse, 15 septembre 2008<\/a>.<\/p>\n<p>&nbsp;<\/p>\n<h1 style=\"text-align:right\">Shooting people #42.<\/h1>\n<div id=\"photo2\">\n<p><img decoding=\"async\" src=\"https:\/\/www.wallendorff.com\/belogue\/photo\/2008\/11\/20081126.jpg\" \/><\/p>\n<\/div>\n<p style=\"text-align:right\"> <a href=\"https:\/\/www.wallendorff.com\/belogue\/2008\/11\/26\/shooting-people-42\/\">Cimeti&egrave;re du P&egrave;re-Lachaise, Paris, 9 novembre 2008<\/a>.<\/p>\n<p>&nbsp;<\/p>\n<h1 style=\"text-align:right\">Rire y fit fiel ou loup.<\/h1>\n<div id=\"photo2\">\n<p><img decoding=\"async\" src=\"https:\/\/www.wallendorff.com\/belogue\/photo\/2009\/02\/20090216.jpg\" \/><\/p>\n<\/div>\n<p style=\"text-align:right\"> <a href=\"https:\/\/www.wallendorff.com\/belogue\/2009\/02\/16\/rire-y-fit-fiel-ou-loup\/\">Cimeti&egrave;re de Montmartre, Paris, 14 f&eacute;vrier 2009<\/a>.<\/p>\n<p>&nbsp;<\/p>\n<h1 style=\"text-align:right\">But I can&rsquo;t move the mountains for you.<\/h1>\n<div id=\"photo2\">\n<p><img decoding=\"async\" src=\"https:\/\/www.wallendorff.com\/belogue\/photo\/2010\/02\/20100224.jpg\" \/><\/p>\n<\/div>\n<p style=\"text-align:right\"><a href=\"https:\/\/www.wallendorff.com\/belogue\/2010\/02\/24\/but-i-cant-move-the-mountains-for-you\/\">Cimeti&egrave;re de Belleville, Paris, 9 janvier 2010<\/a>.<\/p>\n<p>&nbsp;<\/p>\n<h1 style=\"text-align:right\">Vous &ecirc;tes gravissante.<\/h1>\n<div id=\"photo2\">\n<p><img decoding=\"async\" src=\"https:\/\/www.wallendorff.com\/belogue\/photo\/2011\/06\/20110603.jpg\" \/><\/p>\n<\/div>\n<p style=\"text-align:right\"><a href=\"https:\/\/www.wallendorff.com\/belogue\/2011\/06\/03\/vous-etes-gravissante\/\">Cimeti&egrave;re de Montmartre, Paris, 7 mai 2011<\/a>.<\/p>\n<p>&nbsp;<\/p>\n<h1 style=\"text-align:right\">Very bad crypte.<\/h1>\n<div id=\"photo2\">\n<p><img decoding=\"async\" src=\"https:\/\/www.wallendorff.com\/belogue\/photo\/2011\/08\/20110810.jpg\" \/><\/p>\n<\/div>\n<p style=\"text-align:right\"><a href=\"https:\/\/www.wallendorff.com\/belogue\/2011\/08\/10\/very-bad-crypte\/\">Cimeti&egrave;re du P&egrave;re-Lachaise, Paris, 26 juin 2012<\/a>.<\/p>\n<p>&nbsp;<\/p>\n<h1 style=\"text-align:right\">Dupe, ins&ucirc;re, l&agrave;, penche.<\/h1>\n<div id=\"photo2\">\n<p><img decoding=\"async\" src=\"https:\/\/www.wallendorff.com\/belogue\/photo\/2011\/08\/20110822.jpg\" \/><\/p>\n<\/div>\n<p style=\"text-align:right\"><a href=\"https:\/\/www.wallendorff.com\/belogue\/2011\/08\/22\/dupe-insure-la-penche\/\">H&ocirc;tel de Cluny, Paris, 23 juillet 2011<\/a>.<\/p>\n<p>&nbsp;<\/p>\n<h1 style=\"text-align:right\">Tombe [et des cordes].<\/h1>\n<div id=\"photo2\">\n<p><img decoding=\"async\" src=\"https:\/\/www.wallendorff.com\/belogue\/photo\/2012\/12\/20121222.jpg\" \/><\/p>\n<\/div>\n<p style=\"text-align:right\"><a href=\"https:\/\/www.wallendorff.com\/belogue\/2012\/12\/22\/tombes-et-des-cordes\/\">Cimeti&egrave;re du Calvaire, Paris, 1<sup>er<\/sup> novembre 2012<\/a>.<\/p>\n<p>&nbsp;<\/p>\n<h1 style=\"text-align:right\">Unbekannt.<\/h1>\n<div id=\"photo2\">\n<p><img decoding=\"async\" src=\"https:\/\/www.wallendorff.com\/belogue\/photo\/2013\/08\/20130822.jpg\" \/><\/p>\n<\/div>\n<p style=\"text-align:right\"><a href=\"https:\/\/www.wallendorff.com\/belogue\/2013\/08\/22\/unbekannt\/\">Amanvillers, 23 juin 2013<\/a>. <\/p>\n<p>&nbsp;<\/p>\n<h1 style=\"text-align:right\">Du chou dans la gam&egrave;te.<\/h1>\n<div id=\"photo2\">\n<p><img decoding=\"async\" src=\"https:\/\/www.wallendorff.com\/belogue\/photo\/2014\/05\/20140513.jpg\" \/><\/p>\n<\/div>\n<p style=\"text-align:right\"> <a href=\"https:\/\/www.wallendorff.com\/belogue\/2014\/05\/13\/du-chou-dans-la-gamete\/\">Garden of Remembrance, Dublin, 11 avril 2014<\/a>.<\/p>\n<p>&nbsp;<\/p>\n<p>&Eacute;galement cit&eacute;s&nbsp;:<\/p>\n<ul>\n<li><a href=\"https:\/\/www.wallendorff.com\/belogue\/2009\/09\/16\/4708\/\">Crise cross (Church Street, New York, 9 mai 2009)<\/a>.<\/li>\n<li><a href=\"https:\/\/www.wallendorff.com\/belogue\/2010\/06\/07\/come-on-lets-start-the-healing\/\">Come on let&rsquo;s start the healing (cimeti&egrave;re du Montparnasse, Paris, 5 juin 2010)<\/a>.<\/li>\n<li><a href=\"https:\/\/www.wallendorff.com\/belogue\/2010\/09\/24\/petaler-dans-lasse-moule\/\">P&eacute;tale aidant lasse moule (Locronan, 24 juillet 2010)<\/a>.<\/li>\n<li><a href=\"https:\/\/www.wallendorff.com\/belogue\/2010\/11\/03\/du-peu-feru-noeud-crade-sue\/\">Du peu f&eacute;ru, n&oelig;ud crade sue (Stockholm, 29 ao&ucirc;t 2010)<\/a>.<\/li>\n<\/ul>\n","protected":false},"excerpt":{"rendered":"<p>[Et aussi 10 ans de croix]. Dix ans &agrave; les visiter d&egrave;s que j&rsquo;en rencontre un. Dix ans &agrave; ne jamais y passer plus de 15 minutes, aussi, sinon &ccedil;a finit par me d&eacute;primer. Deux coudes cuits hier &agrave; Pau. Saint Cyr&rsquo;s Church, Stonehouse, 15 septembre 2008. &nbsp; Shooting people #42. Cimeti&egrave;re du P&egrave;re-Lachaise, Paris,&hellip;<\/p>\n","protected":false},"author":1,"featured_media":26798,"comment_status":"open","ping_status":"open","sticky":false,"template":"","format":"standard","meta":{"_acf_changed":false,"ngg_post_thumbnail":0,"jetpack_post_was_ever_published":false,"_jetpack_newsletter_access":"","_jetpack_dont_email_post_to_subs":false,"_jetpack_newsletter_tier_id":0,"_jetpack_memberships_contains_paywalled_content":false,"_jetpack_memberships_contains_paid_content":false,"footnotes":"","jetpack_publicize_message":"","jetpack_publicize_feature_enabled":true,"jetpack_social_post_already_shared":false,"jetpack_social_options":{"image_generator_settings":{"template":"highway","default_image_id":0,"font":"","enabled":false},"version":2}},"categories":[3],"tags":[8630,10207,10344],"class_list":["post-22972","post","type-post","status-publish","format-standard","has-post-thumbnail","hentry","category-dpc","tag-8630","tag-cimetiere","tag-croix"],"acf":[],"geo":null,"jetpack_publicize_connections":[],"jetpack_featured_media_url":"https:\/\/www.wallendorff.com\/belogue\/wp-content\/uploads\/2015\/04\/201106032.jpg","jetpack_shortlink":"https:\/\/wp.me\/p3b35P-5Yw","jetpack_sharing_enabled":true,"jetpack-related-posts":[{"id":22943,"url":"https:\/\/www.wallendorff.com\/belogue\/2014\/06\/11\/dix-ans-dans-les-escaliers\/","url_meta":{"origin":22972,"position":0},"title":"Dix ans dans les escaliers.","author":"dpc","date":"11 juin 2014","format":false,"excerpt":"10 ans montent, 10 ans qui descendent et beaucoup de spirales. Mont d'charges. Congress Hotel, Chicago, 12 d\u00e9cembre 2004. \u00a0 \u00c7a te va \u00e0 gravir. Toronto, 29 janvier 2005. \u00a0 Dans le m\u00eame palier [tous les yeux]. Prinsengracht, Amsterdam, 13 ao\u00fbt 2007. \u00a0 S\u00e9pare l\u00e0. Rue des Couronnes, Paris, 17\u2026","rel":"","context":"Dans &quot;DPC&quot;","block_context":{"text":"DPC","link":"https:\/\/www.wallendorff.com\/belogue\/category\/dpc\/"},"img":{"alt_text":"","src":"https:\/\/i0.wp.com\/www.wallendorff.com\/belogue\/wp-content\/uploads\/2015\/04\/200903123.jpg?resize=350%2C200&ssl=1","width":350,"height":200,"srcset":"https:\/\/i0.wp.com\/www.wallendorff.com\/belogue\/wp-content\/uploads\/2015\/04\/200903123.jpg?resize=350%2C200&ssl=1 1x, https:\/\/i0.wp.com\/www.wallendorff.com\/belogue\/wp-content\/uploads\/2015\/04\/200903123.jpg?resize=525%2C300&ssl=1 1.5x"},"classes":[]},{"id":23102,"url":"https:\/\/www.wallendorff.com\/belogue\/2014\/06\/30\/dix-ans-de-titres\/","url_meta":{"origin":22972,"position":1},"title":"Dix ans de titres.","author":"dpc","date":"30 juin 2014","format":false,"excerpt":"Dix ans de matin\u00e9es pass\u00e9es \u00e0 se triturer la t\u00eate pour trouver un jeu de mot. Dix ans \u00e0 pondre des titres plus d\u00e9biles et plus obscurs les uns que les autres, parfois si obscurs que, m\u00eame moi, je ne les comprends plus. Cette liste de 2\u00a0894 titres est loin\u2026","rel":"","context":"Dans &quot;DPC&quot;","block_context":{"text":"DPC","link":"https:\/\/www.wallendorff.com\/belogue\/category\/dpc\/"},"img":{"alt_text":"","src":"","width":0,"height":0},"classes":[]},{"id":23047,"url":"https:\/\/www.wallendorff.com\/belogue\/2014\/06\/25\/dix-ans-derriere-des-gens-et-a-cote-deux-aussi\/","url_meta":{"origin":22972,"position":2},"title":"Dix ans derri\u00e8re des gens [et \u00e0 c\u00f4t\u00e9 d&rsquo;eux, aussi].","author":"dpc","date":"25 juin 2014","format":false,"excerpt":"[plus une statue.] Et l\u00e0 je vois d'avance deux ou trois petits malins venir me dire \u00ab\u00a0non mais dis donc, les photos mises en exergue des 10 ans d'autoportraits, des 10 ans de nuits, des 10 ans de cimeti\u00e8res et des 10 ans de filles-dans-des-ruelles-sombres-la-nuit-avec-un-lampadaire \u00e9taient d\u00e9j\u00e0 TOUTES des photos\u2026","rel":"","context":"Dans &quot;DPC&quot;","block_context":{"text":"DPC","link":"https:\/\/www.wallendorff.com\/belogue\/category\/dpc\/"},"img":{"alt_text":"","src":"https:\/\/i0.wp.com\/www.wallendorff.com\/belogue\/wp-content\/uploads\/2015\/04\/201202162.jpg?resize=350%2C200&ssl=1","width":350,"height":200,"srcset":"https:\/\/i0.wp.com\/www.wallendorff.com\/belogue\/wp-content\/uploads\/2015\/04\/201202162.jpg?resize=350%2C200&ssl=1 1x, https:\/\/i0.wp.com\/www.wallendorff.com\/belogue\/wp-content\/uploads\/2015\/04\/201202162.jpg?resize=525%2C300&ssl=1 1.5x, https:\/\/i0.wp.com\/www.wallendorff.com\/belogue\/wp-content\/uploads\/2015\/04\/201202162.jpg?resize=700%2C400&ssl=1 2x"},"classes":[]},{"id":22843,"url":"https:\/\/www.wallendorff.com\/belogue\/2014\/06\/02\/10-ans-le-nez-en-lair\/","url_meta":{"origin":22972,"position":3},"title":"10 ans le nez en l&rsquo;air.","author":"dpc","date":"2 juin 2014","format":false,"excerpt":"Dix ans le nez en l'air. dix ans \u00e0 regarder en haut, chercher des centres et des sym\u00e9tries. Dix ans \u00e0 s'agenouiller le plus bas possible pour gagner du champ et viser de plus en plus haut, jusqu'\u00e0 la verticale. Et dix ans de torticolis, aussi. Vois l'ath\u00e9e. Main Street,\u2026","rel":"","context":"Dans &quot;DPC&quot;","block_context":{"text":"DPC","link":"https:\/\/www.wallendorff.com\/belogue\/category\/dpc\/"},"img":{"alt_text":"","src":"https:\/\/i0.wp.com\/www.wallendorff.com\/belogue\/wp-content\/uploads\/2015\/04\/200910123.jpg?resize=350%2C200&ssl=1","width":350,"height":200,"srcset":"https:\/\/i0.wp.com\/www.wallendorff.com\/belogue\/wp-content\/uploads\/2015\/04\/200910123.jpg?resize=350%2C200&ssl=1 1x, https:\/\/i0.wp.com\/www.wallendorff.com\/belogue\/wp-content\/uploads\/2015\/04\/200910123.jpg?resize=525%2C300&ssl=1 1.5x, https:\/\/i0.wp.com\/www.wallendorff.com\/belogue\/wp-content\/uploads\/2015\/04\/200910123.jpg?resize=700%2C400&ssl=1 2x"},"classes":[]},{"id":22997,"url":"https:\/\/www.wallendorff.com\/belogue\/2014\/06\/19\/dix-ans-de-crepuscules\/","url_meta":{"origin":22972,"position":4},"title":"Dix ans de cr\u00e9puscules.","author":"dpc","date":"19 juin 2014","format":false,"excerpt":"Dix ans de bleu, dix ans de jaune, dix ans de jour qui fuit. Coachella Music and Arts Festival, Indio, 1er-2 mai. Indio, 1er mai 2004. \u00a0 Meute de Louvre. Palais du Louvre, Paris, 29 septembre 2005. \u00a0 \u00d4, monde, d'yeux. King Edward Street, Liverpool, 18 octobre 2007. \u00a0 Fous\u2026","rel":"","context":"Dans &quot;DPC&quot;","block_context":{"text":"DPC","link":"https:\/\/www.wallendorff.com\/belogue\/category\/dpc\/"},"img":{"alt_text":"","src":"https:\/\/i0.wp.com\/www.wallendorff.com\/belogue\/wp-content\/uploads\/2015\/04\/201209102.jpg?resize=350%2C200&ssl=1","width":350,"height":200,"srcset":"https:\/\/i0.wp.com\/www.wallendorff.com\/belogue\/wp-content\/uploads\/2015\/04\/201209102.jpg?resize=350%2C200&ssl=1 1x, https:\/\/i0.wp.com\/www.wallendorff.com\/belogue\/wp-content\/uploads\/2015\/04\/201209102.jpg?resize=525%2C300&ssl=1 1.5x, https:\/\/i0.wp.com\/www.wallendorff.com\/belogue\/wp-content\/uploads\/2015\/04\/201209102.jpg?resize=700%2C400&ssl=1 2x"},"classes":[]},{"id":23041,"url":"https:\/\/www.wallendorff.com\/belogue\/2014\/06\/24\/dix-ans-en-lair\/","url_meta":{"origin":22972,"position":5},"title":"Dix ans en l&rsquo;air.","author":"dpc","date":"24 juin 2014","format":false,"excerpt":"Dix ans d'avion. Dix ans d'a\u00e9roports. Dix ans de transit. Shiphol, three hours, three pics. Schiphol Luchthaven, Amsterdam, 18 d\u00e9cembre 2004. \u00a0 Schiphol Luchthaven, Amsterdam, 16 f\u00e9vrier 2005. \u00a0 Assises bonnes en gare. George Bush Intercontinental Airport, Houston, 27 avril 2007. \u00a0 Kilom\u00e8tre 2\u00a0488. Schiphol Luchthaven, Amsterdam, 2 avril 2008.\u2026","rel":"","context":"Dans &quot;DPC&quot;","block_context":{"text":"DPC","link":"https:\/\/www.wallendorff.com\/belogue\/category\/dpc\/"},"img":{"alt_text":"","src":"https:\/\/i0.wp.com\/www.wallendorff.com\/belogue\/wp-content\/uploads\/2015\/04\/201211013.jpg?resize=350%2C200&ssl=1","width":350,"height":200,"srcset":"https:\/\/i0.wp.com\/www.wallendorff.com\/belogue\/wp-content\/uploads\/2015\/04\/201211013.jpg?resize=350%2C200&ssl=1 1x, https:\/\/i0.wp.com\/www.wallendorff.com\/belogue\/wp-content\/uploads\/2015\/04\/201211013.jpg?resize=525%2C300&ssl=1 1.5x, https:\/\/i0.wp.com\/www.wallendorff.com\/belogue\/wp-content\/uploads\/2015\/04\/201211013.jpg?resize=700%2C400&ssl=1 2x"},"classes":[]}],"_links":{"self":[{"href":"https:\/\/www.wallendorff.com\/belogue\/wp-json\/wp\/v2\/posts\/22972","targetHints":{"allow":["GET"]}}],"collection":[{"href":"https:\/\/www.wallendorff.com\/belogue\/wp-json\/wp\/v2\/posts"}],"about":[{"href":"https:\/\/www.wallendorff.com\/belogue\/wp-json\/wp\/v2\/types\/post"}],"author":[{"embeddable":true,"href":"https:\/\/www.wallendorff.com\/belogue\/wp-json\/wp\/v2\/users\/1"}],"replies":[{"embeddable":true,"href":"https:\/\/www.wallendorff.com\/belogue\/wp-json\/wp\/v2\/comments?post=22972"}],"version-history":[{"count":3,"href":"https:\/\/www.wallendorff.com\/belogue\/wp-json\/wp\/v2\/posts\/22972\/revisions"}],"predecessor-version":[{"id":22975,"href":"https:\/\/www.wallendorff.com\/belogue\/wp-json\/wp\/v2\/posts\/22972\/revisions\/22975"}],"wp:featuredmedia":[{"embeddable":true,"href":"https:\/\/www.wallendorff.com\/belogue\/wp-json\/wp\/v2\/media\/26798"}],"wp:attachment":[{"href":"https:\/\/www.wallendorff.com\/belogue\/wp-json\/wp\/v2\/media?parent=22972"}],"wp:term":[{"taxonomy":"category","embeddable":true,"href":"https:\/\/www.wallendorff.com\/belogue\/wp-json\/wp\/v2\/categories?post=22972"},{"taxonomy":"post_tag","embeddable":true,"href":"https:\/\/www.wallendorff.com\/belogue\/wp-json\/wp\/v2\/tags?post=22972"}],"curies":[{"name":"wp","href":"https:\/\/api.w.org\/{rel}","templated":true}]}}