{"id":22964,"date":"2014-06-14T10:53:58","date_gmt":"2014-06-14T08:53:58","guid":{"rendered":"http:\/\/www.wallendorff.com\/?p=22964"},"modified":"2014-06-14T11:03:16","modified_gmt":"2014-06-14T09:03:16","slug":"dix-ans-dautoportraits","status":"publish","type":"post","link":"https:\/\/www.wallendorff.com\/belogue\/2014\/06\/14\/dix-ans-dautoportraits\/","title":{"rendered":"Dix ans d&rsquo;autoportraits."},"content":{"rendered":"<div id=\"photo\">\n<p><img decoding=\"async\" src=\"https:\/\/www.wallendorff.com\/belogue\/photo\/2013\/08\/20130821.jpg\" \/><\/p>\n<\/div>\n<p style=\"text-align:right\">Ou dix ans de sailphis, comme on dit aujourd&rsquo;hui.<\/p>\n<h1 style=\"text-align:right\">Chicago 2.<\/h1>\n<div id=\"photo2\">\n<p><img decoding=\"async\" src=\"https:\/\/www.wallendorff.com\/belogue\/photo\/2004\/12\/27.jpg\" \/><\/p>\n<\/div>\n<p style=\"text-align:right\"> <a href=\"https:\/\/www.wallendorff.com\/belogue\/2004\/12\/16\/chicago-2\/\">Millenium Park, Chicago, 11 d&eacute;cembre 2004<\/a>.<\/p>\n<p>&nbsp;<\/p>\n<h1 style=\"text-align:right\">10&nbsp;958 jours, 30 moi.<\/h1>\n<div id=\"photo2\">\n<p><img decoding=\"async\" src=\"https:\/\/www.wallendorff.com\/belogue\/photo\/2014\/06\/20140616.jpg\" \/><\/p>\n<\/div>\n<p style=\"text-align:right\"> <a href=\"https:\/\/www.wallendorff.com\/belogue\/2008\/02\/21\/10958jours-30-mois\/\">Macomb, 15 janvier 2005<\/a>.<\/p>\n<p>&nbsp;<\/p>\n<h1 style=\"text-align:right\">Hell is in wander-land #2 &#8213; vois lass&eacute; gros <em>me<\/em>.<\/h1>\n<div id=\"photo2\">\n<p><img decoding=\"async\" src=\"https:\/\/www.wallendorff.com\/belogue\/photo\/2008\/03\/20080327.jpg\" \/><\/p>\n<\/div>\n<p style=\"text-align:right\"> <a href=\"https:\/\/www.wallendorff.com\/belogue\/2008\/03\/27\/hell-is-in-wander-land-2-vois-lass-gros-me\/\">Chambre 321, h&ocirc;tel Sanderson, Londres, 18 f&eacute;vrier 2008<\/a>.<\/p>\n<p>&nbsp;<\/p>\n<h1 style=\"text-align:right\">Main Square Festival, Arras, 5-6 juillet.<\/h1>\n<div id=\"photo2\">\n<p><img decoding=\"async\" src=\"https:\/\/www.wallendorff.com\/belogue\/photo\/2008\/07\/20080707.jpg\" \/><\/p>\n<\/div>\n<p style=\"text-align:right\"><a href=\"https:\/\/www.wallendorff.com\/belogue\/2008\/07\/07\/main-square-festival-arras-5-6-juillet\/\">Main Square Festival, Arras, 6 juillet 2008<\/a>.<\/p>\n<p>&nbsp;<\/p>\n<h1 style=\"text-align:right\">Thirsty one.<\/h1>\n<div id=\"photo2\">\n<p><img decoding=\"async\" src=\"https:\/\/www.wallendorff.com\/belogue\/photo\/2009\/02\/20090221.jpg\" \/><\/p>\n<\/div>\n<p style=\"text-align:right\"><a href=\"https:\/\/www.wallendorff.com\/belogue\/2009\/02\/21\/thirsty-one\/\">Paris, 21 f&eacute;vrier 2009<\/a>.<\/p>\n<p>&nbsp;<\/p>\n<h1 style=\"text-align:right\">Hey ho l&rsquo;ego.<\/h1>\n<div id=\"photo2\">\n<p><img decoding=\"async\" src=\"https:\/\/www.wallendorff.com\/belogue\/photo\/2010\/01\/20100103.jpg\" \/><\/p>\n<\/div>\n<p style=\"text-align:right\"><a href=\"https:\/\/www.wallendorff.com\/belogue\/2010\/01\/03\/hey-ho-lego\/\">CMC, 29 octobre 2009<\/a>.<\/p>\n<p>&nbsp;<\/p>\n<h1 style=\"text-align:right\">Main Square Festival, Arras, 2-4 juillet.<\/h1>\n<div id=\"photo2\">\n<p><img decoding=\"async\" src=\"https:\/\/www.wallendorff.com\/belogue\/photo\/2010\/07\/20100705.jpg\" \/><\/p>\n<\/div>\n<p style=\"text-align:right\"><a href=\"https:\/\/www.wallendorff.com\/belogue\/2010\/07\/05\/main-square-festival-arras-2-4-juillet\/\">Main Square Festival, Arras, 4 juillet 2010<\/a>.<\/p>\n<p>&nbsp;<\/p>\n<h1 style=\"text-align:right\">Main Square Festival, Arras, 1<sup>er<\/sup>-3 juillet.<\/h1>\n<div id=\"photo2\">\n<p><img decoding=\"async\" src=\"https:\/\/www.wallendorff.com\/belogue\/photo\/2011\/07\/20110704.jpg\" \/><\/p>\n<\/div>\n<p style=\"text-align:right\"><a href=\"https:\/\/www.wallendorff.com\/belogue\/2011\/07\/04\/main-square-festival-arras-1er-3-juillet\/\">Main Square Festival, Arras, 3 juillet 2011<\/a>.<\/p>\n<p>&nbsp;<\/p>\n<h1 style=\"text-align:right\">Main Square Festival, Arras, 29 juin &#8211; 1<sup>er<\/sup> juillet.<\/h1>\n<div id=\"photo2\">\n<p><img decoding=\"async\" src=\"https:\/\/www.wallendorff.com\/belogue\/photo\/2012\/07\/20120702.jpg\" \/><\/p>\n<\/div>\n<p style=\"text-align:right\"><a href=\"https:\/\/www.wallendorff.com\/belogue\/2012\/07\/02\/main-square-festival-arras-29-juin-1er-juillet\/\">Main Square Festival, Arras, 1<sup>er<\/sup> juillet 2012<\/a>. <\/p>\n<p>&nbsp;<\/p>\n<h1 style=\"text-align:right\">Auto-portrait &agrave; l&rsquo;oseille coup&eacute;.<\/h1>\n<div id=\"photo2\">\n<p><img decoding=\"async\" src=\"https:\/\/www.wallendorff.com\/belogue\/photo\/2013\/08\/20130821.jpg\" \/><\/p>\n<\/div>\n<p style=\"text-align:right\"> <a href=\"https:\/\/www.wallendorff.com\/belogue\/2013\/08\/21\/autoportrait-a-loseille-coupe\/\">Amanvillers, 23 juin 2013<\/a>.<\/p>\n<p>&nbsp;<\/p>\n<h1 style=\"text-align:right\">Les Eurock&eacute;ennes, Belfort, 4-7 juillet.<\/h1>\n<div id=\"photo2\">\n<p><img decoding=\"async\" src=\"https:\/\/www.wallendorff.com\/belogue\/photo\/2013\/07\/20130708.jpg\" \/><\/p>\n<\/div>\n<p style=\"text-align:right\"> <a href=\"https:\/\/www.wallendorff.com\/belogue\/2013\/07\/08\/les-eurockeennes-belfort-4-7-juillet\/\">Les Eurock&eacute;ennes, Belfort, 7 juillet 2013<\/a>.<\/p>\n<p>&nbsp;<\/p>\n<h1>&Eacute;galement cit&eacute;s&nbsp;:<\/h1>\n<ul>\n<li><a href=\"https:\/\/www.wallendorff.com\/belogue\/2006\/02\/26\/dis-mange-me-dis\/\">Dis, mange-me, dis (Paris, 18 f&eacute;vrier 2006)<\/a>.<\/li>\n<li><a href=\"www.wallendorff.com\/2009\/01\/26\/new-life-day-one\/\">New life, day one (passage des Panoramas, Paris, 24 janvier 2009)<\/a>.<\/li>\n<li><a href=\"https:\/\/www.wallendorff.com\/belogue\/2012\/06\/18\/iii-et-moi\/\">III [et moi] (gare de l&rsquo;Est, Paris, 17 juin 2012) (qui n&rsquo;est pas vraiment un auto-portrait puisque c&rsquo;est Morgane Launay qui l&rsquo;a pris)<\/a>.<\/li>\n<\/ul>\n","protected":false},"excerpt":{"rendered":"<p>Ou dix ans de sailphis, comme on dit aujourd&rsquo;hui. Chicago 2. Millenium Park, Chicago, 11 d&eacute;cembre 2004. &nbsp; 10&nbsp;958 jours, 30 moi. Macomb, 15 janvier 2005. &nbsp; Hell is in wander-land #2 &#8213; vois lass&eacute; gros me. Chambre 321, h&ocirc;tel Sanderson, Londres, 18 f&eacute;vrier 2008. &nbsp; Main Square Festival, Arras, 5-6 juillet. Main Square Festival,&hellip;<\/p>\n","protected":false},"author":1,"featured_media":26796,"comment_status":"open","ping_status":"open","sticky":false,"template":"","format":"standard","meta":{"_acf_changed":false,"ngg_post_thumbnail":0,"jetpack_post_was_ever_published":false,"_jetpack_newsletter_access":"","_jetpack_dont_email_post_to_subs":false,"_jetpack_newsletter_tier_id":0,"_jetpack_memberships_contains_paywalled_content":false,"_jetpack_memberships_contains_paid_content":false,"footnotes":"","jetpack_publicize_message":"","jetpack_publicize_feature_enabled":true,"jetpack_social_post_already_shared":false,"jetpack_social_options":{"image_generator_settings":{"template":"highway","default_image_id":0,"font":"","enabled":false},"version":2}},"categories":[3],"tags":[8630,11310,449],"class_list":["post-22964","post","type-post","status-publish","format-standard","has-post-thumbnail","hentry","category-dpc","tag-8630","tag-autoportrait","tag-moi"],"acf":[],"geo":null,"jetpack_publicize_connections":[],"jetpack_featured_media_url":"https:\/\/www.wallendorff.com\/belogue\/wp-content\/uploads\/2015\/04\/201308212.jpg","jetpack_shortlink":"https:\/\/wp.me\/p3b35P-5Yo","jetpack_sharing_enabled":true,"jetpack-related-posts":[{"id":23099,"url":"https:\/\/www.wallendorff.com\/belogue\/2014\/06\/29\/dix-ans-de-tout-le-reste\/","url_meta":{"origin":22964,"position":0},"title":"Dix ans de tout le reste.","author":"dpc","date":"29 juin 2014","format":false,"excerpt":"Dix ans de tout ce qui n'a pas pu entrer dans les autres cat\u00e9gories. Dix ans de photos qui comptent, sans qu'on sache vraiment pourquoi. Dix ans de photos de toilettes, mais pas assez pour en faire une s\u00e9rie. Faudra penser \u00e0 en faire plein, en pr\u00e9vision des 20 ans.\u2026","rel":"","context":"Dans &quot;DPC&quot;","block_context":{"text":"DPC","link":"https:\/\/www.wallendorff.com\/belogue\/category\/dpc\/"},"img":{"alt_text":"","src":"https:\/\/i0.wp.com\/www.wallendorff.com\/belogue\/wp-content\/uploads\/2015\/04\/248.jpg?resize=350%2C200&ssl=1","width":350,"height":200,"srcset":"https:\/\/i0.wp.com\/www.wallendorff.com\/belogue\/wp-content\/uploads\/2015\/04\/248.jpg?resize=350%2C200&ssl=1 1x, https:\/\/i0.wp.com\/www.wallendorff.com\/belogue\/wp-content\/uploads\/2015\/04\/248.jpg?resize=525%2C300&ssl=1 1.5x, https:\/\/i0.wp.com\/www.wallendorff.com\/belogue\/wp-content\/uploads\/2015\/04\/248.jpg?resize=700%2C400&ssl=1 2x"},"classes":[]},{"id":22997,"url":"https:\/\/www.wallendorff.com\/belogue\/2014\/06\/19\/dix-ans-de-crepuscules\/","url_meta":{"origin":22964,"position":1},"title":"Dix ans de cr\u00e9puscules.","author":"dpc","date":"19 juin 2014","format":false,"excerpt":"Dix ans de bleu, dix ans de jaune, dix ans de jour qui fuit. Coachella Music and Arts Festival, Indio, 1er-2 mai. Indio, 1er mai 2004. \u00a0 Meute de Louvre. Palais du Louvre, Paris, 29 septembre 2005. \u00a0 \u00d4, monde, d'yeux. King Edward Street, Liverpool, 18 octobre 2007. \u00a0 Fous\u2026","rel":"","context":"Dans &quot;DPC&quot;","block_context":{"text":"DPC","link":"https:\/\/www.wallendorff.com\/belogue\/category\/dpc\/"},"img":{"alt_text":"","src":"https:\/\/i0.wp.com\/www.wallendorff.com\/belogue\/wp-content\/uploads\/2015\/04\/201209102.jpg?resize=350%2C200&ssl=1","width":350,"height":200,"srcset":"https:\/\/i0.wp.com\/www.wallendorff.com\/belogue\/wp-content\/uploads\/2015\/04\/201209102.jpg?resize=350%2C200&ssl=1 1x, https:\/\/i0.wp.com\/www.wallendorff.com\/belogue\/wp-content\/uploads\/2015\/04\/201209102.jpg?resize=525%2C300&ssl=1 1.5x, https:\/\/i0.wp.com\/www.wallendorff.com\/belogue\/wp-content\/uploads\/2015\/04\/201209102.jpg?resize=700%2C400&ssl=1 2x"},"classes":[]},{"id":22968,"url":"https:\/\/www.wallendorff.com\/belogue\/2014\/06\/15\/dix-ans-de-nuits\/","url_meta":{"origin":22964,"position":2},"title":"Dix ans de nuits.","author":"dpc","date":"15 juin 2014","format":false,"excerpt":"Dix ans de noir. Dix ans d'un monde qui appartient \u00e0 ceux qui se couchent tard. [B]r\u00eaves nocturnes. Pine Lake, 5 avril 2004. \u00a0 Previously unreleased #6. State Theater, D\u00e9troit, 10 mai 2004. \u00a0 Lune et tard hier. Ibarron, 21 ao\u00fbt 2005. \u00a0 Photons matent haut. Place de la Concorde,\u2026","rel":"","context":"Dans &quot;DPC&quot;","block_context":{"text":"DPC","link":"https:\/\/www.wallendorff.com\/belogue\/category\/dpc\/"},"img":{"alt_text":"","src":"https:\/\/i0.wp.com\/www.wallendorff.com\/belogue\/wp-content\/uploads\/2015\/04\/201210102.jpg?resize=350%2C200&ssl=1","width":350,"height":200,"srcset":"https:\/\/i0.wp.com\/www.wallendorff.com\/belogue\/wp-content\/uploads\/2015\/04\/201210102.jpg?resize=350%2C200&ssl=1 1x, https:\/\/i0.wp.com\/www.wallendorff.com\/belogue\/wp-content\/uploads\/2015\/04\/201210102.jpg?resize=525%2C300&ssl=1 1.5x, https:\/\/i0.wp.com\/www.wallendorff.com\/belogue\/wp-content\/uploads\/2015\/04\/201210102.jpg?resize=700%2C400&ssl=1 2x"},"classes":[]},{"id":23057,"url":"https:\/\/www.wallendorff.com\/belogue\/2014\/06\/26\/dix-ans-sur-la-route\/","url_meta":{"origin":22964,"position":3},"title":"Dix ans sur la route.","author":"dpc","date":"26 juin 2014","format":false,"excerpt":"Dix ans de kilom\u00e8tres et de pneus br\u00fbl\u00e9s. Dix ans de pauses toutes les deux heures. Dix ans vers l'avant. McNichols Road, 7 ao\u00fbt 2004. McNichols Road, D\u00e9troit, 7 ao\u00fbt 2004. Parenth\u00e8se\u00a0: en septembre 2013, le m\u00eame endroit ressemble \u00e0 \u00e7a (on le reconna\u00eet \u00e0 la peinture du mur de\u2026","rel":"","context":"Dans &quot;DPC&quot;","block_context":{"text":"DPC","link":"https:\/\/www.wallendorff.com\/belogue\/category\/dpc\/"},"img":{"alt_text":"","src":"https:\/\/i0.wp.com\/www.wallendorff.com\/belogue\/wp-content\/uploads\/2015\/04\/201209172.jpg?resize=350%2C200&ssl=1","width":350,"height":200,"srcset":"https:\/\/i0.wp.com\/www.wallendorff.com\/belogue\/wp-content\/uploads\/2015\/04\/201209172.jpg?resize=350%2C200&ssl=1 1x, https:\/\/i0.wp.com\/www.wallendorff.com\/belogue\/wp-content\/uploads\/2015\/04\/201209172.jpg?resize=525%2C300&ssl=1 1.5x, https:\/\/i0.wp.com\/www.wallendorff.com\/belogue\/wp-content\/uploads\/2015\/04\/201209172.jpg?resize=700%2C400&ssl=1 2x"},"classes":[]},{"id":51664,"url":"https:\/\/www.wallendorff.com\/belogue\/2022\/06\/12\/into-the-wide-254\/","url_meta":{"origin":22964,"position":4},"title":"Into the wide #254.","author":"dpc","date":"12 juin 2022","format":false,"excerpt":"Karlsplatz, Vienne, 16 avril 2022. Can't Even Tell Soul Asylum Il y a dix-huit ans, les Pistons de D\u00e9troit \u00e9taient en finale NBA. Il y a dix-sept ans, les Pistons de D\u00e9troit \u00e9taient encore en finale NBA. Il y a seize ans, les Pistons de D\u00e9troit \u00e9taient en vacances apr\u00e8s\u2026","rel":"","context":"Dans &quot;Into the wide&quot;","block_context":{"text":"Into the wide","link":"https:\/\/www.wallendorff.com\/belogue\/category\/into-the-wide\/"},"img":{"alt_text":"","src":"https:\/\/i0.wp.com\/www.wallendorff.com\/belogue\/wp-content\/uploads\/2022\/06\/20220612.jpg?resize=350%2C200&ssl=1","width":350,"height":200,"srcset":"https:\/\/i0.wp.com\/www.wallendorff.com\/belogue\/wp-content\/uploads\/2022\/06\/20220612.jpg?resize=350%2C200&ssl=1 1x, https:\/\/i0.wp.com\/www.wallendorff.com\/belogue\/wp-content\/uploads\/2022\/06\/20220612.jpg?resize=525%2C300&ssl=1 1.5x, https:\/\/i0.wp.com\/www.wallendorff.com\/belogue\/wp-content\/uploads\/2022\/06\/20220612.jpg?resize=700%2C400&ssl=1 2x, https:\/\/i0.wp.com\/www.wallendorff.com\/belogue\/wp-content\/uploads\/2022\/06\/20220612.jpg?resize=1050%2C600&ssl=1 3x"},"classes":[]},{"id":22843,"url":"https:\/\/www.wallendorff.com\/belogue\/2014\/06\/02\/10-ans-le-nez-en-lair\/","url_meta":{"origin":22964,"position":5},"title":"10 ans le nez en l&rsquo;air.","author":"dpc","date":"2 juin 2014","format":false,"excerpt":"Dix ans le nez en l'air. dix ans \u00e0 regarder en haut, chercher des centres et des sym\u00e9tries. Dix ans \u00e0 s'agenouiller le plus bas possible pour gagner du champ et viser de plus en plus haut, jusqu'\u00e0 la verticale. Et dix ans de torticolis, aussi. Vois l'ath\u00e9e. Main Street,\u2026","rel":"","context":"Dans &quot;DPC&quot;","block_context":{"text":"DPC","link":"https:\/\/www.wallendorff.com\/belogue\/category\/dpc\/"},"img":{"alt_text":"","src":"https:\/\/i0.wp.com\/www.wallendorff.com\/belogue\/wp-content\/uploads\/2015\/04\/200910123.jpg?resize=350%2C200&ssl=1","width":350,"height":200,"srcset":"https:\/\/i0.wp.com\/www.wallendorff.com\/belogue\/wp-content\/uploads\/2015\/04\/200910123.jpg?resize=350%2C200&ssl=1 1x, https:\/\/i0.wp.com\/www.wallendorff.com\/belogue\/wp-content\/uploads\/2015\/04\/200910123.jpg?resize=525%2C300&ssl=1 1.5x, https:\/\/i0.wp.com\/www.wallendorff.com\/belogue\/wp-content\/uploads\/2015\/04\/200910123.jpg?resize=700%2C400&ssl=1 2x"},"classes":[]}],"_links":{"self":[{"href":"https:\/\/www.wallendorff.com\/belogue\/wp-json\/wp\/v2\/posts\/22964","targetHints":{"allow":["GET"]}}],"collection":[{"href":"https:\/\/www.wallendorff.com\/belogue\/wp-json\/wp\/v2\/posts"}],"about":[{"href":"https:\/\/www.wallendorff.com\/belogue\/wp-json\/wp\/v2\/types\/post"}],"author":[{"embeddable":true,"href":"https:\/\/www.wallendorff.com\/belogue\/wp-json\/wp\/v2\/users\/1"}],"replies":[{"embeddable":true,"href":"https:\/\/www.wallendorff.com\/belogue\/wp-json\/wp\/v2\/comments?post=22964"}],"version-history":[{"count":3,"href":"https:\/\/www.wallendorff.com\/belogue\/wp-json\/wp\/v2\/posts\/22964\/revisions"}],"predecessor-version":[{"id":22967,"href":"https:\/\/www.wallendorff.com\/belogue\/wp-json\/wp\/v2\/posts\/22964\/revisions\/22967"}],"wp:featuredmedia":[{"embeddable":true,"href":"https:\/\/www.wallendorff.com\/belogue\/wp-json\/wp\/v2\/media\/26796"}],"wp:attachment":[{"href":"https:\/\/www.wallendorff.com\/belogue\/wp-json\/wp\/v2\/media?parent=22964"}],"wp:term":[{"taxonomy":"category","embeddable":true,"href":"https:\/\/www.wallendorff.com\/belogue\/wp-json\/wp\/v2\/categories?post=22964"},{"taxonomy":"post_tag","embeddable":true,"href":"https:\/\/www.wallendorff.com\/belogue\/wp-json\/wp\/v2\/tags?post=22964"}],"curies":[{"name":"wp","href":"https:\/\/api.w.org\/{rel}","templated":true}]}}