{"id":22957,"date":"2014-06-13T10:00:56","date_gmt":"2014-06-13T08:00:56","guid":{"rendered":"http:\/\/www.wallendorff.com\/?p=22957"},"modified":"2014-06-13T10:01:43","modified_gmt":"2014-06-13T08:01:43","slug":"dix-ans-en-publics","status":"publish","type":"post","link":"https:\/\/www.wallendorff.com\/belogue\/2014\/06\/13\/dix-ans-en-publics\/","title":{"rendered":"Dix ans en publics."},"content":{"rendered":"<div id=\"photo\">\n<p><img decoding=\"async\" src=\"https:\/\/www.wallendorff.com\/belogue\/photo\/2005\/06\/20050602.jpg\" \/><\/p>\n<\/div>\n<p style=\"text-align:right\">Dix ans d&rsquo;yeux riv&eacute;s dans la m&ecirc;me direction. Dix ans de sourires, d&rsquo;attente f&eacute;brile et de mains tendus. Dix ans de gens qui, pour une minute, oublient tout le reste.<\/p>\n<h1 style=\"text-align:right\">Previously unreleased #49.<\/h1>\n<div id=\"photo2\">\n<p><img decoding=\"async\" src=\"https:\/\/www.wallendorff.com\/belogue\/photo\/2007\/01\/20070119.jpg\" \/><\/p>\n<\/div>\n<p style=\"text-align:right\"> <a href=\"https:\/\/www.wallendorff.com\/belogue\/2007\/01\/19\/previously-unreleased-49\/\">Franz Ferdinand, Cobo Arena, D&eacute;troit, 1<sup>er<\/sup> d&eacute;cembre 2004<\/a>.<\/p>\n<p>&nbsp;<\/p>\n<h1 style=\"text-align:right\">Jah dort, s&rsquo;cuve ou f&ecirc;te.<\/h1>\n<div id=\"photo2\">\n<p><img decoding=\"async\" src=\"https:\/\/www.wallendorff.com\/belogue\/photo\/2005\/06\/20050602.jpg\" \/><\/p>\n<\/div>\n<p style=\"text-align:right\"> <a href=\"https:\/\/www.wallendorff.com\/belogue\/2005\/06\/02\/jah-dort-scuve-ou-fete\/\">AqME, Metiz&rsquo;Art, Metz, 28 mai 2005<\/a>.<\/p>\n<p>&nbsp;<\/p>\n<h1 style=\"text-align:right\">Shooting people #11.<\/h1>\n<div id=\"photo2\">\n<p><img decoding=\"async\" src=\"https:\/\/www.wallendorff.com\/belogue\/photo\/2007\/06\/20070608.jpg\" \/><\/p>\n<\/div>\n<p style=\"text-align:right\"> <a href=\"https:\/\/www.wallendorff.com\/belogue\/2007\/06\/08\/shooting-people-11\/\">KillerPilze, la Boule Noire, Paris, 21 mai 2007<\/a>.<\/p>\n<p>&nbsp;<\/p>\n<h1 style=\"text-align:right\">Linkin Park @ le Galaxie, Amn&eacute;ville, 17 janvier.<\/h1>\n<div id=\"photo2\">\n<p><img decoding=\"async\" src=\"https:\/\/www.wallendorff.com\/belogue\/photo\/2008\/01\/20080119.jpg\" \/><\/p>\n<\/div>\n<p style=\"text-align:right\"><a href=\"https:\/\/www.wallendorff.com\/belogue\/2008\/01\/19\/linkin-park-le-galaxie-amnville-17-janvier\/\">Le Galaxie, Amn&eacute;ville, 17 janvier 2008<\/a>.<\/p>\n<p>&nbsp;<\/p>\n<h1 style=\"text-align:right\">2009 en&#8230; #3.<\/h1>\n<div id=\"photo2\">\n<p><img decoding=\"async\" src=\"https:\/\/www.wallendorff.com\/belogue\/photo\/2014\/06\/20140613-09.jpg\" \/><\/p>\n<\/div>\n<p style=\"text-align:right\"><a href=\"https:\/\/www.wallendorff.com\/belogue\/2009\/12\/28\/en-3\/\">Rock en Seine, Paris, 28 ao&ucirc;t 2009<\/a>.<\/p>\n<p>&nbsp;<\/p>\n<h1 style=\"text-align:right\">Muse @ Stade de France, Saint-Denis, 11-12 juin.<\/h1>\n<div id=\"photo2\">\n<p><img decoding=\"async\" src=\"https:\/\/www.wallendorff.com\/belogue\/photo\/2014\/06\/20140613-08.jpg\" \/><\/p>\n<\/div>\n<p style=\"text-align:right\"><a href=\"https:\/\/www.wallendorff.com\/belogue\/2010\/06\/13\/muse-stade-de-france-saint-denis-11-12-juin\/\">Stade de France, Saint-Denis, 12 juin 2010<\/a>.<\/p>\n<p>&nbsp;<\/p>\n<h1 style=\"text-align:right\">Gossip @ la Cigale, Paris.<\/h1>\n<div id=\"photo2\">\n<p><img decoding=\"async\" src=\"https:\/\/www.wallendorff.com\/belogue\/photo\/2014\/06\/20140613.jpg\" \/><\/p>\n<\/div>\n<p style=\"text-align:right\"><a href=\"https:\/\/www.wallendorff.com\/belogue\/2012\/05\/15\/gossip-la-cigale-paris\/\">La Cigale, Paris, 14 mai 2012<\/a>. <\/p>\n<p>&nbsp;<\/p>\n<h1 style=\"text-align:right\">Main Square Festival 2012&nbsp;: Hors-sc&egrave;nes.<\/h1>\n<div id=\"photo2\">\n<p><img decoding=\"async\" src=\"https:\/\/www.wallendorff.com\/belogue\/photo\/2014\/06\/20140613-03.jpg\" \/><\/p>\n<\/div>\n<p style=\"text-align:right\"> <a href=\"https:\/\/www.wallendorff.com\/belogue\/2012\/07\/06\/main-square-festival-2012-hors-scenes\/\">Main Square Festival, Arras, 1<sup>er<\/sup> juillet 2012<\/a>.<\/p>\n<p>&nbsp;<\/p>\n<h1 style=\"text-align:right\">Les D&eacute;ferlantes, Argel&egrave;s-sur-Mer, 7-10 juillet.<\/h1>\n<div id=\"photo2\">\n<p><img decoding=\"async\" src=\"https:\/\/www.wallendorff.com\/belogue\/photo\/2014\/06\/20140613-02.jpg\" \/><\/p>\n<\/div>\n<p style=\"text-align:right\"> <a href=\"https:\/\/www.wallendorff.com\/belogue\/2012\/07\/12\/les-deferlantes-argeles-sur-mer-7-10-juillet\/\">Argel&egrave;s-sur-Mer, 7 juillet 2012<\/a>.<\/p>\n<p>&nbsp;<\/p>\n<h1 style=\"text-align:right\">Pal&eacute;o Festival, Nyon, 17-21 juillet.<\/h1>\n<div id=\"photo2\">\n<p><img decoding=\"async\" src=\"https:\/\/www.wallendorff.com\/belogue\/photo\/2014\/06\/20140613-07.jpg\" \/><\/p>\n<\/div>\n<p style=\"text-align:right\"> <a href=\"https:\/\/www.wallendorff.com\/belogue\/2012\/07\/24\/paleo-festival-2012-nyon-17-21-juillet\/\">Pal&eacute;o Festival, Nyon, 20 juillet 2012<\/a>.<\/p>\n<p>&nbsp;<\/p>\n<h1 style=\"text-align:right\">Muse + The Joy Formidable, palais omnisports de Paris-Bercy, Paris.<\/h1>\n<div id=\"photo2\">\n<p><img decoding=\"async\" src=\"https:\/\/www.wallendorff.com\/belogue\/photo\/2014\/06\/20140613-04.jpg\" \/><\/p>\n<\/div>\n<p style=\"text-align:right\"> <a href=\"https:\/\/www.wallendorff.com\/belogue\/2012\/10\/19\/muse-the-joy-formidable-palais-omnisports-de-paris-bercy\/\">Palais omnisports de Paris-Bercy, Paris, 18 octobre 2012<\/a>.<\/p>\n<p>&nbsp;<\/p>\n<h1 style=\"text-align:right\">F&eacute;vrier 2013.<\/h1>\n<div id=\"photo2\">\n<p><img decoding=\"async\" src=\"https:\/\/www.wallendorff.com\/belogue\/photo\/galeries\/2013\/02\/20130228-bn\/20130228-44.jpg\" \/><\/p>\n<\/div>\n<p style=\"text-align:right\"> <a href=\"https:\/\/www.wallendorff.com\/belogue\/2013\/02\/28\/fevrier-2013-2\/\">Le Z&eacute;nith, Paris, 20 f&eacute;vrier 2013<\/a>.<\/p>\n<p>&nbsp;<\/p>\n<h1 style=\"text-align:right\">Crystal Fighters @ la Machine du Moulin Rouge, Paris.<\/h1>\n<div id=\"photo2\">\n<p><img decoding=\"async\" src=\"https:\/\/www.wallendorff.com\/belogue\/photo\/2014\/06\/20140613-05.jpg\" \/><\/p>\n<\/div>\n<p style=\"text-align:right\"> <a href=\"https:\/\/www.wallendorff.com\/belogue\/2013\/05\/22\/crystal-fighters-la-machine-du-moulin-rouge-paris\/\">La Machine du Moulin Rouge, Paris, 22 mai 2013<\/a>.<\/p>\n<p>&nbsp;<\/p>\n<h1 style=\"text-align:right\">Les Eurock&eacute;ennes, Belfort, 6 juillet.<\/h1>\n<div id=\"photo2\">\n<p><img decoding=\"async\" src=\"https:\/\/www.wallendorff.com\/belogue\/photo\/2014\/06\/20140613-06.jpg\" \/><\/p>\n<\/div>\n<p style=\"text-align:right\"> <a href=\"https:\/\/www.wallendorff.com\/belogue\/2013\/07\/11\/les-eurockeennes-belfort-6-juillet\/\">Les Eurock&eacute;ennes, Belfort, 6 juillet 2013<\/a>.<\/p>\n<p>&nbsp;<\/p>\n<h1 style=\"text-align:right\">Into the wide #13.<\/h1>\n<div id=\"photo2\">\n<p><img decoding=\"async\" src=\"https:\/\/www.wallendorff.com\/belogue\/photo\/2013\/08\/20130806.jpg\" \/><\/p>\n<\/div>\n<p style=\"text-align:right\"> <a href=\"https:\/\/www.wallendorff.com\/belogue\/2013\/08\/06\/into-the-wide-13\/\">Pal&eacute;o Festival, Nyon, 27 juillet 2013<\/a>.<\/p>\n<p>&nbsp;<\/p>\n<h1 style=\"text-align:right\">Rock en Seine 2013, jour 3.<\/h1>\n<div id=\"photo2\">\n<p><img decoding=\"async\" src=\"https:\/\/www.wallendorff.com\/belogue\/photo\/2014\/06\/20140613-10.jpg\" \/><\/p>\n<\/div>\n<p style=\"text-align:right\"> <a href=\"https:\/\/www.wallendorff.com\/belogue\/2013\/08\/29\/rock-en-seine-2013-jour-3\/\">Rock en Seine, Domaine National de Saint-Cloud, 25 ao&ucirc;t 2013<\/a>.<\/p>\n<p>&nbsp;<\/p>\n<h1 style=\"text-align:right\">F&eacute;vrier 2014.<\/h1>\n<div id=\"photo2\">\n<p><img decoding=\"async\" src=\"https:\/\/www.wallendorff.com\/belogue\/photo\/galeries\/2014\/02\/20140228-bn\/20140311-22.jpg\" \/><\/p>\n<\/div>\n<p style=\"text-align:right\"> <a href=\"https:\/\/www.wallendorff.com\/belogue\/2014\/02\/28\/fevrier-2014\/\">La Laiterie, Strasbourg, 15 f&eacute;vrier 2014<\/a>.<\/p>\n<p>&Eacute;galement cit&eacute;s&nbsp;:<\/p>\n<ul>\n<li><a href=\"https:\/\/www.wallendorff.com\/belogue\/2007\/07\/23\/lentes-mains-guidees-chantent\/\">Lentes mains guid&eacute;es chantent (KillerPilze, la Boule Noire, Paris, 21 mai 2007)<\/a>.<\/li>\n<li><a href=\"https:\/\/www.wallendorff.com\/belogue\/2007\/12\/20\/bb-brunes-la-cigale-paris\/\">BB Brunes @ la Cigale, Paris, 19 d&eacute;cembre 2007<\/a>.<\/li>\n<\/ul>\n","protected":false},"excerpt":{"rendered":"<p>Dix ans d&rsquo;yeux riv&eacute;s dans la m&ecirc;me direction. Dix ans de sourires, d&rsquo;attente f&eacute;brile et de mains tendus. Dix ans de gens qui, pour une minute, oublient tout le reste. Previously unreleased #49. Franz Ferdinand, Cobo Arena, D&eacute;troit, 1er d&eacute;cembre 2004. &nbsp; Jah dort, s&rsquo;cuve ou f&ecirc;te. AqME, Metiz&rsquo;Art, Metz, 28 mai 2005. &nbsp; Shooting&hellip;<\/p>\n","protected":false},"author":1,"featured_media":26795,"comment_status":"open","ping_status":"open","sticky":false,"template":"","format":"standard","meta":{"_acf_changed":false,"ngg_post_thumbnail":0,"jetpack_post_was_ever_published":false,"_jetpack_newsletter_access":"","_jetpack_dont_email_post_to_subs":false,"_jetpack_newsletter_tier_id":0,"_jetpack_memberships_contains_paywalled_content":false,"_jetpack_memberships_contains_paid_content":false,"footnotes":"","jetpack_publicize_message":"","jetpack_publicize_feature_enabled":true,"jetpack_social_post_already_shared":false,"jetpack_social_options":{"image_generator_settings":{"template":"highway","default_image_id":0,"font":"","enabled":false},"version":2}},"categories":[3],"tags":[8630,10135],"class_list":["post-22957","post","type-post","status-publish","format-standard","has-post-thumbnail","hentry","category-dpc","tag-8630","tag-public"],"acf":[],"geo":null,"jetpack_publicize_connections":[],"jetpack_featured_media_url":"https:\/\/www.wallendorff.com\/belogue\/wp-content\/uploads\/2015\/04\/200506022.jpg","jetpack_shortlink":"https:\/\/wp.me\/p3b35P-5Yh","jetpack_sharing_enabled":true,"jetpack-related-posts":[{"id":22997,"url":"https:\/\/www.wallendorff.com\/belogue\/2014\/06\/19\/dix-ans-de-crepuscules\/","url_meta":{"origin":22957,"position":0},"title":"Dix ans de cr\u00e9puscules.","author":"dpc","date":"19 juin 2014","format":false,"excerpt":"Dix ans de bleu, dix ans de jaune, dix ans de jour qui fuit. Coachella Music and Arts Festival, Indio, 1er-2 mai. Indio, 1er mai 2004. \u00a0 Meute de Louvre. Palais du Louvre, Paris, 29 septembre 2005. \u00a0 \u00d4, monde, d'yeux. King Edward Street, Liverpool, 18 octobre 2007. \u00a0 Fous\u2026","rel":"","context":"Dans &quot;DPC&quot;","block_context":{"text":"DPC","link":"https:\/\/www.wallendorff.com\/belogue\/category\/dpc\/"},"img":{"alt_text":"","src":"https:\/\/i0.wp.com\/www.wallendorff.com\/belogue\/wp-content\/uploads\/2015\/04\/201209102.jpg?resize=350%2C200&ssl=1","width":350,"height":200,"srcset":"https:\/\/i0.wp.com\/www.wallendorff.com\/belogue\/wp-content\/uploads\/2015\/04\/201209102.jpg?resize=350%2C200&ssl=1 1x, https:\/\/i0.wp.com\/www.wallendorff.com\/belogue\/wp-content\/uploads\/2015\/04\/201209102.jpg?resize=525%2C300&ssl=1 1.5x, https:\/\/i0.wp.com\/www.wallendorff.com\/belogue\/wp-content\/uploads\/2015\/04\/201209102.jpg?resize=700%2C400&ssl=1 2x"},"classes":[]},{"id":23041,"url":"https:\/\/www.wallendorff.com\/belogue\/2014\/06\/24\/dix-ans-en-lair\/","url_meta":{"origin":22957,"position":1},"title":"Dix ans en l&rsquo;air.","author":"dpc","date":"24 juin 2014","format":false,"excerpt":"Dix ans d'avion. Dix ans d'a\u00e9roports. Dix ans de transit. Shiphol, three hours, three pics. Schiphol Luchthaven, Amsterdam, 18 d\u00e9cembre 2004. \u00a0 Schiphol Luchthaven, Amsterdam, 16 f\u00e9vrier 2005. \u00a0 Assises bonnes en gare. George Bush Intercontinental Airport, Houston, 27 avril 2007. \u00a0 Kilom\u00e8tre 2\u00a0488. Schiphol Luchthaven, Amsterdam, 2 avril 2008.\u2026","rel":"","context":"Dans &quot;DPC&quot;","block_context":{"text":"DPC","link":"https:\/\/www.wallendorff.com\/belogue\/category\/dpc\/"},"img":{"alt_text":"","src":"https:\/\/i0.wp.com\/www.wallendorff.com\/belogue\/wp-content\/uploads\/2015\/04\/201211013.jpg?resize=350%2C200&ssl=1","width":350,"height":200,"srcset":"https:\/\/i0.wp.com\/www.wallendorff.com\/belogue\/wp-content\/uploads\/2015\/04\/201211013.jpg?resize=350%2C200&ssl=1 1x, https:\/\/i0.wp.com\/www.wallendorff.com\/belogue\/wp-content\/uploads\/2015\/04\/201211013.jpg?resize=525%2C300&ssl=1 1.5x, https:\/\/i0.wp.com\/www.wallendorff.com\/belogue\/wp-content\/uploads\/2015\/04\/201211013.jpg?resize=700%2C400&ssl=1 2x"},"classes":[]},{"id":22913,"url":"https:\/\/www.wallendorff.com\/belogue\/2014\/06\/07\/dix-ans-dhivers\/","url_meta":{"origin":22957,"position":2},"title":"Dix ans d&rsquo;hivers.","author":"dpc","date":"7 juin 2014","format":false,"excerpt":"10 ans de blanc, dix ans de bleu d\u00e9satur\u00e9. Dix ans \u00e0 \u00e9couter des morceaux d'Air et des pieds qui crissent. Arbore les sens. Lac Sainte-Claire, D\u00e9troit, 8 janvier 2005. \u00a0 Banc-crise. Lac Sainte-Claire, D\u00e9troit, 8 janvier 2005. \u00a0 Ares comptant pour un. Lac Sainte-Claire, D\u00e9troit, 8 janvier 2005. \u00a0\u2026","rel":"","context":"Dans &quot;DPC&quot;","block_context":{"text":"DPC","link":"https:\/\/www.wallendorff.com\/belogue\/category\/dpc\/"},"img":{"alt_text":"","src":"https:\/\/i0.wp.com\/www.wallendorff.com\/belogue\/wp-content\/uploads\/2015\/04\/201104203.jpg?resize=350%2C200&ssl=1","width":350,"height":200,"srcset":"https:\/\/i0.wp.com\/www.wallendorff.com\/belogue\/wp-content\/uploads\/2015\/04\/201104203.jpg?resize=350%2C200&ssl=1 1x, https:\/\/i0.wp.com\/www.wallendorff.com\/belogue\/wp-content\/uploads\/2015\/04\/201104203.jpg?resize=525%2C300&ssl=1 1.5x, https:\/\/i0.wp.com\/www.wallendorff.com\/belogue\/wp-content\/uploads\/2015\/04\/201104203.jpg?resize=700%2C400&ssl=1 2x"},"classes":[]},{"id":22972,"url":"https:\/\/www.wallendorff.com\/belogue\/2014\/06\/16\/dix-ans-de-cimetieres\/","url_meta":{"origin":22957,"position":3},"title":"Dix ans de cimeti\u00e8res.","author":"dpc","date":"16 juin 2014","format":false,"excerpt":"[Et aussi 10 ans de croix]. Dix ans \u00e0 les visiter d\u00e8s que j'en rencontre un. Dix ans \u00e0 ne jamais y passer plus de 15 minutes, aussi, sinon \u00e7a finit par me d\u00e9primer. Deux coudes cuits hier \u00e0 Pau. Saint Cyr's Church, Stonehouse, 15 septembre 2008. \u00a0 Shooting people\u2026","rel":"","context":"Dans &quot;DPC&quot;","block_context":{"text":"DPC","link":"https:\/\/www.wallendorff.com\/belogue\/category\/dpc\/"},"img":{"alt_text":"","src":"https:\/\/i0.wp.com\/www.wallendorff.com\/belogue\/wp-content\/uploads\/2015\/04\/201106032.jpg?resize=350%2C200&ssl=1","width":350,"height":200,"srcset":"https:\/\/i0.wp.com\/www.wallendorff.com\/belogue\/wp-content\/uploads\/2015\/04\/201106032.jpg?resize=350%2C200&ssl=1 1x, https:\/\/i0.wp.com\/www.wallendorff.com\/belogue\/wp-content\/uploads\/2015\/04\/201106032.jpg?resize=525%2C300&ssl=1 1.5x"},"classes":[]},{"id":22977,"url":"https:\/\/www.wallendorff.com\/belogue\/2014\/06\/17\/dix-ans-de-lol\/","url_meta":{"origin":22957,"position":4},"title":"Dix ans de lol.","author":"dpc","date":"17 juin 2014","format":false,"excerpt":"Dix ans de Space mots-keys. Aaaah, les Space mots-keys, cette cat\u00e9gorie sp\u00e9ciale mots-clefs dont le titre \u00e9tait un jeu de mot pourri sur le titre d'un morceau de Placebo que tout le monde a oubli\u00e9 et qui, en 28 \u00e9pisodes publi\u00e9s entre octobre 2006 et d\u00e9cembre 2008, constitue une compilation\u2026","rel":"","context":"Dans &quot;DPC&quot;","block_context":{"text":"DPC","link":"https:\/\/www.wallendorff.com\/belogue\/category\/dpc\/"},"img":{"alt_text":"","src":"","width":0,"height":0},"classes":[]},{"id":23057,"url":"https:\/\/www.wallendorff.com\/belogue\/2014\/06\/26\/dix-ans-sur-la-route\/","url_meta":{"origin":22957,"position":5},"title":"Dix ans sur la route.","author":"dpc","date":"26 juin 2014","format":false,"excerpt":"Dix ans de kilom\u00e8tres et de pneus br\u00fbl\u00e9s. Dix ans de pauses toutes les deux heures. Dix ans vers l'avant. McNichols Road, 7 ao\u00fbt 2004. McNichols Road, D\u00e9troit, 7 ao\u00fbt 2004. Parenth\u00e8se\u00a0: en septembre 2013, le m\u00eame endroit ressemble \u00e0 \u00e7a (on le reconna\u00eet \u00e0 la peinture du mur de\u2026","rel":"","context":"Dans &quot;DPC&quot;","block_context":{"text":"DPC","link":"https:\/\/www.wallendorff.com\/belogue\/category\/dpc\/"},"img":{"alt_text":"","src":"https:\/\/i0.wp.com\/www.wallendorff.com\/belogue\/wp-content\/uploads\/2015\/04\/201209172.jpg?resize=350%2C200&ssl=1","width":350,"height":200,"srcset":"https:\/\/i0.wp.com\/www.wallendorff.com\/belogue\/wp-content\/uploads\/2015\/04\/201209172.jpg?resize=350%2C200&ssl=1 1x, https:\/\/i0.wp.com\/www.wallendorff.com\/belogue\/wp-content\/uploads\/2015\/04\/201209172.jpg?resize=525%2C300&ssl=1 1.5x, https:\/\/i0.wp.com\/www.wallendorff.com\/belogue\/wp-content\/uploads\/2015\/04\/201209172.jpg?resize=700%2C400&ssl=1 2x"},"classes":[]}],"_links":{"self":[{"href":"https:\/\/www.wallendorff.com\/belogue\/wp-json\/wp\/v2\/posts\/22957","targetHints":{"allow":["GET"]}}],"collection":[{"href":"https:\/\/www.wallendorff.com\/belogue\/wp-json\/wp\/v2\/posts"}],"about":[{"href":"https:\/\/www.wallendorff.com\/belogue\/wp-json\/wp\/v2\/types\/post"}],"author":[{"embeddable":true,"href":"https:\/\/www.wallendorff.com\/belogue\/wp-json\/wp\/v2\/users\/1"}],"replies":[{"embeddable":true,"href":"https:\/\/www.wallendorff.com\/belogue\/wp-json\/wp\/v2\/comments?post=22957"}],"version-history":[{"count":4,"href":"https:\/\/www.wallendorff.com\/belogue\/wp-json\/wp\/v2\/posts\/22957\/revisions"}],"predecessor-version":[{"id":22961,"href":"https:\/\/www.wallendorff.com\/belogue\/wp-json\/wp\/v2\/posts\/22957\/revisions\/22961"}],"wp:featuredmedia":[{"embeddable":true,"href":"https:\/\/www.wallendorff.com\/belogue\/wp-json\/wp\/v2\/media\/26795"}],"wp:attachment":[{"href":"https:\/\/www.wallendorff.com\/belogue\/wp-json\/wp\/v2\/media?parent=22957"}],"wp:term":[{"taxonomy":"category","embeddable":true,"href":"https:\/\/www.wallendorff.com\/belogue\/wp-json\/wp\/v2\/categories?post=22957"},{"taxonomy":"post_tag","embeddable":true,"href":"https:\/\/www.wallendorff.com\/belogue\/wp-json\/wp\/v2\/tags?post=22957"}],"curies":[{"name":"wp","href":"https:\/\/api.w.org\/{rel}","templated":true}]}}