{"id":22948,"date":"2014-06-12T11:18:14","date_gmt":"2014-06-12T09:18:14","guid":{"rendered":"http:\/\/www.wallendorff.com\/?p=22948"},"modified":"2015-06-25T11:23:00","modified_gmt":"2015-06-25T09:23:00","slug":"dix-ans","status":"publish","type":"post","link":"https:\/\/www.wallendorff.com\/belogue\/2014\/06\/12\/dix-ans\/","title":{"rendered":"Dix ans."},"content":{"rendered":"\n<div id=\"photo\">\n<p><img decoding=\"async\" src=\"http:\/\/www.wallendorff.com\/images\/etoile_blanche.jpg\"><\/p>\n<\/p><\/div>\n<p style=\"text-align:left\">Il y a dix ans, les Pistons de D&eacute;troit &eacute;taient en finale NBA.<\/p>\n<p style=\"text-align:right\"><a href=\"https:\/\/www.wallendorff.com\/belogue\/2005\/06\/13\/youve-gone-way-too-far-by-now-to-turn-around\/\">Il y a neuf ans<\/a>, les Pistons de D&eacute;troit &eacute;taient encore en finale NBA.<\/p>\n<p style=\"text-align:left\"><a href=\"https:\/\/www.wallendorff.com\/belogue\/2006\/06\/12\/l-emu-rond-des-zoos-raye\/\">Il y a huit ans<\/a>, les Pistons de D&eacute;troit &eacute;taient en vacances apr&egrave;s s&rsquo;&ecirc;tre fait vider comme des nases en sept manches de finale de conf&eacute;rence par Miami<em>.<\/em><\/p>\n<p style=\"text-align:right\"><a href=\"https:\/\/www.wallendorff.com\/belogue\/2007\/06\/12\/trois\/\">Il y a sept ans<\/a>, les Pistons de D&eacute;troit &eacute;taient toujours en vacances, cette fois-ci gr&acirc;ce &agrave; Cleveland.<\/p>\n<p style=\"text-align:left\"><a href=\"https:\/\/www.wallendorff.com\/belogue\/2008\/06\/12\/le-pied-o-la-vieille-m-oint-cher\/\">Il y a six ans<\/a>, j&rsquo;en avais marre de ressasser chaque ann&eacute;e des histoires de basket, ce sport de nase, tout &ccedil;a &agrave; cause de la <a href=\"http:\/\/en.wikipedia.org\/wiki\/2004%E2%80%9305_NHL_lockout\">gr&egrave;ve de 2004<\/a> qui m&rsquo;avait forc&eacute; &agrave; causer d&egrave;s l&rsquo;origine de basket, ce sport de nase, plut&ocirc;t que de hockey sur glace. Cette ann&eacute;e-l&agrave;, donc, les Red Wings de D&eacute;troit emport&egrave;rent le championnat et tout le monde fut content, sauf moi<sup>1<\/sup>.<\/p>\n<p style=\"text-align:right\"><a href=\"https:\/\/www.wallendorff.com\/belogue\/2009\/06\/12\/me-nuisant-plus-bele-que-vaux-je-hourds\/\">Il y a cinq ans<\/a>, j&rsquo;&eacute;tais persuad&eacute; que D&eacute;troit allait  redevenir champion en regagnant contre rePittsburgh puisque le septi&egrave;me match de la finale, c&rsquo;&eacute;tait le soir-m&ecirc;me et que sur les 14 fois pr&eacute;c&eacute;dentes o&ugrave; la coupe s&rsquo;&eacute;tait jou&eacute;e en sept manches, l&rsquo;&eacute;quipe qui accueillait avait gagn&eacute; 12 fois. Je pensais que c&rsquo;&eacute;tait pas plus mal, parce que &ccedil;a allait donner au moins un truc &agrave; f&ecirc;ter dans le Michigan cette ann&eacute;e-l&agrave;. Manque de pot, Pittsburgh gagna 2-1, ce qui prouvait bien que dans la vie, rien n&rsquo;est gagn&eacute; d&rsquo;avance.<\/p>\n<p style=\"text-align:left\"><a href=\"https:\/\/www.wallendorff.com\/belogue\/2010\/06\/12\/six\/\">Il y a quatre ans<\/a>, D&eacute;troit s&rsquo;&eacute;tait fait &eacute;liminer par San Jose en demi-finale de conf&eacute;rence, Chicago avait remport&eacute; le championnat pour la premi&egrave;re fois depuis 1961 et se rebaptisait Hawkeytown pour faire la nique au Hockeytown de D&eacute;troit, ce que je trouvais fort dr&ocirc;le car j&rsquo;ai toujours pr&eacute;f&eacute;r&eacute; Chicago &agrave; D&eacute;troit.<\/p>\n<p style=\"text-align:right\"><a href=\"https:\/\/www.wallendorff.com\/belogue\/2011\/06\/12\/direction-linfini\/\">Il y a trois ans<\/a>, D&eacute;troit s&rsquo;&eacute;tait encore fait &eacute;liminer par San Jose en demi-finale de conf&eacute;rence alors que Chicago s&rsquo;&eacute;tait injustement fait sortir par Vancouver  d&egrave;s les quarts de finale de conf&eacute;rence en prolongation apr&egrave;s avoir remont&eacute; un d&eacute;ficit de 3 matchs et forc&eacute; une 7<sup>e<\/sup> manche. Du coup c&rsquo;&eacute;tait Vancouver qui allait gagner. Ou Boston. Oui, finalement c&rsquo;&eacute;tait Boston.<\/p>\n<p style=\"text-align:left\"><a href=\"https:\/\/www.wallendorff.com\/belogue\/2012\/06\/12\/o-verts-oeufs-ils-effarent-rouets\/\">Il y a deux ans<\/a>, Nashville, non content d&rsquo;avoir piqu&eacute; Jack White et ses potes &agrave; D&eacute;troit, en avait profit&eacute; pour &eacute;galement les &eacute;liminer au premier tour, pendant que Chicago se faisait sortir par Phoenix d&egrave;s le premier tour aussi. Pas de jaloux cette ann&eacute;e-l&agrave;, donc, et Los Angeles avait pu en profiter pour niquer tout le monde en se qualifiant &agrave; l&rsquo;arrache pour  les s&eacute;ries avant de d&eacute;gager sans mal et dans l&rsquo;ordre le 1<sup>er<\/sup>, le 2<sup>e<\/sup> puis le 3<sup>e<\/sup> de la conf&eacute;rence et finalement <a href=\"http:\/\/www.nhl.com\/ice\/recap.htm?id=2011030416\">New Jersey cette nuit-l&agrave;-m&ecirc;me<\/a> pour gagner le premier championnat de leur histoire et oublier leur finale perdue en 1993 contre les tra&icirc;tres et les faux-jetons.<\/p>\n<p style=\"text-align:right\"><a href=\"https:\/\/www.wallendorff.com\/belogue\/2013\/06\/12\/into-the-wide-9\/\">Il y a un an<\/a>,  D&eacute;troit et Chicago se rencontraient en demi-finale de conf&eacute;rence pour la derni&egrave;re fois et c&rsquo;&eacute;tait Chicago qui avait gagn&eacute; de justesse en 7 matches apr&egrave;s avoir &eacute;t&eacute; men&eacute;s 3 victoires &agrave; 1. D&eacute;troit se retrouvait donc en vacances pendant que Chicago entamait sa finale du championnat ce m&ecirc;me soir contre Boston &mdash;&nbsp;et s&rsquo;appr&ecirc;tait donc &agrave; remporter un 2<sup>e<\/sup> titre en 3 ans, donc, mais &ccedil;a nous ne le s&ucirc;mes que plus tard&nbsp;&mdash;, ce qui promettait une fatigante semaine.<\/p>\n<p><em>Aujourd&rsquo;hui, D&eacute;troit est en vacance depuis un bon mois apr&egrave;s s&rsquo;&ecirc;tre fait &eacute;liminer d&egrave;s le premier tour par Boston et Chicago a injustement perdu en prolongation du 7<sup>e<\/sup> match de la finale de conf&eacute;rence face &agrave; Los Angeles, une bande de p&acirc;les types qui &agrave; cette heure est en train de remporter la finale face &agrave; New York, quoique ayant perdu le 4<sup>e<\/sup> match cette nuit.<\/em><\/p>\n<p>&nbsp;<\/p>\n<p>&nbsp;<\/p>\n<p style=\"text-align:left\">Il y a dix ans, je d&eacute;jeunais avec des cookies Pepperidge Farm<sup>&trade;<\/sup> au milieu d&rsquo;un bureau quelque part &agrave; Pontiac.<\/p>\n<p style=\"text-align:right\">Il y a neuf ans, je d&eacute;jeunais avec des cookies Hello<sup>&reg;<\/sup> de Lu<sup>&trade;<\/sup> au milieu d&rsquo;un bureau quelque part &agrave; &Eacute;vry.<\/p>\n<p style=\"text-align:left\">Il y a huit ans, je d&eacute;jeunais avec des Prince<sup>&trade;<\/sup> chocolat au milieu d&rsquo;un bureau quelque part &agrave; Clamart parce qu&rsquo;on &eacute;tait lundi.<\/p>\n<p style=\"text-align:right\">Il y a sept ans, je d&eacute;jeunais avec un Panier<sup>&reg;<\/sup> de Yoplait<sup>&trade;<\/sup> au milieu de toujours le m&ecirc;me patin de bureau. Je me s&eacute;dentarisais un peu trop, l&agrave;.<\/p>\n<p style=\"text-align:left\">Il y a six ans, je d&eacute;jeunais avec des tartines beurr&eacute;es au milieu d&rsquo;encore le m&ecirc;me !@#$ de bureau, au secours quelqu&rsquo;un, mais personne ne vint.<\/p>\n<p style=\"text-align:right\">Il y a cinq ans, je d&eacute;jeunais tard avec un sandwich au milieu d&rsquo;un bureau dont je n&rsquo;osai m&ecirc;me pas avouer l&#8217;emplacement.<\/p>\n<p style=\"text-align:left\">Il y a quatre ans, je d&eacute;jeunais avec un caf&eacute; au milieu d&rsquo;un endroit qui n&rsquo;&eacute;tait pas un bureau, parce que c&rsquo;&eacute;tait samedi.<\/p>\n<p style=\"text-align:right\">Il y a trois ans, je d&eacute;jeunais avec un autre caf&eacute; au milieu du m&ecirc;me endroit qui n&rsquo;&eacute;tait pas un bureau, parce que c&rsquo;&eacute;tait dimanche.<\/p>\n<p style=\"text-align:left\">Il y a deux ans, je d&eacute;jeunais avec des cookies Pepperidge Farm<sup>&trade;<\/sup> Sausalito<sup>&reg;<\/sup> (qui sont pas les meilleurs Pepperidge Farm<sup>&trade;<\/sup> mais il ne me restait que &ccedil;a) au milieu d&rsquo;un bureau quelque part dans le XIII<sup>e<\/sup> arrondissement de Paris.<\/p>\n<p style=\"text-align:right\">Il y a un an, je d&eacute;jeunais avec un croissant et une pomme, parce que, comme le dit le dicton, &laquo;&nbsp;une pomme matin ou soir envoie le m&eacute;decin se faire voir&nbsp;&raquo;, au milieu du m&ecirc;me bureau quelque part dans le XIII<sup>e<\/sup> arrondissement de Paris.<\/p>\n<p><em>Aujourd&rsquo;hui, je d&eacute;jeune avec des couquies Pepperidge Farm<sup>&trade;<\/sup> aux grosses grosse p&eacute;pites de chocolat &#8213;&nbsp;les verts&nbsp;&#8213;, qui sont de loin les meilleurs couquies Pepperidge Farm<sup>&trade;<\/sup> de tout l&rsquo;ouest du Pecos, pour la derni&egrave;re fois dans le m&ecirc;me bureau quelque part dans le XIII<sup>e<\/sup> arrondissement de Paris.<\/em><\/p>\n<p>&nbsp;<\/p>\n<p>&nbsp;<\/p>\n<p style=\"text-align:left\">Il y a dix ans, j&rsquo;allais voir Franz Ferdinand au Majestic Theater de D&eacute;troit.<\/p>\n<p style=\"text-align:right\">Il y a neuf ans, j&rsquo;allais voir Ghinzu &agrave; l&rsquo;Olympia de Paris.<\/p>\n<p style=\"text-align:left\">Il y a huit ans, j&rsquo;allais voir si j&rsquo;allais voir Guillemots &agrave; la Boule Noire de Paris ce soir-l&agrave; ou bien, pour ne finalement pas y aller.<\/p>\n<p style=\"text-align:right\">Il y a sept ans et un jour, les White Stripes au Z&eacute;nith de Paris. Les deux jours suivants, Mademoiselle K &agrave; l&rsquo;&Eacute;lys&eacute;e-Montmartre de Paris puis au Trabendo de Paris. Y&rsquo;avait pas &agrave; dire, on n&rsquo;avait pas des vies faciles. Et je passais beaucoup trop de temps &agrave; Paris.<\/p>\n<p style=\"text-align:left\">Il y a six ans, j&rsquo;allais voir Supergrass &agrave; l&rsquo;&Eacute;lys&eacute;e-Montmartre de Paris, qui comme son nom l&rsquo;indiquait, &eacute;tait toujours &agrave; Paris, donc moi aussi.<\/p>\n<p style=\"text-align:right\">Il y a cinq ans, j&rsquo;allais peut-&ecirc;tre voir Elmer Food Beat toujours dans le m&ecirc;me &Eacute;lys&eacute;e-Montmartre de Paris, parce qu&rsquo;un photographe de rock et de roll  a rat&eacute; sa vie si, &agrave; 50 ans, il n&rsquo;a jamais photographi&eacute; de chanteur bedonnant en zlip kangourou. Et j&rsquo;y allai. Ma vie fut sauv&eacute;e ce soir-l&agrave;.<\/p>\n<p style=\"text-align:left\">Il y a quatre ans, apr&egrave;s &ecirc;tre all&eacute; la veille au Stade de France de Saint-Denis, juste &agrave; c&ocirc;t&eacute; de Paris, avec plein de gens, voir Muse se produire, je r&eacute;allais le resoir-m&ecirc;me au reStade de France de reSaint-Denis, rejuste &agrave; c&ocirc;t&eacute; de reParis, avec replein de gens, pour revoir reMuse se reproduire. Oh mon dieu. C&rsquo;&eacute;tait un pi&egrave;ge.<\/p>\n<p style=\"text-align:right\">Il y a trois ans, je n&rsquo;allais rien voir du tout dans aucune salle de Paris car on ne peut pas vivre des trucs int&eacute;ressants tous les ans non plus.<\/p>\n<p style=\"text-align:left\">Il y a deux ans, je n&rsquo;allais rien voir non plus dans aucune salle de Paris non plus, mais seulement parce que je le voulais bien ou bien.<\/p>\n<p style=\"text-align:right\">Il y a un an, je n&rsquo;allais voir encore-non-plus parce que va savoir pourquoi.<\/p>\n<p><em>Aujourd&rsquo;hui, je vais voir Tom Vek &agrave; la Fl&egrave;che d&rsquo;Or de Paris.<\/em><\/p>\n<p>&nbsp;<\/p>\n<p>&nbsp;<\/p>\n<p style=\"text-align:left\">Il y a dix ans, je m&rsquo;&eacute;veillais le matin au doux son de <em>Bonjour Le Monde&nbsp;!<\/em>, sur CBEF Windsor, avec Charles L&eacute;vesque et Maryse Tourette, dans ma voiture lanc&eacute;e &agrave; vive lenteur sur Orchard Lake Road.<\/p>\n<p style=\"text-align:right\">Il y a neuf ans, je m&rsquo;&eacute;veillai au doux son de Marylin Manson, dans mon RER D lanc&eacute; &agrave; vive lenteur sur RER D Trail.<\/p>\n<p style=\"text-align:left\">Il y a huit ans, je m&rsquo;&eacute;veillais au doux son de Wayne Coyne introduisant son acoustique de <em>Thank You Jack White (For the Fiber-Optic Jesus  That You Gave Me)<\/em><sup>2<\/sup> par \u00ab\u00a0Always read the instructions before plugging in a gift from Jack White.\u00a0\u00bb<\/p>\n<p style=\"text-align:right\">Il y a sept ans, je m&rsquo;&eacute;veillais doucement au doux son de <em>Que de la radio<\/em> sur <a href=\"http:\/\/www.couleur3.ch\" target=\"_blank\">la 3<\/a>, en b&eacute;nissant une fois de plus le ciel pour avoir invent&eacute; la Suisse. <\/p>\n<p style=\"text-align:left\">Il y a six ans, je m&rsquo;&eacute;veillais doucement au doux son de la douce voix d&rsquo;&Eacute;milie Gasc-Milesi visitant le mus&eacute;e d&rsquo;ethnographie de G&rsquo;n&egrave;ve, avant d&rsquo;envoyer Beck chanter <em>Cellphone&rsquo;s Dead<\/em>, un titre pas entendu depuis pfioulala-&ccedil;a-nous-rajeunissait-pas, toujours dans <em>Que de la radio<\/em> et toujours sur la <a href=\"http:\/\/www.couleur3.ch\">3<\/a>, c&rsquo;&eacute;tait dingue.<\/p>\n<p style=\"text-align:right\">Il y a cinq ans, je ne m&rsquo;&eacute;veillais plus car il &eacute;tait tard, mais au son de toujours-la-m&ecirc;me-<a href=\"http:\/\/www.couleur3.ch\">3<\/a> qui passait une version jazzy &agrave; la guitare de <em>Pump Up the Jam<\/em>, reprise par The Lost Fingers, qui sonnait super bizarre,  je me demandai subitement si je m&rsquo;&eacute;tais vraiment &eacute;veill&eacute; ce matin.<\/p>\n<p style=\"text-align:left\">Il y a quatre ans, je m&rsquo;&eacute;veillais au doux son de la rediff&rsquo; de la <a href=\"http:\/\/www.rsr.ch\/#\/couleur3\/programmes\/2-0-en-cabine\/?date=11-06-2010\">premi&egrave;re de 2-0 en cabine<\/a>, la principale attraction de la coupe du monde de foute qu&rsquo;<a href=\"http:\/\/www.facebook.com\/cabineC3\">on &eacute;tait tous fans<\/a> et que je n&rsquo;avais pas pu &eacute;couter la veille pour cause de Muse. Ignacio Chollet, &eacute;pouse-moi.<\/p>\n<p style=\"text-align:right\">Il y a trois ans, je m&rsquo;&eacute;veillais au doux son d&rsquo;<em><a href=\"http:\/\/www.rsr.ch\/#\/couleur3\/programmes\/au-milieu-du-village-dominical\/?date=12-06-2011\">Au milieu du village, promenade dominicale<\/a><\/em>, la compilation hebdomadaire du monument de bon go&ucirc;t et de sociologie qu&rsquo;&eacute;tait <em><a href=\"http:\/\/www.rsr.ch\/#\/couleur3\/programmes\/au-milieu-du-village\/2276086-au-milieu-du-village.html\">Au milieu du village<\/a><\/em>, ce qui montrait bien que je change rarement de cr&egrave;merie radiophonique.<\/p>\n<p style=\"text-align:left\">Il y a deux ans, je m&rsquo;&eacute;veillais au doux son de <em>Plata O Plomo<\/em> de Soulfly dans <em>Que de la radio<\/em>, sur la <a href=\"http:\/\/www.couleur3.ch\">3<\/a> et ce pour la derni&egrave;re ann&eacute;e, vu que le Dujany se cassait &agrave; la fin de la saison pour aller voir ailleurs s&rsquo;il y &eacute;tait, mais seulement apr&egrave;s qu&rsquo;il eut finit d&rsquo;imiter Max Cavalera dans le poste.<\/p>\n<p style=\"text-align:right\">Il y a un an, je m&rsquo;&eacute;veillais <a href=\"http:\/\/www.rts.ch\/couleur3\/programmes\/audioguide\/4940742-famous-nightclubs-3-4.html\">au doux son du <em>Ghost Rider<\/em> de Suicide qui closait l&rsquo;&eacute;pisode sur le CBGB de la semaine sp&eacute;ciale <em>Famous Nightclubs<\/em> d&rsquo;<em>Audioguide<\/em> dans <em>le Bronx<\/em> sur devine-un-peu-quelle-radio<em>.<\/em><\/a><\/p>\n<p><em>Aujourd&rsquo;hui, je m&rsquo;&eacute;veille au doux son d&rsquo;<a href=\"http:\/\/www.rts.ch\/couleur3\/programmes\/tartare\/5888110-tartare-12-06-2014.html?f=player\/popup&#038;date=12-06-2014\">Anselme, l&rsquo;invit&eacute; tr&egrave;s tr&egrave;s na&iuml;f qui ressemble &agrave; une pizza dig&eacute;r&eacute;e parce qu&rsquo;il met des tonnes d&rsquo;Axe<sup>&reg;<\/sup> pour attirer les filles et qui meurt b&ecirc;tement en sautant par la fen&ecirc;tre parce qu&rsquo;il vient de boire un Redbull<sup>&reg;<\/sup> de <\/em>Tartare<\/a><em>, la chronique d&eacute;bile de dans <\/em>One-Two<em> l&rsquo;&eacute;mission du matin sur &eacute;videmment-toujours-la-m&ecirc;me-radio, une &eacute;mission dr&ocirc;le qui s&rsquo;arr&ecirc;te demain parce que la grille d&rsquo;&eacute;t&eacute; commence d&egrave;s lundi et pas au moment des Eurock&eacute;ennes comme chaque ann&eacute;e, ce qui me perturbe beaucoup cette phrase est tr&egrave;s longue.<\/em><\/p>\n<p>&nbsp;<\/p>\n<p>&nbsp;<\/p>\n<p style=\"text-align:left\">Il y a dix ans, il faisait beau.<\/p>\n<p style=\"text-align:right\">Il y a neuf ans, il faisait beau aussi.<\/p>\n<p style=\"text-align:left\">Il y a huit ans  il faisait beau et surtout chaud, j&rsquo;&eacute;tais d&eacute;j&agrave; liqu&eacute;fi&eacute; alors qu&rsquo;il n&rsquo;&eacute;tait que 10h et &ccedil;a, &ccedil;a su&ccedil;ait grave.<\/p>\n<p style=\"text-align:right\">Il y a sept ans  il faisait gris, ce qui su&ccedil;ait un peu moins.<\/p>\n<p style=\"text-align:left\">Il y a six ans il faisait gris aussi, ce qui me faisait r&eacute;aliser que mon histoire se r&eacute;p&eacute;tait un peu trop, ces temps-l&agrave;.<\/p>\n<p style=\"text-align:right\">Il y a cinq ans, il faisait carr&eacute;ment moche. &Ccedil;a devenait une tradition.<\/p>\n<p style=\"text-align:left\">Il y a quatre ans, il faisait moche aussi. Je croyais qu&rsquo;on m&rsquo;en voulait personnellement.<\/p>\n<p style=\"text-align:right\">Il y a trois ans, GLORIA ALLELU&Iuml;A il faisait enfin beau, dis donc.<\/p>\n<p style=\"text-align:left\">Il y a deux ans, il refaisait remoche. &iexcl;Caramba! Encore rat&eacute;.<\/p>\n<p style=\"text-align:right\">Il y a un an, il continuait &agrave; faire moche. C&rsquo;&eacute;tait d&eacute;sesp&eacute;rant.<\/p>\n<p><em>Aujourd&rsquo;hui, il fait beau et chaud. Ou chaud et beau. Je ne sais pas trop.<\/em><\/p>\n<p>&nbsp;<\/p>\n<p>&nbsp;<\/p>\n<p style=\"text-align:left\">Il y a dix ans, nous &eacute;tions le 12 juin.<\/p>\n<p style=\"text-align:right\">Il y a neuf ans, nous &eacute;tions le 12 et un jour, ce qui signifiait que j&rsquo;&eacute;tais en retard.<\/p>\n<p style=\"text-align:left\">Il y a huit ans, nous &eacute;tions le 12 juin, ce qui voulait dire que je sais retenir les le&ccedil;ons du pass&eacute;.<\/p>\n<p style=\"text-align:right\">Il y a sept ans, nous &eacute;tions encore le 12 juin, et je n&rsquo;avais r&eacute;alis&eacute; que 5 minutes auparavant que le 12 juin, c&rsquo;&eacute;tait il y a sept ans.<\/p>\n<p style=\"text-align:left\">Il y a six ans nous &eacute;tions, c&rsquo;est fou &ccedil;a, le 12 juin.<\/p>\n<p style=\"text-align:right\">Il y a cinq ans nous &eacute;tions, gr&acirc;ce &agrave; l&rsquo;implacable r&eacute;gularit&eacute; cyclique super-pr&eacute;visible du calendrier gr&eacute;gorien, deviniez quoi&nbsp;? Le 12 juin.<\/p>\n<p style=\"text-align:left\">Il y a quatre ans, nous &eacute;tions justement un il y a quatre ans qui tombait un 12 juin. Mais pas le m&ecirc;me que les autres.<\/p>\n<p style=\"text-align:right\">Il y a trois ans, nous &eacute;tions la veille du 13 juin et donc le 12. C&rsquo;&eacute;tait &eacute;patant.<\/p>\n<p style=\"text-align:left\">Il y a deux ans, nous &eacute;tions encore le 12 juin, croyais-je.<\/p>\n<p style=\"text-align:right\">Il y a un an, il me semblait, si je me souvenais bien, que, voyiez-vous, nous &eacute;tions le 12 juin.<\/p>\n<p><em>Aujourd&rsquo;hui, nous sommes encore et toujours le 12 juin.<\/em><\/p>\n<p>&nbsp;<\/p>\n<p>&nbsp;<\/p>\n<p style=\"text-align:right\">Et un qui font dix, donc. Difficile de faire un bilan. Cette d&eacute;cennie fut n&eacute;gative et positive &agrave; la fois&nbsp;: beaucoup de temps perdu, mais qui, avec le recul, <em>devait <\/em>l&rsquo;&ecirc;tre. Pas assez de choses v&eacute;cues, mais le sentiment d&rsquo;avoir surv&eacute;cu. Aucun objectif principal atteint, mais d&rsquo;autres qui se sont dress&eacute;s &agrave; la place. La nature a horreur du vide.<\/p>\n<p style=\"text-align:right\">Quoi qu&rsquo;il en soit, je ne pensais pas que cette chose allait durer si longtemps. Voil&agrave; qui est fait, pourtant. Reste &agrave; voir la suite. Je pense &agrave; des mutations. Un cycle s&rsquo;ach&egrave;ve, il est peut-&ecirc;tre temps d&rsquo;en lancer un autre. Nous en reparlerons.<\/p>\n<p style=\"text-align:right\">Merci &agrave; vous tous qui venez ici et retuittez et partagez sans rel&acirc;che. Merci surtout &agrave; vous, les 3 ou 4 lecteurs (vous ne devez &ecirc;tre gu&egrave;re plus de 3 ou 4) qui venez depuis 10 ans. Votre r&eacute;gularit&eacute; m&rsquo;&eacute;pate. J&rsquo;esp&egrave;re que mon &eacute;volution ne vous a pas d&eacute;plu.<\/p>\n<p style=\"text-align:right\">Et &agrave; demain.<\/p>\n<p style=\"text-align:right\">&nbsp;&#8230;<\/p>\n<p style=\"text-align:right\">&#8230;<\/p>\n<p style=\"text-align:right\">&#8230;<\/p>\n<p class=\"gros\" style=\"text-align:center;font-size:2em;\">&laquo;&nbsp;Et alors on peut se brosser pour le th&egrave;me aujourd&rsquo;hui&nbsp;?&nbsp;&raquo;<\/p>\n<p style=\"text-align:right\">Bon, d&rsquo;accord, puisque vous insistez. Mais alors un tout petit&nbsp;:<\/p>\n<p class=\"gros\" style=\"text-align:center;font-size:2em;\">Dix ans (enfin 6 plut&ocirc;t) d&rsquo;illumination de No&euml;l de la rue du Pont-des-Roches  de Metz.<\/p>\n<h1 style=\"text-align:right\">Neuf tabasse.<\/h1>\n<div id=\"photo2\">\n<p><img decoding=\"async\" src=\"https:\/\/www.wallendorff.com\/belogue\/photo\/2009\/01\/20090101.jpg\" \/><\/p>\n<\/div>\n<p style=\"text-align:right\"> <a href=\"https:\/\/www.wallendorff.com\/belogue\/2009\/01\/01\/neuf-tabasse1\/\">Rue du Pont-des-Roches, Metz, 29 d&eacute;cembre 2008<\/a>.<\/p>\n<p>&nbsp;<\/p>\n<h1 style=\"text-align:right\">[Maybe this year will be better than the last.]<\/h1>\n<div id=\"photo2\">\n<p><img decoding=\"async\" src=\"https:\/\/www.wallendorff.com\/belogue\/photo\/2010\/01\/20100101.jpg\" \/><\/p>\n<\/div>\n<p style=\"text-align:right\"> <a href=\"https:\/\/www.wallendorff.com\/belogue\/2010\/01\/01\/maybe-this-year-will-be-better-than-the-last\/\">Rue du Pont-des-Roches, Metz, 29 d&eacute;cembre 2009<\/a>.<\/p>\n<p>&nbsp;<\/p>\n<h1 style=\"text-align:right\">[Maybe this year will be better than the last.]<\/h1>\n<div id=\"photo2\">\n<p><img decoding=\"async\" src=\"https:\/\/www.wallendorff.com\/belogue\/photo\/2011\/01\/20110101.jpg\" \/><\/p>\n<\/div>\n<p style=\"text-align:right\"> <a href=\"https:\/\/www.wallendorff.com\/belogue\/2011\/01\/01\/maybe-this-year-will-be-better-than-the-last-2\/\">Rue du Pont-des-Roches, Metz, 29 d&eacute;cembre 2010<\/a>.<\/p>\n<p>&nbsp;<\/p>\n<h1 style=\"text-align:right\">[Maybe this year will be better than the last.]<\/h1>\n<div id=\"photo2\">\n<p><img decoding=\"async\" src=\"https:\/\/www.wallendorff.com\/belogue\/photo\/2012\/01\/20120101.jpg\" \/><\/p>\n<\/div>\n<p style=\"text-align:right\"> <a href=\"https:\/\/www.wallendorff.com\/belogue\/2012\/01\/01\/maybe-this-year-will-be-better-than-the-last-3\/\">Rue du Pont-des-Roches, Metz, 27 d&eacute;cembre 2011<\/a>.<\/p>\n<p>&nbsp;<\/p>\n<p style=\"text-align:right\">&nbsp;<\/p>\n<h1 style=\"text-align:right\">[Maybe this year will be better than the last.]<\/h1>\n<div id=\"photo2\">\n<p><img decoding=\"async\" src=\"https:\/\/www.wallendorff.com\/belogue\/photo\/2013\/01\/20130101.jpg\" \/><\/p>\n<\/div>\n<p style=\"text-align:right\"> <a href=\"https:\/\/www.wallendorff.com\/belogue\/2013\/01\/01\/maybe-this-year-will-be-better-than-the-last-4\/\">Rue du Pont-des-Roches, Metz, 29 d&eacute;cembre 2012<\/a>.<\/p>\n<p>&nbsp;<\/p>\n<p style=\"text-align:right\">&nbsp;<\/p>\n<h1 style=\"text-align:right\">[Maybe this year will be better than the last.]<\/h1>\n<div id=\"photo2\">\n<p><img decoding=\"async\" src=\"https:\/\/www.wallendorff.com\/belogue\/photo\/2014\/01\/20140101.jpg\" \/><\/p>\n<\/div>\n<p style=\"text-align:right\"> <a href=\"https:\/\/www.wallendorff.com\/belogue\/2014\/01\/01\/maybe-this-year-will-be-better-than-the-last-5\/\">Rue du Pont-des-Roches, Metz, 27 d&eacute;cembre 2013<\/a>.<\/p>\n<p>&nbsp;<\/p>\n<p style=\"text-align:right\">&nbsp;<\/p>\n<p>_____<\/p>\n<div id=\"bas_note\">\n<p><sup>1<\/sup> Et deux ann&eacute;es plus tard, je me d&eacute;cidai enfin &agrave; vous expliquer <a href=\"https:\/\/www.wallendorff.com\/belogue\/photo\/2010\/06\/20100612-01.jpg\">pourquoi<\/a>.<\/p>\n<p><sup>2<\/sup> Que je conseille au passage toujours toujours toujours autant pour les commentaires qu&rsquo;il fait tout au long du morceau. Il est chez le bel&ouml;gue mort de <a href=\"http:\/\/vox.skynetblogs.be\">Vox<\/a>.<\/p>\n<\/p><\/div>\n","protected":false},"excerpt":{"rendered":"<p>Il y a dix ans, les Pistons de D&eacute;troit &eacute;taient en finale NBA. Il y a neuf ans, les Pistons de D&eacute;troit &eacute;taient encore en finale NBA. Il y a huit ans, les Pistons de D&eacute;troit &eacute;taient en vacances apr&egrave;s s&rsquo;&ecirc;tre fait vider comme des nases en sept manches de finale de conf&eacute;rence par Miami.&hellip;<\/p>\n","protected":false},"author":1,"featured_media":26794,"comment_status":"open","ping_status":"open","sticky":false,"template":"","format":"standard","meta":{"_acf_changed":false,"ngg_post_thumbnail":0,"jetpack_post_was_ever_published":false,"_jetpack_newsletter_access":"","_jetpack_dont_email_post_to_subs":false,"_jetpack_newsletter_tier_id":0,"_jetpack_memberships_contains_paywalled_content":false,"_jetpack_memberships_contains_paid_content":false,"footnotes":"","jetpack_publicize_message":"","jetpack_publicize_feature_enabled":true,"jetpack_social_post_already_shared":false,"jetpack_social_options":{"image_generator_settings":{"template":"highway","default_image_id":0,"font":"","enabled":false},"version":2}},"categories":[3],"tags":[8630,10131,11769],"class_list":["post-22948","post","type-post","status-publish","format-standard","has-post-thumbnail","hentry","category-dpc","tag-8630","tag-anniversaire","tag-rue-du-pont-des-roches"],"acf":[],"geo":null,"jetpack_publicize_connections":[],"jetpack_featured_media_url":"https:\/\/www.wallendorff.com\/belogue\/wp-content\/uploads\/2015\/04\/200901013.jpg","jetpack_shortlink":"https:\/\/wp.me\/p3b35P-5Y8","jetpack_sharing_enabled":true,"jetpack-related-posts":[{"id":21133,"url":"https:\/\/www.wallendorff.com\/belogue\/2007\/06\/12\/trois\/","url_meta":{"origin":22948,"position":0},"title":"Trois.","author":"dpc","date":"12 juin 2007","format":false,"excerpt":"Il y a trois ans, les Pistons de D\u00e9troit \u00e9taient en finale NBA. Il y a deux ans, les Pistons de D\u00e9troit \u00e9taient encore en finale NBA. Il y a un an, les Pistons de D\u00e9troit \u00e9taient en vacances apr\u00e8s s'\u00eatre fait vider comme des nazes en 6 manches de\u2026","rel":"","context":"Dans &quot;DPC&quot;","block_context":{"text":"DPC","link":"https:\/\/www.wallendorff.com\/belogue\/category\/dpc\/"},"img":{"alt_text":"","src":"","width":0,"height":0},"classes":[]},{"id":172,"url":"https:\/\/www.wallendorff.com\/belogue\/2006\/06\/12\/l-emu-rond-des-zoos-raye\/","url_meta":{"origin":22948,"position":1},"title":"L&rsquo;&eacute;mu rond des zoos raye&sup1;.","author":"dpc","date":"12 juin 2006","format":false,"excerpt":"Rue des Panoyaux, Paris, 28 mai. Il y a deux ans, les Pistons de D\u00e9troit \u00e9taient en finale NBA. Il y a un an, les Pistons de D\u00e9troit \u00e9taient encore en finale NBA. Aujourd'hui, les Pistons de D\u00e9troit sont en vacances apr\u00e8s s'\u00eatre fait vider comme des nazes en 6\u2026","rel":"","context":"Dans &quot;DPC&quot;","block_context":{"text":"DPC","link":"https:\/\/www.wallendorff.com\/belogue\/category\/dpc\/"},"img":{"alt_text":"","src":"https:\/\/i0.wp.com\/www.wallendorff.com\/belogue\/wp-content\/uploads\/2015\/04\/200606121.jpg?resize=350%2C200&ssl=1","width":350,"height":200},"classes":[]},{"id":1248,"url":"https:\/\/www.wallendorff.com\/belogue\/2008\/06\/12\/le-pied-o-la-vieille-m-oint-cher\/","url_meta":{"origin":22948,"position":2},"title":"Le pied o\u00f9 la vieille m&rsquo;oint cher\u00b9.","author":"dpc","date":"12 juin 2008","format":false,"excerpt":"Rue Saint-Rustique, Paris, 12 avril. TV on the Radio \u2013 Blind Il y a quatre ans, les Pistons de D\u00e9troit \u00e9taient en finale NBA. Il y a trois ans, les Pistons de D\u00e9troit \u00e9taient encore en finale NBA. Il y a deux ans, les Pistons de D\u00e9troit \u00e9taient en vacances\u2026","rel":"","context":"Dans &quot;DPC&quot;","block_context":{"text":"DPC","link":"https:\/\/www.wallendorff.com\/belogue\/category\/dpc\/"},"img":{"alt_text":"","src":"https:\/\/i0.wp.com\/www.wallendorff.com\/belogue\/wp-content\/uploads\/2015\/04\/200806121.jpg?resize=350%2C200&ssl=1","width":350,"height":200},"classes":[]},{"id":12868,"url":"https:\/\/www.wallendorff.com\/belogue\/2011\/06\/12\/direction-linfini\/","url_meta":{"origin":22948,"position":3},"title":"Direction l&rsquo;infini.","author":"dpc","date":"12 juin 2011","format":false,"excerpt":"Rue Bonaparte, Paris, 11 juin. Il y a sept ans, les Pistons de D\u00e9troit \u00e9taient en finale NBA. Il y a six ans, les Pistons de D\u00e9troit \u00e9taient encore en finale NBA. Il y a cinq ans, les Pistons de D\u00e9troit \u00e9taient en vacances apr\u00e8s s'\u00eatre fait vider comme des\u2026","rel":"","context":"Dans &quot;DPC&quot;","block_context":{"text":"DPC","link":"https:\/\/www.wallendorff.com\/belogue\/category\/dpc\/"},"img":{"alt_text":"","src":"https:\/\/i0.wp.com\/www.wallendorff.com\/belogue\/wp-content\/uploads\/2015\/04\/201106121.jpg?resize=350%2C200&ssl=1","width":350,"height":200},"classes":[]},{"id":7677,"url":"https:\/\/www.wallendorff.com\/belogue\/2010\/06\/12\/six\/","url_meta":{"origin":22948,"position":4},"title":"668 the neighbour of the beast.","author":"dpc","date":"12 juin 2010","format":false,"excerpt":"Rue Michel-le-Comte, Paris, 8 mai. Non mais l\u00e0 c'est plut\u00f4t une mobylette qu'un escalier, donc \u00e7a compte pas. Hum. Ah et puis\u00a0: Il y a six ans, les Pistons de D\u00e9troit \u00e9taient en finale NBA. Il y a cinq ans, les Pistons de D\u00e9troit \u00e9taient encore en finale NBA. Il\u2026","rel":"","context":"Dans &quot;DPC&quot;","block_context":{"text":"DPC","link":"https:\/\/www.wallendorff.com\/belogue\/category\/dpc\/"},"img":{"alt_text":"","src":"https:\/\/i0.wp.com\/www.wallendorff.com\/belogue\/wp-content\/uploads\/2015\/04\/201006121.jpg?resize=350%2C200&ssl=1","width":350,"height":200},"classes":[]},{"id":4287,"url":"https:\/\/www.wallendorff.com\/belogue\/2009\/06\/12\/me-nuisant-plus-bele-que-vaux-je-hourds\/","url_meta":{"origin":22948,"position":5},"title":"Me nuisant plus, b\u00eale que vaux-je hourds.","author":"dpc","date":"12 juin 2009","format":false,"excerpt":"Pla\u00e8te Mars, Paris, 11 juin. \u00a0 Oasis \u2013 Cigarettes & Alcohol Il y a cinq ans, les Pistons de D\u00e9troit \u00e9taient en finale NBA. Il y a quatre ans, les Pistons de D\u00e9troit \u00e9taient encore en finale NBA. Il y a trois ans, les Pistons de D\u00e9troit \u00e9taient en vacances\u2026","rel":"","context":"Dans &quot;Portraits&quot;","block_context":{"text":"Portraits","link":"https:\/\/www.wallendorff.com\/belogue\/category\/portraits\/"},"img":{"alt_text":"","src":"https:\/\/i0.wp.com\/www.wallendorff.com\/belogue\/wp-content\/uploads\/2015\/04\/20090612-121.jpg?resize=350%2C200&ssl=1","width":350,"height":200,"srcset":"https:\/\/i0.wp.com\/www.wallendorff.com\/belogue\/wp-content\/uploads\/2015\/04\/20090612-121.jpg?resize=350%2C200&ssl=1 1x, https:\/\/i0.wp.com\/www.wallendorff.com\/belogue\/wp-content\/uploads\/2015\/04\/20090612-121.jpg?resize=525%2C300&ssl=1 1.5x, https:\/\/i0.wp.com\/www.wallendorff.com\/belogue\/wp-content\/uploads\/2015\/04\/20090612-121.jpg?resize=700%2C400&ssl=1 2x"},"classes":[]}],"_links":{"self":[{"href":"https:\/\/www.wallendorff.com\/belogue\/wp-json\/wp\/v2\/posts\/22948","targetHints":{"allow":["GET"]}}],"collection":[{"href":"https:\/\/www.wallendorff.com\/belogue\/wp-json\/wp\/v2\/posts"}],"about":[{"href":"https:\/\/www.wallendorff.com\/belogue\/wp-json\/wp\/v2\/types\/post"}],"author":[{"embeddable":true,"href":"https:\/\/www.wallendorff.com\/belogue\/wp-json\/wp\/v2\/users\/1"}],"replies":[{"embeddable":true,"href":"https:\/\/www.wallendorff.com\/belogue\/wp-json\/wp\/v2\/comments?post=22948"}],"version-history":[{"count":12,"href":"https:\/\/www.wallendorff.com\/belogue\/wp-json\/wp\/v2\/posts\/22948\/revisions"}],"predecessor-version":[{"id":27799,"href":"https:\/\/www.wallendorff.com\/belogue\/wp-json\/wp\/v2\/posts\/22948\/revisions\/27799"}],"wp:featuredmedia":[{"embeddable":true,"href":"https:\/\/www.wallendorff.com\/belogue\/wp-json\/wp\/v2\/media\/26794"}],"wp:attachment":[{"href":"https:\/\/www.wallendorff.com\/belogue\/wp-json\/wp\/v2\/media?parent=22948"}],"wp:term":[{"taxonomy":"category","embeddable":true,"href":"https:\/\/www.wallendorff.com\/belogue\/wp-json\/wp\/v2\/categories?post=22948"},{"taxonomy":"post_tag","embeddable":true,"href":"https:\/\/www.wallendorff.com\/belogue\/wp-json\/wp\/v2\/tags?post=22948"}],"curies":[{"name":"wp","href":"https:\/\/api.w.org\/{rel}","templated":true}]}}