{"id":22930,"date":"2014-06-09T10:50:47","date_gmt":"2014-06-09T08:50:47","guid":{"rendered":"http:\/\/www.wallendorff.com\/?p=22930"},"modified":"2014-06-09T10:56:32","modified_gmt":"2014-06-09T08:56:32","slug":"dix-ans-chez-les-bisounours","status":"publish","type":"post","link":"https:\/\/www.wallendorff.com\/belogue\/2014\/06\/09\/dix-ans-chez-les-bisounours\/","title":{"rendered":"Dix ans chez les bisounours."},"content":{"rendered":"<div id=\"photo\">\n<p><img decoding=\"async\" src=\"https:\/\/www.wallendorff.com\/belogue\/photo\/2012\/06\/20120613.jpg\" \/><\/p>\n<\/div>\n<p style=\"text-align:right\">Dix ans de conjugu&eacute; et dix ans d&rsquo;&eacute;v&eacute;nements, dont beaucoup en blanc.<\/p>\n<h1 style=\"text-align:right\">Il ne faut jamais dire &laquo;&nbsp;j&rsquo;aimais&nbsp;&raquo;.<\/h1>\n<div id=\"photo2\">\n<p><img decoding=\"async\" src=\"https:\/\/www.wallendorff.com\/belogue\/photo\/2005\/06\/20050617.jpg\" \/><\/p>\n<\/div>\n<p style=\"text-align:right\"> <a href=\"https:\/\/www.wallendorff.com\/belogue\/2005\/06\/17\/il-ne-faut-jamais-dire-j-aimais\/\">Station Charles de Gaulle &mdash; &Eacute;toile, Paris, 8 juin 2005<\/a>.<\/p>\n<p>&nbsp;<\/p>\n<h1 style=\"text-align:right\">L&rsquo;ar&ocirc;me entiche.<\/h1>\n<div id=\"photo2\">\n<p><img decoding=\"async\" src=\"https:\/\/www.wallendorff.com\/belogue\/photo\/2005\/08\/20050804.jpg\" \/><\/p>\n<\/div>\n<p style=\"text-align:right\"> <a href=\"https:\/\/www.wallendorff.com\/belogue\/2005\/08\/04\/l-arome-entiche\/\">Palais Royal, Paris, 21 juillet 2005<\/a>.<\/p>\n<p>&nbsp;<\/p>\n<h1 style=\"text-align:right\">Garde leste.<\/h1>\n<div id=\"photo2\">\n<p><img decoding=\"async\" src=\"https:\/\/www.wallendorff.com\/belogue\/photo\/2006\/08\/20060828.jpg\" \/><\/p>\n<\/div>\n<p style=\"text-align:right\"><a href=\"https:\/\/www.wallendorff.com\/belogue\/2006\/08\/28\/garde-leste\/\">Gare de l&rsquo;Est, Paris, 27 ao&ucirc;t 2006<\/a>.<\/p>\n<p>&nbsp;<\/p>\n<h1 style=\"text-align:right\">We live a dying dream, if you know what I mean.<\/h1>\n<div id=\"photo2\">\n<p><img decoding=\"async\" src=\"https:\/\/www.wallendorff.com\/belogue\/photo\/2009\/02\/20090217.jpg\" \/><\/p>\n<\/div>\n<p style=\"text-align:right\"><a href=\"https:\/\/www.wallendorff.com\/belogue\/2009\/02\/17\/we-live-a-dying-dream-if-you-know-what-i-mean\/\">Pont de Sully, Paris, 13 janvier 2009<\/a>.<\/p>\n<p>&nbsp;<\/p>\n<h1 style=\"text-align:right\">Mari as-tu pris.<\/h1>\n<div id=\"photo2\">\n<p><img decoding=\"async\" src=\"https:\/\/www.wallendorff.com\/belogue\/photo\/2009\/08\/20090810.jpg\" \/><\/p>\n<\/div>\n<p style=\"text-align:right\"><a href=\"https:\/\/www.wallendorff.com\/belogue\/2009\/08\/10\/mari-as-tu-pris\/\">Le Mans, 8 ao&ucirc;t 2009<\/a>. <\/p>\n<p>&nbsp;<\/p>\n<h1 style=\"text-align:right\">Shooting people #65.<\/h1>\n<div id=\"photo2\">\n<p><img decoding=\"async\" src=\"https:\/\/www.wallendorff.com\/belogue\/photo\/2010\/02\/20100226.jpg\" \/><\/p>\n<\/div>\n<p style=\"text-align:right\"> <a href=\"https:\/\/www.wallendorff.com\/belogue\/2010\/02\/26\/shooting-people-65\/\">Rue Tandou, Paris, 17 janvier 2010<\/a>.<\/p>\n<p>&nbsp;<\/p>\n<h1 style=\"text-align:right\">Et pendant ce temps, &agrave; Rokensen.<\/h1>\n<div id=\"photo2\">\n<p><img decoding=\"async\" src=\"https:\/\/www.wallendorff.com\/belogue\/photo\/2010\/08\/20100831.jpg\" \/><\/p>\n<\/div>\n<p style=\"text-align:right\"> <a href=\"https:\/\/www.wallendorff.com\/belogue\/2010\/08\/31\/et-pendant-ce-temps-a-rokensen\/\">Svarstj&ouml; slott, 28 ao&ucirc;t 2010<\/a>.<\/p>\n<p>&nbsp;<\/p>\n<h1 style=\"text-align:right\">Quiphe me, quiphe me, quiphe me.<\/h1>\n<div id=\"photo2\">\n<p><img decoding=\"async\" src=\"https:\/\/www.wallendorff.com\/belogue\/photo\/2011\/02\/20110208.jpg\" \/><\/p>\n<\/div>\n<p style=\"text-align:right\"> <a href=\"https:\/\/www.wallendorff.com\/belogue\/2011\/02\/08\/quiphe-me-quiphe-me-quiphe-me\/\">Rue de l&rsquo;Alboni, Paris, 8 janvier 2011<\/a>.<\/p>\n<p>&nbsp;<\/p>\n<h1 style=\"text-align:right\">D&rsquo;&Eacute;vian droit banne art.<\/h1>\n<div id=\"photo2\">\n<p><img decoding=\"async\" src=\"https:\/\/www.wallendorff.com\/belogue\/photo\/2011\/05\/20110502.jpg\" \/><\/p>\n<\/div>\n<p style=\"text-align:right\"> <a href=\"https:\/\/www.wallendorff.com\/belogue\/2011\/05\/02\/devian-droit-banne-art\/\">Lausanne, 3 avril 2011<\/a>.<\/p>\n<p>&nbsp;<\/p>\n<h1 style=\"text-align:right\">Et vers Ted des pas m&rsquo;eurent.<\/h1>\n<div id=\"photo2\">\n<p><img decoding=\"async\" src=\"https:\/\/www.wallendorff.com\/belogue\/photo\/2011\/09\/20110929.jpg\" \/><\/p>\n<\/div>\n<p style=\"text-align:right\"> <a href=\"https:\/\/www.wallendorff.com\/belogue\/2011\/09\/29\/et-vers-ted-des-pas-meurent\/\">Palais du Louvre, Paris, 11 ao&ucirc;t 2011<\/a>.<\/p>\n<p>&nbsp;<\/p>\n<h1 style=\"text-align:right\">L&rsquo;amour f[l]ou.<\/h1>\n<div id=\"photo2\">\n<p><img decoding=\"async\" src=\"https:\/\/www.wallendorff.com\/belogue\/photo\/2012\/06\/20120613.jpg\" \/><\/p>\n<\/div>\n<p style=\"text-align:right\"> <a href=\"https:\/\/www.wallendorff.com\/belogue\/2012\/06\/13\/lamour-flou\/\">Villa Strassburger, Dauilleville, 9 juin 2012<\/a>.<\/p>\n<p>&nbsp;<\/p>\n<h1 style=\"text-align:right\">Shooting people #96.<\/h1>\n<div id=\"photo2\">\n<p><img decoding=\"async\" src=\"https:\/\/www.wallendorff.com\/belogue\/photo\/2012\/08\/20120822.jpg\" \/><\/p>\n<\/div>\n<p style=\"text-align:right\"> <a href=\"https:\/\/www.wallendorff.com\/belogue\/2012\/08\/22\/shooting-people-96\/\">Villa Strassburger, Dauilleville, 12 juin 2012<\/a>.<\/p>\n<p>&nbsp;<\/p>\n<h1 style=\"text-align:right\">Juillet 2013.<\/h1>\n<div id=\"photo2\">\n<p><img decoding=\"async\" src=\"https:\/\/www.wallendorff.com\/belogue\/photo\/galeries\/2013\/07\/20130731-bn\/20130809-80.jpg\" \/><\/p>\n<\/div>\n<p style=\"text-align:right\"> <a href=\"https:\/\/www.wallendorff.com\/belogue\/2013\/07\/31\/juillet-2013\/\">Pal&eacute;o festival, Nyon, 28 juillet 2013<\/a>.<\/p>\n<p>&nbsp;<\/p>\n<h1 style=\"text-align:right\">Septembre 2013.<\/h1>\n<div id=\"photo2\">\n<p><img decoding=\"async\" src=\"https:\/\/www.wallendorff.com\/belogue\/photo\/galeries\/2013\/09\/20130930-bn\/20131003-24.jpg\" \/><\/p>\n<\/div>\n<p style=\"text-align:right\"> <a href=\"https:\/\/www.wallendorff.com\/belogue\/2013\/09\/30\/septembre-2013\/\">G&eacute;rardmer, 14 septembre 2013<\/a>.<\/p>\n<p>&nbsp;<\/p>\n<h1 style=\"text-align:right\">&Eacute;galement cit&eacute;s&nbsp;:<\/h1>\n<ul>\n<li><a href=\"https:\/\/www.wallendorff.com\/belogue\/2005\/08\/10\/l-etrange-noelle-de-monsieur-jacques\/\">L&rsquo;&eacute;trange No&euml;lle de monsieur Jacques (rue Claude-Tillier, Paris, 27 juillet 2005)<\/a><\/li>\n<li><a href=\"https:\/\/www.wallendorff.com\/belogue\/2007\/07\/24\/le-dement-chat-boit-ma-kro\/\">Le d&eacute;ment chat boit ma Kro (&eacute;glise Sainte-Mireille, Haybes, 7 juillet 2007)<\/a><\/li>\n<li><a href=\"https:\/\/www.wallendorff.com\/belogue\/2009\/09\/03\/well-i-guess-i-havent-grown\/\">Well I guess I haven&rsquo;t grown (Lawyer&rsquo;s Club, Ann Arbor, 5 ,mai 2009)<\/a><\/li>\n<li><a href=\"https:\/\/www.wallendorff.com\/belogue\/2012\/05\/31\/shooting-people-92\/\">Shooting people #92 (Chartreuse de Pomier, Pr&eacute;silly, 26 mai 2012)<\/a>.<\/li>\n<\/ul>\n","protected":false},"excerpt":{"rendered":"<p>Dix ans de conjugu&eacute; et dix ans d&rsquo;&eacute;v&eacute;nements, dont beaucoup en blanc. Il ne faut jamais dire &laquo;&nbsp;j&rsquo;aimais&nbsp;&raquo;. Station Charles de Gaulle &mdash; &Eacute;toile, Paris, 8 juin 2005. &nbsp; L&rsquo;ar&ocirc;me entiche. Palais Royal, Paris, 21 juillet 2005. &nbsp; Garde leste. Gare de l&rsquo;Est, Paris, 27 ao&ucirc;t 2006. &nbsp; We live a dying dream, if you&hellip;<\/p>\n","protected":false},"author":1,"featured_media":26792,"comment_status":"open","ping_status":"open","sticky":false,"template":"","format":"standard","meta":{"_acf_changed":false,"ngg_post_thumbnail":0,"jetpack_post_was_ever_published":false,"_jetpack_newsletter_access":"","_jetpack_dont_email_post_to_subs":false,"_jetpack_newsletter_tier_id":0,"_jetpack_memberships_contains_paywalled_content":false,"_jetpack_memberships_contains_paid_content":false,"footnotes":"","jetpack_publicize_message":"","jetpack_publicize_feature_enabled":true,"jetpack_social_post_already_shared":false,"jetpack_social_options":{"image_generator_settings":{"template":"highway","default_image_id":0,"font":"","enabled":false},"version":2}},"categories":[3],"tags":[8630,10359],"class_list":["post-22930","post","type-post","status-publish","format-standard","has-post-thumbnail","hentry","category-dpc","tag-8630","tag-couple"],"acf":[],"geo":null,"jetpack_publicize_connections":[],"jetpack_featured_media_url":"https:\/\/www.wallendorff.com\/belogue\/wp-content\/uploads\/2015\/04\/201206133.jpg","jetpack_shortlink":"https:\/\/wp.me\/p3b35P-5XQ","jetpack_sharing_enabled":true,"jetpack-related-posts":[{"id":23099,"url":"https:\/\/www.wallendorff.com\/belogue\/2014\/06\/29\/dix-ans-de-tout-le-reste\/","url_meta":{"origin":22930,"position":0},"title":"Dix ans de tout le reste.","author":"dpc","date":"29 juin 2014","format":false,"excerpt":"Dix ans de tout ce qui n'a pas pu entrer dans les autres cat\u00e9gories. Dix ans de photos qui comptent, sans qu'on sache vraiment pourquoi. Dix ans de photos de toilettes, mais pas assez pour en faire une s\u00e9rie. Faudra penser \u00e0 en faire plein, en pr\u00e9vision des 20 ans.\u2026","rel":"","context":"Dans &quot;DPC&quot;","block_context":{"text":"DPC","link":"https:\/\/www.wallendorff.com\/belogue\/category\/dpc\/"},"img":{"alt_text":"","src":"https:\/\/i0.wp.com\/www.wallendorff.com\/belogue\/wp-content\/uploads\/2015\/04\/248.jpg?resize=350%2C200&ssl=1","width":350,"height":200,"srcset":"https:\/\/i0.wp.com\/www.wallendorff.com\/belogue\/wp-content\/uploads\/2015\/04\/248.jpg?resize=350%2C200&ssl=1 1x, https:\/\/i0.wp.com\/www.wallendorff.com\/belogue\/wp-content\/uploads\/2015\/04\/248.jpg?resize=525%2C300&ssl=1 1.5x, https:\/\/i0.wp.com\/www.wallendorff.com\/belogue\/wp-content\/uploads\/2015\/04\/248.jpg?resize=700%2C400&ssl=1 2x"},"classes":[]},{"id":22913,"url":"https:\/\/www.wallendorff.com\/belogue\/2014\/06\/07\/dix-ans-dhivers\/","url_meta":{"origin":22930,"position":1},"title":"Dix ans d&rsquo;hivers.","author":"dpc","date":"7 juin 2014","format":false,"excerpt":"10 ans de blanc, dix ans de bleu d\u00e9satur\u00e9. Dix ans \u00e0 \u00e9couter des morceaux d'Air et des pieds qui crissent. Arbore les sens. Lac Sainte-Claire, D\u00e9troit, 8 janvier 2005. \u00a0 Banc-crise. Lac Sainte-Claire, D\u00e9troit, 8 janvier 2005. \u00a0 Ares comptant pour un. Lac Sainte-Claire, D\u00e9troit, 8 janvier 2005. \u00a0\u2026","rel":"","context":"Dans &quot;DPC&quot;","block_context":{"text":"DPC","link":"https:\/\/www.wallendorff.com\/belogue\/category\/dpc\/"},"img":{"alt_text":"","src":"https:\/\/i0.wp.com\/www.wallendorff.com\/belogue\/wp-content\/uploads\/2015\/04\/201104203.jpg?resize=350%2C200&ssl=1","width":350,"height":200,"srcset":"https:\/\/i0.wp.com\/www.wallendorff.com\/belogue\/wp-content\/uploads\/2015\/04\/201104203.jpg?resize=350%2C200&ssl=1 1x, https:\/\/i0.wp.com\/www.wallendorff.com\/belogue\/wp-content\/uploads\/2015\/04\/201104203.jpg?resize=525%2C300&ssl=1 1.5x, https:\/\/i0.wp.com\/www.wallendorff.com\/belogue\/wp-content\/uploads\/2015\/04\/201104203.jpg?resize=700%2C400&ssl=1 2x"},"classes":[]},{"id":22997,"url":"https:\/\/www.wallendorff.com\/belogue\/2014\/06\/19\/dix-ans-de-crepuscules\/","url_meta":{"origin":22930,"position":2},"title":"Dix ans de cr\u00e9puscules.","author":"dpc","date":"19 juin 2014","format":false,"excerpt":"Dix ans de bleu, dix ans de jaune, dix ans de jour qui fuit. Coachella Music and Arts Festival, Indio, 1er-2 mai. Indio, 1er mai 2004. \u00a0 Meute de Louvre. Palais du Louvre, Paris, 29 septembre 2005. \u00a0 \u00d4, monde, d'yeux. King Edward Street, Liverpool, 18 octobre 2007. \u00a0 Fous\u2026","rel":"","context":"Dans &quot;DPC&quot;","block_context":{"text":"DPC","link":"https:\/\/www.wallendorff.com\/belogue\/category\/dpc\/"},"img":{"alt_text":"","src":"https:\/\/i0.wp.com\/www.wallendorff.com\/belogue\/wp-content\/uploads\/2015\/04\/201209102.jpg?resize=350%2C200&ssl=1","width":350,"height":200,"srcset":"https:\/\/i0.wp.com\/www.wallendorff.com\/belogue\/wp-content\/uploads\/2015\/04\/201209102.jpg?resize=350%2C200&ssl=1 1x, https:\/\/i0.wp.com\/www.wallendorff.com\/belogue\/wp-content\/uploads\/2015\/04\/201209102.jpg?resize=525%2C300&ssl=1 1.5x, https:\/\/i0.wp.com\/www.wallendorff.com\/belogue\/wp-content\/uploads\/2015\/04\/201209102.jpg?resize=700%2C400&ssl=1 2x"},"classes":[]},{"id":23041,"url":"https:\/\/www.wallendorff.com\/belogue\/2014\/06\/24\/dix-ans-en-lair\/","url_meta":{"origin":22930,"position":3},"title":"Dix ans en l&rsquo;air.","author":"dpc","date":"24 juin 2014","format":false,"excerpt":"Dix ans d'avion. Dix ans d'a\u00e9roports. Dix ans de transit. Shiphol, three hours, three pics. Schiphol Luchthaven, Amsterdam, 18 d\u00e9cembre 2004. \u00a0 Schiphol Luchthaven, Amsterdam, 16 f\u00e9vrier 2005. \u00a0 Assises bonnes en gare. George Bush Intercontinental Airport, Houston, 27 avril 2007. \u00a0 Kilom\u00e8tre 2\u00a0488. Schiphol Luchthaven, Amsterdam, 2 avril 2008.\u2026","rel":"","context":"Dans &quot;DPC&quot;","block_context":{"text":"DPC","link":"https:\/\/www.wallendorff.com\/belogue\/category\/dpc\/"},"img":{"alt_text":"","src":"https:\/\/i0.wp.com\/www.wallendorff.com\/belogue\/wp-content\/uploads\/2015\/04\/201211013.jpg?resize=350%2C200&ssl=1","width":350,"height":200,"srcset":"https:\/\/i0.wp.com\/www.wallendorff.com\/belogue\/wp-content\/uploads\/2015\/04\/201211013.jpg?resize=350%2C200&ssl=1 1x, https:\/\/i0.wp.com\/www.wallendorff.com\/belogue\/wp-content\/uploads\/2015\/04\/201211013.jpg?resize=525%2C300&ssl=1 1.5x, https:\/\/i0.wp.com\/www.wallendorff.com\/belogue\/wp-content\/uploads\/2015\/04\/201211013.jpg?resize=700%2C400&ssl=1 2x"},"classes":[]},{"id":22899,"url":"https:\/\/www.wallendorff.com\/belogue\/2014\/06\/05\/dix-ans-et-une-tour\/","url_meta":{"origin":22930,"position":4},"title":"Dix ans et une tour.","author":"dpc","date":"5 juin 2014","format":false,"excerpt":"Dix ans \u00e0 passer devant, \u00e0 tourner autour, \u00e0 la d\u00e9tailler sous toutes les coutures. Dix ans \u00e0 retomber dessus sans cesse sans jamais la chercher, au point de finir par lui d\u00e9dier la s\u00e9rie photographique au titre le plus pourri de la d\u00e9cennie. Pis \u00e0 prismes #11. Champ de\u2026","rel":"","context":"Dans &quot;DPC&quot;","block_context":{"text":"DPC","link":"https:\/\/www.wallendorff.com\/belogue\/category\/dpc\/"},"img":{"alt_text":"","src":"https:\/\/i0.wp.com\/www.wallendorff.com\/belogue\/wp-content\/uploads\/2015\/04\/201301223.jpg?resize=350%2C200&ssl=1","width":350,"height":200,"srcset":"https:\/\/i0.wp.com\/www.wallendorff.com\/belogue\/wp-content\/uploads\/2015\/04\/201301223.jpg?resize=350%2C200&ssl=1 1x, https:\/\/i0.wp.com\/www.wallendorff.com\/belogue\/wp-content\/uploads\/2015\/04\/201301223.jpg?resize=525%2C300&ssl=1 1.5x, https:\/\/i0.wp.com\/www.wallendorff.com\/belogue\/wp-content\/uploads\/2015\/04\/201301223.jpg?resize=700%2C400&ssl=1 2x"},"classes":[]},{"id":23031,"url":"https:\/\/www.wallendorff.com\/belogue\/2014\/06\/23\/dix-ans-de-portraits-de-gens\/","url_meta":{"origin":22930,"position":5},"title":"Dix ans de portraits de gens.","author":"dpc","date":"23 juin 2014","format":false,"excerpt":"Dix ans de connus. Dix ans de mes connus. Dix ans de tr\u00e8s connus. Cuilleri assoupi. Station Nation, Paris, 7 juin 2005. \u00a0 Shooting people #4. H\u00f4tel Renaissance, Paris, 3 octobre 2006. \u00a0 Shooting people #17. Maison de la Radio, Paris, 17 septembre 2007. \u00a0 Simon et Gart's font d'cale.\u2026","rel":"","context":"Dans &quot;DPC&quot;","block_context":{"text":"DPC","link":"https:\/\/www.wallendorff.com\/belogue\/category\/dpc\/"},"img":{"alt_text":"","src":"https:\/\/i0.wp.com\/www.wallendorff.com\/belogue\/wp-content\/uploads\/2015\/04\/20130214-071.jpg?resize=350%2C200&ssl=1","width":350,"height":200,"srcset":"https:\/\/i0.wp.com\/www.wallendorff.com\/belogue\/wp-content\/uploads\/2015\/04\/20130214-071.jpg?resize=350%2C200&ssl=1 1x, https:\/\/i0.wp.com\/www.wallendorff.com\/belogue\/wp-content\/uploads\/2015\/04\/20130214-071.jpg?resize=525%2C300&ssl=1 1.5x"},"classes":[]}],"_links":{"self":[{"href":"https:\/\/www.wallendorff.com\/belogue\/wp-json\/wp\/v2\/posts\/22930","targetHints":{"allow":["GET"]}}],"collection":[{"href":"https:\/\/www.wallendorff.com\/belogue\/wp-json\/wp\/v2\/posts"}],"about":[{"href":"https:\/\/www.wallendorff.com\/belogue\/wp-json\/wp\/v2\/types\/post"}],"author":[{"embeddable":true,"href":"https:\/\/www.wallendorff.com\/belogue\/wp-json\/wp\/v2\/users\/1"}],"replies":[{"embeddable":true,"href":"https:\/\/www.wallendorff.com\/belogue\/wp-json\/wp\/v2\/comments?post=22930"}],"version-history":[{"count":3,"href":"https:\/\/www.wallendorff.com\/belogue\/wp-json\/wp\/v2\/posts\/22930\/revisions"}],"predecessor-version":[{"id":22933,"href":"https:\/\/www.wallendorff.com\/belogue\/wp-json\/wp\/v2\/posts\/22930\/revisions\/22933"}],"wp:featuredmedia":[{"embeddable":true,"href":"https:\/\/www.wallendorff.com\/belogue\/wp-json\/wp\/v2\/media\/26792"}],"wp:attachment":[{"href":"https:\/\/www.wallendorff.com\/belogue\/wp-json\/wp\/v2\/media?parent=22930"}],"wp:term":[{"taxonomy":"category","embeddable":true,"href":"https:\/\/www.wallendorff.com\/belogue\/wp-json\/wp\/v2\/categories?post=22930"},{"taxonomy":"post_tag","embeddable":true,"href":"https:\/\/www.wallendorff.com\/belogue\/wp-json\/wp\/v2\/tags?post=22930"}],"curies":[{"name":"wp","href":"https:\/\/api.w.org\/{rel}","templated":true}]}}