{"id":22926,"date":"2014-06-08T07:38:23","date_gmt":"2014-06-08T05:38:23","guid":{"rendered":"http:\/\/www.wallendorff.com\/?p=22926"},"modified":"2014-06-08T07:42:29","modified_gmt":"2014-06-08T05:42:29","slug":"top-10-des-plus-belles-cathedrales-de-la-decennie","status":"publish","type":"post","link":"https:\/\/www.wallendorff.com\/belogue\/2014\/06\/08\/top-10-des-plus-belles-cathedrales-de-la-decennie\/","title":{"rendered":"Top 10 des plus belles cath\u00e9drales de la d\u00e9cennie."},"content":{"rendered":"<div id=\"photo\">\n<p><img decoding=\"async\" src=\"https:\/\/www.wallendorff.com\/belogue\/photo\/2013\/10\/20131024.jpg\" \/><\/p>\n<\/div>\n<p>Dix ans &agrave; faire le tour de toutes les cath&eacute;drales du monde entier et bien les regarder sous toutes les coutures pour &eacute;tablir le classement d&eacute;finitif et impartial des plus jolies cath&eacute;drales de l&rsquo;univers.<\/p>\n<h1 style=\"text-align:right\">N<sup>o<\/sup> 10 ex-&aelig;quo&nbsp;:<\/h1>\n<h1 style=\"text-align:right\">La cath&eacute;drale Notre-Dame de Chartres du 7 avril 2012&#8230;<\/h1>\n<div id=\"photo2\">\n<p><img decoding=\"async\" src=\"https:\/\/www.wallendorff.com\/belogue\/photo\/2012\/05\/20120526.jpg\" \/><\/p>\n<\/div>\n<p style=\"text-align:right\"><a href=\"https:\/\/www.wallendorff.com\/belogue\/2012\/05\/26\/chartres-attack\/\">Chartres Attack<\/a>.<\/p>\n<p>&nbsp;<\/p>\n<h1 style=\"text-align:right\">&#8230; Et la cath&eacute;drale Saint-Julien du Mans du 18 janvier 2014.<\/h1>\n<div id=\"photo2\">\n<p><img decoding=\"async\" src=\"https:\/\/www.wallendorff.com\/belogue\/photo\/2014\/02\/20140205.jpg\" \/><\/p>\n<\/div>\n<p style=\"text-align:right\"><a href=\"https:\/\/www.wallendorff.com\/belogue\/2014\/02\/05\/into-the-wide-27\/\">Into the wide #27<\/a>.<\/p>\n<p>&nbsp;<\/p>\n<p style=\"text-align:right\">[Ces politesses faites, passons maintenant aux choses s&eacute;rieuses.]<\/p>\n<p>&nbsp;<\/p>\n<h1 style=\"text-align:right\">N<sup>o<\/sup> 9&nbsp;: La cath&eacute;drale Saint-&Eacute;tienne de Metz du 8 novembre 2010.<\/h1>\n<div id=\"photo3\">\n<p><img decoding=\"async\" src=\"https:\/\/www.wallendorff.com\/belogue\/photo\/2011\/01\/20110107.jpg\" alt=\"\" \/><\/p>\n<\/div>\n<p style=\"text-align:right\"><a href=\"https:\/\/www.wallendorff.com\/belogue\/2011\/01\/07\/lennui-au-musee-2\/\">L&rsquo;ennui au mus&eacute;e 2<\/a>.<\/p>\n<p style=\"text-align:right\">&nbsp;<\/p>\n<h1 style=\"text-align:right\">N<sup>o<\/sup> 8&nbsp;: La cath&eacute;drale Saint-&Eacute;tienne de Metz du 28 d&eacute;cembre 2010.<\/h1>\n<div id=\"photo2\">\n<p><img decoding=\"async\" src=\"https:\/\/www.wallendorff.com\/belogue\/photo\/2011\/01\/20110131.jpg\" \/><\/p>\n<\/div>\n<p style=\"text-align:right\"><a href=\"https:\/\/www.wallendorff.com\/belogue\/2011\/01\/31\/2010\/\">2010<\/a>.<\/p>\n<p>&nbsp;<\/p>\n<h1 style=\"text-align:right\">N<sup>o<\/sup> 7&nbsp;: La cath&eacute;drale Saint-&Eacute;tienne de Metz du 27 d&eacute;cembre 2011.<\/h1>\n<div id=\"photo2\">\n<p><img decoding=\"async\" src=\"https:\/\/www.wallendorff.com\/belogue\/photo\/2012\/02\/20120213.jpg\" \/><\/p>\n<\/div>\n<p style=\"text-align:right\"><a href=\"https:\/\/www.wallendorff.com\/belogue\/2012\/02\/13\/2011\/\">2011<\/a>. <\/p>\n<p>&nbsp;<\/p>\n<h1 style=\"text-align:right\">N<sup>o<\/sup> 6&nbsp;: La cath&eacute;drale Saint-&Eacute;tienne de Metz du 27 d&eacute;cembre 2009.<\/h1>\n<div id=\"photo2\">\n<p><img decoding=\"async\" src=\"https:\/\/www.wallendorff.com\/belogue\/photo\/2010\/01\/20100129.jpg\" \/><\/p>\n<\/div>\n<p style=\"text-align:right\"> <a href=\"https:\/\/www.wallendorff.com\/belogue\/2010\/01\/29\/2009\/\">2009<\/a>.<\/p>\n<p>&nbsp;<\/p>\n<h1 style=\"text-align:right\">N<sup>o<\/sup> 5&nbsp;: La cath&eacute;drale Saint-&Eacute;tienne de Metz du 28 d&eacute;cembre 2008.<\/h1>\n<div id=\"photo2\">\n<p><img decoding=\"async\" src=\"https:\/\/www.wallendorff.com\/belogue\/photo\/2009\/01\/20090120-07.jpg\" \/><\/p>\n<\/div>\n<p style=\"text-align:right\"> <a href=\"https:\/\/www.wallendorff.com\/belogue\/2009\/01\/20\/deuxmilledeux-2008\/\">2002-2008<\/a>.<\/p>\n<p>&nbsp;<\/p>\n<h1 style=\"text-align:right\">N<sup>o<\/sup> 4&nbsp;: La cath&eacute;drale Saint-&Eacute;tienne de Metz du 29 d&eacute;cembre 2012.<\/h1>\n<div id=\"photo2\">\n<p><img decoding=\"async\" src=\"https:\/\/www.wallendorff.com\/belogue\/photo\/2013\/02\/20130207.jpg\" \/><\/p>\n<\/div>\n<p style=\"text-align:right\"> <a href=\"https:\/\/www.wallendorff.com\/belogue\/2013\/02\/07\/2012\/\">2012<\/a>.<\/p>\n<p>&nbsp;<\/p>\n<h1 style=\"text-align:right\">N<sup>o<\/sup> 3&nbsp;: La cath&eacute;drale Saint-&Eacute;tienne de Metz du 18 novembre 2013.<\/h1>\n<div id=\"photo2\">\n<p><img decoding=\"async\" src=\"https:\/\/www.wallendorff.com\/belogue\/photo\/2013\/12\/20131213.jpg\" \/><\/p>\n<\/div>\n<p style=\"text-align:right\"> <a href=\"https:\/\/www.wallendorff.com\/belogue\/2013\/12\/13\/gotham\/\">Gotham<\/a>.<\/p>\n<p>&nbsp;<\/p>\n<h1 style=\"text-align:right\">N<sup>o<\/sup> 2&nbsp;: La cath&eacute;drale Saint-&Eacute;tienne de Metz du 27 d&eacute;cembre 2013.<\/h1>\n<div id=\"photo2\">\n<p><img decoding=\"async\" src=\"https:\/\/www.wallendorff.com\/belogue\/photo\/2013\/12\/20131231.jpg\" \/><\/p>\n<\/div>\n<p style=\"text-align:right\"> <a href=\"https:\/\/www.wallendorff.com\/belogue\/2013\/12\/31\/2013\/\">2013<\/a>.<\/p>\n<p>&nbsp;<\/p>\n<h1 style=\"text-align:right\">N<sup>o<\/sup> 1&nbsp;: La cath&eacute;drale Saint-&Eacute;tienne de Metz du 14 septembre 2013.<\/h1>\n<div id=\"photo2\">\n<p><img decoding=\"async\" src=\"https:\/\/www.wallendorff.com\/belogue\/photo\/2013\/10\/20131024.jpg\" \/><\/p>\n<\/div>\n<p style=\"text-align:right\"> <a href=\"https:\/\/www.wallendorff.com\/belogue\/2013\/10\/24\/tout-poutres-en-lair\/\">Tout poutre en l&rsquo;air<\/a>.<\/p>\n<p>&nbsp;<\/p>\n<h1 style=\"text-align:right\">&Eacute;galement cit&eacute;s&nbsp;:<\/h1>\n<ul>\n<li><a href=\"https:\/\/www.wallendorff.com\/belogue\/2009\/02\/18\/grandes-sorgues\/\">Grandes sorgues (rue du Clo&icirc;tre-Notre-Dame, Paris, 13 janvier 2009).<\/a><\/li>\n<li><a href=\"https:\/\/www.wallendorff.com\/belogue\/2011\/10\/26\/seven-sixty-first\/\">Seven sixty-first (Jardin de la Pr&eacute;fecture, Metz, 27 ao&ucirc;t 2011).<\/a><\/li>\n<li><a href=\"https:\/\/www.wallendorff.com\/belogue\/2013\/07\/18\/into-the-wide-11\/\">Into the wide #11 (D&ocirc;me de Milan, 30 mai).<\/a><\/li>\n<li><a href=\"https:\/\/www.wallendorff.com\/belogue\/2014\/01\/06\/sapins-trient-forts-ceux-des-villes\/\">Sapins trient fort ceux des villes (Parvis Notre-Dame &ndash; Place Jean-Paul-II, Paris, 16 d&eacute;cembre 2013)<\/a>.<\/li>\n<\/ul>\n","protected":false},"excerpt":{"rendered":"<p>Dix ans &agrave; faire le tour de toutes les cath&eacute;drales du monde entier et bien les regarder sous toutes les coutures pour &eacute;tablir le classement d&eacute;finitif et impartial des plus jolies cath&eacute;drales de l&rsquo;univers. No 10 ex-&aelig;quo&nbsp;: La cath&eacute;drale Notre-Dame de Chartres du 7 avril 2012&#8230; Chartres Attack. &nbsp; &#8230; Et la cath&eacute;drale Saint-Julien du&hellip;<\/p>\n","protected":false},"author":1,"featured_media":26791,"comment_status":"open","ping_status":"open","sticky":false,"template":"","format":"standard","meta":{"_acf_changed":false,"ngg_post_thumbnail":0,"jetpack_post_was_ever_published":false,"_jetpack_newsletter_access":"","_jetpack_dont_email_post_to_subs":false,"_jetpack_newsletter_tier_id":0,"_jetpack_memberships_contains_paywalled_content":false,"_jetpack_memberships_contains_paid_content":false,"footnotes":"","jetpack_publicize_message":"","jetpack_publicize_feature_enabled":true,"jetpack_social_post_already_shared":false,"jetpack_social_options":{"image_generator_settings":{"template":"highway","default_image_id":0,"font":"","enabled":false},"version":2}},"categories":[3],"tags":[8630,10743],"class_list":["post-22926","post","type-post","status-publish","format-standard","has-post-thumbnail","hentry","category-dpc","tag-8630","tag-cathedrale"],"acf":[],"geo":null,"jetpack_publicize_connections":[],"jetpack_featured_media_url":"https:\/\/www.wallendorff.com\/belogue\/wp-content\/uploads\/2015\/04\/201310243.jpg","jetpack_shortlink":"https:\/\/wp.me\/p3b35P-5XM","jetpack_sharing_enabled":true,"jetpack-related-posts":[{"id":127758,"url":"https:\/\/www.wallendorff.com\/belogue\/2024\/04\/16\/suivre-la-fleche-3-3-renaissance\/","url_meta":{"origin":22926,"position":0},"title":"Suivre la fl\u00e8che [3\/3] : Renaissance.","author":"dpc","date":"16 avril 2024","format":false,"excerpt":"Il s\u2019agissait de la reconstruire \u00e0 l\u2019identique.Mais quel identique\u00a0?Quand on a reb\u00e2ti la cath\u00e9drale de Varsovie apr\u00e8s le guerre, on l\u2019a reb\u00e2tie \u00e0 l\u2019identique\u2026 du XIVe si\u00e8cle. Pas dans son \u00e9tat de 1944. L\u2019identique est relatif, la fa\u00e7on dont on l\u2019interpr\u00e8te, un choix.Au Moyen-\u00c2ge, on b\u00e2tissait les cath\u00e9drales en mettant\u2026","rel":"","context":"Dans &quot;DPC&quot;","block_context":{"text":"DPC","link":"https:\/\/www.wallendorff.com\/belogue\/category\/dpc\/"},"img":{"alt_text":"","src":"https:\/\/i0.wp.com\/www.wallendorff.com\/belogue\/wp-content\/uploads\/2024\/04\/20240416-14.jpg?resize=350%2C200&ssl=1","width":350,"height":200,"srcset":"https:\/\/i0.wp.com\/www.wallendorff.com\/belogue\/wp-content\/uploads\/2024\/04\/20240416-14.jpg?resize=350%2C200&ssl=1 1x, https:\/\/i0.wp.com\/www.wallendorff.com\/belogue\/wp-content\/uploads\/2024\/04\/20240416-14.jpg?resize=525%2C300&ssl=1 1.5x, https:\/\/i0.wp.com\/www.wallendorff.com\/belogue\/wp-content\/uploads\/2024\/04\/20240416-14.jpg?resize=700%2C400&ssl=1 2x, https:\/\/i0.wp.com\/www.wallendorff.com\/belogue\/wp-content\/uploads\/2024\/04\/20240416-14.jpg?resize=1050%2C600&ssl=1 3x"},"classes":[]},{"id":17414,"url":"https:\/\/www.wallendorff.com\/belogue\/2012\/05\/26\/chartres-attack\/","url_meta":{"origin":22926,"position":1},"title":"Chartres attack.","author":"dpc","date":"26 mai 2012","format":false,"excerpt":"Chartres, 7 avril. Jack White \u2013 Weep Themselves to Sleep [youtube]http:\/\/www.youtube.com\/watch?v=SS1fkobUPfA[\/youtube]","rel":"","context":"Dans &quot;DPC&quot;","block_context":{"text":"DPC","link":"https:\/\/www.wallendorff.com\/belogue\/category\/dpc\/"},"img":{"alt_text":"","src":"https:\/\/i0.wp.com\/www.wallendorff.com\/belogue\/wp-content\/uploads\/2015\/04\/201205261.jpg?resize=350%2C200&ssl=1","width":350,"height":200,"srcset":"https:\/\/i0.wp.com\/www.wallendorff.com\/belogue\/wp-content\/uploads\/2015\/04\/201205261.jpg?resize=350%2C200&ssl=1 1x, https:\/\/i0.wp.com\/www.wallendorff.com\/belogue\/wp-content\/uploads\/2015\/04\/201205261.jpg?resize=525%2C300&ssl=1 1.5x"},"classes":[]},{"id":127713,"url":"https:\/\/www.wallendorff.com\/belogue\/2024\/04\/15\/suivre-la-fleche-2-3-resistance\/","url_meta":{"origin":22926,"position":2},"title":"Suivre la fl\u00e8che [2\/3] : R\u00e9sistance.","author":"dpc","date":"15 avril 2024","format":false,"excerpt":"J\u2019ai \u00e9t\u00e9 inform\u00e9 de l\u2019incendie en arrivant chez moi. 5 minutes plus tard, je sautais dans le RER, direction Pont Marie1.En me frayant un passage \u00e0 travers la foule silencieuse, mass\u00e9e \u00e0 la fronti\u00e8re du bouclage de la police, je d\u00e9couvre le trou b\u00e9ant. La fl\u00e8che s\u2019est \u00e9croul\u00e9e pendant mon\u2026","rel":"","context":"Dans &quot;DPC&quot;","block_context":{"text":"DPC","link":"https:\/\/www.wallendorff.com\/belogue\/category\/dpc\/"},"img":{"alt_text":"","src":"https:\/\/i0.wp.com\/www.wallendorff.com\/belogue\/wp-content\/uploads\/2024\/04\/20240415-12.jpg?resize=350%2C200&ssl=1","width":350,"height":200,"srcset":"https:\/\/i0.wp.com\/www.wallendorff.com\/belogue\/wp-content\/uploads\/2024\/04\/20240415-12.jpg?resize=350%2C200&ssl=1 1x, https:\/\/i0.wp.com\/www.wallendorff.com\/belogue\/wp-content\/uploads\/2024\/04\/20240415-12.jpg?resize=525%2C300&ssl=1 1.5x, https:\/\/i0.wp.com\/www.wallendorff.com\/belogue\/wp-content\/uploads\/2024\/04\/20240415-12.jpg?resize=700%2C400&ssl=1 2x, https:\/\/i0.wp.com\/www.wallendorff.com\/belogue\/wp-content\/uploads\/2024\/04\/20240415-12.jpg?resize=1050%2C600&ssl=1 3x"},"classes":[]},{"id":130396,"url":"https:\/\/www.wallendorff.com\/belogue\/2024\/08\/22\/les-toits-moussent-que-terre\/","url_meta":{"origin":22926,"position":3},"title":"Les toits moussent que terre.","author":"dpc","date":"22 ao\u00fbt 2024","format":false,"excerpt":"Tour Montparnasse, Paris, 18 avril 2024. Merci \u00e0 Lala, Leffe\u00ae et Twinuts\u00ae.","rel":"","context":"Dans &quot;DPC&quot;","block_context":{"text":"DPC","link":"https:\/\/www.wallendorff.com\/belogue\/category\/dpc\/"},"img":{"alt_text":"","src":"https:\/\/i0.wp.com\/www.wallendorff.com\/belogue\/wp-content\/uploads\/2024\/08\/20240822-07.jpg?resize=350%2C200&ssl=1","width":350,"height":200,"srcset":"https:\/\/i0.wp.com\/www.wallendorff.com\/belogue\/wp-content\/uploads\/2024\/08\/20240822-07.jpg?resize=350%2C200&ssl=1 1x, https:\/\/i0.wp.com\/www.wallendorff.com\/belogue\/wp-content\/uploads\/2024\/08\/20240822-07.jpg?resize=525%2C300&ssl=1 1.5x, https:\/\/i0.wp.com\/www.wallendorff.com\/belogue\/wp-content\/uploads\/2024\/08\/20240822-07.jpg?resize=700%2C400&ssl=1 2x, https:\/\/i0.wp.com\/www.wallendorff.com\/belogue\/wp-content\/uploads\/2024\/08\/20240822-07.jpg?resize=1050%2C600&ssl=1 3x"},"classes":[]},{"id":131431,"url":"https:\/\/www.wallendorff.com\/belogue\/2024\/12\/31\/2024\/","url_meta":{"origin":22926,"position":4},"title":"2024.","author":"dpc","date":"31 d\u00e9cembre 2024","format":false,"excerpt":"Metz, 26 d\u00e9cembre 2024. Into the wide #290 The years go by so fast, Let's hope the next beats the last. [Les pr\u00e9c\u00e9dentes l\u00e0 et l\u00e0 et l\u00e0 et l\u00e0 et l\u00e0 et l\u00e0 et l\u00e0 et l\u00e0 et l\u00e0 et l\u00e0 et l\u00e0 et l\u00e0 et l\u00e0 et l\u00e0\u2026","rel":"","context":"Dans &quot;Into the wide&quot;","block_context":{"text":"Into the wide","link":"https:\/\/www.wallendorff.com\/belogue\/category\/into-the-wide\/"},"img":{"alt_text":"","src":"https:\/\/i0.wp.com\/www.wallendorff.com\/belogue\/wp-content\/uploads\/2024\/12\/20241231.jpg?resize=350%2C200&ssl=1","width":350,"height":200,"srcset":"https:\/\/i0.wp.com\/www.wallendorff.com\/belogue\/wp-content\/uploads\/2024\/12\/20241231.jpg?resize=350%2C200&ssl=1 1x, https:\/\/i0.wp.com\/www.wallendorff.com\/belogue\/wp-content\/uploads\/2024\/12\/20241231.jpg?resize=525%2C300&ssl=1 1.5x, https:\/\/i0.wp.com\/www.wallendorff.com\/belogue\/wp-content\/uploads\/2024\/12\/20241231.jpg?resize=700%2C400&ssl=1 2x, https:\/\/i0.wp.com\/www.wallendorff.com\/belogue\/wp-content\/uploads\/2024\/12\/20241231.jpg?resize=1050%2C600&ssl=1 3x"},"classes":[]},{"id":131269,"url":"https:\/\/www.wallendorff.com\/belogue\/2024\/11\/30\/novembre-2024\/","url_meta":{"origin":22926,"position":5},"title":"Novembre 2024.","author":"dpc","date":"30 novembre 2024","format":false,"excerpt":"Un menu, un nours, un cimeti\u00e8re, un lever de soleil, un quai de RER, un balcon, une toilette, une publicit\u00e9, un gradin, une toilette, un v\u00e9lo, un concert, un extincteur, un train, une gare, un panneau, une cath\u00e9drale, un pont-canal, une for\u00eat, une \u00e9glise, une vierge, un ch\u00e2teau de jour,\u2026","rel":"","context":"Dans &quot;Blog-note&quot;","block_context":{"text":"Blog-note","link":"https:\/\/www.wallendorff.com\/belogue\/category\/blog-note\/"},"img":{"alt_text":"","src":"https:\/\/i0.wp.com\/www.wallendorff.com\/belogue\/wp-content\/uploads\/2024\/12\/20241207-56.jpg?resize=350%2C200&ssl=1","width":350,"height":200,"srcset":"https:\/\/i0.wp.com\/www.wallendorff.com\/belogue\/wp-content\/uploads\/2024\/12\/20241207-56.jpg?resize=350%2C200&ssl=1 1x, https:\/\/i0.wp.com\/www.wallendorff.com\/belogue\/wp-content\/uploads\/2024\/12\/20241207-56.jpg?resize=525%2C300&ssl=1 1.5x, https:\/\/i0.wp.com\/www.wallendorff.com\/belogue\/wp-content\/uploads\/2024\/12\/20241207-56.jpg?resize=700%2C400&ssl=1 2x, https:\/\/i0.wp.com\/www.wallendorff.com\/belogue\/wp-content\/uploads\/2024\/12\/20241207-56.jpg?resize=1050%2C600&ssl=1 3x"},"classes":[]}],"_links":{"self":[{"href":"https:\/\/www.wallendorff.com\/belogue\/wp-json\/wp\/v2\/posts\/22926","targetHints":{"allow":["GET"]}}],"collection":[{"href":"https:\/\/www.wallendorff.com\/belogue\/wp-json\/wp\/v2\/posts"}],"about":[{"href":"https:\/\/www.wallendorff.com\/belogue\/wp-json\/wp\/v2\/types\/post"}],"author":[{"embeddable":true,"href":"https:\/\/www.wallendorff.com\/belogue\/wp-json\/wp\/v2\/users\/1"}],"replies":[{"embeddable":true,"href":"https:\/\/www.wallendorff.com\/belogue\/wp-json\/wp\/v2\/comments?post=22926"}],"version-history":[{"count":3,"href":"https:\/\/www.wallendorff.com\/belogue\/wp-json\/wp\/v2\/posts\/22926\/revisions"}],"predecessor-version":[{"id":22929,"href":"https:\/\/www.wallendorff.com\/belogue\/wp-json\/wp\/v2\/posts\/22926\/revisions\/22929"}],"wp:featuredmedia":[{"embeddable":true,"href":"https:\/\/www.wallendorff.com\/belogue\/wp-json\/wp\/v2\/media\/26791"}],"wp:attachment":[{"href":"https:\/\/www.wallendorff.com\/belogue\/wp-json\/wp\/v2\/media?parent=22926"}],"wp:term":[{"taxonomy":"category","embeddable":true,"href":"https:\/\/www.wallendorff.com\/belogue\/wp-json\/wp\/v2\/categories?post=22926"},{"taxonomy":"post_tag","embeddable":true,"href":"https:\/\/www.wallendorff.com\/belogue\/wp-json\/wp\/v2\/tags?post=22926"}],"curies":[{"name":"wp","href":"https:\/\/api.w.org\/{rel}","templated":true}]}}