{"id":22913,"date":"2014-06-07T11:38:23","date_gmt":"2014-06-07T09:38:23","guid":{"rendered":"http:\/\/www.wallendorff.com\/?p=22913"},"modified":"2014-06-07T11:38:58","modified_gmt":"2014-06-07T09:38:58","slug":"dix-ans-dhivers","status":"publish","type":"post","link":"https:\/\/www.wallendorff.com\/belogue\/2014\/06\/07\/dix-ans-dhivers\/","title":{"rendered":"Dix ans d&rsquo;hivers."},"content":{"rendered":"<div id=\"photo\">\n<p><img decoding=\"async\" src=\"https:\/\/www.wallendorff.com\/belogue\/photo\/2011\/04\/20110420.jpg\" \/><\/p>\n<\/div>\n<p style=\"text-align:right\">10 ans de blanc, dix ans de bleu d&eacute;satur&eacute;. Dix ans &agrave; &eacute;couter des morceaux d&rsquo;Air et des pieds qui crissent.<\/p>\n<h1 style=\"text-align:right\">Arbore les sens.<\/h1>\n<div id=\"photo2\">\n<p><img decoding=\"async\" src=\"https:\/\/www.wallendorff.com\/belogue\/photo\/2005\/01\/20040115-arbre.jpg\" \/><\/p>\n<\/div>\n<p style=\"text-align:right\"> <a href=\"https:\/\/www.wallendorff.com\/belogue\/2005\/01\/15\/arbore-les-sens\/\">Lac Sainte-Claire, D&eacute;troit, 8 janvier 2005<\/a>.<\/p>\n<p>&nbsp;<\/p>\n<h1 style=\"text-align:right\">Banc-crise.<\/h1>\n<div id=\"photo2\">\n<p><img decoding=\"async\" src=\"https:\/\/www.wallendorff.com\/belogue\/photo\/2005\/01\/20050109-banc.jpg\" \/><\/p>\n<\/div>\n<p style=\"text-align:right\"> <a href=\"https:\/\/www.wallendorff.com\/belogue\/2005\/01\/09\/banc-crise\/\">Lac Sainte-Claire, D&eacute;troit, 8 janvier 2005<\/a>.<\/p>\n<p>&nbsp;<\/p>\n<h1 style=\"text-align:right\">Ares comptant pour un.<\/h1>\n<div id=\"photo2\">\n<p><img decoding=\"async\" src=\"https:\/\/www.wallendorff.com\/belogue\/photo\/2005\/01\/20050119-barrieres.jpg\" \/><\/p>\n<\/div>\n<p style=\"text-align:right\"> <a href=\"https:\/\/www.wallendorff.com\/belogue\/2005\/01\/19\/ares-comptant-pour-un\/\">Lac Sainte-Claire, D&eacute;troit, 8 janvier 2005<\/a>.<\/p>\n<p>&nbsp;<\/p>\n<h1 style=\"text-align:right\">Carcassone.<\/h1>\n<div id=\"photo2\">\n<p><img decoding=\"async\" src=\"https:\/\/www.wallendorff.com\/belogue\/photo\/2005\/01\/20050124-bagnole.jpg\" \/><\/p>\n<\/div>\n<p style=\"text-align:right\"> <a href=\"https:\/\/www.wallendorff.com\/belogue\/2005\/01\/25\/carcassone\/\">Pontiac, 20 janvier 2005<\/a>.<\/p>\n<p>&nbsp;<\/p>\n<h1 style=\"text-align:right\">Ar&ecirc;tes et lait frais.<\/h1>\n<div id=\"photo2\">\n<p><img decoding=\"async\" src=\"https:\/\/www.wallendorff.com\/belogue\/photo\/2005\/01\/20050126-stop.jpg\" \/><\/p>\n<\/div>\n<p style=\"text-align:right\"> <a href=\"https:\/\/www.wallendorff.com\/belogue\/2005\/01\/26\/aretes-et-lait-frais\">Plymouth, 23 janvier 2005<\/a>.<\/p>\n<p>&nbsp;<\/p>\n<h1 style=\"text-align:right\">Wide awake in a mere Ricard.<\/h1>\n<div id=\"photo2\">\n<p><img decoding=\"async\" src=\"https:\/\/www.wallendorff.com\/belogue\/photo\/2008\/12\/20081224.jpg\" \/><\/p>\n<\/div>\n<p style=\"text-align:right\"> <a href=\"https:\/\/www.wallendorff.com\/belogue\/2008\/12\/24\/wide-awake-in-a-mere-ricard\/\">Slottsparken, Oslo, 18 novembre 2008<\/a>.<\/p>\n<p>&nbsp;<\/p>\n<h1 style=\"text-align:right\">Beaune est blanc et banc beau. Neige.<\/h1>\n<div id=\"photo2\">\n<p><img decoding=\"async\" src=\"https:\/\/www.wallendorff.com\/belogue\/photo\/2010\/02\/20100218.jpg\" \/><\/p>\n<\/div>\n<p style=\"text-align:right\"> <a href=\"https:\/\/www.wallendorff.com\/belogue\/2010\/02\/18\/beaune1-est-blanc-et-banc-beau-neiges\/\">Place Franz-Liszt, Paris, 9 janvier 2010<\/a>.<\/p>\n<p>&nbsp;<\/p>\n<h1 style=\"text-align:right\">I hope this song will guide you home.<\/h1>\n<div id=\"photo2\">\n<p><img decoding=\"async\" src=\"https:\/\/www.wallendorff.com\/belogue\/photo\/2010\/03\/20100310.jpg\" \/><\/p>\n<\/div>\n<p style=\"text-align:right\"> <a href=\"https:\/\/www.wallendorff.com\/belogue\/2010\/03\/10\/i-hope-this-song-will-guide-you-home\/\">Saulces-Monclin, 30 janvier 2010<\/a>.\n<\/p>\n<p>&nbsp;<\/p>\n<h1 style=\"text-align:right\">Someone I used to know.<\/h1>\n<div id=\"photo2\">\n<p><img decoding=\"async\" src=\"https:\/\/www.wallendorff.com\/belogue\/photo\/2010\/12\/20101206.jpg\" \/><\/p>\n<\/div>\n<p style=\"text-align:right\"> <a href=\"https:\/\/www.wallendorff.com\/belogue\/2010\/12\/06\/someone-i-used-to-know\/\">Montigny-sur-Meuse, 5 d&eacute;cembre 2010<\/a>.\n<\/p>\n<p>&nbsp;<\/p>\n<h1 style=\"text-align:right\">2010 en&#8230; #5.<\/h1>\n<div id=\"photo2\">\n<p><img decoding=\"async\" src=\"https:\/\/www.wallendorff.com\/belogue\/photo\/2010\/12\/20101230.jpg\" \/><\/p>\n<\/div>\n<p style=\"text-align:right\"> <a href=\"www.wallendorff.com\/2010\/12\/30\/2010en-5\/\">Givet, 23 d&eacute;cembre 2010<\/a>.\n<\/p>\n<p>&nbsp;<\/p>\n<h1 style=\"text-align:right\">Fuite de gars.<\/h1>\n<div id=\"photo2\">\n<p><img decoding=\"async\" src=\"https:\/\/www.wallendorff.com\/belogue\/photo\/2012\/03\/20120329.jpg\" \/><\/p>\n<\/div>\n<p style=\"text-align:right\"> <a href=\"https:\/\/www.wallendorff.com\/belogue\/2012\/03\/29\/fuite-de-gars\/\">Rue de la Bonne, Paris, 5 f&eacute;vrier 2012<\/a>.<br \/>\n  [Et sa <a href=\"https:\/\/www.wallendorff.com\/belogue\/2013\/03\/06\/il-etait-une-froid\/\">redite un an plus tard<\/a>]. \n<\/p>\n<p>&nbsp;<\/p>\n<h1 style=\"text-align:right\">Qu&rsquo;entre eux r&eacute;v&eacute;rais-je Peggy, mais r&ecirc;vais yeux.<\/h1>\n<div id=\"photo2\">\n<p><img decoding=\"async\" src=\"https:\/\/www.wallendorff.com\/belogue\/photo\/2011\/04\/20110420.jpg\" \/><\/p>\n<\/div>\n<p style=\"text-align:right\"> <a href=\"www.wallendorff.com\/2011\/04\/20\/quentre-eux-reverais-je-peggy-mais-revais-yeux\/\">Cr&ecirc;te des Rochassons, Avoriaz, 1<sup>er<\/sup> avril 2011<\/a>.<\/p>\n<p>&nbsp;<\/p>\n<h1 style=\"text-align:right\">Snow future.<\/h1>\n<div id=\"photo2\">\n<p><img decoding=\"async\" src=\"https:\/\/www.wallendorff.com\/belogue\/photo\/2013\/03\/20130312.jpg\" \/><\/p>\n<\/div>\n<p style=\"text-align:right\"> <a href=\"www.wallendorff.com\/2013\/03\/12\/snow-future\/\">Passage d&rsquo;Enfer, Paris, 20 janvier 2013<\/a>.\n<\/p>\n<p>&nbsp;<\/p>\n<h1 style=\"text-align:right\">Into the wide #9.<\/h1>\n<div id=\"photo2\">\n<p><img decoding=\"async\" src=\"https:\/\/www.wallendorff.com\/belogue\/photo\/2013\/06\/20130612.jpg\" \/><\/p>\n<\/div>\n<p style=\"text-align:right\"> <a href=\"https:\/\/www.wallendorff.com\/belogue\/2013\/06\/12\/into-the-wide-9\/\">Route des Prehez, Morbier, 27 avril 2013<\/a>.\n<\/p>\n<p>&nbsp;<\/p>\n<h1>&Eacute;galement cit&eacute;s&nbsp;:<\/h1>\n<ul>\n<li><a href=\"https:\/\/www.wallendorff.com\/belogue\/2005\/01\/23\/let-it-snow-let-it-snow-let-it-snow\/\">Let it snow, let it snow, let it snow (Pontiac, 22 janvier 2005).<\/a><\/li>\n<\/ul>\n","protected":false},"excerpt":{"rendered":"<p>10 ans de blanc, dix ans de bleu d&eacute;satur&eacute;. Dix ans &agrave; &eacute;couter des morceaux d&rsquo;Air et des pieds qui crissent. Arbore les sens. Lac Sainte-Claire, D&eacute;troit, 8 janvier 2005. &nbsp; Banc-crise. Lac Sainte-Claire, D&eacute;troit, 8 janvier 2005. &nbsp; Ares comptant pour un. Lac Sainte-Claire, D&eacute;troit, 8 janvier 2005. &nbsp; Carcassone. Pontiac, 20 janvier 2005.&hellip;<\/p>\n","protected":false},"author":1,"featured_media":26789,"comment_status":"open","ping_status":"open","sticky":false,"template":"","format":"standard","meta":{"_acf_changed":false,"ngg_post_thumbnail":0,"jetpack_post_was_ever_published":false,"_jetpack_newsletter_access":"","_jetpack_dont_email_post_to_subs":false,"_jetpack_newsletter_tier_id":0,"_jetpack_memberships_contains_paywalled_content":false,"_jetpack_memberships_contains_paid_content":false,"footnotes":"","jetpack_publicize_message":"","jetpack_publicize_feature_enabled":true,"jetpack_social_post_already_shared":false,"jetpack_social_options":{"image_generator_settings":{"template":"highway","default_image_id":0,"font":"","enabled":false},"version":2}},"categories":[3],"tags":[8630,10663],"class_list":["post-22913","post","type-post","status-publish","format-standard","has-post-thumbnail","hentry","category-dpc","tag-8630","tag-hiver"],"acf":[],"geo":null,"jetpack_publicize_connections":[],"jetpack_featured_media_url":"https:\/\/www.wallendorff.com\/belogue\/wp-content\/uploads\/2015\/04\/201104203.jpg","jetpack_shortlink":"https:\/\/wp.me\/p3b35P-5Xz","jetpack_sharing_enabled":true,"jetpack-related-posts":[{"id":22858,"url":"https:\/\/www.wallendorff.com\/belogue\/2014\/06\/01\/dix-ans-au-bord-de-leau\/","url_meta":{"origin":22913,"position":0},"title":"Dix ans au bord de l&rsquo;eau.","author":"dpc","date":"1 juin 2014","format":false,"excerpt":"10 ans de contemplation et de mers calmes. 10 ans de plage et d'\u00e9t\u00e9s mouill\u00e9s. 10 ans \u00e0 regarder loin devant soi. Be quiet and dive. Orchard Lake, West Bloomfield, 24 septembre 2004. \u00a0 Quatre gla\u00e7ons dans le vent Lac Sainte-Claire, D\u00e9troit, 8 janvier 2005. \u00a0 Digue\u00a0! H\u00f8norbrygga, R\u00e5dhusplassen, Oslo,\u2026","rel":"","context":"Dans &quot;DPC&quot;","block_context":{"text":"DPC","link":"https:\/\/www.wallendorff.com\/belogue\/category\/dpc\/"},"img":{"alt_text":"","src":"https:\/\/i0.wp.com\/www.wallendorff.com\/belogue\/wp-content\/uploads\/2015\/04\/201208033.jpg?resize=350%2C200&ssl=1","width":350,"height":200,"srcset":"https:\/\/i0.wp.com\/www.wallendorff.com\/belogue\/wp-content\/uploads\/2015\/04\/201208033.jpg?resize=350%2C200&ssl=1 1x, https:\/\/i0.wp.com\/www.wallendorff.com\/belogue\/wp-content\/uploads\/2015\/04\/201208033.jpg?resize=525%2C300&ssl=1 1.5x, https:\/\/i0.wp.com\/www.wallendorff.com\/belogue\/wp-content\/uploads\/2015\/04\/201208033.jpg?resize=700%2C400&ssl=1 2x"},"classes":[]},{"id":128298,"url":"https:\/\/www.wallendorff.com\/belogue\/2024\/06\/13\/cetait-2005\/","url_meta":{"origin":22913,"position":1},"title":"C&rsquo;\u00e9tait 2005.","author":"dpc","date":"13 juin 2024","format":false,"excerpt":"Revenir des \u00c9tats-Unis, s'installer temporairement \u00e0 Paris et entamer deux carri\u00e8res en parall\u00e8le. D\u00e9troit, 3 janvier 2005 Lac Sainte-Claire, 8 janvier 2005 Lac Sainte-Claire, 8 janvier 2005 Macomb, 15 janvier 2005 Auburn Hills, 20 janvier 2005 Birmingham, 23 janvier 2005 Birmingham, 23 janvier 2005 D\u00e9troit, 5 f\u00e9vrier 2005 Amsterdam, 16\u2026","rel":"","context":"Dans &quot;DPC&quot;","block_context":{"text":"DPC","link":"https:\/\/www.wallendorff.com\/belogue\/category\/dpc\/"},"img":{"alt_text":"","src":"https:\/\/i0.wp.com\/www.wallendorff.com\/belogue\/wp-content\/uploads\/2024\/06\/20240613-05.jpg?resize=350%2C200&ssl=1","width":350,"height":200,"srcset":"https:\/\/i0.wp.com\/www.wallendorff.com\/belogue\/wp-content\/uploads\/2024\/06\/20240613-05.jpg?resize=350%2C200&ssl=1 1x, https:\/\/i0.wp.com\/www.wallendorff.com\/belogue\/wp-content\/uploads\/2024\/06\/20240613-05.jpg?resize=525%2C300&ssl=1 1.5x, https:\/\/i0.wp.com\/www.wallendorff.com\/belogue\/wp-content\/uploads\/2024\/06\/20240613-05.jpg?resize=700%2C400&ssl=1 2x"},"classes":[]},{"id":22930,"url":"https:\/\/www.wallendorff.com\/belogue\/2014\/06\/09\/dix-ans-chez-les-bisounours\/","url_meta":{"origin":22913,"position":2},"title":"Dix ans chez les bisounours.","author":"dpc","date":"9 juin 2014","format":false,"excerpt":"Dix ans de conjugu\u00e9 et dix ans d'\u00e9v\u00e9nements, dont beaucoup en blanc. Il ne faut jamais dire \u00ab\u00a0j'aimais\u00a0\u00bb. Station Charles de Gaulle \u2014 \u00c9toile, Paris, 8 juin 2005. \u00a0 L'ar\u00f4me entiche. Palais Royal, Paris, 21 juillet 2005. \u00a0 Garde leste. Gare de l'Est, Paris, 27 ao\u00fbt 2006. \u00a0 We live\u2026","rel":"","context":"Dans &quot;DPC&quot;","block_context":{"text":"DPC","link":"https:\/\/www.wallendorff.com\/belogue\/category\/dpc\/"},"img":{"alt_text":"","src":"https:\/\/i0.wp.com\/www.wallendorff.com\/belogue\/wp-content\/uploads\/2015\/04\/201206133.jpg?resize=350%2C200&ssl=1","width":350,"height":200,"srcset":"https:\/\/i0.wp.com\/www.wallendorff.com\/belogue\/wp-content\/uploads\/2015\/04\/201206133.jpg?resize=350%2C200&ssl=1 1x, https:\/\/i0.wp.com\/www.wallendorff.com\/belogue\/wp-content\/uploads\/2015\/04\/201206133.jpg?resize=525%2C300&ssl=1 1.5x, https:\/\/i0.wp.com\/www.wallendorff.com\/belogue\/wp-content\/uploads\/2015\/04\/201206133.jpg?resize=700%2C400&ssl=1 2x"},"classes":[]},{"id":23017,"url":"https:\/\/www.wallendorff.com\/belogue\/2014\/06\/22\/dix-ans-de-filles-dans-des-ruelles-sombres-la-nuit-avec-un-lampadaire\/","url_meta":{"origin":22913,"position":3},"title":"Dix ans de filles. Dans des ruelles sombres. La nuit. Avec un lampadaire.","author":"dpc","date":"22 juin 2014","format":false,"excerpt":"Parfois, je me demande si tout \u00e7a ne vire pas \u00e0 l'obsession. Aux bonnes heures, d\u00e9drame. Tr\u00e8s Grosse Biblioth\u00e8que, Paris, 27 juillet 2005. \u00a0 Shooting people #46. Passage du Mont\u00e9n\u00e9gro, Paris, 5 janvier 2009. \u00a0 Shooting people #48. Rue Sainte-Rustique, Paris, 22 f\u00e9vrier 2009. \u00a0 Shooting people #49. Canal Saint-Martin,\u2026","rel":"","context":"Dans &quot;DPC&quot;","block_context":{"text":"DPC","link":"https:\/\/www.wallendorff.com\/belogue\/category\/dpc\/"},"img":{"alt_text":"","src":"https:\/\/i0.wp.com\/www.wallendorff.com\/belogue\/wp-content\/uploads\/2015\/04\/200904063.jpg?resize=350%2C200&ssl=1","width":350,"height":200,"srcset":"https:\/\/i0.wp.com\/www.wallendorff.com\/belogue\/wp-content\/uploads\/2015\/04\/200904063.jpg?resize=350%2C200&ssl=1 1x, https:\/\/i0.wp.com\/www.wallendorff.com\/belogue\/wp-content\/uploads\/2015\/04\/200904063.jpg?resize=525%2C300&ssl=1 1.5x"},"classes":[]},{"id":23099,"url":"https:\/\/www.wallendorff.com\/belogue\/2014\/06\/29\/dix-ans-de-tout-le-reste\/","url_meta":{"origin":22913,"position":4},"title":"Dix ans de tout le reste.","author":"dpc","date":"29 juin 2014","format":false,"excerpt":"Dix ans de tout ce qui n'a pas pu entrer dans les autres cat\u00e9gories. Dix ans de photos qui comptent, sans qu'on sache vraiment pourquoi. Dix ans de photos de toilettes, mais pas assez pour en faire une s\u00e9rie. Faudra penser \u00e0 en faire plein, en pr\u00e9vision des 20 ans.\u2026","rel":"","context":"Dans &quot;DPC&quot;","block_context":{"text":"DPC","link":"https:\/\/www.wallendorff.com\/belogue\/category\/dpc\/"},"img":{"alt_text":"","src":"https:\/\/i0.wp.com\/www.wallendorff.com\/belogue\/wp-content\/uploads\/2015\/04\/248.jpg?resize=350%2C200&ssl=1","width":350,"height":200,"srcset":"https:\/\/i0.wp.com\/www.wallendorff.com\/belogue\/wp-content\/uploads\/2015\/04\/248.jpg?resize=350%2C200&ssl=1 1x, https:\/\/i0.wp.com\/www.wallendorff.com\/belogue\/wp-content\/uploads\/2015\/04\/248.jpg?resize=525%2C300&ssl=1 1.5x, https:\/\/i0.wp.com\/www.wallendorff.com\/belogue\/wp-content\/uploads\/2015\/04\/248.jpg?resize=700%2C400&ssl=1 2x"},"classes":[]},{"id":23057,"url":"https:\/\/www.wallendorff.com\/belogue\/2014\/06\/26\/dix-ans-sur-la-route\/","url_meta":{"origin":22913,"position":5},"title":"Dix ans sur la route.","author":"dpc","date":"26 juin 2014","format":false,"excerpt":"Dix ans de kilom\u00e8tres et de pneus br\u00fbl\u00e9s. Dix ans de pauses toutes les deux heures. Dix ans vers l'avant. McNichols Road, 7 ao\u00fbt 2004. McNichols Road, D\u00e9troit, 7 ao\u00fbt 2004. Parenth\u00e8se\u00a0: en septembre 2013, le m\u00eame endroit ressemble \u00e0 \u00e7a (on le reconna\u00eet \u00e0 la peinture du mur de\u2026","rel":"","context":"Dans &quot;DPC&quot;","block_context":{"text":"DPC","link":"https:\/\/www.wallendorff.com\/belogue\/category\/dpc\/"},"img":{"alt_text":"","src":"https:\/\/i0.wp.com\/www.wallendorff.com\/belogue\/wp-content\/uploads\/2015\/04\/201209172.jpg?resize=350%2C200&ssl=1","width":350,"height":200,"srcset":"https:\/\/i0.wp.com\/www.wallendorff.com\/belogue\/wp-content\/uploads\/2015\/04\/201209172.jpg?resize=350%2C200&ssl=1 1x, https:\/\/i0.wp.com\/www.wallendorff.com\/belogue\/wp-content\/uploads\/2015\/04\/201209172.jpg?resize=525%2C300&ssl=1 1.5x, https:\/\/i0.wp.com\/www.wallendorff.com\/belogue\/wp-content\/uploads\/2015\/04\/201209172.jpg?resize=700%2C400&ssl=1 2x"},"classes":[]}],"_links":{"self":[{"href":"https:\/\/www.wallendorff.com\/belogue\/wp-json\/wp\/v2\/posts\/22913","targetHints":{"allow":["GET"]}}],"collection":[{"href":"https:\/\/www.wallendorff.com\/belogue\/wp-json\/wp\/v2\/posts"}],"about":[{"href":"https:\/\/www.wallendorff.com\/belogue\/wp-json\/wp\/v2\/types\/post"}],"author":[{"embeddable":true,"href":"https:\/\/www.wallendorff.com\/belogue\/wp-json\/wp\/v2\/users\/1"}],"replies":[{"embeddable":true,"href":"https:\/\/www.wallendorff.com\/belogue\/wp-json\/wp\/v2\/comments?post=22913"}],"version-history":[{"count":2,"href":"https:\/\/www.wallendorff.com\/belogue\/wp-json\/wp\/v2\/posts\/22913\/revisions"}],"predecessor-version":[{"id":22915,"href":"https:\/\/www.wallendorff.com\/belogue\/wp-json\/wp\/v2\/posts\/22913\/revisions\/22915"}],"wp:featuredmedia":[{"embeddable":true,"href":"https:\/\/www.wallendorff.com\/belogue\/wp-json\/wp\/v2\/media\/26789"}],"wp:attachment":[{"href":"https:\/\/www.wallendorff.com\/belogue\/wp-json\/wp\/v2\/media?parent=22913"}],"wp:term":[{"taxonomy":"category","embeddable":true,"href":"https:\/\/www.wallendorff.com\/belogue\/wp-json\/wp\/v2\/categories?post=22913"},{"taxonomy":"post_tag","embeddable":true,"href":"https:\/\/www.wallendorff.com\/belogue\/wp-json\/wp\/v2\/tags?post=22913"}],"curies":[{"name":"wp","href":"https:\/\/api.w.org\/{rel}","templated":true}]}}