{"id":22899,"date":"2014-06-05T11:33:42","date_gmt":"2014-06-05T09:33:42","guid":{"rendered":"http:\/\/www.wallendorff.com\/?p=22899"},"modified":"2014-06-05T11:33:42","modified_gmt":"2014-06-05T09:33:42","slug":"dix-ans-et-une-tour","status":"publish","type":"post","link":"https:\/\/www.wallendorff.com\/belogue\/2014\/06\/05\/dix-ans-et-une-tour\/","title":{"rendered":"Dix ans et une tour."},"content":{"rendered":"<div id=\"photo\">\n<p><img decoding=\"async\" src=\"https:\/\/www.wallendorff.com\/belogue\/photo\/2013\/01\/20130122.jpg\" \/><\/p>\n<\/div>\n<p>Dix ans &agrave; passer devant, &agrave; tourner autour, &agrave; la d&eacute;tailler sous toutes les coutures. Dix ans &agrave; retomber dessus sans cesse sans jamais la chercher, au point de finir par lui d&eacute;dier la s&eacute;rie photographique au titre le plus pourri de la d&eacute;cennie.<\/p>\n<h1 style=\"text-align:right\">Pis &agrave; prismes #11.<\/h1>\n<div id=\"photo2\">\n<p><img decoding=\"async\" src=\"https:\/\/www.wallendorff.com\/belogue\/photo\/2008\/02\/20080228.jpg\" \/><\/p>\n<\/div>\n<p style=\"text-align:right\"> <a href=\"https:\/\/www.wallendorff.com\/belogue\/2008\/02\/28\/pis-prismes-11\">Champ de Mars, Paris, 27 janvier 2008<\/a>.<\/p>\n<p>&nbsp;<\/p>\n<h1 style=\"text-align:right\">Pis &agrave; prismes #15.<\/h1>\n<div id=\"photo2\">\n<p><img decoding=\"async\" src=\"https:\/\/www.wallendorff.com\/belogue\/photo\/2008\/07\/20080723.jpg\" \/><\/p>\n<\/div>\n<p style=\"text-align:right\"> <a href=\"https:\/\/www.wallendorff.com\/belogue\/2008\/07\/23\/pis-a-prismes-15\/\">Passerelle Debilly, Paris, 23 juin et 3 juillet 2008<\/a>.<\/p>\n<p>&nbsp;<\/p>\n<h1 style=\"text-align:right\">Pis &agrave; prismes #16.<\/h1>\n<div id=\"photo2\">\n<p><img decoding=\"async\" src=\"https:\/\/www.wallendorff.com\/belogue\/photo\/2009\/01\/20090121.jpg\" \/><\/p>\n<\/div>\n<p style=\"text-align:right\"><a href=\"https:\/\/www.wallendorff.com\/belogue\/2009\/01\/21\/pis-a-prismes-16\/\">Avenue de Saxe, Paris, 1<sup>er<\/sup> janvier 2009<\/a>.<\/p>\n<p>&nbsp;<\/p>\n<h1 style=\"text-align:right\">Pis &agrave; prismes #18.<\/h1>\n<div id=\"photo2\">\n<p><img decoding=\"async\" src=\"https:\/\/www.wallendorff.com\/belogue\/photo\/2009\/01\/20090123.jpg\" \/><\/p>\n<\/div>\n<p style=\"text-align:right\"><a href=\"https:\/\/www.wallendorff.com\/belogue\/2009\/01\/23\/pis-a-prismes-18\/\">Champ de Mars, Paris, 1<sup>er<\/sup> janvier 2009<\/a>.<\/p>\n<p>&nbsp;<\/p>\n<h1 style=\"text-align:right\">Fond de tiroir #21.<\/h1>\n<div id=\"photo2\">\n<p><img decoding=\"async\" src=\"https:\/\/www.wallendorff.com\/belogue\/photo\/2013\/01\/20130122.jpg\" \/><\/p>\n<\/div>\n<p style=\"text-align:right\"> <a href=\"https:\/\/www.wallendorff.com\/belogue\/2013\/01\/22\/fond-de-tiroir-21\/\">Paris, 5 ao&ucirc;t 2010<\/a>.<\/p>\n<p>&nbsp;<\/p>\n<h1 style=\"text-align:right\">Pis &agrave; prismes #24<br \/>\n(alias <em>Tour Eiffel &agrave; la fistule anale de Louis XIV<\/em>).<\/h1>\n<div id=\"photo2\">\n<p><img decoding=\"async\" src=\"https:\/\/www.wallendorff.com\/belogue\/photo\/2011\/02\/20110211.jpg\" \/><\/p>\n<\/div>\n<p style=\"text-align:right\"><a href=\"https:\/\/www.wallendorff.com\/belogue\/2011\/02\/11\/pis-a-prismes-24\/\">Pont de Bir-Hakeim, Paris, 8 janvier 2011<\/a>. <\/p>\n<p>&nbsp;<\/p>\n<h1 style=\"text-align:right\">Pis &agrave; prismes #26.<\/h1>\n<div id=\"photo2\">\n<p><img decoding=\"async\" src=\"https:\/\/www.wallendorff.com\/belogue\/photo\/2011\/02\/20110223.jpg\" \/><\/p>\n<\/div>\n<p style=\"text-align:right\"> <a href=\"https:\/\/www.wallendorff.com\/belogue\/2011\/02\/23\/pis-a-prismes-26\/\">Rue Aza&iuml;s, Paris, 29 janvier 2011<\/a>.<br \/>\n[<a href=\"https:\/\/www.wallendorff.com\/belogue\/2012\/03\/26\/pis-a-prismes-27-2\/\">Et sa version diurne un an plus tard<\/a>.] <\/p>\n<p>&nbsp;<\/p>\n<h1 style=\"text-align:right\">Pis &agrave; prismes #28.<\/h1>\n<div id=\"photo2\">\n<p><img decoding=\"async\" src=\"https:\/\/www.wallendorff.com\/belogue\/photo\/2012\/05\/20120504.jpg\" \/><\/p>\n<\/div>\n<p style=\"text-align:right\"> <a href=\"https:\/\/www.wallendorff.com\/belogue\/2012\/05\/04\/pis-a-prismes-28\/\">Paris, 28 mars 2012<\/a>.<\/p>\n<p>&nbsp;<\/p>\n<h1 style=\"text-align:right\">Pis &agrave; prismes #30 &times; Guit&rsquo;art #11.<\/h1>\n<div id=\"photo2\">\n<p><img decoding=\"async\" src=\"https:\/\/www.wallendorff.com\/belogue\/photo\/2012\/07\/20120711.jpg\" \/><\/p>\n<\/div>\n<p style=\"text-align:right\"> <a href=\"https:\/\/www.wallendorff.com\/belogue\/2012\/07\/11\/pis-a-prismes-29-&times;-guitart-11\/\">Champ de Mars, Paris, 17 mai 2012<\/a>.<\/p>\n<p>&nbsp;<\/p>\n<h1 style=\"text-align:right\">Pis &agrave; prismes #32.<\/h1>\n<div id=\"photo2\">\n<p><img decoding=\"async\" src=\"https:\/\/www.wallendorff.com\/belogue\/photo\/2013\/02\/20130225.jpg\" \/><\/p>\n<\/div>\n<p style=\"text-align:right\"> <a href=\"https:\/\/www.wallendorff.com\/belogue\/2013\/02\/25\/pis-a-prismes-32\/\">Rue Claudel, Paris, 13 janvier 2013<\/a>.<\/p>\n<p>&nbsp;<\/p>\n<h1 style=\"text-align:right\">Pis &agrave; prismes #36.<\/h1>\n<div id=\"photo2\">\n<p><img decoding=\"async\" src=\"https:\/\/www.wallendorff.com\/belogue\/photo\/2014\/04\/20140415.jpg\" \/><\/p>\n<\/div>\n<p style=\"text-align:right\"> <a href=\"https:\/\/www.wallendorff.com\/belogue\/2014\/04\/15\/pis-a-prismes-36\/\">Parc de Belleville, Paris, 16 mars 2014<\/a>.<\/p>\n<h1>&Eacute;galement cit&eacute;s.<\/h1>\n<ul>\n<li><a href=\"https:\/\/www.wallendorff.com\/belogue\/2005\/10\/31\/pis-a-prismes\/\">Pis &agrave; prismes (Paris, 6 octobre 2005)<\/a>.<\/li>\n<li><a href=\"https:\/\/www.wallendorff.com\/belogue\/2013\/11\/26\/pis-a-prismes-35\/\">Pis &agrave; prismes #35 (Parc de Belleville, Paris, 4 octobre 2013)<\/a>.<\/li>\n<\/ul>\n","protected":false},"excerpt":{"rendered":"<p>Dix ans &agrave; passer devant, &agrave; tourner autour, &agrave; la d&eacute;tailler sous toutes les coutures. Dix ans &agrave; retomber dessus sans cesse sans jamais la chercher, au point de finir par lui d&eacute;dier la s&eacute;rie photographique au titre le plus pourri de la d&eacute;cennie. Pis &agrave; prismes #11. Champ de Mars, Paris, 27 janvier 2008.&hellip;<\/p>\n","protected":false},"author":1,"featured_media":26787,"comment_status":"open","ping_status":"open","sticky":false,"template":"","format":"standard","meta":{"_acf_changed":false,"ngg_post_thumbnail":0,"jetpack_post_was_ever_published":false,"_jetpack_newsletter_access":"","_jetpack_dont_email_post_to_subs":false,"_jetpack_newsletter_tier_id":0,"_jetpack_memberships_contains_paywalled_content":false,"_jetpack_memberships_contains_paid_content":false,"footnotes":"","jetpack_publicize_message":"","jetpack_publicize_feature_enabled":true,"jetpack_social_post_already_shared":false,"jetpack_social_options":{"image_generator_settings":{"template":"highway","default_image_id":0,"font":"","enabled":false},"version":2}},"categories":[3],"tags":[8630,10236],"class_list":["post-22899","post","type-post","status-publish","format-standard","has-post-thumbnail","hentry","category-dpc","tag-8630","tag-tour-eiffel"],"acf":[],"geo":null,"jetpack_publicize_connections":[],"jetpack_featured_media_url":"https:\/\/www.wallendorff.com\/belogue\/wp-content\/uploads\/2015\/04\/201301223.jpg","jetpack_shortlink":"https:\/\/wp.me\/p3b35P-5Xl","jetpack_sharing_enabled":true,"jetpack-related-posts":[{"id":22997,"url":"https:\/\/www.wallendorff.com\/belogue\/2014\/06\/19\/dix-ans-de-crepuscules\/","url_meta":{"origin":22899,"position":0},"title":"Dix ans de cr\u00e9puscules.","author":"dpc","date":"19 juin 2014","format":false,"excerpt":"Dix ans de bleu, dix ans de jaune, dix ans de jour qui fuit. Coachella Music and Arts Festival, Indio, 1er-2 mai. Indio, 1er mai 2004. \u00a0 Meute de Louvre. Palais du Louvre, Paris, 29 septembre 2005. \u00a0 \u00d4, monde, d'yeux. King Edward Street, Liverpool, 18 octobre 2007. \u00a0 Fous\u2026","rel":"","context":"Dans &quot;DPC&quot;","block_context":{"text":"DPC","link":"https:\/\/www.wallendorff.com\/belogue\/category\/dpc\/"},"img":{"alt_text":"","src":"https:\/\/i0.wp.com\/www.wallendorff.com\/belogue\/wp-content\/uploads\/2015\/04\/201209102.jpg?resize=350%2C200&ssl=1","width":350,"height":200,"srcset":"https:\/\/i0.wp.com\/www.wallendorff.com\/belogue\/wp-content\/uploads\/2015\/04\/201209102.jpg?resize=350%2C200&ssl=1 1x, https:\/\/i0.wp.com\/www.wallendorff.com\/belogue\/wp-content\/uploads\/2015\/04\/201209102.jpg?resize=525%2C300&ssl=1 1.5x, https:\/\/i0.wp.com\/www.wallendorff.com\/belogue\/wp-content\/uploads\/2015\/04\/201209102.jpg?resize=700%2C400&ssl=1 2x"},"classes":[]},{"id":12338,"url":"https:\/\/www.wallendorff.com\/belogue\/2011\/02\/23\/pis-a-prismes-26\/","url_meta":{"origin":22899,"position":1},"title":"Pis \u00e0 prismes #26.","author":"dpc","date":"23 f\u00e9vrier 2011","format":false,"excerpt":"Rue Aza\u00efs, Paris, 29 janvier. \u00a0PJ Harvey \u2013 The Big Guns Called Me Back Again Sinon ce matin j'ai trouv\u00e9 \u00e7a sur la page R\u00e9seau-social-bien-connu d'une inestimable cons\u0153ur\u00a0: \u00ab\u00a0La classe en voiture | Pas la classe en voiture\u00a0\u00bb Alors oui on rit de cette pochette de Blood Pressures mais c'est\u2026","rel":"","context":"Dans &quot;Pis \u00e0 prismes&quot;","block_context":{"text":"Pis \u00e0 prismes","link":"https:\/\/www.wallendorff.com\/belogue\/category\/pis-a-prismes\/"},"img":{"alt_text":"","src":"https:\/\/i0.wp.com\/www.wallendorff.com\/belogue\/wp-content\/uploads\/2015\/04\/201102231.jpg?resize=350%2C200&ssl=1","width":350,"height":200,"srcset":"https:\/\/i0.wp.com\/www.wallendorff.com\/belogue\/wp-content\/uploads\/2015\/04\/201102231.jpg?resize=350%2C200&ssl=1 1x, https:\/\/i0.wp.com\/www.wallendorff.com\/belogue\/wp-content\/uploads\/2015\/04\/201102231.jpg?resize=525%2C300&ssl=1 1.5x"},"classes":[]},{"id":22843,"url":"https:\/\/www.wallendorff.com\/belogue\/2014\/06\/02\/10-ans-le-nez-en-lair\/","url_meta":{"origin":22899,"position":2},"title":"10 ans le nez en l&rsquo;air.","author":"dpc","date":"2 juin 2014","format":false,"excerpt":"Dix ans le nez en l'air. dix ans \u00e0 regarder en haut, chercher des centres et des sym\u00e9tries. Dix ans \u00e0 s'agenouiller le plus bas possible pour gagner du champ et viser de plus en plus haut, jusqu'\u00e0 la verticale. Et dix ans de torticolis, aussi. Vois l'ath\u00e9e. Main Street,\u2026","rel":"","context":"Dans &quot;DPC&quot;","block_context":{"text":"DPC","link":"https:\/\/www.wallendorff.com\/belogue\/category\/dpc\/"},"img":{"alt_text":"","src":"https:\/\/i0.wp.com\/www.wallendorff.com\/belogue\/wp-content\/uploads\/2015\/04\/200910123.jpg?resize=350%2C200&ssl=1","width":350,"height":200,"srcset":"https:\/\/i0.wp.com\/www.wallendorff.com\/belogue\/wp-content\/uploads\/2015\/04\/200910123.jpg?resize=350%2C200&ssl=1 1x, https:\/\/i0.wp.com\/www.wallendorff.com\/belogue\/wp-content\/uploads\/2015\/04\/200910123.jpg?resize=525%2C300&ssl=1 1.5x, https:\/\/i0.wp.com\/www.wallendorff.com\/belogue\/wp-content\/uploads\/2015\/04\/200910123.jpg?resize=700%2C400&ssl=1 2x"},"classes":[]},{"id":22937,"url":"https:\/\/www.wallendorff.com\/belogue\/2014\/06\/10\/dix-ans-dans-les-mines-de-ciel\/","url_meta":{"origin":22899,"position":3},"title":"Dix ans dans les mines de ciel.","author":"dpc","date":"10 juin 2014","format":false,"excerpt":"Dix ans \u00e0 regarder le ciel qui rougeoie, les nuages qui passoient, le soleil qui se couchoie et le vent qui souffloie. Un an je passe #2. Auburn Road, Pontiac, 17 septembre 2004. \u00a0 There is a light that never goes out. Paris, 13 juillet 2008. \u00a0 Time ain't gonna\u2026","rel":"","context":"Dans &quot;DPC&quot;","block_context":{"text":"DPC","link":"https:\/\/www.wallendorff.com\/belogue\/category\/dpc\/"},"img":{"alt_text":"","src":"https:\/\/i0.wp.com\/www.wallendorff.com\/belogue\/wp-content\/uploads\/2015\/04\/201104263.jpg?resize=350%2C200&ssl=1","width":350,"height":200,"srcset":"https:\/\/i0.wp.com\/www.wallendorff.com\/belogue\/wp-content\/uploads\/2015\/04\/201104263.jpg?resize=350%2C200&ssl=1 1x, https:\/\/i0.wp.com\/www.wallendorff.com\/belogue\/wp-content\/uploads\/2015\/04\/201104263.jpg?resize=525%2C300&ssl=1 1.5x, https:\/\/i0.wp.com\/www.wallendorff.com\/belogue\/wp-content\/uploads\/2015\/04\/201104263.jpg?resize=700%2C400&ssl=1 2x"},"classes":[]},{"id":23472,"url":"https:\/\/www.wallendorff.com\/belogue\/2014\/10\/22\/pis-a-prismes-39\/","url_meta":{"origin":22899,"position":4},"title":"Pis \u00e0 prismes #39.","author":"dpc","date":"22 octobre 2014","format":false,"excerpt":"Domaine National de Saint-Cloud, 22 ao\u00fbt. Histoire de donner un pendant au num\u00e9ro 35. Next Exit Interpol PS\u00a0: Antics a 10 ans.","rel":"","context":"Dans &quot;Pis \u00e0 prismes&quot;","block_context":{"text":"Pis \u00e0 prismes","link":"https:\/\/www.wallendorff.com\/belogue\/category\/pis-a-prismes\/"},"img":{"alt_text":"","src":"https:\/\/i0.wp.com\/www.wallendorff.com\/belogue\/wp-content\/uploads\/2015\/04\/201410221.jpg?resize=350%2C200&ssl=1","width":350,"height":200,"srcset":"https:\/\/i0.wp.com\/www.wallendorff.com\/belogue\/wp-content\/uploads\/2015\/04\/201410221.jpg?resize=350%2C200&ssl=1 1x, https:\/\/i0.wp.com\/www.wallendorff.com\/belogue\/wp-content\/uploads\/2015\/04\/201410221.jpg?resize=525%2C300&ssl=1 1.5x, https:\/\/i0.wp.com\/www.wallendorff.com\/belogue\/wp-content\/uploads\/2015\/04\/201410221.jpg?resize=700%2C400&ssl=1 2x"},"classes":[]},{"id":1163,"url":"https:\/\/www.wallendorff.com\/belogue\/2008\/02\/15\/pis-prismes-8\/","url_meta":{"origin":22899,"position":5},"title":"Pis \u00e0 prismes #8.","author":"dpc","date":"15 f\u00e9vrier 2008","format":false,"excerpt":"Champ de Mars, Paris, 27 janvier. Je sais bien que le dernier \u00e9pisode date, mais il faut bien r\u00e9activer ses s\u00e9ries de temps en temps, et ne surtout pas r\u00e9sister \u00e0 l'envie de se mettre en guise de bande-son un morceau pas entendu depuis 8 ans. \u00a0Vast \u2013 Touched","rel":"","context":"Dans &quot;Pis \u00e0 prismes&quot;","block_context":{"text":"Pis \u00e0 prismes","link":"https:\/\/www.wallendorff.com\/belogue\/category\/pis-a-prismes\/"},"img":{"alt_text":"","src":"https:\/\/i0.wp.com\/www.wallendorff.com\/belogue\/wp-content\/uploads\/2015\/04\/200802151.jpg?resize=350%2C200&ssl=1","width":350,"height":200},"classes":[]}],"_links":{"self":[{"href":"https:\/\/www.wallendorff.com\/belogue\/wp-json\/wp\/v2\/posts\/22899","targetHints":{"allow":["GET"]}}],"collection":[{"href":"https:\/\/www.wallendorff.com\/belogue\/wp-json\/wp\/v2\/posts"}],"about":[{"href":"https:\/\/www.wallendorff.com\/belogue\/wp-json\/wp\/v2\/types\/post"}],"author":[{"embeddable":true,"href":"https:\/\/www.wallendorff.com\/belogue\/wp-json\/wp\/v2\/users\/1"}],"replies":[{"embeddable":true,"href":"https:\/\/www.wallendorff.com\/belogue\/wp-json\/wp\/v2\/comments?post=22899"}],"version-history":[{"count":5,"href":"https:\/\/www.wallendorff.com\/belogue\/wp-json\/wp\/v2\/posts\/22899\/revisions"}],"predecessor-version":[{"id":22904,"href":"https:\/\/www.wallendorff.com\/belogue\/wp-json\/wp\/v2\/posts\/22899\/revisions\/22904"}],"wp:featuredmedia":[{"embeddable":true,"href":"https:\/\/www.wallendorff.com\/belogue\/wp-json\/wp\/v2\/media\/26787"}],"wp:attachment":[{"href":"https:\/\/www.wallendorff.com\/belogue\/wp-json\/wp\/v2\/media?parent=22899"}],"wp:term":[{"taxonomy":"category","embeddable":true,"href":"https:\/\/www.wallendorff.com\/belogue\/wp-json\/wp\/v2\/categories?post=22899"},{"taxonomy":"post_tag","embeddable":true,"href":"https:\/\/www.wallendorff.com\/belogue\/wp-json\/wp\/v2\/tags?post=22899"}],"curies":[{"name":"wp","href":"https:\/\/api.w.org\/{rel}","templated":true}]}}