{"id":22886,"date":"2014-06-04T09:56:48","date_gmt":"2014-06-04T07:56:48","guid":{"rendered":"http:\/\/www.wallendorff.com\/?p=22886"},"modified":"2014-06-04T10:31:09","modified_gmt":"2014-06-04T08:31:09","slug":"10-ans-a-la-ferme","status":"publish","type":"post","link":"https:\/\/www.wallendorff.com\/belogue\/2014\/06\/04\/10-ans-a-la-ferme\/","title":{"rendered":"10 ans [\u00e0 la] ferme."},"content":{"rendered":"<div id=\"photo\">\n<p><img decoding=\"async\" src=\"https:\/\/www.wallendorff.com\/belogue\/photo\/2012\/04\/20120426.jpg\" \/><\/p>\n<\/div>\n<p style=\"text-align:right\">10 ans de jappement, de meuglements, de caquettements, de b&ecirc;lements et de piaillement. D&rsquo;abord avec des toutous, puis des chats, puis tout le reste de la ferme quand na&icirc;t en 2011 notre tradition de la visite annuelle au salon de la meuh-meuh (et &agrave; l&rsquo;ap&eacute;ro des producteurs de brebis).<\/p>\n<p style=\"text-align:right\">10 ans de &laquo;&nbsp;Regarde un peu par l&agrave; Chantal&nbsp;&raquo; et de &laquo;&nbsp;Georgette l&egrave;ve un peu la t&ecirc;te&nbsp;&raquo;.<\/p>\n<p style=\"text-align:right\">10 ans de Rhubarbe.<\/p>\n<p style=\"text-align:right\">10 ans de Ramette.<\/p>\n<p style=\"text-align:right\">Et 10 ans de poney.<\/p>\n<h1 style=\"text-align:right\">2008 en&#8230; #5.<\/h1>\n<div id=\"photo2\">\n<p><img decoding=\"async\" src=\"https:\/\/www.wallendorff.com\/belogue\/photo\/2008\/12\/20081230.jpg\" \/><\/p>\n<\/div>\n<p style=\"text-align:right\"> <a href=\"https:\/\/www.wallendorff.com\/belogue\/2008\/12\/30\/2008en-5\/\">Givet, 26 d&eacute;cembre 2008<\/a>.<\/p>\n<p>&nbsp;<\/p>\n<h1 style=\"text-align:right\">Back to basque<\/h1>\n<div id=\"photo2\">\n<p><img decoding=\"async\" src=\"https:\/\/www.wallendorff.com\/belogue\/photo\/2009\/08\/20090823.jpg\" \/><\/p>\n<\/div>\n<p style=\"text-align:right\"> <a href=\"https:\/\/www.wallendorff.com\/belogue\/2009\/08\/23\/back-tout-basque\/\">Ibarron, 20 ao&ucirc;t 2009.<\/a><\/p>\n<p>&nbsp;<\/p>\n<h1 style=\"text-align:right\">Shooting Meuhmeuhz<\/h1>\n<div id=\"photo2\">\n<p><img decoding=\"async\" src=\"https:\/\/www.wallendorff.com\/belogue\/photo\/2011\/02\/20110224-02.jpg\" \/><\/p>\n<\/div>\n<div id=\"photo2\">\n<p><img decoding=\"async\" src=\"https:\/\/www.wallendorff.com\/belogue\/photo\/2011\/02\/20110224-04.jpg\" \/><\/p>\n<\/div>\n<p style=\"text-align:right\"> <a href=\"https:\/\/www.wallendorff.com\/belogue\/2011\/02\/24\/shooting-meuhmeuhz\/\">Salon International de l&rsquo;Agriculture, Paris, 23 f&eacute;vrier 2011<\/a><\/p>\n<p>&nbsp;<\/p>\n<h1 style=\"text-align:right\">Shooting people with popples #1.<\/h1>\n<div id=\"photo2\">\n<p><img decoding=\"async\" src=\"https:\/\/www.wallendorff.com\/belogue\/photo\/2011\/06\/20110616.jpg\" \/><\/p>\n<\/div>\n<p style=\"text-align:right\"> <a href=\"https:\/\/www.wallendorff.com\/belogue\/2011\/06\/16\/shooting-people-with-popples-11\/\">Rue Crespin-du-Gast, Paris, 17 mai 2011<\/a>.<\/p>\n<p>&nbsp;<\/p>\n<h1 style=\"text-align:right\">Coin-coin.<\/h1>\n<div id=\"photo2\">\n<p><img decoding=\"async\" src=\"https:\/\/www.wallendorff.com\/belogue\/photo\/2011\/11\/20111115.jpg\" \/><\/p>\n<\/div>\n<p style=\"text-align:right\"> <a href=\"https:\/\/www.wallendorff.com\/belogue\/2011\/11\/15\/coin-coin\/\">Le Pr&eacute;-Boulay, Fleury-la-For&ecirc;t, 3 septembre 2011<\/a>.<\/p>\n<p>&nbsp;<\/p>\n<h1 style=\"text-align:right\">Shooting meuhmeuhz #3.<\/h1>\n<div id=\"photo2\">\n<p><img decoding=\"async\" src=\"https:\/\/www.wallendorff.com\/belogue\/photo\/galeries\/2012\/02\/20120228-mm\/20120229-05.jpg\" \/><\/p>\n<\/div>\n<div id=\"photo2\">\n<p><img decoding=\"async\" src=\"https:\/\/www.wallendorff.com\/belogue\/photo\/galeries\/2012\/02\/20120228-mm\/20120229-11.jpg\" \/><\/p>\n<\/div>\n<div id=\"photo2\">\n<p><img decoding=\"async\" src=\"https:\/\/www.wallendorff.com\/belogue\/photo\/galeries\/2012\/02\/20120228-mm\/20120229-13.jpg\" \/><\/p>\n<\/div>\n<p style=\"text-align:right\"> <a href=\"https:\/\/www.wallendorff.com\/belogue\/2012\/02\/29\/shooting-meuhmeuhz-3\/\">Salon International de l&rsquo;Agriculture, Paris, 28 f&eacute;vrier 2012<\/a>.<\/p>\n<p>&nbsp;<\/p>\n<h1 style=\"text-align:right\">Shooting doggies #4.<\/h1>\n<div id=\"photo2\">\n<p><img decoding=\"async\" src=\"https:\/\/www.wallendorff.com\/belogue\/photo\/2012\/04\/20120426.jpg\" \/><\/p>\n<\/div>\n<p style=\"text-align:right\"> <a href=\"https:\/\/www.wallendorff.com\/belogue\/2012\/04\/26\/shooting-doggies-4\/\">Caf&eacute; Tournon, Paris, 18 avril 2012<\/a>.<\/p>\n<p>&nbsp;<\/p>\n<h1 style=\"text-align:right\">Poney.<\/h1>\n<div id=\"photo2\">\n<p><img decoding=\"async\" src=\"https:\/\/www.wallendorff.com\/belogue\/photo\/2012\/09\/20120905.jpg\" \/><\/p>\n<\/div>\n<p style=\"text-align:right\"> <a href=\"https:\/\/www.wallendorff.com\/belogue\/2012\/09\/05\/poney\/\">Rue Pierre-Charron, Paris, 24 juin 2012<\/a>.\n<\/p>\n<p>&nbsp;<\/p>\n<h1 style=\"text-align:right\">Chiot devant.<\/h1>\n<div id=\"photo2\">\n<p><img decoding=\"async\" src=\"https:\/\/www.wallendorff.com\/belogue\/photo\/2013\/02\/20130222.jpg\" \/><\/p>\n<\/div>\n<p style=\"text-align:right\"> <a href=\"https:\/\/www.wallendorff.com\/belogue\/2013\/02\/22\/chiot-devant\/\">Place des Abbesses, Paris, 13 janvier 2013<\/a>.\n<\/p>\n<p>&nbsp;<\/p>\n<h1 style=\"text-align:right\">The big truie killed my baby.<\/h1>\n<p style=\"text-align:right\">[Bon d&rsquo;accord l&agrave; je triche un peu.]<\/p>\n<div id=\"photo2\">\n<p><img decoding=\"async\" src=\"https:\/\/www.wallendorff.com\/belogue\/photo\/2013\/12\/20131203.jpg\" \/><\/p>\n<\/div>\n<p style=\"text-align:right\"> <a href=\"https:\/\/www.wallendorff.com\/belogue\/2013\/12\/03\/the-big-truie-killed-my-baby\/\">Saulces-Monclin, 19 octobre 2013<\/a>.<\/p>\n<p>&nbsp;<\/p>\n<h1 style=\"text-align:right\">Shoting meuhmeuhz #5.<\/h1>\n<div id=\"photo2\">\n<p><img decoding=\"async\" src=\"https:\/\/www.wallendorff.com\/belogue\/photo\/galeries\/2014\/02\/20140225-meuhmeuh\/20140227-03.jpg\" \/><\/p>\n<\/div>\n<div id=\"photo2\">\n<p><img decoding=\"async\" src=\"https:\/\/www.wallendorff.com\/belogue\/photo\/galeries\/2014\/02\/20140225-meuhmeuh\/20140227-04.jpg\" \/><\/p>\n<\/div>\n<div id=\"photo2\">\n<p><img decoding=\"async\" src=\"https:\/\/www.wallendorff.com\/belogue\/photo\/galeries\/2014\/02\/20140225-meuhmeuh\/20140227-05.jpg\" \/><\/p>\n<\/div>\n<div id=\"photo2\">\n<p><img decoding=\"async\" src=\"https:\/\/www.wallendorff.com\/belogue\/photo\/galeries\/2014\/02\/20140225-meuhmeuh\/20140227-14.jpg\" \/><\/p>\n<\/div>\n<p style=\"text-align:right\"> <a href=\"https:\/\/www.wallendorff.com\/belogue\/2014\/02\/27\/shooting-meuhmeuhz-5\/\">Salon International de l&rsquo;Agriculture, Paris, 25 f&eacute;vrier 2014<\/a>.<\/p>\n<p>&nbsp;<\/p>\n<h1>&Eacute;galement cit&eacute;s&nbsp;:<\/h1>\n<ul>\n<li><a href=\"https:\/\/www.wallendorff.com\/belogue\/2009\/12\/30\/2009en-5\/\">2009 en&#8230; #5  (Givet, 24 d&eacute;cembre 2009)<\/a><\/li>\n<li><a href=\"https:\/\/www.wallendorff.com\/belogue\/2010\/09\/06\/shooting-doggies-3\/\">Shooting doggies #3 (Loctudy, 23 juillet 2010)<\/a>.<\/li>\n<li><a href=\"https:\/\/www.wallendorff.com\/belogue\/2011\/11\/29\/shooting-popples-3\/\">Shooting popples #3 (rue de Crim&eacute;e, Paris, 6 septembre 2011).<\/a><\/li>\n<li><a href=\"https:\/\/www.wallendorff.com\/belogue\/2013\/02\/27\/shooting-meuhmeuhz-4\/\">Shooting meuhmeuhz #4 (Salon International de l&rsquo;Agriculture, Paris, 26 f&eacute;vrier 2013)<\/a>.<\/li>\n<li><a href=\"https:\/\/www.wallendorff.com\/belogue\/2013\/08\/24\/et-pendant-ce-temps-a-rock-en-seine-14\/\">Et pendant ce temps, &agrave; Rock en Seine (Domaine National de Saint-Cloud, 23 ao&ucirc;t 2013).<\/a><\/li>\n<\/ul>\n","protected":false},"excerpt":{"rendered":"<p>10 ans de jappement, de meuglements, de caquettements, de b&ecirc;lements et de piaillement. D&rsquo;abord avec des toutous, puis des chats, puis tout le reste de la ferme quand na&icirc;t en 2011 notre tradition de la visite annuelle au salon de la meuh-meuh (et &agrave; l&rsquo;ap&eacute;ro des producteurs de brebis). 10 ans de &laquo;&nbsp;Regarde un peu&hellip;<\/p>\n","protected":false},"author":1,"featured_media":26784,"comment_status":"open","ping_status":"open","sticky":false,"template":"","format":"standard","meta":{"_acf_changed":false,"ngg_post_thumbnail":0,"jetpack_post_was_ever_published":false,"_jetpack_newsletter_access":"","_jetpack_dont_email_post_to_subs":false,"_jetpack_newsletter_tier_id":0,"_jetpack_memberships_contains_paywalled_content":false,"_jetpack_memberships_contains_paid_content":false,"footnotes":"","jetpack_publicize_message":"","jetpack_publicize_feature_enabled":true,"jetpack_social_post_already_shared":false,"jetpack_social_options":{"image_generator_settings":{"template":"highway","default_image_id":0,"font":"","enabled":false},"version":2}},"categories":[3],"tags":[8630,10994],"class_list":["post-22886","post","type-post","status-publish","format-standard","has-post-thumbnail","hentry","category-dpc","tag-8630","tag-animaux"],"acf":[],"geo":null,"jetpack_publicize_connections":[],"jetpack_featured_media_url":"https:\/\/www.wallendorff.com\/belogue\/wp-content\/uploads\/2015\/04\/201204262.jpg","jetpack_shortlink":"https:\/\/wp.me\/p3b35P-5X8","jetpack_sharing_enabled":true,"jetpack-related-posts":[{"id":22854,"url":"https:\/\/www.wallendorff.com\/belogue\/2014\/05\/30\/10-ans-plus-star\/","url_meta":{"origin":22886,"position":0},"title":"10 ans plus star.","author":"dpc","date":"30 mai 2014","format":false,"excerpt":"[English version below.] Le photobel\u00f6gue f\u00eatera ses 10 ans le 12 juin. 10 ans de photos partant dans tous les sens, des concerts aux ruelles nocturnes, de la tour Eiffel aux animals du salon de la Meuh-meuh, des levers de rideaux aux couchers de soleil, publi\u00e9es jour apr\u00e8s jour et\u2026","rel":"","context":"Dans &quot;DPC&quot;","block_context":{"text":"DPC","link":"https:\/\/www.wallendorff.com\/belogue\/category\/dpc\/"},"img":{"alt_text":"","src":"https:\/\/i0.wp.com\/www.wallendorff.com\/belogue\/wp-content\/uploads\/2015\/04\/201405301.jpg?resize=350%2C200&ssl=1","width":350,"height":200,"srcset":"https:\/\/i0.wp.com\/www.wallendorff.com\/belogue\/wp-content\/uploads\/2015\/04\/201405301.jpg?resize=350%2C200&ssl=1 1x, https:\/\/i0.wp.com\/www.wallendorff.com\/belogue\/wp-content\/uploads\/2015\/04\/201405301.jpg?resize=525%2C300&ssl=1 1.5x, https:\/\/i0.wp.com\/www.wallendorff.com\/belogue\/wp-content\/uploads\/2015\/04\/201405301.jpg?resize=700%2C400&ssl=1 2x"},"classes":[]},{"id":23070,"url":"https:\/\/www.wallendorff.com\/belogue\/2014\/06\/28\/dix-ans-de-bandes-sons\/","url_meta":{"origin":22886,"position":1},"title":"Dix ans de bandes-sons.","author":"dpc","date":"28 juin 2014","format":false,"excerpt":"J'aurai quand m\u00eame tenu 28 jours avant de publier des stats. Y a de quoi \u00eatre fier.\u00a0 Artistes les plus jou\u00e9s 1 \u2015 Black Rebel Motorcycle Club 62 2 \u2015 The White Stripes 54 3 \u2015 Interpol 44 4 \u2015 Pearl Jam 43 5 \u2015 Arcade Fire 42 6 \u2015\u2026","rel":"","context":"Dans &quot;DPC&quot;","block_context":{"text":"DPC","link":"https:\/\/www.wallendorff.com\/belogue\/category\/dpc\/"},"img":{"alt_text":"","src":"https:\/\/i0.wp.com\/www.wallendorff.com\/belogue\/wp-content\/uploads\/2015\/04\/201212303.gif?resize=350%2C200&ssl=1","width":350,"height":200,"srcset":"https:\/\/i0.wp.com\/www.wallendorff.com\/belogue\/wp-content\/uploads\/2015\/04\/201212303.gif?resize=350%2C200&ssl=1 1x, https:\/\/i0.wp.com\/www.wallendorff.com\/belogue\/wp-content\/uploads\/2015\/04\/201212303.gif?resize=525%2C300&ssl=1 1.5x, https:\/\/i0.wp.com\/www.wallendorff.com\/belogue\/wp-content\/uploads\/2015\/04\/201212303.gif?resize=700%2C400&ssl=1 2x"},"classes":[]},{"id":22977,"url":"https:\/\/www.wallendorff.com\/belogue\/2014\/06\/17\/dix-ans-de-lol\/","url_meta":{"origin":22886,"position":2},"title":"Dix ans de lol.","author":"dpc","date":"17 juin 2014","format":false,"excerpt":"Dix ans de Space mots-keys. Aaaah, les Space mots-keys, cette cat\u00e9gorie sp\u00e9ciale mots-clefs dont le titre \u00e9tait un jeu de mot pourri sur le titre d'un morceau de Placebo que tout le monde a oubli\u00e9 et qui, en 28 \u00e9pisodes publi\u00e9s entre octobre 2006 et d\u00e9cembre 2008, constitue une compilation\u2026","rel":"","context":"Dans &quot;DPC&quot;","block_context":{"text":"DPC","link":"https:\/\/www.wallendorff.com\/belogue\/category\/dpc\/"},"img":{"alt_text":"","src":"","width":0,"height":0},"classes":[]},{"id":443,"url":"https:\/\/www.wallendorff.com\/belogue\/2005\/03\/11\/fringues-en-destrie\/","url_meta":{"origin":22886,"position":3},"title":"Fringues en destri&eacute;.","author":"dpc","date":"11 mars 2005","format":false,"excerpt":"Salon de la Meuh-Meuh, Paris, 5 mars. [Je sais, au salon de la Meuh-Meuh, on est cens\u00e9 photographier des Meuh-Meuhs, voire des coins-coins, mais pas des gens sur un escalier vide.] [Mais \u00e7a lui faisait plaisir, aussi, \u00e0 l'escalier, de voir que tout le monde ne l'avait pas oubli\u00e9, hein.\u2026","rel":"","context":"Dans &quot;DPC&quot;","block_context":{"text":"DPC","link":"https:\/\/www.wallendorff.com\/belogue\/category\/dpc\/"},"img":{"alt_text":"","src":"https:\/\/i0.wp.com\/www.wallendorff.com\/belogue\/wp-content\/uploads\/2015\/04\/20050311-011.jpg?resize=350%2C200&ssl=1","width":350,"height":200},"classes":[]},{"id":7677,"url":"https:\/\/www.wallendorff.com\/belogue\/2010\/06\/12\/six\/","url_meta":{"origin":22886,"position":4},"title":"668 the neighbour of the beast.","author":"dpc","date":"12 juin 2010","format":false,"excerpt":"Rue Michel-le-Comte, Paris, 8 mai. Non mais l\u00e0 c'est plut\u00f4t une mobylette qu'un escalier, donc \u00e7a compte pas. Hum. Ah et puis\u00a0: Il y a six ans, les Pistons de D\u00e9troit \u00e9taient en finale NBA. Il y a cinq ans, les Pistons de D\u00e9troit \u00e9taient encore en finale NBA. Il\u2026","rel":"","context":"Dans &quot;DPC&quot;","block_context":{"text":"DPC","link":"https:\/\/www.wallendorff.com\/belogue\/category\/dpc\/"},"img":{"alt_text":"","src":"https:\/\/i0.wp.com\/www.wallendorff.com\/belogue\/wp-content\/uploads\/2015\/04\/201006121.jpg?resize=350%2C200&ssl=1","width":350,"height":200},"classes":[]},{"id":38321,"url":"https:\/\/www.wallendorff.com\/belogue\/2018\/06\/12\/54-51-39416-n-9-13-2402-e\/","url_meta":{"origin":22886,"position":5},"title":"54\u00b0 51&prime; 39,416&Prime; N 9\u00b0 13&prime; 24,02&Prime; E","author":"dpc","date":"12 juin 2018","format":false,"excerpt":"Vol AY1582, quelque part au-dessus du Danemark, 8 mai 2018. C'est pratique, 2018, pour savoir o\u00f9 cette photo fut prise le 8 mai 2018 \u00e0 7\u00a0h 13 GMT et que l'avion qui figure dessus est un A320 assurant la liaison Stockholm \u2013 Londres qui passe 300\u00a0m plus bas. C'est pas\u2026","rel":"","context":"Dans &quot;DPC&quot;","block_context":{"text":"DPC","link":"https:\/\/www.wallendorff.com\/belogue\/category\/dpc\/"},"img":{"alt_text":"","src":"https:\/\/i0.wp.com\/www.wallendorff.com\/belogue\/wp-content\/uploads\/2018\/06\/20180612.jpg?resize=350%2C200&ssl=1","width":350,"height":200,"srcset":"https:\/\/i0.wp.com\/www.wallendorff.com\/belogue\/wp-content\/uploads\/2018\/06\/20180612.jpg?resize=350%2C200&ssl=1 1x, https:\/\/i0.wp.com\/www.wallendorff.com\/belogue\/wp-content\/uploads\/2018\/06\/20180612.jpg?resize=525%2C300&ssl=1 1.5x, https:\/\/i0.wp.com\/www.wallendorff.com\/belogue\/wp-content\/uploads\/2018\/06\/20180612.jpg?resize=700%2C400&ssl=1 2x, https:\/\/i0.wp.com\/www.wallendorff.com\/belogue\/wp-content\/uploads\/2018\/06\/20180612.jpg?resize=1050%2C600&ssl=1 3x"},"classes":[]}],"_links":{"self":[{"href":"https:\/\/www.wallendorff.com\/belogue\/wp-json\/wp\/v2\/posts\/22886","targetHints":{"allow":["GET"]}}],"collection":[{"href":"https:\/\/www.wallendorff.com\/belogue\/wp-json\/wp\/v2\/posts"}],"about":[{"href":"https:\/\/www.wallendorff.com\/belogue\/wp-json\/wp\/v2\/types\/post"}],"author":[{"embeddable":true,"href":"https:\/\/www.wallendorff.com\/belogue\/wp-json\/wp\/v2\/users\/1"}],"replies":[{"embeddable":true,"href":"https:\/\/www.wallendorff.com\/belogue\/wp-json\/wp\/v2\/comments?post=22886"}],"version-history":[{"count":4,"href":"https:\/\/www.wallendorff.com\/belogue\/wp-json\/wp\/v2\/posts\/22886\/revisions"}],"predecessor-version":[{"id":22891,"href":"https:\/\/www.wallendorff.com\/belogue\/wp-json\/wp\/v2\/posts\/22886\/revisions\/22891"}],"wp:featuredmedia":[{"embeddable":true,"href":"https:\/\/www.wallendorff.com\/belogue\/wp-json\/wp\/v2\/media\/26784"}],"wp:attachment":[{"href":"https:\/\/www.wallendorff.com\/belogue\/wp-json\/wp\/v2\/media?parent=22886"}],"wp:term":[{"taxonomy":"category","embeddable":true,"href":"https:\/\/www.wallendorff.com\/belogue\/wp-json\/wp\/v2\/categories?post=22886"},{"taxonomy":"post_tag","embeddable":true,"href":"https:\/\/www.wallendorff.com\/belogue\/wp-json\/wp\/v2\/tags?post=22886"}],"curies":[{"name":"wp","href":"https:\/\/api.w.org\/{rel}","templated":true}]}}