{"id":22843,"date":"2014-06-02T12:04:22","date_gmt":"2014-06-02T10:04:22","guid":{"rendered":"http:\/\/www.wallendorff.com\/?p=22843"},"modified":"2014-06-02T12:58:00","modified_gmt":"2014-06-02T10:58:00","slug":"10-ans-le-nez-en-lair","status":"publish","type":"post","link":"https:\/\/www.wallendorff.com\/belogue\/2014\/06\/02\/10-ans-le-nez-en-lair\/","title":{"rendered":"10 ans le nez en l&rsquo;air."},"content":{"rendered":"<div id=\"photo\">\n<p><img decoding=\"async\" src=\"https:\/\/www.wallendorff.com\/belogue\/photo\/2009\/10\/20091012.jpg\" \/><\/p>\n<\/div>\n<p>Dix ans le nez en l&rsquo;air. dix ans &agrave; regarder en haut, chercher des centres et des sym&eacute;tries. Dix ans &agrave; s&rsquo;agenouiller le plus bas possible pour gagner du champ et viser de plus en plus haut, jusqu&rsquo;&agrave; la verticale.<\/p>\n<p style=\"text-align:right\">Et dix ans de torticolis, aussi.<\/p>\n<h1 style=\"text-align:right\">Vois l&rsquo;ath&eacute;e.<\/h1>\n<div id=\"photo2\">\n<p><img decoding=\"async\" src=\"https:\/\/www.wallendorff.com\/belogue\/photo\/2004\/11\/57.jpg\" \/><\/p>\n<\/div>\n<p style=\"text-align:right\"> <a href=\"https:\/\/www.wallendorff.com\/belogue\/2004\/11\/23\/vois-l-athee\/\">Main Street, Ann Arbor, 21 novembre 2004<\/a>.<\/p>\n<p>&nbsp;<\/p>\n<h1 style=\"text-align:right\">Gaule d&rsquo;or arc goth.<\/h1>\n<div id=\"photo2\">\n<p><img decoding=\"async\" src=\"https:\/\/www.wallendorff.com\/belogue\/photo\/2008\/01\/20080123.jpg\" \/><\/p>\n<\/div>\n<p style=\"text-align:right\"> <a href=\"https:\/\/www.wallendorff.com\/belogue\/2008\/01\/23\/gaule-d-or-arc-go\/\">Arc de triomphe de l&rsquo;\u00c9toile, Paris, 8 janvier 2008<\/a>.<br \/>\n  [Avec sa <a href=\"https:\/\/www.wallendorff.com\/belogue\/2011\/02\/22\/un-parthe-houpa-lhaut-cintre\/\">refonte au plein format en 2011<\/a>, puis sa <a href=\"https:\/\/www.wallendorff.com\/belogue\/2013\/09\/09\/soie-belge-et-des-toits\/\">version belge en 2013<\/a>.<\/p>\n<p>&nbsp;<\/p>\n<h1 style=\"text-align:right\">Les bouleaux ronds dedans.<\/h1>\n<div id=\"photo2\">\n<p><img decoding=\"async\" src=\"https:\/\/www.wallendorff.com\/belogue\/photo\/2009\/03\/20090302.jpg\" \/><\/p>\n<\/div>\n<p style=\"text-align:right\"><a href=\"https:\/\/www.wallendorff.com\/belogue\/2009\/03\/02\/les-bouleau-ronds-dedans\/\">Panth&eacute;on, Paris, 18 janvier 2009<\/a>.<\/p>\n<p>&nbsp;<\/p>\n<h1 style=\"text-align:right\">I love is a drug, I guess we&rsquo;re all sober.<\/h1>\n<div id=\"photo2\">\n<p><img decoding=\"async\" src=\"https:\/\/www.wallendorff.com\/belogue\/photo\/2009\/05\/20090514.jpg\" \/><\/p>\n<\/div>\n<p style=\"text-align:right\"><a href=\"www.wallendorff.com\/2009\/05\/14\/if-love-is-a-drug-i-guess-were-all-sober\/\">Terminal 2F, a&eacute;roport Paris-Charles-de-Gaulle, 24 avril 2009<\/a>.<\/p>\n<p>&nbsp;<\/p>\n<h1 style=\"text-align:right\">Mes oueds ont qu&rsquo;or, nient quarts.<\/h1>\n<div id=\"photo2\">\n<p><img decoding=\"async\" src=\"https:\/\/www.wallendorff.com\/belogue\/photo\/2009\/06\/20090626.jpg\" \/><\/p>\n<\/div>\n<p style=\"text-align:right\"><a href=\"https:\/\/www.wallendorff.com\/belogue\/2009\/06\/26\/mes-oueds-ont-quor-nient-quarts\/\">Tribune tower, Chicago, 29 avril 2009<\/a>. <\/p>\n<p>&nbsp;<\/p>\n<h1 style=\"text-align:right\">Long-distance losing is all that I\u2019ve seen.<\/h1>\n<div id=\"photo2\">\n<p><img decoding=\"async\" src=\"https:\/\/www.wallendorff.com\/belogue\/photo\/2009\/10\/20091012.jpg\" \/><\/p>\n<\/div>\n<p style=\"text-align:right\"> <a href=\"https:\/\/www.wallendorff.com\/belogue\/2009\/10\/12\/long-distance-losing-is-all-that-ive-seen\/\">6<sup>e<\/sup> avenue, New York, 10 mai 2009<\/a>.<\/p>\n<p>&nbsp;<\/p>\n<h1 style=\"text-align:right\">Pis &agrave; prismes #19.<\/h1>\n<div id=\"photo2\">\n<p><img decoding=\"async\" src=\"https:\/\/www.wallendorff.com\/belogue\/photo\/2009\/11\/20091118.jpg\" \/><\/p>\n<\/div>\n<p style=\"text-align:right\"> <a href=\"https:\/\/www.wallendorff.com\/belogue\/2009\/11\/18\/pis-a-prismes-19\/\">Champ de Mars, Paris 28 juillet 2009<\/a>.<\/p>\n<p>&nbsp;<\/p>\n<h1 style=\"text-align:right\">Anneaux d&rsquo;sa turne.<\/h1>\n<div id=\"photo2\">\n<p><img decoding=\"async\" src=\"https:\/\/www.wallendorff.com\/belogue\/photo\/2009\/12\/20091208.jpg\" \/><\/p>\n<\/div>\n<p style=\"text-align:right\"> <a href=\"https:\/\/www.wallendorff.com\/belogue\/2009\/12\/08\/anes-hauts-dsa-turne\/\">Chapelle Expiatoire, Paris, 20 septembre 2009<\/a>.<\/p>\n<p>&nbsp;<\/p>\n<h1 style=\"text-align:right\">Due nef (avec du vieux).<\/h1>\n<div id=\"photo2\">\n<p><img decoding=\"async\" src=\"https:\/\/www.wallendorff.com\/belogue\/photo\/2010\/10\/20101017.jpg\" \/><\/p>\n<\/div>\n<p style=\"text-align:right\"> <a href=\"https:\/\/www.wallendorff.com\/belogue\/2010\/10\/17\/due-nef-avec-du-vieux\/\">&Eacute;glise Saint-Sulpice, Paris, 21 ao&ucirc;t 2010<\/a>.<\/p>\n<p>&nbsp;<\/p>\n<h1 style=\"text-align:right\">Du haut [d&eacute;nomme].<\/h1>\n<div id=\"photo2\">\n<p><img decoding=\"async\" src=\"https:\/\/www.wallendorff.com\/belogue\/photo\/2011\/08\/20110823.jpg\" \/><\/p>\n<\/div>\n<p style=\"text-align:right\"> <a href=\"https:\/\/www.wallendorff.com\/belogue\/2011\/08\/23\/du-haut-denomme\/\">H&ocirc;tel de Cluny, Paris, 23 juillet 2011<\/a>.<\/p>\n<p>&nbsp;<\/p>\n<h1 style=\"text-align:right\">Bath plafond.<\/h1>\n<div id=\"photo2\">\n<p><img decoding=\"async\" src=\"https:\/\/www.wallendorff.com\/belogue\/photo\/2012\/12\/20121217.jpg\" \/><\/p>\n<\/div>\n<p style=\"text-align:right\"> <a href=\"https:\/\/www.wallendorff.com\/belogue\/2012\/12\/17\/bath-plafond\/\">H&ocirc;tel de Monaco, Paris, 15 septembre 2012<\/a>.<\/p>\n<p>&nbsp;<\/p>\n<h1 style=\"text-align:right\">Plafond [la forme].<\/h1>\n<div id=\"photo2\">\n<p><img decoding=\"async\" src=\"https:\/\/www.wallendorff.com\/belogue\/photo\/2013\/01\/20130115.jpg\" \/><\/p>\n<\/div>\n<p style=\"text-align:right\"> <a href=\"https:\/\/www.wallendorff.com\/belogue\/2013\/01\/15\/plafond-la-forme\/\">Mus&eacute;e du Louvre, Paris, 20 novembre 2012<\/a>.<\/p>\n<p>&nbsp;<\/p>\n<h1 style=\"text-align:right\">Up.<\/h1>\n<div id=\"photo2\">\n<p><img decoding=\"async\" src=\"https:\/\/www.wallendorff.com\/belogue\/photo\/2013\/03\/20130320.jpg\" \/><\/p>\n<\/div>\n<p style=\"text-align:right\"> <a href=\"https:\/\/www.wallendorff.com\/belogue\/2013\/03\/20\/up\/\">L&rsquo;H&ocirc;tel, Paris, 4 f&eacute;vrier 2013<\/a>.<\/p>\n<p>&nbsp;<\/p>\n<h1 style=\"text-align:right\">Il t\u2019absout des bancs-bou&eacute;es, si elle n\u2019hume air au loin.<\/h1>\n<div id=\"photo2\">\n<p><img decoding=\"async\" src=\"https:\/\/www.wallendorff.com\/belogue\/photo\/2013\/07\/20130716.jpg\" \/><\/p>\n<\/div>\n<p style=\"text-align:right\"> <a href=\"https:\/\/www.wallendorff.com\/belogue\/2013\/07\/16\/il-tabsout-des-bancs-bouees-si-elle-nhume-air-au-loin\/\">Galerie Victor-Emmanuel-II, Milan, 30 mai 2013<\/a>.<\/p>\n<p>&nbsp;<\/p>\n<h1 style=\"text-align:right\">Les cieux au ciel.<\/h1>\n<div id=\"photo2\">\n<p><img decoding=\"async\" src=\"https:\/\/www.wallendorff.com\/belogue\/photo\/2013\/09\/20130925.jpg\" \/><\/p>\n<\/div>\n<p style=\"text-align:right\"> <a href=\"https:\/\/www.wallendorff.com\/belogue\/2013\/09\/25\/les-cieux-au-ciel\/\">Rue du Bac, Paris, 14 ao&ucirc;t 2013<\/a>.<\/p>\n<p>&nbsp;<\/p>\n<h1 style=\"text-align:right\">Place des fa&icirc;tes.<\/h1>\n<div id=\"photo2\">\n<p><img decoding=\"async\" src=\"https:\/\/www.wallendorff.com\/belogue\/photo\/2014\/03\/20140317.jpg\" \/><\/p>\n<\/div>\n<p style=\"text-align:right\"> <a href=\"https:\/\/www.wallendorff.com\/belogue\/2014\/03\/17\/place-des-faites\/\">Bruxelles, 23 f&eacute;vrier 2014<\/a>.<\/p>\n<p>&nbsp;<\/p>\n<h1 style=\"text-align:right\">&Eacute;galement cit&eacute;s&nbsp;:<\/h1>\n<ul>\n<li><a href=\"https:\/\/www.wallendorff.com\/belogue\/2007\/08\/09\/qu-haut-manque-rentes\/\">Qu&rsquo;haut manque &agrave; rentes (rue Bouchardon, Paris, 8 ao&ucirc;t 2007)<\/a><\/li>\n<li><a href=\"https:\/\/www.wallendorff.com\/belogue\/2010\/08\/26\/capitaine-flemme\/\">Capitaine Flemme (Magna Plaza, Amsterdam, 19 juillet 2010)<\/a><\/li>\n<li><a href=\"https:\/\/www.wallendorff.com\/belogue\/2013\/04\/11\/des-hauts-dorient\/\">Des hauts d&rsquo;orient (Panth&eacute;on, Rome, 9 f&eacute;vrier 2013)<\/a><\/li>\n<\/ul>\n","protected":false},"excerpt":{"rendered":"<p>Dix ans le nez en l&rsquo;air. dix ans &agrave; regarder en haut, chercher des centres et des sym&eacute;tries. Dix ans &agrave; s&rsquo;agenouiller le plus bas possible pour gagner du champ et viser de plus en plus haut, jusqu&rsquo;&agrave; la verticale. Et dix ans de torticolis, aussi. Vois l&rsquo;ath&eacute;e. Main Street, Ann Arbor, 21 novembre 2004.&hellip;<\/p>\n","protected":false},"author":1,"featured_media":26780,"comment_status":"open","ping_status":"open","sticky":false,"template":"","format":"standard","meta":{"_acf_changed":false,"ngg_post_thumbnail":0,"jetpack_post_was_ever_published":false,"_jetpack_newsletter_access":"","_jetpack_dont_email_post_to_subs":false,"_jetpack_newsletter_tier_id":0,"_jetpack_memberships_contains_paywalled_content":false,"_jetpack_memberships_contains_paid_content":false,"footnotes":"","jetpack_publicize_message":"","jetpack_publicize_feature_enabled":true,"jetpack_social_post_already_shared":false,"jetpack_social_options":{"image_generator_settings":{"template":"highway","default_image_id":0,"font":"","enabled":false},"version":2}},"categories":[3],"tags":[8630,10500],"class_list":["post-22843","post","type-post","status-publish","format-standard","has-post-thumbnail","hentry","category-dpc","tag-8630","tag-contre-plongee"],"acf":[],"geo":null,"jetpack_publicize_connections":[],"jetpack_featured_media_url":"https:\/\/www.wallendorff.com\/belogue\/wp-content\/uploads\/2015\/04\/200910123.jpg","jetpack_shortlink":"https:\/\/wp.me\/p3b35P-5Wr","jetpack_sharing_enabled":true,"jetpack-related-posts":[{"id":23102,"url":"https:\/\/www.wallendorff.com\/belogue\/2014\/06\/30\/dix-ans-de-titres\/","url_meta":{"origin":22843,"position":0},"title":"Dix ans de titres.","author":"dpc","date":"30 juin 2014","format":false,"excerpt":"Dix ans de matin\u00e9es pass\u00e9es \u00e0 se triturer la t\u00eate pour trouver un jeu de mot. Dix ans \u00e0 pondre des titres plus d\u00e9biles et plus obscurs les uns que les autres, parfois si obscurs que, m\u00eame moi, je ne les comprends plus. Cette liste de 2\u00a0894 titres est loin\u2026","rel":"","context":"Dans &quot;DPC&quot;","block_context":{"text":"DPC","link":"https:\/\/www.wallendorff.com\/belogue\/category\/dpc\/"},"img":{"alt_text":"","src":"","width":0,"height":0},"classes":[]},{"id":22977,"url":"https:\/\/www.wallendorff.com\/belogue\/2014\/06\/17\/dix-ans-de-lol\/","url_meta":{"origin":22843,"position":1},"title":"Dix ans de lol.","author":"dpc","date":"17 juin 2014","format":false,"excerpt":"Dix ans de Space mots-keys. Aaaah, les Space mots-keys, cette cat\u00e9gorie sp\u00e9ciale mots-clefs dont le titre \u00e9tait un jeu de mot pourri sur le titre d'un morceau de Placebo que tout le monde a oubli\u00e9 et qui, en 28 \u00e9pisodes publi\u00e9s entre octobre 2006 et d\u00e9cembre 2008, constitue une compilation\u2026","rel":"","context":"Dans &quot;DPC&quot;","block_context":{"text":"DPC","link":"https:\/\/www.wallendorff.com\/belogue\/category\/dpc\/"},"img":{"alt_text":"","src":"","width":0,"height":0},"classes":[]},{"id":22913,"url":"https:\/\/www.wallendorff.com\/belogue\/2014\/06\/07\/dix-ans-dhivers\/","url_meta":{"origin":22843,"position":2},"title":"Dix ans d&rsquo;hivers.","author":"dpc","date":"7 juin 2014","format":false,"excerpt":"10 ans de blanc, dix ans de bleu d\u00e9satur\u00e9. Dix ans \u00e0 \u00e9couter des morceaux d'Air et des pieds qui crissent. Arbore les sens. Lac Sainte-Claire, D\u00e9troit, 8 janvier 2005. \u00a0 Banc-crise. Lac Sainte-Claire, D\u00e9troit, 8 janvier 2005. \u00a0 Ares comptant pour un. Lac Sainte-Claire, D\u00e9troit, 8 janvier 2005. \u00a0\u2026","rel":"","context":"Dans &quot;DPC&quot;","block_context":{"text":"DPC","link":"https:\/\/www.wallendorff.com\/belogue\/category\/dpc\/"},"img":{"alt_text":"","src":"https:\/\/i0.wp.com\/www.wallendorff.com\/belogue\/wp-content\/uploads\/2015\/04\/201104203.jpg?resize=350%2C200&ssl=1","width":350,"height":200,"srcset":"https:\/\/i0.wp.com\/www.wallendorff.com\/belogue\/wp-content\/uploads\/2015\/04\/201104203.jpg?resize=350%2C200&ssl=1 1x, https:\/\/i0.wp.com\/www.wallendorff.com\/belogue\/wp-content\/uploads\/2015\/04\/201104203.jpg?resize=525%2C300&ssl=1 1.5x, https:\/\/i0.wp.com\/www.wallendorff.com\/belogue\/wp-content\/uploads\/2015\/04\/201104203.jpg?resize=700%2C400&ssl=1 2x"},"classes":[]},{"id":23003,"url":"https:\/\/www.wallendorff.com\/belogue\/2014\/06\/20\/dix-ans-de-concerts-12\/","url_meta":{"origin":22843,"position":3},"title":"Dix ans de concerts [1\/2].","author":"dpc","date":"20 juin 2014","format":false,"excerpt":"Pas la peine de faire une redite, apr\u00e8s la compile des 500 concerts et celle des 10 ans de passes photos. Depuis 2012, disons que je retiens la fois o\u00f9 je me suis fait maudire par un Italien, Matthias Malzieu qui me tombe sur le nez \u00e0 Rock en Seine,\u2026","rel":"","context":"Dans &quot;DPC&quot;","block_context":{"text":"DPC","link":"https:\/\/www.wallendorff.com\/belogue\/category\/dpc\/"},"img":{"alt_text":"","src":"https:\/\/i0.wp.com\/www.wallendorff.com\/belogue\/wp-content\/uploads\/2015\/04\/20110520-391.jpg?resize=350%2C200&ssl=1","width":350,"height":200,"srcset":"https:\/\/i0.wp.com\/www.wallendorff.com\/belogue\/wp-content\/uploads\/2015\/04\/20110520-391.jpg?resize=350%2C200&ssl=1 1x, https:\/\/i0.wp.com\/www.wallendorff.com\/belogue\/wp-content\/uploads\/2015\/04\/20110520-391.jpg?resize=525%2C300&ssl=1 1.5x, https:\/\/i0.wp.com\/www.wallendorff.com\/belogue\/wp-content\/uploads\/2015\/04\/20110520-391.jpg?resize=700%2C400&ssl=1 2x"},"classes":[]},{"id":132422,"url":"https:\/\/www.wallendorff.com\/belogue\/2025\/06\/12\/jaunes-dombres\/","url_meta":{"origin":22843,"position":4},"title":"Jaunes d&rsquo;ombres.","author":"dpc","date":"12 juin 2025","format":false,"excerpt":"Tour Montparnasse, Paris, 18 avril 2024.Merci \u00e0 Lala mais pas \u00e0 Leffe\u00ae ni Twinuts\u00ae car j'ai sottement oubli\u00e9 de faire les commissions. Et \u00e0 part \u00e7a... Il y a vingt-et-un ans, les Pistons de D\u00e9troit \u00e9taient en finale NBA. Il y a vingt ans, les Pistons de D\u00e9troit \u00e9taient encore\u2026","rel":"","context":"Dans &quot;DPC&quot;","block_context":{"text":"DPC","link":"https:\/\/www.wallendorff.com\/belogue\/category\/dpc\/"},"img":{"alt_text":"","src":"https:\/\/i0.wp.com\/www.wallendorff.com\/belogue\/wp-content\/uploads\/2025\/06\/20250612-08.jpg?resize=350%2C200&ssl=1","width":350,"height":200,"srcset":"https:\/\/i0.wp.com\/www.wallendorff.com\/belogue\/wp-content\/uploads\/2025\/06\/20250612-08.jpg?resize=350%2C200&ssl=1 1x, https:\/\/i0.wp.com\/www.wallendorff.com\/belogue\/wp-content\/uploads\/2025\/06\/20250612-08.jpg?resize=525%2C300&ssl=1 1.5x, https:\/\/i0.wp.com\/www.wallendorff.com\/belogue\/wp-content\/uploads\/2025\/06\/20250612-08.jpg?resize=700%2C400&ssl=1 2x, https:\/\/i0.wp.com\/www.wallendorff.com\/belogue\/wp-content\/uploads\/2025\/06\/20250612-08.jpg?resize=1050%2C600&ssl=1 3x"},"classes":[]},{"id":22972,"url":"https:\/\/www.wallendorff.com\/belogue\/2014\/06\/16\/dix-ans-de-cimetieres\/","url_meta":{"origin":22843,"position":5},"title":"Dix ans de cimeti\u00e8res.","author":"dpc","date":"16 juin 2014","format":false,"excerpt":"[Et aussi 10 ans de croix]. Dix ans \u00e0 les visiter d\u00e8s que j'en rencontre un. Dix ans \u00e0 ne jamais y passer plus de 15 minutes, aussi, sinon \u00e7a finit par me d\u00e9primer. Deux coudes cuits hier \u00e0 Pau. Saint Cyr's Church, Stonehouse, 15 septembre 2008. \u00a0 Shooting people\u2026","rel":"","context":"Dans &quot;DPC&quot;","block_context":{"text":"DPC","link":"https:\/\/www.wallendorff.com\/belogue\/category\/dpc\/"},"img":{"alt_text":"","src":"https:\/\/i0.wp.com\/www.wallendorff.com\/belogue\/wp-content\/uploads\/2015\/04\/201106032.jpg?resize=350%2C200&ssl=1","width":350,"height":200,"srcset":"https:\/\/i0.wp.com\/www.wallendorff.com\/belogue\/wp-content\/uploads\/2015\/04\/201106032.jpg?resize=350%2C200&ssl=1 1x, https:\/\/i0.wp.com\/www.wallendorff.com\/belogue\/wp-content\/uploads\/2015\/04\/201106032.jpg?resize=525%2C300&ssl=1 1.5x"},"classes":[]}],"_links":{"self":[{"href":"https:\/\/www.wallendorff.com\/belogue\/wp-json\/wp\/v2\/posts\/22843","targetHints":{"allow":["GET"]}}],"collection":[{"href":"https:\/\/www.wallendorff.com\/belogue\/wp-json\/wp\/v2\/posts"}],"about":[{"href":"https:\/\/www.wallendorff.com\/belogue\/wp-json\/wp\/v2\/types\/post"}],"author":[{"embeddable":true,"href":"https:\/\/www.wallendorff.com\/belogue\/wp-json\/wp\/v2\/users\/1"}],"replies":[{"embeddable":true,"href":"https:\/\/www.wallendorff.com\/belogue\/wp-json\/wp\/v2\/comments?post=22843"}],"version-history":[{"count":12,"href":"https:\/\/www.wallendorff.com\/belogue\/wp-json\/wp\/v2\/posts\/22843\/revisions"}],"predecessor-version":[{"id":22877,"href":"https:\/\/www.wallendorff.com\/belogue\/wp-json\/wp\/v2\/posts\/22843\/revisions\/22877"}],"wp:featuredmedia":[{"embeddable":true,"href":"https:\/\/www.wallendorff.com\/belogue\/wp-json\/wp\/v2\/media\/26780"}],"wp:attachment":[{"href":"https:\/\/www.wallendorff.com\/belogue\/wp-json\/wp\/v2\/media?parent=22843"}],"wp:term":[{"taxonomy":"category","embeddable":true,"href":"https:\/\/www.wallendorff.com\/belogue\/wp-json\/wp\/v2\/categories?post=22843"},{"taxonomy":"post_tag","embeddable":true,"href":"https:\/\/www.wallendorff.com\/belogue\/wp-json\/wp\/v2\/tags?post=22843"}],"curies":[{"name":"wp","href":"https:\/\/api.w.org\/{rel}","templated":true}]}}