{"id":22841,"date":"2014-06-03T12:02:48","date_gmt":"2014-06-03T10:02:48","guid":{"rendered":"http:\/\/www.wallendorff.com\/?p=22841"},"modified":"2014-06-13T12:40:35","modified_gmt":"2014-06-13T10:40:35","slug":"10-ans-de-total-pied","status":"publish","type":"post","link":"https:\/\/www.wallendorff.com\/belogue\/2014\/06\/03\/10-ans-de-total-pied\/","title":{"rendered":"10 ans de total pied."},"content":{"rendered":"<div id=\"photo\">\n<p><img decoding=\"async\" src=\"https:\/\/www.wallendorff.com\/belogue\/photo\/2007\/11\/20071121.jpg\" \/><\/p>\n<\/div>\n<p style=\"text-align:right\">Je n&rsquo;&eacute;tais pas pr&eacute;dispos&eacute; &agrave; devenir un f&eacute;tichiste de la photo (photochiste&nbsp;?) de la photo de pied. Puis &agrave; la mi-2007, Papy-chef du magazine m&rsquo;a d&eacute;fendu de publier mes photos de concerts sur Internet avant leur parution dans la presse. D&rsquo;o&ugrave; l&rsquo;id&eacute;e de publier des photos impubliables ailleurs et totalement inint&eacute;ressantes. D&rsquo;o&ugrave; les pieds. &Agrave; force, l&rsquo;habitude est rest&eacute;e. &Ccedil;a nous fait une collection bien homog&egrave;ne, pr&eacute;sentant &agrave; peu pr&egrave;s autant de pieds gauches que de pieds droits.<\/p>\n<h1>PJ Harvey @ State Theater, D&eacute;troit.<\/h1>\n<div id=\"photo2\">\n<p><img decoding=\"async\" src=\"https:\/\/www.wallendorff.com\/belogue\/photo\/2004\/10\/27.jpg\" \/><\/p>\n<\/div>\n<p style=\"text-align:right\">    <a href=\"https:\/\/www.wallendorff.com\/belogue\/2004\/10\/18\/pieds-beaux\/\">PJ Harvey, State Theater, D&eacute;troit, 14 octobre 2004.<\/a><\/p>\n<p style=\"text-align:right\">&nbsp;<\/p>\n<h1 style=\"text-align:right\">Tr&egrave;s pieds.<\/h1>\n<div id=\"photo2\">\n<p><img decoding=\"async\" src=\"https:\/\/www.wallendorff.com\/belogue\/photo\/2005\/01\/20050111-pieds.jpg\" \/><\/p>\n<\/div>\n<p style=\"text-align:right\"><a href=\"https:\/\/www.wallendorff.com\/belogue\/2004\/10\/18\/pieds-beaux\/\">Lac Sainte-Claire, D&eacute;troit, 8 janvier 2005<\/a>.<\/p>\n<p>&nbsp;<\/p>\n<h1>My Chemiballs Romance @ le Z&eacute;nith, Paris.<\/h1>\n<div id=\"photo2\">\n<p><img decoding=\"async\" src=\"https:\/\/www.wallendorff.com\/belogue\/photo\/2007\/06\/20070620.jpg\" \/>\n<\/p>\n<\/div>\n<p style=\"text-align:right\">   <a href=\"https:\/\/www.wallendorff.com\/belogue\/2007\/06\/20\/my-chemiballs-romance-le-zenith-paris\/\">My Chemical Romance, le Z&eacute;nith, Paris, 19 juin 2007.<\/a><\/p>\n<p style=\"text-align:right\">&nbsp;<\/p>\n<h1 style=\"text-align:right\">Les Eurock&eacute;ennes, Belfort, Day 1.<\/h1>\n<div id=\"photo2\">\n<p><img decoding=\"async\" src=\"https:\/\/www.wallendorff.com\/belogue\/photo\/galeries\/2007\/06\/200706294-pvp\/20070704-02.jpg\" \/>\n  <\/p>\n<\/div>\n<p style=\"text-align:right\"><a href=\"https:\/\/www.wallendorff.com\/belogue\/2007\/07\/04\/be-eurocks-en-2007-day-1\/\">Peter Von Poehl, les Eurock&eacute;ennes, Belfort, 29 juin 2007.<\/a><\/p>\n<p>&nbsp;<\/p>\n<h1>The Wombats @ la Maroquinerie, Paris.<\/h1>\n<div id=\"photo2\">\n<p><img decoding=\"async\" src=\"https:\/\/www.wallendorff.com\/belogue\/photo\/2007\/11\/20071102.jpg\" \/><\/p>\n<\/div>\n<p style=\"text-align:right\"><a href=\"https:\/\/www.wallendorff.com\/belogue\/2007\/11\/02\/the-wombats-la-maroquinerie-paris\/\">The Wombats, la Maroquinerie, Paris, 1<sup>er<\/sup> novembre 2007.<\/a><\/p>\n<p style=\"text-align:right\">&nbsp;<\/p>\n<h1 style=\"text-align:right\">Black Rebel Motorcycle Club @ l&rsquo;&Eacute;lys&eacute;e-Montmartre, Paris.<\/h1>\n<div id=\"photo2\">\n<p><img decoding=\"async\" src=\"https:\/\/www.wallendorff.com\/belogue\/photo\/2007\/11\/20071121.jpg\" \/><\/p>\n<\/div>\n<p style=\"text-align:right\"><a href=\"https:\/\/www.wallendorff.com\/belogue\/2007\/11\/21\/black-rebel-motorcycle-club-l-lyse-montmartre-paris\/\">Black Rebel Motorcycle Club, l&rsquo;&Eacute;lys&eacute;e-Montmartre, Paris, 20 novembre 2007.<\/a><\/p>\n<p style=\"text-align:right\">&nbsp;<\/p>\n<h1 style=\"text-align:right\">Constance Verlucca @ la Maroquinerie, Paris.<\/h1>\n<div id=\"photo2\">\n<p><img decoding=\"async\" src=\"https:\/\/www.wallendorff.com\/belogue\/photo\/2007\/11\/20071124.jpg\" \/><\/p>\n<\/div>\n<p style=\"text-align:right\"><a href=\"https:\/\/www.wallendorff.com\/belogue\/2007\/11\/24\/constance-verluca-la-maroquinerie-paris\/\">Constance Verlucca, la Maroquinerie, Paris, 23 novembre 2007.<\/a><\/p>\n<p style=\"text-align:right\">&nbsp;<\/p>\n<h1 style=\"text-align:right\">KillerPilze @ le Bataclan, Paris.<\/h1>\n<div id=\"photo2\">\n<p><img decoding=\"async\" src=\"https:\/\/www.wallendorff.com\/belogue\/photo\/2008\/02\/20080205.jpg\" \/><\/p>\n<\/div>\n<p style=\"text-align:right\"><a href=\"https:\/\/www.wallendorff.com\/belogue\/2008\/02\/05\/killerpilze-le-bataclan-paris\/\">iLiS, le Bataclan, Paris, 4 f&eacute;vrier 2008.<\/a><\/p>\n<p style=\"text-align:right\">&nbsp;<\/p>\n<h1 style=\"text-align:right\">Mademoiselle K @ Big Band Caf&eacute;, H&eacute;rouville-Saint-Clair.<\/h1>\n<div id=\"photo2\">\n<p><img decoding=\"async\" src=\"https:\/\/www.wallendorff.com\/belogue\/photo\/2008\/04\/20080409.jpg\" \/><\/p>\n<\/div>\n<p style=\"text-align:right\"><a href=\"https:\/\/www.wallendorff.com\/belogue\/2008\/04\/09\/mademoiselle-k-big-band-caf-hrouville-saint-clair\/\">Mademoiselle K, Big Band Caf&eacute;, H&eacute;rouville-Saint-Clair, 8 avril 2008.<\/a><\/p>\n<p style=\"text-align:right\">&nbsp;<\/p>\n<h1 style=\"text-align:right\">Gore Gore Girls @ la Maroquinerie, Paris.<\/h1>\n<div id=\"photo2\">\n<p><img decoding=\"async\" src=\"https:\/\/www.wallendorff.com\/belogue\/photo\/2008\/04\/20080422.jpg\" \/><\/p>\n<\/div>\n<p style=\"text-align:right\"><a href=\"https:\/\/www.wallendorff.com\/belogue\/2008\/04\/22\/the-gore-gore-girls-les-femmes-s-en-mlent-la-maroquinerie-paris\/\">Gore Gore Girls, Les Femmes s&rsquo;en M&ecirc;lent, la Maroquinerie, Paris, 21 avril 2008.<\/a><\/p>\n<p style=\"text-align:right\">&nbsp;<\/p>\n<h1 style=\"text-align:right\">I won&rsquo;t get to get what I&rsquo;m after till the day I die.<\/h1>\n<div id=\"photo2\">\n<p><img decoding=\"async\" src=\"https:\/\/www.wallendorff.com\/belogue\/photo\/2009\/11\/20091121.jpg\" \/> <\/p>\n<\/div>\n<p style=\"text-align:right\"><a href=\"https:\/\/www.wallendorff.com\/belogue\/2009\/11\/21\/i-wont-get-to-get-what-im-after-till-the-day-i-die\/\">Passage Lhomme, Paris, 1<sup>er<\/sup> ao&ucirc;t 2009.<\/a><\/p>\n<p style=\"text-align:right\">&nbsp;<\/p>\n<h1 style=\"text-align:right\">Florence and the Machine + Koudlam @ l&rsquo;Olympia, Paris.<\/h1>\n<div id=\"photo2\">\n<p><img decoding=\"async\" src=\"https:\/\/www.wallendorff.com\/belogue\/photo\/galeries\/2010\/06\/20100616-fatm\/20100617-25.jpg\" \/><\/p>\n<\/div>\n<p style=\"text-align:right\"><a href=\"https:\/\/www.wallendorff.com\/belogue\/2010\/06\/17\/florence-and-the-machine-koudlam-lolympia-paris\/\">Florence and the Machine, l&rsquo;Olympia, Paris, 16 juin 2010.<\/a><\/p>\n<p style=\"text-align:right\">&nbsp;<\/p>\n<h1 style=\"text-align:right\">We Were Promised Jetpacks + Crackity Flynn @ le Point &Eacute;ph&eacute;m&egrave;re, Paris.<\/h1>\n<div id=\"photo2\">\n<p><img decoding=\"async\" src=\"https:\/\/www.wallendorff.com\/belogue\/photo\/galeries\/2012\/01\/201201162-wwpj\/20120117-15.jpg\" \/><\/p>\n<\/div>\n<p style=\"text-align:right\"><a href=\"https:\/\/www.wallendorff.com\/belogue\/2012\/01\/17\/we-were-promised-jetpacks-crackity-flynn-le-point-ephemere-paris\/\">We Were Promised Jetpacks, le Point &Eacute;ph&eacute;m&egrave;re, Paris, 16 janvier 2012.<\/a><\/p>\n<p style=\"text-align:right\">&nbsp;<\/p>\n<h1 style=\"text-align:right\">Et pendant ce temps, &agrave; Rock en Seine.<\/h1>\n<div id=\"photo2\">\n<h1>\n<p><img decoding=\"async\" src=\"https:\/\/www.wallendorff.com\/belogue\/photo\/2013\/08\/20130826.jpg\" \/><\/p>\n<\/div>\n<p style=\"text-align:right\"><a href=\"https:\/\/www.wallendorff.com\/belogue\/2013\/08\/26\/et-pendant-ce-temps-a-rock-en-seine-16\/\">Domaine National de Saint-Cloud, 25 ao&ucirc;t 2013.<\/a><\/p>\n<p style=\"text-align:right\">&nbsp;<\/p>\n<h1 style=\"text-align:right\">Augustines @ le Caf&eacute; de la Danse, Paris.<\/h1>\n<div id=\"photo2\">\n<p><img decoding=\"async\" src=\"https:\/\/www.wallendorff.com\/belogue\/photo\/galeries\/2014\/04\/20140425-augustines\/20140426-06.jpg\" \/><\/p>\n<\/div>\n<p style=\"text-align:right\"><a href=\"https:\/\/www.wallendorff.com\/belogue\/2014\/04\/26\/augustines-le-cafe-de-la-danse-paris\/\">Augustines, Le Caf&eacute; de la Danse, Paris 25 avril 2014.<\/a><\/p>\n<p style=\"text-align:right\">&nbsp;<\/p>\n<h1>&Eacute;galement cit&eacute;s&nbsp;:<\/h1>\n<ul>\n<li><a href=\"https:\/\/www.wallendorff.com\/belogue\/2007\/12\/05\/thed-la-maroquinerie-paris\/\">The D&oslash;, la Maroquinerie, Paris, 4 d&eacute;cembre 2007<\/a><\/li>\n<li><a href=\"https:\/\/www.wallendorff.com\/belogue\/2008\/01\/13\/killerpilze-le-trabendo-paris\/\">KillerPilze, le Trabendo, Paris, 12 janvier 2008<\/a><\/li>\n<li><a href=\"https:\/\/www.wallendorff.com\/belogue\/2008\/01\/22\/the-wombats-black-session-maison-de-la-radio-paris\/\">The Wombats, Black Session n<sup>o<\/sup> 275, Maison de la Radio, Paris, 21 janvier 2008<\/a><\/li>\n<\/ul>\n","protected":false},"excerpt":{"rendered":"<p>Je n&rsquo;&eacute;tais pas pr&eacute;dispos&eacute; &agrave; devenir un f&eacute;tichiste de la photo (photochiste&nbsp;?) de la photo de pied. Puis &agrave; la mi-2007, Papy-chef du magazine m&rsquo;a d&eacute;fendu de publier mes photos de concerts sur Internet avant leur parution dans la presse. D&rsquo;o&ugrave; l&rsquo;id&eacute;e de publier des photos impubliables ailleurs et totalement inint&eacute;ressantes. D&rsquo;o&ugrave; les pieds. &Agrave;&hellip;<\/p>\n","protected":false},"author":1,"featured_media":26779,"comment_status":"open","ping_status":"open","sticky":false,"template":"","format":"standard","meta":{"_acf_changed":false,"ngg_post_thumbnail":0,"jetpack_post_was_ever_published":false,"_jetpack_newsletter_access":"","_jetpack_dont_email_post_to_subs":false,"_jetpack_newsletter_tier_id":0,"_jetpack_memberships_contains_paywalled_content":false,"_jetpack_memberships_contains_paid_content":false,"footnotes":"","jetpack_publicize_message":"","jetpack_publicize_feature_enabled":true,"jetpack_social_post_already_shared":false,"jetpack_social_options":{"image_generator_settings":{"template":"highway","default_image_id":0,"font":"","enabled":false},"version":2}},"categories":[3],"tags":[8630,10882],"class_list":["post-22841","post","type-post","status-publish","format-standard","has-post-thumbnail","hentry","category-dpc","tag-8630","tag-pied"],"acf":[],"geo":null,"jetpack_publicize_connections":[],"jetpack_featured_media_url":"https:\/\/www.wallendorff.com\/belogue\/wp-content\/uploads\/2015\/04\/200711211.jpg","jetpack_shortlink":"https:\/\/wp.me\/p3b35P-5Wp","jetpack_sharing_enabled":true,"jetpack-related-posts":[{"id":611,"url":"https:\/\/www.wallendorff.com\/belogue\/2004\/10\/18\/pieds-beaux\/","url_meta":{"origin":22841,"position":0},"title":"Pieds beaux.","author":"dpc","date":"18 octobre 2004","format":false,"excerpt":"PJ Harvey, State Theater, 14 octobre 2004. \u00a0Ben Kweller \u2013 On My Way","rel":"","context":"Dans &quot;DPC&quot;","block_context":{"text":"DPC","link":"https:\/\/www.wallendorff.com\/belogue\/category\/dpc\/"},"img":{"alt_text":"","src":"https:\/\/i0.wp.com\/www.wallendorff.com\/belogue\/wp-content\/uploads\/2015\/04\/200410181.jpg?resize=350%2C200&ssl=1","width":350,"height":200},"classes":[]},{"id":614,"url":"https:\/\/www.wallendorff.com\/belogue\/2004\/10\/15\/pj-harvey-state-theater-detroit\/","url_meta":{"origin":22841,"position":1},"title":"PJ Harvey @ State Theater, D&eacute;troit.","author":"dpc","date":"15 octobre 2004","format":false,"excerpt":"To Bring You My Love | The Whores Hustle and the Hustlers Whore | Who the Fuck? | The Letter | Dress | Shame | Victory | The Garden | Plants and Rags | Down by the Water | Pocket Knife | Meet Ze Monsta | Cat on the Wall\u2026","rel":"","context":"Dans &quot;Alive&quot;","block_context":{"text":"Alive","link":"https:\/\/www.wallendorff.com\/belogue\/category\/alive\/"},"img":{"alt_text":"","src":"https:\/\/i0.wp.com\/www.wallendorff.com\/belogue\/wp-content\/uploads\/2015\/04\/200410151.jpg?resize=350%2C200&ssl=1","width":350,"height":200},"classes":[]},{"id":4207,"url":"https:\/\/www.wallendorff.com\/belogue\/2009\/05\/19\/pj-harvey-john-parish-le-bataclan-paris\/","url_meta":{"origin":22841,"position":2},"title":"PJ Harvey &#038; John Parish @ le Bataclan, Paris.","author":"dpc","date":"19 mai 2009","format":false,"excerpt":"Ah tiens il y a pile trois ans il faisait chaud aussi. Dans la vie il y a de chouettes soir\u00e9es o\u00f9 un management sympa et une s\u00e9curit\u00e9 super-coule t'entra\u00eenent dans des jeux de piste en fosse photo ach'te marrants. Dans la vie il y a aussi des soir\u00e9es qu'on\u2026","rel":"","context":"Dans &quot;Alive&quot;","block_context":{"text":"Alive","link":"https:\/\/www.wallendorff.com\/belogue\/category\/alive\/"},"img":{"alt_text":"","src":"https:\/\/i0.wp.com\/www.wallendorff.com\/belogue\/wp-content\/uploads\/2015\/04\/200905191.jpg?resize=350%2C200&ssl=1","width":350,"height":200,"srcset":"https:\/\/i0.wp.com\/www.wallendorff.com\/belogue\/wp-content\/uploads\/2015\/04\/200905191.jpg?resize=350%2C200&ssl=1 1x, https:\/\/i0.wp.com\/www.wallendorff.com\/belogue\/wp-content\/uploads\/2015\/04\/200905191.jpg?resize=525%2C300&ssl=1 1.5x, https:\/\/i0.wp.com\/www.wallendorff.com\/belogue\/wp-content\/uploads\/2015\/04\/200905191.jpg?resize=700%2C400&ssl=1 2x"},"classes":[]},{"id":20314,"url":"https:\/\/www.wallendorff.com\/belogue\/2007\/09\/12\/pj-harvey-album-de-la-semaine-aubervilliers\/","url_meta":{"origin":22841,"position":3},"title":"PJ Harvey @ Album de la semaine, Aubervilliers.","author":"dpc","date":"12 septembre 2007","format":false,"excerpt":"The Devil | Grow Grow Grow | When Under Ether | White Chalk | Silence | The Piano | The Mountain || The Devil | White Chalk | Silence Avec un album si intime, pas \u00e9tonnant que PJ Harvey se pr\u00e9sente seule sur le plateau de Canal. La sc\u00e8ne est\u2026","rel":"","context":"Dans &quot;Alive&quot;","block_context":{"text":"Alive","link":"https:\/\/www.wallendorff.com\/belogue\/category\/alive\/"},"img":{"alt_text":"","src":"","width":0,"height":0},"classes":[]},{"id":5427,"url":"https:\/\/www.wallendorff.com\/belogue\/2009\/12\/25\/those-were-the-00s-22\/","url_meta":{"origin":22841,"position":4},"title":"Those were the 00s [2\/2]","author":"dpc","date":"25 d\u00e9cembre 2009","format":false,"excerpt":"En fait je n'ai jamais vraiment su \u00e9viter l'amalgame entre ce qu'entendent mes yeux et ce que voient mes oreilles. Alors quand est venu le moment de faire un classement des albums qui auront marqu\u00e9 ma d\u00e9cennie, plut\u00f4t que de faire une bafouille sur chaque disque expliquant \u00e0 quel point\u2026","rel":"","context":"Dans &quot;DPC&quot;","block_context":{"text":"DPC","link":"https:\/\/www.wallendorff.com\/belogue\/category\/dpc\/"},"img":{"alt_text":"","src":"","width":0,"height":0},"classes":[]},{"id":977,"url":"https:\/\/www.wallendorff.com\/belogue\/2007\/06\/19\/icky-c-est-maintenant\/","url_meta":{"origin":22841,"position":5},"title":"Icky c&rsquo;est maintenant.","author":"dpc","date":"19 juin 2007","format":false,"excerpt":"J'avais pr\u00e9vu tout \u00e0 fait autre chose comme note, mais ceci m'a donn\u00e9 une folle envie d'y faire \u00e9cho comme cela\u00a0: On avait v\u00e9cu une ann\u00e9e 2005 riche en \u00e9motions, avec l'apparition d'un Arcade Fire innovant, la refonte d'un Black Rebel Motorcycle Club \u00e0 maturation, la confirmation de Warlocks toujours\u2026","rel":"","context":"Dans &quot;Pictureless thoughts&quot;","block_context":{"text":"Pictureless thoughts","link":"https:\/\/www.wallendorff.com\/belogue\/category\/pictureless-thoughts\/"},"img":{"alt_text":"","src":"https:\/\/i0.wp.com\/www.wallendorff.com\/belogue\/wp-content\/uploads\/2015\/04\/200706191.jpg?resize=350%2C200&ssl=1","width":350,"height":200},"classes":[]}],"_links":{"self":[{"href":"https:\/\/www.wallendorff.com\/belogue\/wp-json\/wp\/v2\/posts\/22841","targetHints":{"allow":["GET"]}}],"collection":[{"href":"https:\/\/www.wallendorff.com\/belogue\/wp-json\/wp\/v2\/posts"}],"about":[{"href":"https:\/\/www.wallendorff.com\/belogue\/wp-json\/wp\/v2\/types\/post"}],"author":[{"embeddable":true,"href":"https:\/\/www.wallendorff.com\/belogue\/wp-json\/wp\/v2\/users\/1"}],"replies":[{"embeddable":true,"href":"https:\/\/www.wallendorff.com\/belogue\/wp-json\/wp\/v2\/comments?post=22841"}],"version-history":[{"count":9,"href":"https:\/\/www.wallendorff.com\/belogue\/wp-json\/wp\/v2\/posts\/22841\/revisions"}],"predecessor-version":[{"id":22963,"href":"https:\/\/www.wallendorff.com\/belogue\/wp-json\/wp\/v2\/posts\/22841\/revisions\/22963"}],"wp:featuredmedia":[{"embeddable":true,"href":"https:\/\/www.wallendorff.com\/belogue\/wp-json\/wp\/v2\/media\/26779"}],"wp:attachment":[{"href":"https:\/\/www.wallendorff.com\/belogue\/wp-json\/wp\/v2\/media?parent=22841"}],"wp:term":[{"taxonomy":"category","embeddable":true,"href":"https:\/\/www.wallendorff.com\/belogue\/wp-json\/wp\/v2\/categories?post=22841"},{"taxonomy":"post_tag","embeddable":true,"href":"https:\/\/www.wallendorff.com\/belogue\/wp-json\/wp\/v2\/tags?post=22841"}],"curies":[{"name":"wp","href":"https:\/\/api.w.org\/{rel}","templated":true}]}}