{"id":22782,"date":"2014-05-13T12:34:26","date_gmt":"2014-05-13T10:34:26","guid":{"rendered":"http:\/\/www.wallendorff.com\/?p=22782"},"modified":"2018-05-23T08:12:40","modified_gmt":"2018-05-23T06:12:40","slug":"du-chou-dans-la-gamete","status":"publish","type":"post","link":"https:\/\/www.wallendorff.com\/belogue\/2014\/05\/13\/du-chou-dans-la-gamete\/","title":{"rendered":"Du chou dans la gam\u00e8te."},"content":{"rendered":"\n<div id=\"photo\">\n<p><img decoding=\"async\" src=\"https:\/\/www.wallendorff.com\/belogue\/photo\/2014\/05\/20140513.jpg\"><br \/>\nGarden of Remembrance, Dublin, 11 avril.<\/p>\n<\/p><\/div>\n<div id=\"bandeson\">\n<p><img decoding=\"async\" src=\"https:\/\/www.wallendorff.com\/belogue\/photo\/pochettes\/c\/cave_and_the_bad_seeds_nick-live_from_kcrw.jpg\" align=\"left\" \/><a id=\"lienmp3\" style=\"font-weight:normal\" href=\"http:\/\/www.youtube.com\/watch?v=MXcuXZ3m8qw\"><em>Push the Sky Away<\/em> (live from KCRW)<\/a><br \/>\n          <a href=\"http:\/\/www.nickcave.com\/\">Nick Cave and the Bad Seeds<\/a><\/p>\n<\/p><\/div>\n","protected":false},"excerpt":{"rendered":"<p>Garden of Remembrance, Dublin, 11 avril. Push the Sky Away (live from KCRW) Nick Cave and the Bad Seeds<\/p>\n","protected":false},"author":1,"featured_media":26771,"comment_status":"open","ping_status":"open","sticky":false,"template":"","format":"standard","meta":{"_acf_changed":false,"ngg_post_thumbnail":0,"jetpack_post_was_ever_published":false,"_jetpack_newsletter_access":"","_jetpack_dont_email_post_to_subs":false,"_jetpack_newsletter_tier_id":0,"_jetpack_memberships_contains_paywalled_content":false,"_jetpack_memberships_contains_paid_content":false,"footnotes":"","jetpack_publicize_message":"","jetpack_publicize_feature_enabled":true,"jetpack_social_post_already_shared":false,"jetpack_social_options":{"image_generator_settings":{"template":"highway","default_image_id":0,"font":"","enabled":false},"version":2}},"categories":[3],"tags":[2571,8351,11897,10344,10311,8538,8614,10116,10732,10820,4981,143,8615,8271],"class_list":["post-22782","post","type-post","status-publish","format-standard","has-post-thumbnail","hentry","category-dpc","tag-ef-16-35-mm-f28l-ii-usm","tag-eos-6d","tag-comte-de-dublin","tag-croix","tag-dos","tag-dublin","tag-garden-of-remembrance","tag-irlande","tag-memorial","tag-nick-cave","tag-nick-cave-and-the-bad-seeds","tag-noir-et-blanc","tag-parnell-square","tag-push-the-sky-away"],"acf":[],"geo":{"latitude":53.3536797,"longitude":-6.2643905,"description":"18-28 Parnell Square North, Dublin, Irlande"},"jetpack_publicize_connections":[],"jetpack_featured_media_url":"https:\/\/www.wallendorff.com\/belogue\/wp-content\/uploads\/2015\/04\/201405131.jpg","jetpack_shortlink":"https:\/\/wp.me\/p3b35P-5Vs","jetpack_sharing_enabled":true,"jetpack-related-posts":[{"id":20819,"url":"https:\/\/www.wallendorff.com\/belogue\/2013\/04\/30\/into-the-wide-7\/","url_meta":{"origin":22782,"position":0},"title":"Into the wide #7.","author":"dpc","date":"30 avril 2013","format":false,"excerpt":"Saint-Malo, 23 f\u00e9vrier. MermaidsNick Cave & the Bad Seeds","rel":"","context":"Dans &quot;Into the wide&quot;","block_context":{"text":"Into the wide","link":"https:\/\/www.wallendorff.com\/belogue\/category\/into-the-wide\/"},"img":{"alt_text":"","src":"https:\/\/i0.wp.com\/www.wallendorff.com\/belogue\/wp-content\/uploads\/2015\/04\/20130430.jpg?resize=350%2C200&ssl=1","width":350,"height":200,"srcset":"https:\/\/i0.wp.com\/www.wallendorff.com\/belogue\/wp-content\/uploads\/2015\/04\/20130430.jpg?resize=350%2C200&ssl=1 1x, https:\/\/i0.wp.com\/www.wallendorff.com\/belogue\/wp-content\/uploads\/2015\/04\/20130430.jpg?resize=525%2C300&ssl=1 1.5x, https:\/\/i0.wp.com\/www.wallendorff.com\/belogue\/wp-content\/uploads\/2015\/04\/20130430.jpg?resize=700%2C400&ssl=1 2x"},"classes":[]},{"id":22147,"url":"https:\/\/www.wallendorff.com\/belogue\/2013\/12\/10\/into-the-wide-24\/","url_meta":{"origin":22782,"position":1},"title":"Into the wide #24.","author":"dpc","date":"10 d\u00e9cembre 2013","format":false,"excerpt":"Bains des P\u00e0quis, Gen\u00e8ve, 3 novembre. \u00a0 Higgs Boson Blues Nick Cave & the Bad Seeds","rel":"","context":"Dans &quot;Into the wide&quot;","block_context":{"text":"Into the wide","link":"https:\/\/www.wallendorff.com\/belogue\/category\/into-the-wide\/"},"img":{"alt_text":"","src":"https:\/\/i0.wp.com\/www.wallendorff.com\/belogue\/wp-content\/uploads\/2015\/04\/201312101.jpg?resize=350%2C200&ssl=1","width":350,"height":200,"srcset":"https:\/\/i0.wp.com\/www.wallendorff.com\/belogue\/wp-content\/uploads\/2015\/04\/201312101.jpg?resize=350%2C200&ssl=1 1x, https:\/\/i0.wp.com\/www.wallendorff.com\/belogue\/wp-content\/uploads\/2015\/04\/201312101.jpg?resize=525%2C300&ssl=1 1.5x, https:\/\/i0.wp.com\/www.wallendorff.com\/belogue\/wp-content\/uploads\/2015\/04\/201312101.jpg?resize=700%2C400&ssl=1 2x"},"classes":[]},{"id":20527,"url":"https:\/\/www.wallendorff.com\/belogue\/2013\/02\/28\/prise-sur-le-faite\/","url_meta":{"origin":22782,"position":2},"title":"Prise sur le fa\u00eete.","author":"dpc","date":"28 f\u00e9vrier 2013","format":false,"excerpt":"Rue Clauzel, Paris, 13 janvier. Higgs Boson BluesNick Cave & the Bad Seeds","rel":"","context":"Dans &quot;DPC&quot;","block_context":{"text":"DPC","link":"https:\/\/www.wallendorff.com\/belogue\/category\/dpc\/"},"img":{"alt_text":"","src":"https:\/\/i0.wp.com\/www.wallendorff.com\/belogue\/wp-content\/uploads\/2015\/04\/20130228.jpg?resize=350%2C200&ssl=1","width":350,"height":200,"srcset":"https:\/\/i0.wp.com\/www.wallendorff.com\/belogue\/wp-content\/uploads\/2015\/04\/20130228.jpg?resize=350%2C200&ssl=1 1x, https:\/\/i0.wp.com\/www.wallendorff.com\/belogue\/wp-content\/uploads\/2015\/04\/20130228.jpg?resize=525%2C300&ssl=1 1.5x, https:\/\/i0.wp.com\/www.wallendorff.com\/belogue\/wp-content\/uploads\/2015\/04\/20130228.jpg?resize=700%2C400&ssl=1 2x"},"classes":[]},{"id":12922,"url":"https:\/\/www.wallendorff.com\/belogue\/2011\/06\/22\/moires-diguera\/","url_meta":{"origin":22782,"position":3},"title":"Moires diguera.","author":"dpc","date":"22 juin 2011","format":false,"excerpt":"Quai de Valmy, Paris, 19 mai. \u00a0Nick Cave and the Bad Seeds \u2013 Stagger Lee","rel":"","context":"Dans &quot;DPC&quot;","block_context":{"text":"DPC","link":"https:\/\/www.wallendorff.com\/belogue\/category\/dpc\/"},"img":{"alt_text":"","src":"https:\/\/i0.wp.com\/www.wallendorff.com\/belogue\/wp-content\/uploads\/2015\/04\/201106221.jpg?resize=350%2C200&ssl=1","width":350,"height":200},"classes":[]},{"id":32315,"url":"https:\/\/www.wallendorff.com\/belogue\/2016\/09\/22\/into-the-wide-76\/","url_meta":{"origin":22782,"position":4},"title":"Into the wide #76.","author":"dpc","date":"22 septembre 2016","format":false,"excerpt":"Vasabron, Stockholm, 21 juin. Magneto Nick Cave","rel":"","context":"Dans &quot;Into the wide&quot;","block_context":{"text":"Into the wide","link":"https:\/\/www.wallendorff.com\/belogue\/category\/into-the-wide\/"},"img":{"alt_text":"","src":"https:\/\/i0.wp.com\/www.wallendorff.com\/belogue\/wp-content\/uploads\/2016\/09\/20160922.jpg?resize=350%2C200&ssl=1","width":350,"height":200,"srcset":"https:\/\/i0.wp.com\/www.wallendorff.com\/belogue\/wp-content\/uploads\/2016\/09\/20160922.jpg?resize=350%2C200&ssl=1 1x, https:\/\/i0.wp.com\/www.wallendorff.com\/belogue\/wp-content\/uploads\/2016\/09\/20160922.jpg?resize=525%2C300&ssl=1 1.5x, https:\/\/i0.wp.com\/www.wallendorff.com\/belogue\/wp-content\/uploads\/2016\/09\/20160922.jpg?resize=700%2C400&ssl=1 2x"},"classes":[]},{"id":17388,"url":"https:\/\/www.wallendorff.com\/belogue\/2012\/05\/24\/984-days-of-night\/","url_meta":{"origin":22782,"position":5},"title":"984 days of night.","author":"dpc","date":"24 mai 2012","format":false,"excerpt":"Rue Tourlaque, Paris, 6 avril. Amanda Palmer \u2013 The Ship Song (Nick Cave and the Bad Seeds cover) [youtube]http:\/\/www.youtube.com\/watch?v=ynIWC3vRZW4[\/youtube]","rel":"","context":"Dans &quot;DPC&quot;","block_context":{"text":"DPC","link":"https:\/\/www.wallendorff.com\/belogue\/category\/dpc\/"},"img":{"alt_text":"","src":"https:\/\/i0.wp.com\/www.wallendorff.com\/belogue\/wp-content\/uploads\/2015\/04\/201205241.jpg?resize=350%2C200&ssl=1","width":350,"height":200},"classes":[]}],"_links":{"self":[{"href":"https:\/\/www.wallendorff.com\/belogue\/wp-json\/wp\/v2\/posts\/22782","targetHints":{"allow":["GET"]}}],"collection":[{"href":"https:\/\/www.wallendorff.com\/belogue\/wp-json\/wp\/v2\/posts"}],"about":[{"href":"https:\/\/www.wallendorff.com\/belogue\/wp-json\/wp\/v2\/types\/post"}],"author":[{"embeddable":true,"href":"https:\/\/www.wallendorff.com\/belogue\/wp-json\/wp\/v2\/users\/1"}],"replies":[{"embeddable":true,"href":"https:\/\/www.wallendorff.com\/belogue\/wp-json\/wp\/v2\/comments?post=22782"}],"version-history":[{"count":2,"href":"https:\/\/www.wallendorff.com\/belogue\/wp-json\/wp\/v2\/posts\/22782\/revisions"}],"predecessor-version":[{"id":22786,"href":"https:\/\/www.wallendorff.com\/belogue\/wp-json\/wp\/v2\/posts\/22782\/revisions\/22786"}],"wp:featuredmedia":[{"embeddable":true,"href":"https:\/\/www.wallendorff.com\/belogue\/wp-json\/wp\/v2\/media\/26771"}],"wp:attachment":[{"href":"https:\/\/www.wallendorff.com\/belogue\/wp-json\/wp\/v2\/media?parent=22782"}],"wp:term":[{"taxonomy":"category","embeddable":true,"href":"https:\/\/www.wallendorff.com\/belogue\/wp-json\/wp\/v2\/categories?post=22782"},{"taxonomy":"post_tag","embeddable":true,"href":"https:\/\/www.wallendorff.com\/belogue\/wp-json\/wp\/v2\/tags?post=22782"}],"curies":[{"name":"wp","href":"https:\/\/api.w.org\/{rel}","templated":true}]}}