{"id":22765,"date":"2014-05-06T12:25:34","date_gmt":"2014-05-06T10:25:34","guid":{"rendered":"http:\/\/www.wallendorff.com\/?p=22765"},"modified":"2018-05-23T08:12:40","modified_gmt":"2018-05-23T06:12:40","slug":"marre-ca-taxe","status":"publish","type":"post","link":"https:\/\/www.wallendorff.com\/belogue\/2014\/05\/06\/marre-ca-taxe\/","title":{"rendered":"Marre. \u00c7a taxe."},"content":{"rendered":"\n<div id=\"photo\">\n<p><img decoding=\"async\" src=\"https:\/\/www.wallendorff.com\/belogue\/photo\/2014\/05\/20140506.jpg\"><br \/>\nPoste Centrale de Dublin, 11 avril.<\/p>\n<\/p><\/div>\n<p style=\"text-align:right\">Ce qui constitue donc le deuxi&egrave;me &eacute;pisode de ma s&eacute;rie &laquo;&nbsp;plafonds et lustres de postes centrales &agrave; travers le monde&nbsp;&raquo;, 8 ans &agrave; peine apr&egrave;s <a href=\"https:\/\/www.wallendorff.com\/belogue\/2006\/03\/05\/c-pas-sin-vedder\/\">le premier<\/a>. Ne manquez pas la suite en 2022.<\/p>\n<div id=\"bandeson\">\n<p><img decoding=\"async\" src=\"https:\/\/www.wallendorff.com\/belogue\/photo\/pochettes\/j\/jagwar_ma-howlin.jpg\" align=\"left\" \/><a id=\"lienmp3\" style=\"font-weight:normal\" href=\"http:\/\/www.youtube.com\/watch?v=ZZ2bRAkV9yE\"><em>Exercise<\/em><\/a><br \/>\n          <a href=\"http:\/\/www.jagwarma.com\/\">Jagwar Ma<\/a><\/p>\n<\/p><\/div>\n","protected":false},"excerpt":{"rendered":"<p>Poste Centrale de Dublin, 11 avril. Ce qui constitue donc le deuxi&egrave;me &eacute;pisode de ma s&eacute;rie &laquo;&nbsp;plafonds et lustres de postes centrales &agrave; travers le monde&nbsp;&raquo;, 8 ans &agrave; peine apr&egrave;s le premier. Ne manquez pas la suite en 2022. Exercise Jagwar Ma<\/p>\n","protected":false},"author":1,"featured_media":26768,"comment_status":"open","ping_status":"open","sticky":false,"template":"","format":"standard","meta":{"_acf_changed":false,"ngg_post_thumbnail":0,"jetpack_post_was_ever_published":false,"_jetpack_newsletter_access":"","_jetpack_dont_email_post_to_subs":false,"_jetpack_newsletter_tier_id":0,"_jetpack_memberships_contains_paywalled_content":false,"_jetpack_memberships_contains_paid_content":false,"footnotes":"","jetpack_publicize_message":"","jetpack_publicize_feature_enabled":true,"jetpack_social_post_already_shared":false,"jetpack_social_options":{"image_generator_settings":{"template":"highway","default_image_id":0,"font":"","enabled":false},"version":2}},"categories":[3],"tags":[2571,8351,11897,8538,8543,10116,11626,11898,10684,143,10377,1101,8542],"class_list":["post-22765","post","type-post","status-publish","format-standard","has-post-thumbnail","hentry","category-dpc","tag-ef-16-35-mm-f28l-ii-usm","tag-eos-6d","tag-comte-de-dublin","tag-dublin","tag-exercise","tag-irlande","tag-jagwar-ma","tag-leinster","tag-lustre","tag-noir-et-blanc","tag-plafond","tag-poste","tag-poste-centrale-de-dublin"],"acf":[],"geo":{"latitude":53.3493729,"longitude":-6.2605333,"description":"O'Connell Street Lower, Dublin, Irlande"},"jetpack_publicize_connections":[],"jetpack_featured_media_url":"https:\/\/www.wallendorff.com\/belogue\/wp-content\/uploads\/2015\/04\/201405061.jpg","jetpack_shortlink":"https:\/\/wp.me\/p3b35P-5Vb","jetpack_sharing_enabled":true,"jetpack-related-posts":[{"id":21485,"url":"https:\/\/www.wallendorff.com\/belogue\/2013\/08\/24\/et-pendant-ce-temps-a-rock-en-seine-14\/","url_meta":{"origin":22765,"position":0},"title":"Et pendant ce temps, \u00e0 Rock en Seine.","author":"dpc","date":"24 ao\u00fbt 2013","format":false,"excerpt":"Tout baigne. Man I NeedJagwar Ma","rel":"","context":"Dans &quot;DPC&quot;","block_context":{"text":"DPC","link":"https:\/\/www.wallendorff.com\/belogue\/category\/dpc\/"},"img":{"alt_text":"","src":"https:\/\/i0.wp.com\/www.wallendorff.com\/belogue\/wp-content\/uploads\/2015\/04\/201308241.jpg?resize=350%2C200&ssl=1","width":350,"height":200,"srcset":"https:\/\/i0.wp.com\/www.wallendorff.com\/belogue\/wp-content\/uploads\/2015\/04\/201308241.jpg?resize=350%2C200&ssl=1 1x, https:\/\/i0.wp.com\/www.wallendorff.com\/belogue\/wp-content\/uploads\/2015\/04\/201308241.jpg?resize=525%2C300&ssl=1 1.5x, https:\/\/i0.wp.com\/www.wallendorff.com\/belogue\/wp-content\/uploads\/2015\/04\/201308241.jpg?resize=700%2C400&ssl=1 2x"},"classes":[]},{"id":33021,"url":"https:\/\/www.wallendorff.com\/belogue\/2016\/11\/21\/festival-des-inrocks-2016-jour-2\/","url_meta":{"origin":22765,"position":1},"title":"Festival des Inrocks 2016, jour 2.","author":"dpc","date":"21 novembre 2016","format":false,"excerpt":"Keep Dancing Inc RAT BOY Jagwar Ma","rel":"","context":"Dans &quot;Alive&quot;","block_context":{"text":"Alive","link":"https:\/\/www.wallendorff.com\/belogue\/category\/alive\/"},"img":{"alt_text":"","src":"https:\/\/i0.wp.com\/www.wallendorff.com\/belogue\/wp-content\/uploads\/2016\/11\/20161120-24-1.jpg?resize=350%2C200&ssl=1","width":350,"height":200,"srcset":"https:\/\/i0.wp.com\/www.wallendorff.com\/belogue\/wp-content\/uploads\/2016\/11\/20161120-24-1.jpg?resize=350%2C200&ssl=1 1x, https:\/\/i0.wp.com\/www.wallendorff.com\/belogue\/wp-content\/uploads\/2016\/11\/20161120-24-1.jpg?resize=525%2C300&ssl=1 1.5x, https:\/\/i0.wp.com\/www.wallendorff.com\/belogue\/wp-content\/uploads\/2016\/11\/20161120-24-1.jpg?resize=700%2C400&ssl=1 2x"},"classes":[]},{"id":34,"url":"https:\/\/www.wallendorff.com\/belogue\/2006\/07\/13\/tante-entend-temps-t-en-tentant-tant\/","url_meta":{"origin":22765,"position":2},"title":"Tante entend temps, t&rsquo;en tentant tant.","author":"dpc","date":"13 juillet 2006","format":false,"excerpt":"Poste du Louvre, Paris, 12 juillet. \u00a0Sonic Youth \u2013 Incinerate","rel":"","context":"Dans &quot;DPC&quot;","block_context":{"text":"DPC","link":"https:\/\/www.wallendorff.com\/belogue\/category\/dpc\/"},"img":{"alt_text":"","src":"https:\/\/i0.wp.com\/www.wallendorff.com\/belogue\/wp-content\/uploads\/2015\/04\/200607131.jpg?resize=350%2C200&ssl=1","width":350,"height":200},"classes":[]},{"id":777,"url":"https:\/\/www.wallendorff.com\/belogue\/2006\/08\/31\/c-pas-sin-vedder-2\/","url_meta":{"origin":22765,"position":3},"title":"C&rsquo;pas sin Vedder #2\u00b9.","author":"dpc","date":"31 ao\u00fbt 2006","format":false,"excerpt":"Poste du Louvre, Paris, 29 ao\u00fbt. Un avion d\u00e9colle, La f\u00eate est moins folle. \u00a0Snow Patrol \u2013 Somewhere a Clock Is Ticking _____ 1Le n\u00b01 c'\u00e9tait l\u00e0.","rel":"","context":"Dans &quot;DPC&quot;","block_context":{"text":"DPC","link":"https:\/\/www.wallendorff.com\/belogue\/category\/dpc\/"},"img":{"alt_text":"","src":"https:\/\/i0.wp.com\/www.wallendorff.com\/belogue\/wp-content\/uploads\/2015\/04\/200608311.jpg?resize=350%2C200&ssl=1","width":350,"height":200},"classes":[]},{"id":93,"url":"https:\/\/www.wallendorff.com\/belogue\/2006\/03\/05\/c-pas-sin-vedder\/","url_meta":{"origin":22765,"position":4},"title":"C&rsquo;pas sin Vedder\u00b9.","author":"dpc","date":"5 mars 2006","format":false,"excerpt":"Poste du Louvre, Paris, 20 f\u00e9vrier, 23h01. \u00catre rock en 2006, c'est rentrer du concert d'Hard Fi et trouver dans sa bo\u00eete mail ch\u00e9rie gr\u00e2ce \u00e0 un ami qui me veut du bien un enregistrement de la premi\u00e8re mondiale en radio du nouveau single de Pearl Jam, propos\u00e9 en t\u00e9l\u00e9chargement\u2026","rel":"","context":"Dans &quot;DPC&quot;","block_context":{"text":"DPC","link":"https:\/\/www.wallendorff.com\/belogue\/category\/dpc\/"},"img":{"alt_text":"","src":"https:\/\/i0.wp.com\/www.wallendorff.com\/belogue\/wp-content\/uploads\/2015\/04\/200603051.jpg?resize=350%2C200&ssl=1","width":350,"height":200},"classes":[]},{"id":33755,"url":"https:\/\/www.wallendorff.com\/belogue\/2017\/03\/27\/shooting-people-137\/","url_meta":{"origin":22765,"position":5},"title":"Shooting people #137.","author":"dpc","date":"27 mars 2017","format":false,"excerpt":"La Cantine de la Cigale, Paris, 19 novembre 2016. Portraits illustrant l\u2019interview par No\u00e9mie Lambert \u00e0 lire chez Soul Kitchen.","rel":"","context":"Dans &quot;Portraits&quot;","block_context":{"text":"Portraits","link":"https:\/\/www.wallendorff.com\/belogue\/category\/portraits\/"},"img":{"alt_text":"","src":"https:\/\/i0.wp.com\/www.wallendorff.com\/belogue\/wp-content\/uploads\/2017\/03\/20170327-03.jpg?resize=350%2C200&ssl=1","width":350,"height":200,"srcset":"https:\/\/i0.wp.com\/www.wallendorff.com\/belogue\/wp-content\/uploads\/2017\/03\/20170327-03.jpg?resize=350%2C200&ssl=1 1x, https:\/\/i0.wp.com\/www.wallendorff.com\/belogue\/wp-content\/uploads\/2017\/03\/20170327-03.jpg?resize=525%2C300&ssl=1 1.5x, https:\/\/i0.wp.com\/www.wallendorff.com\/belogue\/wp-content\/uploads\/2017\/03\/20170327-03.jpg?resize=700%2C400&ssl=1 2x"},"classes":[]}],"_links":{"self":[{"href":"https:\/\/www.wallendorff.com\/belogue\/wp-json\/wp\/v2\/posts\/22765","targetHints":{"allow":["GET"]}}],"collection":[{"href":"https:\/\/www.wallendorff.com\/belogue\/wp-json\/wp\/v2\/posts"}],"about":[{"href":"https:\/\/www.wallendorff.com\/belogue\/wp-json\/wp\/v2\/types\/post"}],"author":[{"embeddable":true,"href":"https:\/\/www.wallendorff.com\/belogue\/wp-json\/wp\/v2\/users\/1"}],"replies":[{"embeddable":true,"href":"https:\/\/www.wallendorff.com\/belogue\/wp-json\/wp\/v2\/comments?post=22765"}],"version-history":[{"count":1,"href":"https:\/\/www.wallendorff.com\/belogue\/wp-json\/wp\/v2\/posts\/22765\/revisions"}],"predecessor-version":[{"id":22767,"href":"https:\/\/www.wallendorff.com\/belogue\/wp-json\/wp\/v2\/posts\/22765\/revisions\/22767"}],"wp:featuredmedia":[{"embeddable":true,"href":"https:\/\/www.wallendorff.com\/belogue\/wp-json\/wp\/v2\/media\/26768"}],"wp:attachment":[{"href":"https:\/\/www.wallendorff.com\/belogue\/wp-json\/wp\/v2\/media?parent=22765"}],"wp:term":[{"taxonomy":"category","embeddable":true,"href":"https:\/\/www.wallendorff.com\/belogue\/wp-json\/wp\/v2\/categories?post=22765"},{"taxonomy":"post_tag","embeddable":true,"href":"https:\/\/www.wallendorff.com\/belogue\/wp-json\/wp\/v2\/tags?post=22765"}],"curies":[{"name":"wp","href":"https:\/\/api.w.org\/{rel}","templated":true}]}}