{"id":22756,"date":"2014-04-30T14:23:32","date_gmt":"2014-04-30T12:23:32","guid":{"rendered":"http:\/\/www.wallendorff.com\/?p=22756"},"modified":"2014-04-30T14:23:32","modified_gmt":"2014-04-30T12:23:32","slug":"phare-et-huit-lames","status":"publish","type":"post","link":"https:\/\/www.wallendorff.com\/belogue\/2014\/04\/30\/phare-et-huit-lames\/","title":{"rendered":"Phare et huit lames."},"content":{"rendered":"\n<div id=\"photo\">\n<p><img decoding=\"async\" src=\"https:\/\/www.wallendorff.com\/belogue\/photo\/2014\/04\/20140430.jpg\"><br \/>\nHowth Head, 11 avril.<\/p>\n<\/p><\/div>\n<div id=\"bandeson\">\n<p><img decoding=\"async\" src=\"https:\/\/www.wallendorff.com\/belogue\/photo\/pochettes\/h\/horrors_the-skying.jpg\" align=\"left\" \/><a id=\"lienmp3\" style=\"font-weight:normal\" href=\"http:\/\/www.youtube.com\/watch?v=sJQk0jDZx8o&#038;feature=kp\"><em>Still Life<\/em><\/a><br \/>\n          <a href=\"http:\/\/www.thehorrors.co.uk\/\">The Horrors<\/a><\/p>\n<\/p><\/div>\n","protected":false},"excerpt":{"rendered":"<p>Howth Head, 11 avril. Still Life The Horrors<\/p>\n","protected":false},"author":1,"featured_media":26762,"comment_status":"open","ping_status":"open","sticky":false,"template":"","format":"standard","meta":{"_acf_changed":false,"ngg_post_thumbnail":0,"jetpack_post_was_ever_published":false,"_jetpack_newsletter_access":"","_jetpack_dont_email_post_to_subs":false,"_jetpack_newsletter_tier_id":0,"_jetpack_memberships_contains_paywalled_content":false,"_jetpack_memberships_contains_paid_content":false,"footnotes":"","jetpack_publicize_message":"","jetpack_publicize_feature_enabled":true,"jetpack_social_post_already_shared":false,"jetpack_social_options":{"image_generator_settings":{"template":"highway","default_image_id":0,"font":"","enabled":false},"version":2}},"categories":[3],"tags":[8532,8533,8351,11897,10484,8535,10116,11898,10483,11899,10817,170,5108,10578],"class_list":["post-22756","post","type-post","status-publish","format-standard","has-post-thumbnail","hentry","category-dpc","tag-baily","tag-baily-lighthouse","tag-eos-6d","tag-comte-de-dublin","tag-eau","tag-howth-head","tag-irlande","tag-leinster","tag-mer","tag-mer-dirlande","tag-phare","tag-sigma-70-300-mm-f4-56-dg-apo-macro","tag-still-life","tag-the-horrors"],"acf":[],"geo":{"latitude":53.3643341,"longitude":-6.0510635,"description":"Unnamed Road, Dublin, Irlande"},"jetpack_publicize_connections":[],"jetpack_featured_media_url":"https:\/\/www.wallendorff.com\/belogue\/wp-content\/uploads\/2015\/04\/201404301.jpg","jetpack_shortlink":"https:\/\/wp.me\/p3b35P-5V2","jetpack_sharing_enabled":true,"jetpack-related-posts":[{"id":131047,"url":"https:\/\/www.wallendorff.com\/belogue\/2024\/11\/07\/siege-28f\/","url_meta":{"origin":22756,"position":0},"title":"Si\u00e8ge 28F.","author":"dpc","date":"7 novembre 2024","format":false,"excerpt":"Vol AF1817, 23 juin 2024.","rel":"","context":"Dans &quot;DPC&quot;","block_context":{"text":"DPC","link":"https:\/\/www.wallendorff.com\/belogue\/category\/dpc\/"},"img":{"alt_text":"","src":"https:\/\/i0.wp.com\/www.wallendorff.com\/belogue\/wp-content\/uploads\/2024\/11\/20241107-04.jpg?resize=350%2C200&ssl=1","width":350,"height":200,"srcset":"https:\/\/i0.wp.com\/www.wallendorff.com\/belogue\/wp-content\/uploads\/2024\/11\/20241107-04.jpg?resize=350%2C200&ssl=1 1x, https:\/\/i0.wp.com\/www.wallendorff.com\/belogue\/wp-content\/uploads\/2024\/11\/20241107-04.jpg?resize=525%2C300&ssl=1 1.5x, https:\/\/i0.wp.com\/www.wallendorff.com\/belogue\/wp-content\/uploads\/2024\/11\/20241107-04.jpg?resize=700%2C400&ssl=1 2x, https:\/\/i0.wp.com\/www.wallendorff.com\/belogue\/wp-content\/uploads\/2024\/11\/20241107-04.jpg?resize=1050%2C600&ssl=1 3x"},"classes":[]},{"id":50127,"url":"https:\/\/www.wallendorff.com\/belogue\/2021\/12\/05\/dublin-by-day\/","url_meta":{"origin":22756,"position":1},"title":"Dublin by day","author":"dpc","date":"5 d\u00e9cembre 2021","format":false,"excerpt":"","rel":"","context":"Dans &quot;DPC&quot;","block_context":{"text":"DPC","link":"https:\/\/www.wallendorff.com\/belogue\/category\/dpc\/"},"img":{"alt_text":"","src":"https:\/\/i0.wp.com\/www.wallendorff.com\/belogue\/wp-content\/uploads\/2021\/12\/20211205-19.jpg?resize=350%2C200&ssl=1","width":350,"height":200,"srcset":"https:\/\/i0.wp.com\/www.wallendorff.com\/belogue\/wp-content\/uploads\/2021\/12\/20211205-19.jpg?resize=350%2C200&ssl=1 1x, https:\/\/i0.wp.com\/www.wallendorff.com\/belogue\/wp-content\/uploads\/2021\/12\/20211205-19.jpg?resize=525%2C300&ssl=1 1.5x, https:\/\/i0.wp.com\/www.wallendorff.com\/belogue\/wp-content\/uploads\/2021\/12\/20211205-19.jpg?resize=700%2C400&ssl=1 2x, https:\/\/i0.wp.com\/www.wallendorff.com\/belogue\/wp-content\/uploads\/2021\/12\/20211205-19.jpg?resize=1050%2C600&ssl=1 3x"},"classes":[]},{"id":41728,"url":"https:\/\/www.wallendorff.com\/belogue\/2019\/04\/29\/du-phare-au-matin\/","url_meta":{"origin":22756,"position":2},"title":"Du phare (au matin).","author":"dpc","date":"29 avril 2019","format":false,"excerpt":"Bod\u00f8, 2 mars 2019. Hang Me High Crows","rel":"","context":"Dans &quot;DPC&quot;","block_context":{"text":"DPC","link":"https:\/\/www.wallendorff.com\/belogue\/category\/dpc\/"},"img":{"alt_text":"Bod\u00f8, 2 mars 2019.","src":"https:\/\/i0.wp.com\/www.wallendorff.com\/belogue\/wp-content\/uploads\/2019\/04\/20190429.jpg?resize=350%2C200&ssl=1","width":350,"height":200,"srcset":"https:\/\/i0.wp.com\/www.wallendorff.com\/belogue\/wp-content\/uploads\/2019\/04\/20190429.jpg?resize=350%2C200&ssl=1 1x, https:\/\/i0.wp.com\/www.wallendorff.com\/belogue\/wp-content\/uploads\/2019\/04\/20190429.jpg?resize=525%2C300&ssl=1 1.5x, https:\/\/i0.wp.com\/www.wallendorff.com\/belogue\/wp-content\/uploads\/2019\/04\/20190429.jpg?resize=700%2C400&ssl=1 2x, https:\/\/i0.wp.com\/www.wallendorff.com\/belogue\/wp-content\/uploads\/2019\/04\/20190429.jpg?resize=1050%2C600&ssl=1 3x"},"classes":[]},{"id":20816,"url":"https:\/\/www.wallendorff.com\/belogue\/2013\/04\/29\/phare-ouest-2\/","url_meta":{"origin":22756,"position":3},"title":"Phare ouest.","author":"dpc","date":"29 avril 2013","format":false,"excerpt":"Saint-Malo, 23 f\u00e9vrier. Wedding SongYeah Yeah Yeahs","rel":"","context":"Dans &quot;DPC&quot;","block_context":{"text":"DPC","link":"https:\/\/www.wallendorff.com\/belogue\/category\/dpc\/"},"img":{"alt_text":"","src":"https:\/\/i0.wp.com\/www.wallendorff.com\/belogue\/wp-content\/uploads\/2015\/04\/20130429.jpg?resize=350%2C200&ssl=1","width":350,"height":200,"srcset":"https:\/\/i0.wp.com\/www.wallendorff.com\/belogue\/wp-content\/uploads\/2015\/04\/20130429.jpg?resize=350%2C200&ssl=1 1x, https:\/\/i0.wp.com\/www.wallendorff.com\/belogue\/wp-content\/uploads\/2015\/04\/20130429.jpg?resize=525%2C300&ssl=1 1.5x, https:\/\/i0.wp.com\/www.wallendorff.com\/belogue\/wp-content\/uploads\/2015\/04\/20130429.jpg?resize=700%2C400&ssl=1 2x"},"classes":[]},{"id":12096,"url":"https:\/\/www.wallendorff.com\/belogue\/2011\/01\/27\/phare-a-facettes\/","url_meta":{"origin":22756,"position":4},"title":"Phare \u00e0 facettes.","author":"dpc","date":"27 janvier 2011","format":false,"excerpt":"Plan\u00e8te Mars, Paris, 19 d\u00e9cembre 2010. \u00a0Bonobo \u2013 We Could Forever","rel":"","context":"Dans &quot;DPC&quot;","block_context":{"text":"DPC","link":"https:\/\/www.wallendorff.com\/belogue\/category\/dpc\/"},"img":{"alt_text":"","src":"https:\/\/i0.wp.com\/www.wallendorff.com\/belogue\/wp-content\/uploads\/2015\/04\/201101271.jpg?resize=350%2C200&ssl=1","width":350,"height":200},"classes":[]},{"id":13290,"url":"https:\/\/www.wallendorff.com\/belogue\/2011\/09\/20\/phare-y-tasse1\/","url_meta":{"origin":22756,"position":5},"title":"Phare, y tasse1.","author":"dpc","date":"20 septembre 2011","format":false,"excerpt":"Penfret, 6 ao\u00fbt. ... Ou Guiriden, 6 ao\u00fbt, peut-\u00eatre, parce que s'il s'agit bien d'une photo de Penfret, elle a \u00e9t\u00e9 prise de Guiriden. Ce qui nous plonge dans le m\u00eame d\u00e9bat cosmique que l'ann\u00e9e derni\u00e8re avec la pointe du Van et la pointe du Raz [mais avec pas le\u2026","rel":"","context":"Dans &quot;DPC&quot;","block_context":{"text":"DPC","link":"https:\/\/www.wallendorff.com\/belogue\/category\/dpc\/"},"img":{"alt_text":"","src":"https:\/\/i0.wp.com\/www.wallendorff.com\/belogue\/wp-content\/uploads\/2015\/04\/201109201.jpg?resize=350%2C200&ssl=1","width":350,"height":200},"classes":[]}],"_links":{"self":[{"href":"https:\/\/www.wallendorff.com\/belogue\/wp-json\/wp\/v2\/posts\/22756","targetHints":{"allow":["GET"]}}],"collection":[{"href":"https:\/\/www.wallendorff.com\/belogue\/wp-json\/wp\/v2\/posts"}],"about":[{"href":"https:\/\/www.wallendorff.com\/belogue\/wp-json\/wp\/v2\/types\/post"}],"author":[{"embeddable":true,"href":"https:\/\/www.wallendorff.com\/belogue\/wp-json\/wp\/v2\/users\/1"}],"replies":[{"embeddable":true,"href":"https:\/\/www.wallendorff.com\/belogue\/wp-json\/wp\/v2\/comments?post=22756"}],"version-history":[{"count":2,"href":"https:\/\/www.wallendorff.com\/belogue\/wp-json\/wp\/v2\/posts\/22756\/revisions"}],"predecessor-version":[{"id":22758,"href":"https:\/\/www.wallendorff.com\/belogue\/wp-json\/wp\/v2\/posts\/22756\/revisions\/22758"}],"wp:featuredmedia":[{"embeddable":true,"href":"https:\/\/www.wallendorff.com\/belogue\/wp-json\/wp\/v2\/media\/26762"}],"wp:attachment":[{"href":"https:\/\/www.wallendorff.com\/belogue\/wp-json\/wp\/v2\/media?parent=22756"}],"wp:term":[{"taxonomy":"category","embeddable":true,"href":"https:\/\/www.wallendorff.com\/belogue\/wp-json\/wp\/v2\/categories?post=22756"},{"taxonomy":"post_tag","embeddable":true,"href":"https:\/\/www.wallendorff.com\/belogue\/wp-json\/wp\/v2\/tags?post=22756"}],"curies":[{"name":"wp","href":"https:\/\/api.w.org\/{rel}","templated":true}]}}