{"id":22733,"date":"2014-04-23T11:40:28","date_gmt":"2014-04-23T09:40:28","guid":{"rendered":"http:\/\/www.wallendorff.com\/?p=22733"},"modified":"2018-05-23T08:12:40","modified_gmt":"2018-05-23T06:12:40","slug":"kaiser-chiefs-la-fleche-dor-paris","status":"publish","type":"post","link":"https:\/\/www.wallendorff.com\/belogue\/2014\/04\/23\/kaiser-chiefs-la-fleche-dor-paris\/","title":{"rendered":"Kaiser Chiefs @ la Fl\u00e8che d&rsquo;Or, Paris."},"content":{"rendered":"\n<div id=\"photo\">\n<p><img decoding=\"async\" src=\"https:\/\/www.wallendorff.com\/belogue\/photo\/2014\/04\/20140423.jpg\"><br \/>\nFor&ecirc;t d&rsquo;Hargnies, 24 mars.<\/p>\n<\/p><\/div>\n<p style=\"text-align:right\">3 titres sans flash et pas une seconde de plus. Mais &ccedil;a valait le d&eacute;placement.<\/p>\n<div id=\"bandeson\">\n<p><img decoding=\"async\" src=\"https:\/\/www.wallendorff.com\/belogue\/photo\/pochettes\/k\/kaiser_chiefs-education_education_education_and_war.jpg\" align=\"left\" \/><a id=\"lienmp3\" style=\"font-weight:normal\" href=\"http:\/\/www.youtube.com\/watch?v=frsy9vx34WE\"><em>One More Last Song<\/em><\/a><br \/>\n          <a href=\"http:\/\/www.kaiserchiefs.co.uk\">Kaiser Chiefs<\/a><\/p>\n<\/p><\/div>ngg_shortcode_0_placeholder<p>&nbsp;<\/p>\n","protected":false},"excerpt":{"rendered":"<p>For&ecirc;t d&rsquo;Hargnies, 24 mars. 3 titres sans flash et pas une seconde de plus. Mais &ccedil;a valait le d&eacute;placement. One More Last Song Kaiser Chiefs &nbsp;<\/p>\n","protected":false},"author":1,"featured_media":26763,"comment_status":"open","ping_status":"open","sticky":false,"template":"","format":"standard","meta":{"_acf_changed":false,"ngg_post_thumbnail":0,"jetpack_post_was_ever_published":false,"_jetpack_newsletter_access":"","_jetpack_dont_email_post_to_subs":false,"_jetpack_newsletter_tier_id":0,"_jetpack_memberships_contains_paywalled_content":false,"_jetpack_memberships_contains_paid_content":false,"footnotes":"","jetpack_publicize_message":"","jetpack_publicize_feature_enabled":true,"jetpack_social_post_already_shared":false,"jetpack_social_options":{"image_generator_settings":{"template":"highway","default_image_id":0,"font":"","enabled":false},"version":2}},"categories":[7],"tags":[11810,10216,10084,2571,8170,6766,8351,10120,10121,10497,10374,8527,10098,10451,8243],"class_list":["post-22733","post","type-post","status-publish","format-standard","has-post-thumbnail","hentry","category-alive","tag-11810","tag-10216","tag-alive","tag-ef-16-35-mm-f28l-ii-usm","tag-ef-24-70-mm-f2-8l-ii-usm","tag-eos-5d-mark-iii","tag-eos-6d","tag-france","tag-ile-de-france","tag-kaiser-chiefs","tag-la-fleche-dor","tag-one-more-last-song","tag-paris","tag-rue-de-bagnolet","tag-sigma-15-mm-f2-8-ex-dg-diagonal-fish-eye"],"acf":[],"geo":{"latitude":48.8594246,"longitude":2.4029884,"description":"94-104 Rue de Bagnolet, 75020 Paris, France"},"jetpack_publicize_connections":[],"jetpack_featured_media_url":"https:\/\/www.wallendorff.com\/belogue\/wp-content\/uploads\/2015\/04\/201404231.jpg","jetpack_shortlink":"https:\/\/wp.me\/p3b35P-5UF","jetpack_sharing_enabled":true,"jetpack-related-posts":[{"id":27116,"url":"https:\/\/www.wallendorff.com\/belogue\/2015\/04\/22\/circa-waves-la-fleche-dor-paris\/","url_meta":{"origin":22733,"position":0},"title":"Circa Waves @ la Fl\u00e8che d&rsquo;Or, Paris.","author":"dpc","date":"22 avril 2015","format":false,"excerpt":"T-Shirt Weather Circa Waves","rel":"","context":"Dans &quot;Alive&quot;","block_context":{"text":"Alive","link":"https:\/\/www.wallendorff.com\/belogue\/category\/alive\/"},"img":{"alt_text":"","src":"https:\/\/i0.wp.com\/www.wallendorff.com\/belogue\/wp-content\/uploads\/2015\/04\/20150422.jpg?resize=350%2C200&ssl=1","width":350,"height":200,"srcset":"https:\/\/i0.wp.com\/www.wallendorff.com\/belogue\/wp-content\/uploads\/2015\/04\/20150422.jpg?resize=350%2C200&ssl=1 1x, https:\/\/i0.wp.com\/www.wallendorff.com\/belogue\/wp-content\/uploads\/2015\/04\/20150422.jpg?resize=525%2C300&ssl=1 1.5x, https:\/\/i0.wp.com\/www.wallendorff.com\/belogue\/wp-content\/uploads\/2015\/04\/20150422.jpg?resize=700%2C400&ssl=1 2x"},"classes":[]},{"id":23866,"url":"https:\/\/www.wallendorff.com\/belogue\/2015\/02\/19\/balinger-3somesisters-la-fleche-dor-paris-16-fevrier\/","url_meta":{"origin":22733,"position":1},"title":"Balinger + 3sOmEsiStERs @ la Fl\u00e8che d&rsquo;Or, Paris, 16 f\u00e9vrier.","author":"dpc","date":"19 f\u00e9vrier 2015","format":false,"excerpt":"3sOmEsiStERs Balinger \u00a0","rel":"","context":"Dans &quot;Alive&quot;","block_context":{"text":"Alive","link":"https:\/\/www.wallendorff.com\/belogue\/category\/alive\/"},"img":{"alt_text":"","src":"https:\/\/i0.wp.com\/www.wallendorff.com\/belogue\/wp-content\/uploads\/2015\/04\/201502201.jpg?resize=350%2C200&ssl=1","width":350,"height":200,"srcset":"https:\/\/i0.wp.com\/www.wallendorff.com\/belogue\/wp-content\/uploads\/2015\/04\/201502201.jpg?resize=350%2C200&ssl=1 1x, https:\/\/i0.wp.com\/www.wallendorff.com\/belogue\/wp-content\/uploads\/2015\/04\/201502201.jpg?resize=525%2C300&ssl=1 1.5x, https:\/\/i0.wp.com\/www.wallendorff.com\/belogue\/wp-content\/uploads\/2015\/04\/201502201.jpg?resize=700%2C400&ssl=1 2x"},"classes":[]},{"id":9653,"url":"https:\/\/www.wallendorff.com\/belogue\/2010\/10\/13\/shooting-people-72-73\/","url_meta":{"origin":22733,"position":2},"title":"Shooting people #72, 73.","author":"dpc","date":"13 octobre 2010","format":false,"excerpt":"Je n'aime pas du tout l'ombre qui cache la moiti\u00e9 du visage de Dan Haggis sur la seconde, mais je la publie quand m\u00eame. \u00c7a doit \u00eatre une forme de masochisme. Ah et en bonus exclusif pour mes trois lecteurs, la note d'aujourd'hui contient m\u00eame une section m\u00e9quinofe\u00a0: M\u00e9quinofe par\u2026","rel":"","context":"Dans &quot;Portraits&quot;","block_context":{"text":"Portraits","link":"https:\/\/www.wallendorff.com\/belogue\/category\/portraits\/"},"img":{"alt_text":"","src":"https:\/\/i0.wp.com\/www.wallendorff.com\/belogue\/wp-content\/uploads\/2015\/04\/20101013-011.jpg?resize=350%2C200&ssl=1","width":350,"height":200,"srcset":"https:\/\/i0.wp.com\/www.wallendorff.com\/belogue\/wp-content\/uploads\/2015\/04\/20101013-011.jpg?resize=350%2C200&ssl=1 1x, https:\/\/i0.wp.com\/www.wallendorff.com\/belogue\/wp-content\/uploads\/2015\/04\/20101013-011.jpg?resize=525%2C300&ssl=1 1.5x, https:\/\/i0.wp.com\/www.wallendorff.com\/belogue\/wp-content\/uploads\/2015\/04\/20101013-011.jpg?resize=700%2C400&ssl=1 2x"},"classes":[]},{"id":19621,"url":"https:\/\/www.wallendorff.com\/belogue\/2012\/11\/22\/mystery-jets-oh-othello-la-fleche-dor-paris\/","url_meta":{"origin":22733,"position":3},"title":"Mystery Jets + Oh Othello @ la Fl\u00e8che d&rsquo;Or, Paris.","author":"dpc","date":"22 novembre 2012","format":false,"excerpt":"The Datsuns \u2013 Gold Halo Oh Othello \u00a0 Mystery Jets \u00a0","rel":"","context":"Dans &quot;Alive&quot;","block_context":{"text":"Alive","link":"https:\/\/www.wallendorff.com\/belogue\/category\/alive\/"},"img":{"alt_text":"","src":"https:\/\/i0.wp.com\/www.wallendorff.com\/belogue\/wp-content\/uploads\/2015\/04\/201211221.jpg?resize=350%2C200&ssl=1","width":350,"height":200,"srcset":"https:\/\/i0.wp.com\/www.wallendorff.com\/belogue\/wp-content\/uploads\/2015\/04\/201211221.jpg?resize=350%2C200&ssl=1 1x, https:\/\/i0.wp.com\/www.wallendorff.com\/belogue\/wp-content\/uploads\/2015\/04\/201211221.jpg?resize=525%2C300&ssl=1 1.5x, https:\/\/i0.wp.com\/www.wallendorff.com\/belogue\/wp-content\/uploads\/2015\/04\/201211221.jpg?resize=700%2C400&ssl=1 2x"},"classes":[]},{"id":4224,"url":"https:\/\/www.wallendorff.com\/belogue\/2009\/05\/26\/kasabian-le-trabendo-paris\/","url_meta":{"origin":22733,"position":4},"title":"Kasabian @ le Trabendo, Paris.","author":"dpc","date":"26 mai 2009","format":false,"excerpt":"The Dandy Warhols \u2013 The Legend of the Last of the Outlaw Truckers AKA The Ballad of Sheriff Shorty","rel":"","context":"Dans &quot;Alive&quot;","block_context":{"text":"Alive","link":"https:\/\/www.wallendorff.com\/belogue\/category\/alive\/"},"img":{"alt_text":"","src":"https:\/\/i0.wp.com\/www.wallendorff.com\/belogue\/wp-content\/uploads\/2015\/04\/200905261.jpg?resize=350%2C200&ssl=1","width":350,"height":200,"srcset":"https:\/\/i0.wp.com\/www.wallendorff.com\/belogue\/wp-content\/uploads\/2015\/04\/200905261.jpg?resize=350%2C200&ssl=1 1x, https:\/\/i0.wp.com\/www.wallendorff.com\/belogue\/wp-content\/uploads\/2015\/04\/200905261.jpg?resize=525%2C300&ssl=1 1.5x, https:\/\/i0.wp.com\/www.wallendorff.com\/belogue\/wp-content\/uploads\/2015\/04\/200905261.jpg?resize=700%2C400&ssl=1 2x"},"classes":[]},{"id":4371,"url":"https:\/\/www.wallendorff.com\/belogue\/2009\/07\/15\/the-warlocks-la-maroquinerie-paris-10-juillet\/","url_meta":{"origin":22733,"position":5},"title":"The Warlocks @ la Maroquinerie, Paris, 10 juillet.","author":"dpc","date":"15 juillet 2009","format":false,"excerpt":"","rel":"","context":"Dans &quot;Alive&quot;","block_context":{"text":"Alive","link":"https:\/\/www.wallendorff.com\/belogue\/category\/alive\/"},"img":{"alt_text":"","src":"https:\/\/i0.wp.com\/www.wallendorff.com\/belogue\/wp-content\/uploads\/2015\/04\/20090715-011.jpg?resize=350%2C200&ssl=1","width":350,"height":200,"srcset":"https:\/\/i0.wp.com\/www.wallendorff.com\/belogue\/wp-content\/uploads\/2015\/04\/20090715-011.jpg?resize=350%2C200&ssl=1 1x, https:\/\/i0.wp.com\/www.wallendorff.com\/belogue\/wp-content\/uploads\/2015\/04\/20090715-011.jpg?resize=525%2C300&ssl=1 1.5x, https:\/\/i0.wp.com\/www.wallendorff.com\/belogue\/wp-content\/uploads\/2015\/04\/20090715-011.jpg?resize=700%2C400&ssl=1 2x"},"classes":[]}],"_links":{"self":[{"href":"https:\/\/www.wallendorff.com\/belogue\/wp-json\/wp\/v2\/posts\/22733","targetHints":{"allow":["GET"]}}],"collection":[{"href":"https:\/\/www.wallendorff.com\/belogue\/wp-json\/wp\/v2\/posts"}],"about":[{"href":"https:\/\/www.wallendorff.com\/belogue\/wp-json\/wp\/v2\/types\/post"}],"author":[{"embeddable":true,"href":"https:\/\/www.wallendorff.com\/belogue\/wp-json\/wp\/v2\/users\/1"}],"replies":[{"embeddable":true,"href":"https:\/\/www.wallendorff.com\/belogue\/wp-json\/wp\/v2\/comments?post=22733"}],"version-history":[{"count":5,"href":"https:\/\/www.wallendorff.com\/belogue\/wp-json\/wp\/v2\/posts\/22733\/revisions"}],"predecessor-version":[{"id":22923,"href":"https:\/\/www.wallendorff.com\/belogue\/wp-json\/wp\/v2\/posts\/22733\/revisions\/22923"}],"wp:featuredmedia":[{"embeddable":true,"href":"https:\/\/www.wallendorff.com\/belogue\/wp-json\/wp\/v2\/media\/26763"}],"wp:attachment":[{"href":"https:\/\/www.wallendorff.com\/belogue\/wp-json\/wp\/v2\/media?parent=22733"}],"wp:term":[{"taxonomy":"category","embeddable":true,"href":"https:\/\/www.wallendorff.com\/belogue\/wp-json\/wp\/v2\/categories?post=22733"},{"taxonomy":"post_tag","embeddable":true,"href":"https:\/\/www.wallendorff.com\/belogue\/wp-json\/wp\/v2\/tags?post=22733"}],"curies":[{"name":"wp","href":"https:\/\/api.w.org\/{rel}","templated":true}]}}