{"id":22717,"date":"2014-04-17T15:12:26","date_gmt":"2014-04-17T13:12:26","guid":{"rendered":"http:\/\/www.wallendorff.com\/?p=22717"},"modified":"2018-05-23T08:12:41","modified_gmt":"2018-05-23T06:12:41","slug":"prechauffe","status":"publish","type":"post","link":"https:\/\/www.wallendorff.com\/belogue\/2014\/04\/17\/prechauffe\/","title":{"rendered":"Pr\u00e9chauffe."},"content":{"rendered":"\n<div id=\"photo\">\n<p><img decoding=\"async\" src=\"https:\/\/www.wallendorff.com\/belogue\/photo\/galeries\/2014\/01\/20140105-ss\/20140417-01.jpg\"><br \/>\nRue du Chemin-Vert, Paris, 5 janvier.<\/p>\n<\/p><\/div>\n<p style=\"text-align:right\">30&nbsp;min sur la pr&eacute;paration du tournage du clip de <a href=\"http:\/\/www.youtube.com\/watch?v=PLV6pAtSlI0\"><em>Faces<\/em><\/a> de Selah Sue et Patrice. Merci T..<\/p>\n<div id=\"photo2\">\n<p><img decoding=\"async\" src=\"https:\/\/www.wallendorff.com\/belogue\/photo\/galeries\/2014\/01\/20140105-ss\/20140417-02.jpg\"><\/p>\n<\/p><\/div>\n<div id=\"photo2\">\n<p><img decoding=\"async\" src=\"https:\/\/www.wallendorff.com\/belogue\/photo\/galeries\/2014\/01\/20140105-ss\/20140417-03.jpg\"><\/p>\n<\/p><\/div>\n<div id=\"photo2\">\n<p><img decoding=\"async\" src=\"https:\/\/www.wallendorff.com\/belogue\/photo\/galeries\/2014\/01\/20140105-ss\/20140417-04.jpg\"><\/p>\n<\/p><\/div>\n<div id=\"photo2\">\n<p><img decoding=\"async\" src=\"https:\/\/www.wallendorff.com\/belogue\/photo\/galeries\/2014\/01\/20140105-ss\/20140417-05.jpg\"><\/p>\n<\/p><\/div>\n<div id=\"photo2\">\n<p><img decoding=\"async\" src=\"https:\/\/www.wallendorff.com\/belogue\/photo\/galeries\/2014\/01\/20140105-ss\/20140417-06.jpg\"><\/p>\n<\/p><\/div>\n<div id=\"bandeson\">\n<p><img decoding=\"async\" src=\"https:\/\/www.wallendorff.com\/belogue\/photo\/pochettes\/f\/franz_ferdinand-franz_ferdinand.jpg\" align=\"left\" \/><a id=\"lienmp3\" style=\"font-weight:normal\" href=\"http:\/\/www.youtube.com\/watch?v=IJr5l7j8VeU\"><em>This Fire<\/em><\/a> (oui c&rsquo;est un peu facile, je sais.)<br \/>\n          <a href=\"http:\/\/www.franzferdinand.co.uk\">Franz Ferdinand<\/a><\/p>\n<\/p><\/div>\n","protected":false},"excerpt":{"rendered":"<p>Rue du Chemin-Vert, Paris, 5 janvier. 30&nbsp;min sur la pr&eacute;paration du tournage du clip de Faces de Selah Sue et Patrice. Merci T.. This Fire (oui c&rsquo;est un peu facile, je sais.) Franz Ferdinand<\/p>\n","protected":false},"author":1,"featured_media":26761,"comment_status":"open","ping_status":"open","sticky":false,"template":"","format":"standard","meta":{"_acf_changed":false,"ngg_post_thumbnail":0,"jetpack_post_was_ever_published":false,"_jetpack_newsletter_access":"","_jetpack_dont_email_post_to_subs":false,"_jetpack_newsletter_tier_id":0,"_jetpack_memberships_contains_paywalled_content":false,"_jetpack_memberships_contains_paid_content":false,"footnotes":"","jetpack_publicize_message":"","jetpack_publicize_feature_enabled":true,"jetpack_social_post_already_shared":true,"jetpack_social_options":{"image_generator_settings":{"template":"highway","default_image_id":0,"font":"","enabled":false},"version":2}},"categories":[3],"tags":[10183,2571,8351,2545,3426,10120,10121,8474,10098,1889,10365,2544],"class_list":["post-22717","post","type-post","status-publish","format-standard","has-post-thumbnail","hentry","category-dpc","tag-10183","tag-ef-16-35-mm-f28l-ii-usm","tag-eos-6d","tag-clip","tag-feu","tag-france","tag-ile-de-france","tag-masque","tag-paris","tag-rue-du-chemin-vert","tag-studio","tag-tournage"],"acf":[],"geo":{"latitude":48.8617821,"longitude":2.3812544,"description":"Paris 11, \u00cele-de-France, 75011, FR"},"jetpack_publicize_connections":[],"jetpack_featured_media_url":"https:\/\/www.wallendorff.com\/belogue\/wp-content\/uploads\/2015\/04\/20140417-011.jpg","jetpack_shortlink":"https:\/\/wp.me\/p3b35P-5Up","jetpack_sharing_enabled":true,"jetpack-related-posts":[{"id":132374,"url":"https:\/\/www.wallendorff.com\/belogue\/2025\/06\/01\/lenjouement\/","url_meta":{"origin":22717,"position":0},"title":"L&rsquo;enjouement.","author":"dpc","date":"1 juin 2025","format":false,"excerpt":"Paris, 31 mai 2025.","rel":"","context":"Dans &quot;DPC&quot;","block_context":{"text":"DPC","link":"https:\/\/www.wallendorff.com\/belogue\/category\/dpc\/"},"img":{"alt_text":"","src":"https:\/\/i0.wp.com\/www.wallendorff.com\/belogue\/wp-content\/uploads\/2025\/06\/20250601-26.jpg?resize=350%2C200&ssl=1","width":350,"height":200,"srcset":"https:\/\/i0.wp.com\/www.wallendorff.com\/belogue\/wp-content\/uploads\/2025\/06\/20250601-26.jpg?resize=350%2C200&ssl=1 1x, https:\/\/i0.wp.com\/www.wallendorff.com\/belogue\/wp-content\/uploads\/2025\/06\/20250601-26.jpg?resize=525%2C300&ssl=1 1.5x, https:\/\/i0.wp.com\/www.wallendorff.com\/belogue\/wp-content\/uploads\/2025\/06\/20250601-26.jpg?resize=700%2C400&ssl=1 2x, https:\/\/i0.wp.com\/www.wallendorff.com\/belogue\/wp-content\/uploads\/2025\/06\/20250601-26.jpg?resize=1050%2C600&ssl=1 3x"},"classes":[]},{"id":3445,"url":"https:\/\/www.wallendorff.com\/belogue\/2008\/09\/22\/mademoiselle-k-paris-7-mai\/","url_meta":{"origin":22717,"position":1},"title":"Mademoiselle K, Paris, 7 mai.","author":"dpc","date":"22 septembre 2008","format":false,"excerpt":"\u00a0 Bande-son\u00a0:","rel":"","context":"Dans &quot;Portraits&quot;","block_context":{"text":"Portraits","link":"https:\/\/www.wallendorff.com\/belogue\/category\/portraits\/"},"img":{"alt_text":"","src":"https:\/\/i0.wp.com\/www.wallendorff.com\/belogue\/wp-content\/uploads\/2015\/04\/20080922-071.jpg?resize=350%2C200&ssl=1","width":350,"height":200},"classes":[]},{"id":867,"url":"https:\/\/www.wallendorff.com\/belogue\/2007\/01\/04\/l-aurait-du-thune-elle\/","url_meta":{"origin":22717,"position":2},"title":"L&rsquo;aurait d\u00fb thune elle.","author":"dpc","date":"4 janvier 2007","format":false,"excerpt":"Rue du Chemin Vert, Paris, 3 janvier. \u00a0Alanis Morissette \u2013 King of Pain (The Police cover) (live)","rel":"","context":"Dans &quot;DPC&quot;","block_context":{"text":"DPC","link":"https:\/\/www.wallendorff.com\/belogue\/category\/dpc\/"},"img":{"alt_text":"","src":"https:\/\/i0.wp.com\/www.wallendorff.com\/belogue\/wp-content\/uploads\/2015\/04\/200701041.jpg?resize=350%2C200&ssl=1","width":350,"height":200},"classes":[]},{"id":53281,"url":"https:\/\/www.wallendorff.com\/belogue\/2022\/09\/30\/septembre-2022\/","url_meta":{"origin":22717,"position":3},"title":"Septembre 2022.","author":"dpc","date":"30 septembre 2022","format":false,"excerpt":"Un chantier, une patrouille, un mikado, une promenade, un vernissage, une gare, un anniversaire, une chemin\u00e9e, un ap\u00e9ro, un escalator, un trio de voitures, une pizza, une porte, un train, un miroir, un z\u00e8bre, un bar, un cr\u00e9puscule, une licorne, une boule \u00e0 facettes, un concert, un ch\u00e2teau, une boule\u2026","rel":"","context":"Dans &quot;Blog-note&quot;","block_context":{"text":"Blog-note","link":"https:\/\/www.wallendorff.com\/belogue\/category\/blog-note\/"},"img":{"alt_text":"","src":"https:\/\/i0.wp.com\/www.wallendorff.com\/belogue\/wp-content\/uploads\/2022\/10\/20221017-29.jpg?resize=350%2C200&ssl=1","width":350,"height":200,"srcset":"https:\/\/i0.wp.com\/www.wallendorff.com\/belogue\/wp-content\/uploads\/2022\/10\/20221017-29.jpg?resize=350%2C200&ssl=1 1x, https:\/\/i0.wp.com\/www.wallendorff.com\/belogue\/wp-content\/uploads\/2022\/10\/20221017-29.jpg?resize=525%2C300&ssl=1 1.5x, https:\/\/i0.wp.com\/www.wallendorff.com\/belogue\/wp-content\/uploads\/2022\/10\/20221017-29.jpg?resize=700%2C400&ssl=1 2x, https:\/\/i0.wp.com\/www.wallendorff.com\/belogue\/wp-content\/uploads\/2022\/10\/20221017-29.jpg?resize=1050%2C600&ssl=1 3x"},"classes":[]},{"id":17164,"url":"https:\/\/www.wallendorff.com\/belogue\/2012\/05\/03\/awake\/","url_meta":{"origin":22717,"position":4},"title":"Awake.","author":"dpc","date":"3 mai 2012","format":false,"excerpt":"Passage du Chemin-Vert, Paris, 25 mars. Black Rebel Motorcycle Club \u2013 At My Door [youtube]http:\/\/www.youtube.com\/watch?v=SFTZot0hPkA[\/youtube]","rel":"","context":"Dans &quot;DPC&quot;","block_context":{"text":"DPC","link":"https:\/\/www.wallendorff.com\/belogue\/category\/dpc\/"},"img":{"alt_text":"","src":"https:\/\/i0.wp.com\/www.wallendorff.com\/belogue\/wp-content\/uploads\/2015\/04\/201205031.jpg?resize=350%2C200&ssl=1","width":350,"height":200,"srcset":"https:\/\/i0.wp.com\/www.wallendorff.com\/belogue\/wp-content\/uploads\/2015\/04\/201205031.jpg?resize=350%2C200&ssl=1 1x, https:\/\/i0.wp.com\/www.wallendorff.com\/belogue\/wp-content\/uploads\/2015\/04\/201205031.jpg?resize=525%2C300&ssl=1 1.5x, https:\/\/i0.wp.com\/www.wallendorff.com\/belogue\/wp-content\/uploads\/2015\/04\/201205031.jpg?resize=700%2C400&ssl=1 2x"},"classes":[]},{"id":130583,"url":"https:\/\/www.wallendorff.com\/belogue\/2024\/08\/31\/aout-2024\/","url_meta":{"origin":22717,"position":5},"title":"Ao\u00fbt 2024.","author":"dpc","date":"31 ao\u00fbt 2024","format":false,"excerpt":"Un ap\u00e9ro, une grosse boule, une pose, un coucher de soleil, une longue attente pour rien, un orage, des anneaux, une fanezone, une course de v\u00e9locip\u00e8de, un h\u00e9ros c\u00e9l\u00e8bre, un coucher de soleil, une grosse boule, un bout d'ombre, un tas de planches, un drapeau, des phryges, une grosse boule,\u2026","rel":"","context":"Dans &quot;Blog-note&quot;","block_context":{"text":"Blog-note","link":"https:\/\/www.wallendorff.com\/belogue\/category\/blog-note\/"},"img":{"alt_text":"","src":"https:\/\/i0.wp.com\/www.wallendorff.com\/belogue\/wp-content\/uploads\/2024\/09\/20240916-31.jpg?resize=350%2C200&ssl=1","width":350,"height":200,"srcset":"https:\/\/i0.wp.com\/www.wallendorff.com\/belogue\/wp-content\/uploads\/2024\/09\/20240916-31.jpg?resize=350%2C200&ssl=1 1x, https:\/\/i0.wp.com\/www.wallendorff.com\/belogue\/wp-content\/uploads\/2024\/09\/20240916-31.jpg?resize=525%2C300&ssl=1 1.5x, https:\/\/i0.wp.com\/www.wallendorff.com\/belogue\/wp-content\/uploads\/2024\/09\/20240916-31.jpg?resize=700%2C400&ssl=1 2x, https:\/\/i0.wp.com\/www.wallendorff.com\/belogue\/wp-content\/uploads\/2024\/09\/20240916-31.jpg?resize=1050%2C600&ssl=1 3x"},"classes":[]}],"_links":{"self":[{"href":"https:\/\/www.wallendorff.com\/belogue\/wp-json\/wp\/v2\/posts\/22717","targetHints":{"allow":["GET"]}}],"collection":[{"href":"https:\/\/www.wallendorff.com\/belogue\/wp-json\/wp\/v2\/posts"}],"about":[{"href":"https:\/\/www.wallendorff.com\/belogue\/wp-json\/wp\/v2\/types\/post"}],"author":[{"embeddable":true,"href":"https:\/\/www.wallendorff.com\/belogue\/wp-json\/wp\/v2\/users\/1"}],"replies":[{"embeddable":true,"href":"https:\/\/www.wallendorff.com\/belogue\/wp-json\/wp\/v2\/comments?post=22717"}],"version-history":[{"count":7,"href":"https:\/\/www.wallendorff.com\/belogue\/wp-json\/wp\/v2\/posts\/22717\/revisions"}],"predecessor-version":[{"id":38233,"href":"https:\/\/www.wallendorff.com\/belogue\/wp-json\/wp\/v2\/posts\/22717\/revisions\/38233"}],"wp:featuredmedia":[{"embeddable":true,"href":"https:\/\/www.wallendorff.com\/belogue\/wp-json\/wp\/v2\/media\/26761"}],"wp:attachment":[{"href":"https:\/\/www.wallendorff.com\/belogue\/wp-json\/wp\/v2\/media?parent=22717"}],"wp:term":[{"taxonomy":"category","embeddable":true,"href":"https:\/\/www.wallendorff.com\/belogue\/wp-json\/wp\/v2\/categories?post=22717"},{"taxonomy":"post_tag","embeddable":true,"href":"https:\/\/www.wallendorff.com\/belogue\/wp-json\/wp\/v2\/tags?post=22717"}],"curies":[{"name":"wp","href":"https:\/\/api.w.org\/{rel}","templated":true}]}}