{"id":22634,"date":"2014-03-20T15:14:51","date_gmt":"2014-03-20T13:14:51","guid":{"rendered":"http:\/\/www.wallendorff.com\/?p=22634"},"modified":"2018-05-23T08:06:54","modified_gmt":"2018-05-23T06:06:54","slug":"blood-red-shoes-la-gaite-lyrique-paris","status":"publish","type":"post","link":"https:\/\/www.wallendorff.com\/belogue\/2014\/03\/20\/blood-red-shoes-la-gaite-lyrique-paris\/","title":{"rendered":"Blood Red Shoes @ la Ga\u00eet\u00e9-Lyrique, Paris."},"content":{"rendered":"\n<div id=\"photo\">\n<p><img decoding=\"async\" src=\"https:\/\/www.wallendorff.com\/belogue\/photo\/2014\/03\/20140320.jpg\"><\/p>\n<\/p><\/div>\n<div id=\"setlist\">\n<p><em>Welcome Home<\/em> | <em>I Wish I Was Someone Better<\/em> | <em>Don&rsquo;t Ask<\/em> | <em>Speech Coma<\/em> | <em>Everything All at Once<\/em> | <em>This Is Not for You<\/em> | <em>It Is Happening Again<\/em> | <em>Cold<\/em> | <em>The Perfect Mess<\/em> | <em>Black Distractions<\/em> | <em>An Animal<\/em> | <em>Light It Up<\/em> | <em>Say Something, Say Anything<\/em> | <em>Colours Fade<\/em> | <em>Je me perds<\/em> || <em>Cigarettes in the Dark<\/em> | <em>Red River<\/em><\/p>\n<\/div>\n<p style=\"text-align:right\">Toujours un plaisir de les revoir, toujours un plaisir de sortir de l&agrave; fredonnant les m&ecirc;mes choses, et cette fois-ci avec un truc en plus&nbsp;: <em>Blood Red Shoes<\/em> est meilleur que les deux pr&eacute;c&eacute;dents.<\/p>\n<p>[Oh et n&rsquo;oublions pas la <a href=\"https:\/\/www.wallendorff.com\/belogue\/tag\/i-wish-i-was-someone-better\/\">tradition<\/a>&nbsp;:]<\/p>\n<div id=\"bandeson\">\n<p><img decoding=\"async\" src=\"https:\/\/www.wallendorff.com\/belogue\/photo\/pochettes\/b\/blood_red_shoes-box_of_secrets.jpg\" align=\"left\" \/><a id=\"lienmp3\" style=\"font-weight:normal\" href=\"http:\/\/www.youtube.com\/watch?v=Jtt2gM3rpZE\"><em>I Wish I Was Someone Better<\/em><\/a><br \/>\n        <a href=\"http:\/\/www.bloodredshoes.co.uk\/\">Blood Red Shoes<\/a><\/p>\n<\/p><\/div>ngg_shortcode_0_placeholder<p>&nbsp;<\/p>\n","protected":false},"excerpt":{"rendered":"<p>Welcome Home | I Wish I Was Someone Better | Don&rsquo;t Ask | Speech Coma | Everything All at Once | This Is Not for You | It Is Happening Again | Cold | The Perfect Mess | Black Distractions | An Animal | Light It Up | Say Something, Say Anything | Colours Fade&hellip;<\/p>\n","protected":false},"author":1,"featured_media":26751,"comment_status":"open","ping_status":"open","sticky":false,"template":"","format":"standard","meta":{"_acf_changed":false,"ngg_post_thumbnail":0,"jetpack_post_was_ever_published":false,"_jetpack_newsletter_access":"","_jetpack_dont_email_post_to_subs":false,"_jetpack_newsletter_tier_id":0,"_jetpack_memberships_contains_paywalled_content":false,"_jetpack_memberships_contains_paid_content":false,"footnotes":"","jetpack_publicize_message":"","jetpack_publicize_feature_enabled":true,"jetpack_social_post_already_shared":true,"jetpack_social_options":{"image_generator_settings":{"template":"highway","default_image_id":0,"font":"","enabled":false},"version":2}},"categories":[7],"tags":[11810,10336,10084,10502,9278,8170,181,6766,8351,10120,2590,10121,11204,10098,11865],"class_list":["post-22634","post","type-post","status-publish","format-standard","has-post-thumbnail","hentry","category-alive","tag-11810","tag-10336","tag-alive","tag-blood-red-shoes","tag-blood-red-shoes-album","tag-ef-24-70-mm-f2-8l-ii-usm","tag-ef-70-200-mm-f28l-usm","tag-eos-5d-mark-iii","tag-eos-6d","tag-france","tag-i-wish-i-was-someone-better","tag-ile-de-france","tag-la-gaite-lyrique","tag-paris","tag-rue-papin"],"acf":[],"geo":{"latitude":48.8666534,"longitude":2.3534882,"description":"Paris 10, \u00cele-de-France, 75010, FR"},"jetpack_publicize_connections":[],"jetpack_featured_media_url":"https:\/\/www.wallendorff.com\/belogue\/wp-content\/uploads\/2015\/04\/201403201.jpg","jetpack_shortlink":"https:\/\/wp.me\/p3b35P-5T4","jetpack_sharing_enabled":true,"jetpack-related-posts":[{"id":29310,"url":"https:\/\/www.wallendorff.com\/belogue\/2015\/09\/28\/the-apartments-la-gaite-lyrique-paris-23-septembre\/","url_meta":{"origin":22634,"position":0},"title":"The Apartments @ la Ga\u00eet\u00e9-Lyrique, Paris, 23 septembre.","author":"dpc","date":"28 septembre 2015","format":false,"excerpt":"","rel":"","context":"Dans &quot;Alive&quot;","block_context":{"text":"Alive","link":"https:\/\/www.wallendorff.com\/belogue\/category\/alive\/"},"img":{"alt_text":"","src":"https:\/\/i0.wp.com\/www.wallendorff.com\/belogue\/wp-content\/uploads\/2015\/09\/20150927-021.jpg?resize=350%2C200&ssl=1","width":350,"height":200,"srcset":"https:\/\/i0.wp.com\/www.wallendorff.com\/belogue\/wp-content\/uploads\/2015\/09\/20150927-021.jpg?resize=350%2C200&ssl=1 1x, https:\/\/i0.wp.com\/www.wallendorff.com\/belogue\/wp-content\/uploads\/2015\/09\/20150927-021.jpg?resize=525%2C300&ssl=1 1.5x, https:\/\/i0.wp.com\/www.wallendorff.com\/belogue\/wp-content\/uploads\/2015\/09\/20150927-021.jpg?resize=700%2C400&ssl=1 2x"},"classes":[]},{"id":32341,"url":"https:\/\/www.wallendorff.com\/belogue\/2016\/09\/25\/griefjoy-la-gaite-lyrique-paris-23-septembre\/","url_meta":{"origin":22634,"position":1},"title":"Griefjoy @ la Ga\u00eet\u00e9-Lyrique, Paris, 23 septembre.","author":"dpc","date":"25 septembre 2016","format":false,"excerpt":"","rel":"","context":"Dans &quot;Alive&quot;","block_context":{"text":"Alive","link":"https:\/\/www.wallendorff.com\/belogue\/category\/alive\/"},"img":{"alt_text":"","src":"https:\/\/i0.wp.com\/www.wallendorff.com\/belogue\/wp-content\/uploads\/2016\/09\/20160924-09-1.jpg?resize=350%2C200&ssl=1","width":350,"height":200,"srcset":"https:\/\/i0.wp.com\/www.wallendorff.com\/belogue\/wp-content\/uploads\/2016\/09\/20160924-09-1.jpg?resize=350%2C200&ssl=1 1x, https:\/\/i0.wp.com\/www.wallendorff.com\/belogue\/wp-content\/uploads\/2016\/09\/20160924-09-1.jpg?resize=525%2C300&ssl=1 1.5x, https:\/\/i0.wp.com\/www.wallendorff.com\/belogue\/wp-content\/uploads\/2016\/09\/20160924-09-1.jpg?resize=700%2C400&ssl=1 2x"},"classes":[]},{"id":32460,"url":"https:\/\/www.wallendorff.com\/belogue\/2016\/10\/15\/wild-beasts-la-gaite-lyrique-paris\/","url_meta":{"origin":22634,"position":2},"title":"Wild Beasts @ la Ga\u00eet\u00e9-Lyrique, Paris.","author":"dpc","date":"15 octobre 2016","format":false,"excerpt":"","rel":"","context":"Dans &quot;Alive&quot;","block_context":{"text":"Alive","link":"https:\/\/www.wallendorff.com\/belogue\/category\/alive\/"},"img":{"alt_text":"","src":"https:\/\/i0.wp.com\/www.wallendorff.com\/belogue\/wp-content\/uploads\/2016\/10\/20161014-10-1.jpg?resize=350%2C200&ssl=1","width":350,"height":200,"srcset":"https:\/\/i0.wp.com\/www.wallendorff.com\/belogue\/wp-content\/uploads\/2016\/10\/20161014-10-1.jpg?resize=350%2C200&ssl=1 1x, https:\/\/i0.wp.com\/www.wallendorff.com\/belogue\/wp-content\/uploads\/2016\/10\/20161014-10-1.jpg?resize=525%2C300&ssl=1 1.5x, https:\/\/i0.wp.com\/www.wallendorff.com\/belogue\/wp-content\/uploads\/2016\/10\/20161014-10-1.jpg?resize=700%2C400&ssl=1 2x"},"classes":[]},{"id":38282,"url":"https:\/\/www.wallendorff.com\/belogue\/2018\/05\/30\/phoenix-la-gaite-lyrique-paris-29-mai-2018\/","url_meta":{"origin":22634,"position":3},"title":"Phoenix @ la Ga\u00eet\u00e9-Lyrique, Paris, 29 mai 2018.","author":"dpc","date":"30 mai 2018","format":false,"excerpt":"Merci merci \u00e0 l'\u00e9quipe de la Ga\u00eet\u00e9-Lyrique pour m'avoir laiss\u00e9 acc\u00e9der \u00e0 la coursive du fond.","rel":"","context":"Dans &quot;Alive&quot;","block_context":{"text":"Alive","link":"https:\/\/www.wallendorff.com\/belogue\/category\/alive\/"},"img":{"alt_text":"","src":"https:\/\/i0.wp.com\/www.wallendorff.com\/belogue\/wp-content\/uploads\/2018\/05\/20180530-29.jpg?resize=350%2C200&ssl=1","width":350,"height":200,"srcset":"https:\/\/i0.wp.com\/www.wallendorff.com\/belogue\/wp-content\/uploads\/2018\/05\/20180530-29.jpg?resize=350%2C200&ssl=1 1x, https:\/\/i0.wp.com\/www.wallendorff.com\/belogue\/wp-content\/uploads\/2018\/05\/20180530-29.jpg?resize=525%2C300&ssl=1 1.5x, https:\/\/i0.wp.com\/www.wallendorff.com\/belogue\/wp-content\/uploads\/2018\/05\/20180530-29.jpg?resize=700%2C400&ssl=1 2x, https:\/\/i0.wp.com\/www.wallendorff.com\/belogue\/wp-content\/uploads\/2018\/05\/20180530-29.jpg?resize=1050%2C600&ssl=1 3x"},"classes":[]},{"id":22795,"url":"https:\/\/www.wallendorff.com\/belogue\/2014\/05\/19\/the-horrors-la-gaite-lyrique-paris-15-mai\/","url_meta":{"origin":22634,"position":4},"title":"The Horrors @ la Ga\u00eet\u00e9-Lyrique, Paris, 15 mai.","author":"dpc","date":"19 mai 2014","format":false,"excerpt":"Sea Within a Sea | Who Can Say | Scarlet Fields | In and Out of Sight | Endless Blue | I See You | Mirror's Image | Falling Star | So Now You Know | Still Life || Moving Further Away So Now You Know The Horrors \u00a0","rel":"","context":"Dans &quot;Alive&quot;","block_context":{"text":"Alive","link":"https:\/\/www.wallendorff.com\/belogue\/category\/alive\/"},"img":{"alt_text":"","src":"https:\/\/i0.wp.com\/www.wallendorff.com\/belogue\/wp-content\/uploads\/2015\/04\/201405191.jpg?resize=350%2C200&ssl=1","width":350,"height":200,"srcset":"https:\/\/i0.wp.com\/www.wallendorff.com\/belogue\/wp-content\/uploads\/2015\/04\/201405191.jpg?resize=350%2C200&ssl=1 1x, https:\/\/i0.wp.com\/www.wallendorff.com\/belogue\/wp-content\/uploads\/2015\/04\/201405191.jpg?resize=525%2C300&ssl=1 1.5x, https:\/\/i0.wp.com\/www.wallendorff.com\/belogue\/wp-content\/uploads\/2015\/04\/201405191.jpg?resize=700%2C400&ssl=1 2x"},"classes":[]},{"id":5316,"url":"https:\/\/www.wallendorff.com\/belogue\/2009\/12\/12\/blood-red-shoes-delphic-james-yuill-get-well-soon-la-fleche-dor-paris-9-decembre\/","url_meta":{"origin":22634,"position":5},"title":"Blood Red Shoes + Delphic + James Yuill + Get Well Soon @ la Fl\u00e8che d&rsquo;Or, Paris, 9 d\u00e9cembre.","author":"dpc","date":"12 d\u00e9cembre 2009","format":false,"excerpt":"Keeping It Close | Doesn't Matter Much | It Is Happening Again | Count Me Out | Say Something, Say Anything | Light It Up | When We Wake | This Is Not for You | Don't Ask | Colours Fade || I Wish I Was Someone Better \u00a0Blood Red\u2026","rel":"","context":"Dans &quot;Alive&quot;","block_context":{"text":"Alive","link":"https:\/\/www.wallendorff.com\/belogue\/category\/alive\/"},"img":{"alt_text":"","src":"https:\/\/i0.wp.com\/www.wallendorff.com\/belogue\/wp-content\/uploads\/2015\/04\/200912121.jpg?resize=350%2C200&ssl=1","width":350,"height":200,"srcset":"https:\/\/i0.wp.com\/www.wallendorff.com\/belogue\/wp-content\/uploads\/2015\/04\/200912121.jpg?resize=350%2C200&ssl=1 1x, https:\/\/i0.wp.com\/www.wallendorff.com\/belogue\/wp-content\/uploads\/2015\/04\/200912121.jpg?resize=525%2C300&ssl=1 1.5x, https:\/\/i0.wp.com\/www.wallendorff.com\/belogue\/wp-content\/uploads\/2015\/04\/200912121.jpg?resize=700%2C400&ssl=1 2x"},"classes":[]}],"_links":{"self":[{"href":"https:\/\/www.wallendorff.com\/belogue\/wp-json\/wp\/v2\/posts\/22634","targetHints":{"allow":["GET"]}}],"collection":[{"href":"https:\/\/www.wallendorff.com\/belogue\/wp-json\/wp\/v2\/posts"}],"about":[{"href":"https:\/\/www.wallendorff.com\/belogue\/wp-json\/wp\/v2\/types\/post"}],"author":[{"embeddable":true,"href":"https:\/\/www.wallendorff.com\/belogue\/wp-json\/wp\/v2\/users\/1"}],"replies":[{"embeddable":true,"href":"https:\/\/www.wallendorff.com\/belogue\/wp-json\/wp\/v2\/comments?post=22634"}],"version-history":[{"count":11,"href":"https:\/\/www.wallendorff.com\/belogue\/wp-json\/wp\/v2\/posts\/22634\/revisions"}],"predecessor-version":[{"id":32464,"href":"https:\/\/www.wallendorff.com\/belogue\/wp-json\/wp\/v2\/posts\/22634\/revisions\/32464"}],"wp:featuredmedia":[{"embeddable":true,"href":"https:\/\/www.wallendorff.com\/belogue\/wp-json\/wp\/v2\/media\/26751"}],"wp:attachment":[{"href":"https:\/\/www.wallendorff.com\/belogue\/wp-json\/wp\/v2\/media?parent=22634"}],"wp:term":[{"taxonomy":"category","embeddable":true,"href":"https:\/\/www.wallendorff.com\/belogue\/wp-json\/wp\/v2\/categories?post=22634"},{"taxonomy":"post_tag","embeddable":true,"href":"https:\/\/www.wallendorff.com\/belogue\/wp-json\/wp\/v2\/tags?post=22634"}],"curies":[{"name":"wp","href":"https:\/\/api.w.org\/{rel}","templated":true}]}}