{"id":2263,"date":"2008-08-19T09:54:39","date_gmt":"2008-08-19T07:54:39","guid":{"rendered":"http:\/\/www.po-l.com\/belogue\/?p=2263"},"modified":"2012-05-22T09:44:20","modified_gmt":"2012-05-22T07:44:20","slug":"shooting-people-34","status":"publish","type":"post","link":"https:\/\/www.wallendorff.com\/belogue\/2008\/08\/19\/shooting-people-34\/","title":{"rendered":"Shooting people #34."},"content":{"rendered":"<div id=\"photo\">\n<p><img decoding=\"async\" src=\"https:\/\/www.wallendorff.com\/belogue\/photo\/2008\/08\/20080819.jpg\"\/> <br \/>\n Le Divan du Monde, Paris, 23 avril.<\/p>\n<\/div>\n<p style=\"text-align:right\">[Du pouvoir illuminant mystique que l&rsquo;on peut obtenir d&rsquo;une assiette en porcelaine utilis&eacute;e comme r&eacute;flecteur-&agrave;-flash.]<\/p>\n<p><strong>Message personnel<\/strong>&nbsp;: reconnais que c&rsquo;est quand m&ecirc;me plus joli qu&rsquo;une photo de mon cale&ccedil;on.<\/p>\n<p style=\"text-align:right\"><strong>Message universel<\/strong>&nbsp;: si vous n&rsquo;avez pas encore entendu le nouvel Oasis il est l&agrave; en dessous et il est bien.  <\/p>\n<div id=\"bandeson\">\n<p><img decoding=\"async\" src=\"https:\/\/www.wallendorff.com\/belogue\/photo\/pochettes\/o\/oasis-dig_out_your_soul.jpg\" align=\"left\" \/><a href=\"http:\/\/www.oasisinet.com\">Oasis<\/a> &ndash; <em>The Shock of the Lightning<\/em><\/p>\n<\/div>\n","protected":false},"excerpt":{"rendered":"<p>Le Divan du Monde, Paris, 23 avril. [Du pouvoir illuminant mystique que l&rsquo;on peut obtenir d&rsquo;une assiette en porcelaine utilis&eacute;e comme r&eacute;flecteur-&agrave;-flash.] Message personnel&nbsp;: reconnais que c&rsquo;est quand m&ecirc;me plus joli qu&rsquo;une photo de mon cale&ccedil;on. Message universel&nbsp;: si vous n&rsquo;avez pas encore entendu le nouvel Oasis il est l&agrave; en dessous et il est&hellip;<\/p>\n","protected":false},"author":1,"featured_media":25234,"comment_status":"open","ping_status":"open","sticky":false,"template":"","format":"standard","meta":{"_acf_changed":false,"ngg_post_thumbnail":0,"jetpack_post_was_ever_published":false,"_jetpack_newsletter_access":"","_jetpack_dont_email_post_to_subs":false,"_jetpack_newsletter_tier_id":0,"_jetpack_memberships_contains_paywalled_content":false,"_jetpack_memberships_contains_paid_content":false,"footnotes":"","jetpack_publicize_message":"","jetpack_publicize_feature_enabled":true,"jetpack_social_post_already_shared":false,"jetpack_social_options":{"image_generator_settings":{"template":"highway","default_image_id":0,"font":"","enabled":false},"version":2}},"categories":[8],"tags":[10143,1016,187,4806,10120,10121,1483,10375,408,10098,10272,10376,1486],"class_list":["post-2263","post","type-post","status-publish","format-standard","has-post-thumbnail","hentry","category-portraits","tag-10143","tag-ef-15-mm-f28-fisheye","tag-eos-1d-mark-ii","tag-dig-out-your-soul","tag-france","tag-ile-de-france","tag-lenfance-rouge","tag-le-divan-du-monde","tag-oasis","tag-paris","tag-portrait","tag-promo","tag-the-shock-of-the-lightning"],"acf":[],"geo":{"latitude":48.8824692,"longitude":2.3394871,"description":"75 Rue des Martyrs, 75018 Paris, France"},"jetpack_publicize_connections":[],"jetpack_featured_media_url":"https:\/\/www.wallendorff.com\/belogue\/wp-content\/uploads\/2015\/04\/200808191.jpg","jetpack_shortlink":"https:\/\/wp.me\/p3b35P-Av","jetpack_sharing_enabled":true,"jetpack-related-posts":[{"id":10353,"url":"https:\/\/www.wallendorff.com\/belogue\/2010\/12\/04\/ilis-le-divan-du-monde-paris\/","url_meta":{"origin":2263,"position":0},"title":"iLiS @ le Divan du Monde, Paris.","author":"dpc","date":"4 d\u00e9cembre 2010","format":false,"excerpt":"Tyvek \u2013 4312","rel":"","context":"Dans &quot;Alive&quot;","block_context":{"text":"Alive","link":"https:\/\/www.wallendorff.com\/belogue\/category\/alive\/"},"img":{"alt_text":"","src":"https:\/\/i0.wp.com\/www.wallendorff.com\/belogue\/wp-content\/uploads\/2015\/04\/201012041.jpg?resize=350%2C200&ssl=1","width":350,"height":200,"srcset":"https:\/\/i0.wp.com\/www.wallendorff.com\/belogue\/wp-content\/uploads\/2015\/04\/201012041.jpg?resize=350%2C200&ssl=1 1x, https:\/\/i0.wp.com\/www.wallendorff.com\/belogue\/wp-content\/uploads\/2015\/04\/201012041.jpg?resize=525%2C300&ssl=1 1.5x, https:\/\/i0.wp.com\/www.wallendorff.com\/belogue\/wp-content\/uploads\/2015\/04\/201012041.jpg?resize=700%2C400&ssl=1 2x"},"classes":[]},{"id":23498,"url":"https:\/\/www.wallendorff.com\/belogue\/2014\/10\/30\/the-asteroids-galaxy-tour-le-divan-du-monde-paris\/","url_meta":{"origin":2263,"position":1},"title":"The Asteroids Galaxy Tour @ le Divan du Monde, Paris.","author":"dpc","date":"30 octobre 2014","format":false,"excerpt":"Rock the Ride The Asteroids Galaxy Tour \u00a0","rel":"","context":"Dans &quot;Alive&quot;","block_context":{"text":"Alive","link":"https:\/\/www.wallendorff.com\/belogue\/category\/alive\/"},"img":{"alt_text":"","src":"https:\/\/i0.wp.com\/www.wallendorff.com\/belogue\/wp-content\/uploads\/2015\/04\/201410301.jpg?resize=350%2C200&ssl=1","width":350,"height":200,"srcset":"https:\/\/i0.wp.com\/www.wallendorff.com\/belogue\/wp-content\/uploads\/2015\/04\/201410301.jpg?resize=350%2C200&ssl=1 1x, https:\/\/i0.wp.com\/www.wallendorff.com\/belogue\/wp-content\/uploads\/2015\/04\/201410301.jpg?resize=525%2C300&ssl=1 1.5x, https:\/\/i0.wp.com\/www.wallendorff.com\/belogue\/wp-content\/uploads\/2015\/04\/201410301.jpg?resize=700%2C400&ssl=1 2x"},"classes":[]},{"id":19027,"url":"https:\/\/www.wallendorff.com\/belogue\/2012\/09\/21\/torche-le-divan-du-monde-paris\/","url_meta":{"origin":2263,"position":2},"title":"Torche @ le Divan du Monde, Paris.","author":"dpc","date":"21 septembre 2012","format":false,"excerpt":"Torche \u2013 Kicking \u00a0","rel":"","context":"Dans &quot;Alive&quot;","block_context":{"text":"Alive","link":"https:\/\/www.wallendorff.com\/belogue\/category\/alive\/"},"img":{"alt_text":"","src":"https:\/\/i0.wp.com\/www.wallendorff.com\/belogue\/wp-content\/uploads\/2015\/04\/201209211.jpg?resize=350%2C200&ssl=1","width":350,"height":200,"srcset":"https:\/\/i0.wp.com\/www.wallendorff.com\/belogue\/wp-content\/uploads\/2015\/04\/201209211.jpg?resize=350%2C200&ssl=1 1x, https:\/\/i0.wp.com\/www.wallendorff.com\/belogue\/wp-content\/uploads\/2015\/04\/201209211.jpg?resize=525%2C300&ssl=1 1.5x, https:\/\/i0.wp.com\/www.wallendorff.com\/belogue\/wp-content\/uploads\/2015\/04\/201209211.jpg?resize=700%2C400&ssl=1 2x"},"classes":[]},{"id":23917,"url":"https:\/\/www.wallendorff.com\/belogue\/2015\/03\/26\/courtney-barnett-sallie-ford-le-divan-du-monde-paris\/","url_meta":{"origin":2263,"position":3},"title":"Courtney Barnett \/ Sallie Ford @ le Divan du Monde, Paris.","author":"dpc","date":"26 mars 2015","format":false,"excerpt":"Pedestrian at Best Courtney Barnett Courtney Barnett Sallie Ford \u00a0","rel":"","context":"Dans &quot;Alive&quot;","block_context":{"text":"Alive","link":"https:\/\/www.wallendorff.com\/belogue\/category\/alive\/"},"img":{"alt_text":"","src":"https:\/\/i0.wp.com\/www.wallendorff.com\/belogue\/wp-content\/uploads\/2015\/04\/201503261.jpg?resize=350%2C200&ssl=1","width":350,"height":200,"srcset":"https:\/\/i0.wp.com\/www.wallendorff.com\/belogue\/wp-content\/uploads\/2015\/04\/201503261.jpg?resize=350%2C200&ssl=1 1x, https:\/\/i0.wp.com\/www.wallendorff.com\/belogue\/wp-content\/uploads\/2015\/04\/201503261.jpg?resize=525%2C300&ssl=1 1.5x, https:\/\/i0.wp.com\/www.wallendorff.com\/belogue\/wp-content\/uploads\/2015\/04\/201503261.jpg?resize=700%2C400&ssl=1 2x"},"classes":[]},{"id":16112,"url":"https:\/\/www.wallendorff.com\/belogue\/2012\/02\/28\/adam-cohen-adam-wood-le-divan-du-monde-paris\/","url_meta":{"origin":2263,"position":4},"title":"Adam Cohen + Adam Wood @ le Divan du Monde, Paris.","author":"dpc","date":"28 f\u00e9vrier 2012","format":false,"excerpt":"Lie Alone | Sweet Dominique | What Other Guy | Hey Jane | Matchbox | Like a Man | Stranger | What's Goin' on (Marvin Gaye) | Beautiful | Eleanor | So Long, Marianne (Leonard Cohen) || Nothing Compares 2 You (Prince) | Overrated | Out of Bed | Tower\u2026","rel":"","context":"Dans &quot;Alive&quot;","block_context":{"text":"Alive","link":"https:\/\/www.wallendorff.com\/belogue\/category\/alive\/"},"img":{"alt_text":"","src":"https:\/\/i0.wp.com\/www.wallendorff.com\/belogue\/wp-content\/uploads\/2015\/04\/201202281.jpg?resize=350%2C200&ssl=1","width":350,"height":200,"srcset":"https:\/\/i0.wp.com\/www.wallendorff.com\/belogue\/wp-content\/uploads\/2015\/04\/201202281.jpg?resize=350%2C200&ssl=1 1x, https:\/\/i0.wp.com\/www.wallendorff.com\/belogue\/wp-content\/uploads\/2015\/04\/201202281.jpg?resize=525%2C300&ssl=1 1.5x, https:\/\/i0.wp.com\/www.wallendorff.com\/belogue\/wp-content\/uploads\/2015\/04\/201202281.jpg?resize=700%2C400&ssl=1 2x"},"classes":[]},{"id":32831,"url":"https:\/\/www.wallendorff.com\/belogue\/2016\/11\/04\/shooting-people-125\/","url_meta":{"origin":2263,"position":5},"title":"Shooting people #125.","author":"dpc","date":"4 novembre 2016","format":false,"excerpt":"Rue des Martyrs, Paris, 20 septembre. Ce num\u00e9ro 125 n'est, fort logiquement, ni le successeur du 124, ni le pr\u00e9d\u00e9cesseur du 126. Le fait est que l'album sort aujourd'hui, et que l'interview par Louis Teyssedou aussi. 17\u00a0h 46. Je le trouve attabl\u00e9 \u00e0 la Marmite. Le temps qu'il finisse sa\u2026","rel":"","context":"Dans &quot;Portraits&quot;","block_context":{"text":"Portraits","link":"https:\/\/www.wallendorff.com\/belogue\/category\/portraits\/"},"img":{"alt_text":"","src":"https:\/\/i0.wp.com\/www.wallendorff.com\/belogue\/wp-content\/uploads\/2016\/11\/20161104-03.jpg?resize=350%2C200&ssl=1","width":350,"height":200,"srcset":"https:\/\/i0.wp.com\/www.wallendorff.com\/belogue\/wp-content\/uploads\/2016\/11\/20161104-03.jpg?resize=350%2C200&ssl=1 1x, https:\/\/i0.wp.com\/www.wallendorff.com\/belogue\/wp-content\/uploads\/2016\/11\/20161104-03.jpg?resize=525%2C300&ssl=1 1.5x, https:\/\/i0.wp.com\/www.wallendorff.com\/belogue\/wp-content\/uploads\/2016\/11\/20161104-03.jpg?resize=700%2C400&ssl=1 2x"},"classes":[]}],"_links":{"self":[{"href":"https:\/\/www.wallendorff.com\/belogue\/wp-json\/wp\/v2\/posts\/2263","targetHints":{"allow":["GET"]}}],"collection":[{"href":"https:\/\/www.wallendorff.com\/belogue\/wp-json\/wp\/v2\/posts"}],"about":[{"href":"https:\/\/www.wallendorff.com\/belogue\/wp-json\/wp\/v2\/types\/post"}],"author":[{"embeddable":true,"href":"https:\/\/www.wallendorff.com\/belogue\/wp-json\/wp\/v2\/users\/1"}],"replies":[{"embeddable":true,"href":"https:\/\/www.wallendorff.com\/belogue\/wp-json\/wp\/v2\/comments?post=2263"}],"version-history":[{"count":1,"href":"https:\/\/www.wallendorff.com\/belogue\/wp-json\/wp\/v2\/posts\/2263\/revisions"}],"predecessor-version":[{"id":17400,"href":"https:\/\/www.wallendorff.com\/belogue\/wp-json\/wp\/v2\/posts\/2263\/revisions\/17400"}],"wp:featuredmedia":[{"embeddable":true,"href":"https:\/\/www.wallendorff.com\/belogue\/wp-json\/wp\/v2\/media\/25234"}],"wp:attachment":[{"href":"https:\/\/www.wallendorff.com\/belogue\/wp-json\/wp\/v2\/media?parent=2263"}],"wp:term":[{"taxonomy":"category","embeddable":true,"href":"https:\/\/www.wallendorff.com\/belogue\/wp-json\/wp\/v2\/categories?post=2263"},{"taxonomy":"post_tag","embeddable":true,"href":"https:\/\/www.wallendorff.com\/belogue\/wp-json\/wp\/v2\/tags?post=2263"}],"curies":[{"name":"wp","href":"https:\/\/api.w.org\/{rel}","templated":true}]}}