{"id":22616,"date":"2014-03-17T15:17:40","date_gmt":"2014-03-17T13:17:40","guid":{"rendered":"http:\/\/www.wallendorff.com\/?p=22616"},"modified":"2018-05-23T08:12:42","modified_gmt":"2018-05-23T06:12:42","slug":"place-des-faites","status":"publish","type":"post","link":"https:\/\/www.wallendorff.com\/belogue\/2014\/03\/17\/place-des-faites\/","title":{"rendered":"Place des fa\u00eetes."},"content":{"rendered":"\n<div id=\"photo\">\n<p><img decoding=\"async\" src=\"https:\/\/www.wallendorff.com\/belogue\/photo\/2014\/03\/20140317.jpg\"><br \/>\nBruxelles, 23 f&eacute;vrier.<\/p>\n<\/p><\/div>\n<div id=\"bandeson\">\n<p><img decoding=\"async\" src=\"https:\/\/www.wallendorff.com\/belogue\/photo\/pochettes\/w\/war_on_drugs_the-lost_in_the_dream.jpg\" align=\"left\" \/><a id=\"lienmp3\" style=\"font-weight:normal\" href=\"http:\/\/www.youtube.com\/watch?v=bsoqmFL1vlU\"><em>Red Eyes<\/em><\/a><br \/>\n        <a href=\"http:\/\/www.thewarondrugs.net\/\">The War on Drugs<\/a><\/p>\n<\/p><\/div>\n","protected":false},"excerpt":{"rendered":"<p>Bruxelles, 23 f&eacute;vrier. Red Eyes The War on Drugs<\/p>\n","protected":false},"author":1,"featured_media":26750,"comment_status":"open","ping_status":"open","sticky":false,"template":"","format":"standard","meta":{"_acf_changed":false,"ngg_post_thumbnail":0,"jetpack_post_was_ever_published":false,"_jetpack_newsletter_access":"","_jetpack_dont_email_post_to_subs":false,"_jetpack_newsletter_tier_id":0,"_jetpack_memberships_contains_paywalled_content":false,"_jetpack_memberships_contains_paid_content":false,"footnotes":"","jetpack_publicize_message":"","jetpack_publicize_feature_enabled":true,"jetpack_social_post_already_shared":true,"jetpack_social_options":{"image_generator_settings":{"template":"highway","default_image_id":0,"font":"","enabled":false},"version":2}},"categories":[3],"tags":[11828,10178,737,10313,10703,2571,8351,10144,10538,9291,8477,5385,10851,11864],"class_list":["post-22616","post","type-post","status-publish","format-standard","has-post-thumbnail","hentry","category-dpc","tag-avenue-paul-henri-spaak","tag-belgique","tag-bleu","tag-bruxelles","tag-bruxelles-capitale","tag-ef-16-35-mm-f28l-ii-usm","tag-eos-6d","tag-ciel","tag-gratte-ciel","tag-lost-in-the-dream","tag-red-eyes","tag-the-war-on-drugs","tag-tour","tag-tour-du-midi"],"acf":[],"geo":{"latitude":50.837883,"longitude":4.3368425,"description":"Vlaamse Raad - Vlaams Parlement, Bruxelles-Capitale, 1011, BE"},"jetpack_publicize_connections":[],"jetpack_featured_media_url":"https:\/\/www.wallendorff.com\/belogue\/wp-content\/uploads\/2015\/04\/201403171.jpg","jetpack_shortlink":"https:\/\/wp.me\/p3b35P-5SM","jetpack_sharing_enabled":true,"jetpack-related-posts":[{"id":22647,"url":"https:\/\/www.wallendorff.com\/belogue\/2014\/03\/24\/bruxelles-de-lenfer\/","url_meta":{"origin":22616,"position":0},"title":"Bruxelles (de l&rsquo;enfer).","author":"dpc","date":"24 mars 2014","format":false,"excerpt":"Bruxelles, 23 f\u00e9vrier. [Ce jeu de mots est indiscutablement le meilleur de ma carri\u00e8re.] Pentecostal Mark Lanegan & Duke Garwood","rel":"","context":"Dans &quot;DPC&quot;","block_context":{"text":"DPC","link":"https:\/\/www.wallendorff.com\/belogue\/category\/dpc\/"},"img":{"alt_text":"","src":"https:\/\/i0.wp.com\/www.wallendorff.com\/belogue\/wp-content\/uploads\/2015\/04\/201403241.jpg?resize=350%2C200&ssl=1","width":350,"height":200,"srcset":"https:\/\/i0.wp.com\/www.wallendorff.com\/belogue\/wp-content\/uploads\/2015\/04\/201403241.jpg?resize=350%2C200&ssl=1 1x, https:\/\/i0.wp.com\/www.wallendorff.com\/belogue\/wp-content\/uploads\/2015\/04\/201403241.jpg?resize=525%2C300&ssl=1 1.5x"},"classes":[]},{"id":22599,"url":"https:\/\/www.wallendorff.com\/belogue\/2014\/02\/28\/fevrier-2014\/","url_meta":{"origin":22616,"position":1},"title":"F\u00e9vrier 2014.","author":"dpc","date":"28 f\u00e9vrier 2014","format":false,"excerpt":"Survivre trois jours sans Internet, f\u00eater ses 17 ans, subir une attaque de Chartreuse, f\u00eater une retraite, prendre un train, chouter un concert, prendre un train, faire du collage, boire, prendre un camion, chouter un concert, acheter des di\u0161ques, reprendre un camion, chouter un concert, se faire l\u00e9cher l'objectif et\u2026","rel":"","context":"Dans &quot;Blog-note&quot;","block_context":{"text":"Blog-note","link":"https:\/\/www.wallendorff.com\/belogue\/category\/blog-note\/"},"img":{"alt_text":"","src":"https:\/\/i0.wp.com\/www.wallendorff.com\/belogue\/wp-content\/uploads\/2015\/04\/20140311-221.jpg?resize=350%2C200&ssl=1","width":350,"height":200,"srcset":"https:\/\/i0.wp.com\/www.wallendorff.com\/belogue\/wp-content\/uploads\/2015\/04\/20140311-221.jpg?resize=350%2C200&ssl=1 1x, https:\/\/i0.wp.com\/www.wallendorff.com\/belogue\/wp-content\/uploads\/2015\/04\/20140311-221.jpg?resize=525%2C300&ssl=1 1.5x, https:\/\/i0.wp.com\/www.wallendorff.com\/belogue\/wp-content\/uploads\/2015\/04\/20140311-221.jpg?resize=700%2C400&ssl=1 2x"},"classes":[]},{"id":20738,"url":"https:\/\/www.wallendorff.com\/belogue\/2013\/04\/05\/black-rebel-motorcycle-club-lancienne-belgique-bruxelles-1er-avril\/","url_meta":{"origin":22616,"position":2},"title":"Black Rebel Motorcycle Club @ l&rsquo;Ancienne Belgique, Bruxelles, 1er avril.","author":"dpc","date":"5 avril 2013","format":false,"excerpt":"Let the Day Begin (The Call) | Rival | Red Eyes and Tears | Hate the Taste | Beat the Devil's Tattoo | Whatever Happened to My Rock 'n' Roll (Punk Song) | Ain't No Easy Way | Berlin | 666 Conducer | Love Burns | Returning | Mercy (acoustic)\u2026","rel":"","context":"Dans &quot;Alive&quot;","block_context":{"text":"Alive","link":"https:\/\/www.wallendorff.com\/belogue\/category\/alive\/"},"img":{"alt_text":"","src":"https:\/\/i0.wp.com\/www.wallendorff.com\/belogue\/wp-content\/uploads\/2015\/04\/20130405.jpg?resize=350%2C200&ssl=1","width":350,"height":200,"srcset":"https:\/\/i0.wp.com\/www.wallendorff.com\/belogue\/wp-content\/uploads\/2015\/04\/20130405.jpg?resize=350%2C200&ssl=1 1x, https:\/\/i0.wp.com\/www.wallendorff.com\/belogue\/wp-content\/uploads\/2015\/04\/20130405.jpg?resize=525%2C300&ssl=1 1.5x, https:\/\/i0.wp.com\/www.wallendorff.com\/belogue\/wp-content\/uploads\/2015\/04\/20130405.jpg?resize=700%2C400&ssl=1 2x"},"classes":[]},{"id":22566,"url":"https:\/\/www.wallendorff.com\/belogue\/2014\/03\/06\/couloir-no-4212\/","url_meta":{"origin":22616,"position":3},"title":"Couloir no 4&nbsp;212.","author":"dpc","date":"6 mars 2014","format":false,"excerpt":"H\u00f4tel Bloom, Bruxelles, 22 f\u00e9vrier. Milwaukee \u2713 Londres \u2713 Sarajevo \u2713 Milan \u2713 Bruxelles \u2713 \u00a0 Speech Coma Blood Red Shoes","rel":"","context":"Dans &quot;DPC&quot;","block_context":{"text":"DPC","link":"https:\/\/www.wallendorff.com\/belogue\/category\/dpc\/"},"img":{"alt_text":"","src":"https:\/\/i0.wp.com\/www.wallendorff.com\/belogue\/wp-content\/uploads\/2015\/04\/201403061.jpg?resize=350%2C200&ssl=1","width":350,"height":200,"srcset":"https:\/\/i0.wp.com\/www.wallendorff.com\/belogue\/wp-content\/uploads\/2015\/04\/201403061.jpg?resize=350%2C200&ssl=1 1x, https:\/\/i0.wp.com\/www.wallendorff.com\/belogue\/wp-content\/uploads\/2015\/04\/201403061.jpg?resize=525%2C300&ssl=1 1.5x"},"classes":[]},{"id":41945,"url":"https:\/\/www.wallendorff.com\/belogue\/2019\/06\/03\/black-rebel-motorcycle-club-lancienne-belgique-bruxelles-30-mai-2019\/","url_meta":{"origin":22616,"position":4},"title":"Black Rebel Motorcycle Club @ l&rsquo;Ancienne Belgique, Bruxelles, 30 mai 2019.","author":"dpc","date":"3 juin 2019","format":false,"excerpt":"Red Eye and Tears (reprise) | Awake | Beat the Devil's Tattoo | Spook | Spread Your Love","rel":"","context":"Dans &quot;Alive&quot;","block_context":{"text":"Alive","link":"https:\/\/www.wallendorff.com\/belogue\/category\/alive\/"},"img":{"alt_text":"","src":"https:\/\/i0.wp.com\/www.wallendorff.com\/belogue\/wp-content\/uploads\/2019\/06\/20190603-01.jpg?resize=350%2C200&ssl=1","width":350,"height":200,"srcset":"https:\/\/i0.wp.com\/www.wallendorff.com\/belogue\/wp-content\/uploads\/2019\/06\/20190603-01.jpg?resize=350%2C200&ssl=1 1x, https:\/\/i0.wp.com\/www.wallendorff.com\/belogue\/wp-content\/uploads\/2019\/06\/20190603-01.jpg?resize=525%2C300&ssl=1 1.5x, https:\/\/i0.wp.com\/www.wallendorff.com\/belogue\/wp-content\/uploads\/2019\/06\/20190603-01.jpg?resize=700%2C400&ssl=1 2x, https:\/\/i0.wp.com\/www.wallendorff.com\/belogue\/wp-content\/uploads\/2019\/06\/20190603-01.jpg?resize=1050%2C600&ssl=1 3x"},"classes":[]},{"id":53537,"url":"https:\/\/www.wallendorff.com\/belogue\/2022\/11\/16\/croissant-au-beurre\/","url_meta":{"origin":22616,"position":5},"title":"Croissant au beurre.","author":"dpc","date":"16 novembre 2022","format":false,"excerpt":"D'accord, en l'occurrence c'est pas un croissant, mais une pleine lune.Mais bon.J'allais pas photoshoper la photo non plus rien que pour que son titre cadre, hein.","rel":"","context":"Dans &quot;DPC&quot;","block_context":{"text":"DPC","link":"https:\/\/www.wallendorff.com\/belogue\/category\/dpc-en\/"},"img":{"alt_text":"","src":"https:\/\/i0.wp.com\/www.wallendorff.com\/belogue\/wp-content\/uploads\/2022\/11\/20221116.jpg?resize=350%2C200&ssl=1","width":350,"height":200,"srcset":"https:\/\/i0.wp.com\/www.wallendorff.com\/belogue\/wp-content\/uploads\/2022\/11\/20221116.jpg?resize=350%2C200&ssl=1 1x, https:\/\/i0.wp.com\/www.wallendorff.com\/belogue\/wp-content\/uploads\/2022\/11\/20221116.jpg?resize=525%2C300&ssl=1 1.5x, https:\/\/i0.wp.com\/www.wallendorff.com\/belogue\/wp-content\/uploads\/2022\/11\/20221116.jpg?resize=700%2C400&ssl=1 2x"},"classes":[]}],"_links":{"self":[{"href":"https:\/\/www.wallendorff.com\/belogue\/wp-json\/wp\/v2\/posts\/22616","targetHints":{"allow":["GET"]}}],"collection":[{"href":"https:\/\/www.wallendorff.com\/belogue\/wp-json\/wp\/v2\/posts"}],"about":[{"href":"https:\/\/www.wallendorff.com\/belogue\/wp-json\/wp\/v2\/types\/post"}],"author":[{"embeddable":true,"href":"https:\/\/www.wallendorff.com\/belogue\/wp-json\/wp\/v2\/users\/1"}],"replies":[{"embeddable":true,"href":"https:\/\/www.wallendorff.com\/belogue\/wp-json\/wp\/v2\/comments?post=22616"}],"version-history":[{"count":6,"href":"https:\/\/www.wallendorff.com\/belogue\/wp-json\/wp\/v2\/posts\/22616\/revisions"}],"predecessor-version":[{"id":23751,"href":"https:\/\/www.wallendorff.com\/belogue\/wp-json\/wp\/v2\/posts\/22616\/revisions\/23751"}],"wp:featuredmedia":[{"embeddable":true,"href":"https:\/\/www.wallendorff.com\/belogue\/wp-json\/wp\/v2\/media\/26750"}],"wp:attachment":[{"href":"https:\/\/www.wallendorff.com\/belogue\/wp-json\/wp\/v2\/media?parent=22616"}],"wp:term":[{"taxonomy":"category","embeddable":true,"href":"https:\/\/www.wallendorff.com\/belogue\/wp-json\/wp\/v2\/categories?post=22616"},{"taxonomy":"post_tag","embeddable":true,"href":"https:\/\/www.wallendorff.com\/belogue\/wp-json\/wp\/v2\/tags?post=22616"}],"curies":[{"name":"wp","href":"https:\/\/api.w.org\/{rel}","templated":true}]}}