{"id":22454,"date":"2014-01-27T16:33:58","date_gmt":"2014-01-27T14:33:58","guid":{"rendered":"http:\/\/www.wallendorff.com\/?p=22454"},"modified":"2018-05-23T08:12:43","modified_gmt":"2018-05-23T06:12:43","slug":"to-be-born-again","status":"publish","type":"post","link":"https:\/\/www.wallendorff.com\/belogue\/2014\/01\/27\/to-be-born-again\/","title":{"rendered":"To be born again."},"content":{"rendered":"\n<div id=\"photo\">\n<p><img decoding=\"async\" src=\"https:\/\/www.wallendorff.com\/belogue\/photo\/2014\/01\/20140127.jpg\"><br \/>\nPlace de la R&eacute;publique, Paris, 5 janvier.<\/p>\n<\/p><\/div>\n<div id=\"bandeson\">\n<p><img decoding=\"async\" src=\"https:\/\/www.wallendorff.com\/belogue\/photo\/pochettes\/s\/secret_machines-sad_and_lonely_2.jpg\" align=\"left\" \/><a id=\"lienmp3\" style=\"font-weight:normal\" href=\"https:\/\/www.wallendorff.com\/belogue\/media\/20140127.mp3\"><em>Astral Weeks<\/em> (Van Morrison cover)<\/a><br \/>\n          <a href=\"http:\/\/www.thesecretmachines.com\/\">Secret Machines<\/a><\/p>\n<\/p><\/div>\n","protected":false},"excerpt":{"rendered":"<p>Place de la R&eacute;publique, Paris, 5 janvier. Astral Weeks (Van Morrison cover) Secret Machines<\/p>\n","protected":false},"author":1,"featured_media":26733,"comment_status":"open","ping_status":"open","sticky":false,"template":"","format":"standard","meta":{"_acf_changed":false,"ngg_post_thumbnail":0,"jetpack_post_was_ever_published":false,"_jetpack_newsletter_access":"","_jetpack_dont_email_post_to_subs":false,"_jetpack_newsletter_tier_id":0,"_jetpack_memberships_contains_paywalled_content":false,"_jetpack_memberships_contains_paid_content":false,"footnotes":"","jetpack_publicize_message":"","jetpack_publicize_feature_enabled":true,"jetpack_social_post_already_shared":true,"jetpack_social_options":{"image_generator_settings":{"template":"highway","default_image_id":0,"font":"","enabled":false},"version":2}},"categories":[3],"tags":[10336,10267,10183,8353,2571,8351,10144,10246,11282,10381,587,10407,10227,8354],"class_list":["post-22454","post","type-post","status-publish","format-standard","has-post-thumbnail","hentry","category-dpc","tag-10336","tag-10267","tag-10183","tag-astral-weeks","tag-ef-16-35-mm-f28l-ii-usm","tag-eos-6d","tag-ciel","tag-contre-jour","tag-monument-a-la-republique","tag-place-de-la-republique","tag-secret-machines","tag-silhouette","tag-statue","tag-van-morrison"],"acf":[],"geo":{"latitude":48.8679085,"longitude":2.3640347,"description":"Paris 03, \u00cele-de-France, 75140 CEDEX 03, FR"},"jetpack_publicize_connections":[],"jetpack_featured_media_url":"https:\/\/www.wallendorff.com\/belogue\/wp-content\/uploads\/2015\/04\/201401271.jpg","jetpack_shortlink":"https:\/\/wp.me\/p3b35P-5Qa","jetpack_sharing_enabled":true,"jetpack-related-posts":[{"id":132374,"url":"https:\/\/www.wallendorff.com\/belogue\/2025\/06\/01\/lenjouement\/","url_meta":{"origin":22454,"position":0},"title":"L&rsquo;enjouement.","author":"dpc","date":"1 juin 2025","format":false,"excerpt":"Paris, 31 mai 2025.","rel":"","context":"Dans &quot;DPC&quot;","block_context":{"text":"DPC","link":"https:\/\/www.wallendorff.com\/belogue\/category\/dpc\/"},"img":{"alt_text":"","src":"https:\/\/i0.wp.com\/www.wallendorff.com\/belogue\/wp-content\/uploads\/2025\/06\/20250601-26.jpg?resize=350%2C200&ssl=1","width":350,"height":200,"srcset":"https:\/\/i0.wp.com\/www.wallendorff.com\/belogue\/wp-content\/uploads\/2025\/06\/20250601-26.jpg?resize=350%2C200&ssl=1 1x, https:\/\/i0.wp.com\/www.wallendorff.com\/belogue\/wp-content\/uploads\/2025\/06\/20250601-26.jpg?resize=525%2C300&ssl=1 1.5x, https:\/\/i0.wp.com\/www.wallendorff.com\/belogue\/wp-content\/uploads\/2025\/06\/20250601-26.jpg?resize=700%2C400&ssl=1 2x, https:\/\/i0.wp.com\/www.wallendorff.com\/belogue\/wp-content\/uploads\/2025\/06\/20250601-26.jpg?resize=1050%2C600&ssl=1 3x"},"classes":[]},{"id":134398,"url":"https:\/\/www.wallendorff.com\/belogue\/2025\/11\/14\/dix\/","url_meta":{"origin":22454,"position":1},"title":"Dix.","author":"dpc","date":"14 novembre 2025","format":false,"excerpt":"Paris, 2015 \u2013 2024. \u00c0 P.A.,Au 131 autres morts,Aux milliers de victimes.","rel":"","context":"Dans &quot;DPC&quot;","block_context":{"text":"DPC","link":"https:\/\/www.wallendorff.com\/belogue\/category\/dpc\/"},"img":{"alt_text":"","src":"https:\/\/i0.wp.com\/www.wallendorff.com\/belogue\/wp-content\/uploads\/2025\/11\/20251114-26.jpg?resize=350%2C200&ssl=1","width":350,"height":200,"srcset":"https:\/\/i0.wp.com\/www.wallendorff.com\/belogue\/wp-content\/uploads\/2025\/11\/20251114-26.jpg?resize=350%2C200&ssl=1 1x, https:\/\/i0.wp.com\/www.wallendorff.com\/belogue\/wp-content\/uploads\/2025\/11\/20251114-26.jpg?resize=525%2C300&ssl=1 1.5x, https:\/\/i0.wp.com\/www.wallendorff.com\/belogue\/wp-content\/uploads\/2025\/11\/20251114-26.jpg?resize=700%2C400&ssl=1 2x, https:\/\/i0.wp.com\/www.wallendorff.com\/belogue\/wp-content\/uploads\/2025\/11\/20251114-26.jpg?resize=1050%2C600&ssl=1 3x"},"classes":[]},{"id":131467,"url":"https:\/\/www.wallendorff.com\/belogue\/2025\/01\/07\/charlie-x\/","url_meta":{"origin":22454,"position":2},"title":"Charlie X.","author":"dpc","date":"7 janvier 2025","format":false,"excerpt":"Place de la R\u00e9publique, Paris, 7 janvier 2015. C'\u00e9tait le d\u00e9but de l'ann\u00e9e, nous n'\u00e9tions pas encore vraiment revenus de la pause de No\u00ebl. Tout n'\u00e9tait que lent retour au travail, bons v\u0153ux, nez qui coulent, miettes de galettes et bonnes r\u00e9solutions encore pas trop mal tenues.L'optimisme de d\u00e9but d'ann\u00e9e\u2026","rel":"","context":"Dans &quot;DPC&quot;","block_context":{"text":"DPC","link":"https:\/\/www.wallendorff.com\/belogue\/category\/dpc\/"},"img":{"alt_text":"","src":"https:\/\/i0.wp.com\/www.wallendorff.com\/belogue\/wp-content\/uploads\/2025\/01\/20250107-01.jpg?resize=350%2C200&ssl=1","width":350,"height":200,"srcset":"https:\/\/i0.wp.com\/www.wallendorff.com\/belogue\/wp-content\/uploads\/2025\/01\/20250107-01.jpg?resize=350%2C200&ssl=1 1x, https:\/\/i0.wp.com\/www.wallendorff.com\/belogue\/wp-content\/uploads\/2025\/01\/20250107-01.jpg?resize=525%2C300&ssl=1 1.5x, https:\/\/i0.wp.com\/www.wallendorff.com\/belogue\/wp-content\/uploads\/2025\/01\/20250107-01.jpg?resize=700%2C400&ssl=1 2x, https:\/\/i0.wp.com\/www.wallendorff.com\/belogue\/wp-content\/uploads\/2025\/01\/20250107-01.jpg?resize=1050%2C600&ssl=1 3x"},"classes":[]},{"id":633,"url":"https:\/\/www.wallendorff.com\/belogue\/2006\/08\/09\/que-tu-crois\/","url_meta":{"origin":22454,"position":3},"title":"Que tu cro&icirc;s.","author":"dpc","date":"9 ao\u00fbt 2006","format":false,"excerpt":"Station R\u00e9publique, Paris, 7 ao\u00fbt. \u00a0Noisettes \u2013 Don't Give Up","rel":"","context":"Dans &quot;DPC&quot;","block_context":{"text":"DPC","link":"https:\/\/www.wallendorff.com\/belogue\/category\/dpc\/"},"img":{"alt_text":"","src":"https:\/\/i0.wp.com\/www.wallendorff.com\/belogue\/wp-content\/uploads\/2015\/04\/200608091.jpg?resize=350%2C200&ssl=1","width":350,"height":200},"classes":[]},{"id":27800,"url":"https:\/\/www.wallendorff.com\/belogue\/2015\/06\/25\/oui-fm-festival-jour-2\/","url_meta":{"origin":22454,"position":4},"title":"O\u00fci FM Festival, jour 2.","author":"dpc","date":"25 juin 2015","format":false,"excerpt":"Eighty-Four The Strypes","rel":"","context":"Dans &quot;Alive&quot;","block_context":{"text":"Alive","link":"https:\/\/www.wallendorff.com\/belogue\/category\/alive\/"},"img":{"alt_text":"","src":"https:\/\/i0.wp.com\/www.wallendorff.com\/belogue\/wp-content\/uploads\/2015\/06\/20150625-021.jpg?resize=350%2C200&ssl=1","width":350,"height":200,"srcset":"https:\/\/i0.wp.com\/www.wallendorff.com\/belogue\/wp-content\/uploads\/2015\/06\/20150625-021.jpg?resize=350%2C200&ssl=1 1x, https:\/\/i0.wp.com\/www.wallendorff.com\/belogue\/wp-content\/uploads\/2015\/06\/20150625-021.jpg?resize=525%2C300&ssl=1 1.5x, https:\/\/i0.wp.com\/www.wallendorff.com\/belogue\/wp-content\/uploads\/2015\/06\/20150625-021.jpg?resize=700%2C400&ssl=1 2x"},"classes":[]},{"id":12163,"url":"https:\/\/www.wallendorff.com\/belogue\/2011\/02\/02\/marries-crise-masses\/","url_meta":{"origin":22454,"position":5},"title":"Marries crise-masses.","author":"dpc","date":"2 f\u00e9vrier 2011","format":false,"excerpt":"Avenue de la R\u00e9publique, Paris, 8 janvier. \u00a0Slow Club \u2013 Christmas (Baby Please Come Home) (Darlene Love cover)","rel":"","context":"Dans &quot;DPC&quot;","block_context":{"text":"DPC","link":"https:\/\/www.wallendorff.com\/belogue\/category\/dpc\/"},"img":{"alt_text":"","src":"https:\/\/i0.wp.com\/www.wallendorff.com\/belogue\/wp-content\/uploads\/2015\/04\/201102021.jpg?resize=350%2C200&ssl=1","width":350,"height":200},"classes":[]}],"_links":{"self":[{"href":"https:\/\/www.wallendorff.com\/belogue\/wp-json\/wp\/v2\/posts\/22454","targetHints":{"allow":["GET"]}}],"collection":[{"href":"https:\/\/www.wallendorff.com\/belogue\/wp-json\/wp\/v2\/posts"}],"about":[{"href":"https:\/\/www.wallendorff.com\/belogue\/wp-json\/wp\/v2\/types\/post"}],"author":[{"embeddable":true,"href":"https:\/\/www.wallendorff.com\/belogue\/wp-json\/wp\/v2\/users\/1"}],"replies":[{"embeddable":true,"href":"https:\/\/www.wallendorff.com\/belogue\/wp-json\/wp\/v2\/comments?post=22454"}],"version-history":[{"count":5,"href":"https:\/\/www.wallendorff.com\/belogue\/wp-json\/wp\/v2\/posts\/22454\/revisions"}],"predecessor-version":[{"id":22459,"href":"https:\/\/www.wallendorff.com\/belogue\/wp-json\/wp\/v2\/posts\/22454\/revisions\/22459"}],"wp:featuredmedia":[{"embeddable":true,"href":"https:\/\/www.wallendorff.com\/belogue\/wp-json\/wp\/v2\/media\/26733"}],"wp:attachment":[{"href":"https:\/\/www.wallendorff.com\/belogue\/wp-json\/wp\/v2\/media?parent=22454"}],"wp:term":[{"taxonomy":"category","embeddable":true,"href":"https:\/\/www.wallendorff.com\/belogue\/wp-json\/wp\/v2\/categories?post=22454"},{"taxonomy":"post_tag","embeddable":true,"href":"https:\/\/www.wallendorff.com\/belogue\/wp-json\/wp\/v2\/tags?post=22454"}],"curies":[{"name":"wp","href":"https:\/\/api.w.org\/{rel}","templated":true}]}}