{"id":22345,"date":"2014-01-06T14:57:31","date_gmt":"2014-01-06T12:57:31","guid":{"rendered":"http:\/\/www.wallendorff.com\/?p=22345"},"modified":"2018-05-23T08:12:43","modified_gmt":"2018-05-23T06:12:43","slug":"sapins-trient-forts-ceux-des-villes","status":"publish","type":"post","link":"https:\/\/www.wallendorff.com\/belogue\/2014\/01\/06\/sapins-trient-forts-ceux-des-villes\/","title":{"rendered":"Sapins trient fort ceux des villes."},"content":{"rendered":"\n<div id=\"photo\">\n<p><img decoding=\"async\" src=\"https:\/\/www.wallendorff.com\/belogue\/photo\/2014\/01\/20140106.jpg\"><br \/>\nParvis Notre-Dame &ndash; place Jean-Paul-II, Paris, 16 d&eacute;cembre 2013.<\/p>\n<\/p><\/div>\n<p style=\"text-align:right\">[Je fais un peu beaucoup dans la cath&eacute;drale, ces temps.]<\/p>\n<div id=\"bandeson\">\n<p><img decoding=\"async\" src=\"https:\/\/www.wallendorff.com\/belogue\/photo\/pochettes\/w\/wombats_the-is_this_christmas.jpg\" align=\"left\" \/><a href=\"http:\/\/www.youtube.com\/watch?v=QQAmwRM-vXU\"><em>Is This Christmas?<\/em><\/a><br \/>\n          <a href=\"http:\/\/www.thewombats.co.uk\/\">The Wombats<\/a><\/p>\n<p>        <iframe style=\"align:right\" width=\"400px\" height=\"55\" scrolling=\"no\" frameborder=\"no\" src=\"https:\/\/w.soundcloud.com\/player\/?url=https%3A\/\/api.soundcloud.com\/tracks\/102618055&amp;color=ff6600&amp;auto_play=false&amp;show_artwork=false\"><\/iframe>\n      <\/div>\n","protected":false},"excerpt":{"rendered":"<p>Parvis Notre-Dame &ndash; place Jean-Paul-II, Paris, 16 d&eacute;cembre 2013. [Je fais un peu beaucoup dans la cath&eacute;drale, ces temps.] Is This Christmas? The Wombats<\/p>\n","protected":false},"author":1,"featured_media":26723,"comment_status":"open","ping_status":"open","sticky":false,"template":"","format":"standard","meta":{"_acf_changed":false,"ngg_post_thumbnail":0,"jetpack_post_was_ever_published":false,"_jetpack_newsletter_access":"","_jetpack_dont_email_post_to_subs":false,"_jetpack_newsletter_tier_id":0,"_jetpack_memberships_contains_paywalled_content":false,"_jetpack_memberships_contains_paid_content":false,"footnotes":"","jetpack_publicize_message":"","jetpack_publicize_feature_enabled":true,"jetpack_social_post_already_shared":true,"jetpack_social_options":{"image_generator_settings":{"template":"highway","default_image_id":0,"font":"","enabled":false},"version":2}},"categories":[3],"tags":[10277,2571,6766,10743,931,10238,10120,3552,10121,2279,4614,10147,10098,11768,11271,10458],"class_list":["post-22345","post","type-post","status-publish","format-standard","has-post-thumbnail","hentry","category-dpc","tag-10277","tag-ef-16-35-mm-f28l-ii-usm","tag-eos-5d-mark-iii","tag-cathedrale","tag-cathedrale-notre-dame-de-paris","tag-eglise","tag-france","tag-guirlande","tag-ile-de-france","tag-is-this-christmas","tag-noel","tag-nuit","tag-paris","tag-parvis-notre-dame-place-jean-paul-ii","tag-sapin-de-noel","tag-the-wombats"],"acf":[],"geo":{"latitude":48.853302,"longitude":2.3489928,"description":"Paris 04, \u00cele-de-France, 75196 CEDEX 04, FR"},"jetpack_publicize_connections":[],"jetpack_featured_media_url":"https:\/\/www.wallendorff.com\/belogue\/wp-content\/uploads\/2015\/04\/201401061.jpg","jetpack_shortlink":"https:\/\/wp.me\/p3b35P-5Op","jetpack_sharing_enabled":true,"jetpack-related-posts":[{"id":194,"url":"https:\/\/www.wallendorff.com\/belogue\/2006\/01\/03\/touvinta-point-jackie-c-est-ta-tante\/","url_meta":{"origin":22345,"position":0},"title":"Touv&icirc;nta&sup1; point. [Jackie c&rsquo;est ta tendre].","author":"dpc","date":"3 janvier 2006","format":false,"excerpt":"Parvis Notre-Dame \u2013 place Jean-Paul-II, Paris, 2 janvier, 19h07. Ben finalement, j'ai r\u00e9ussi \u00e0 la faire, ma photo de No\u00ebl-sapin-hiver-[et presque]neige. Comme quoi fallait pas d\u00e9sesp\u00e9rer. Je d\u00e9die donc cette photo \u00e0 Miss Dauilles 2005 ainsi qu'\u00e0 la plus dou\u00e9e des litt\u00e9raires mickeyphiles de Paris. Comme \u00e7a. [Et la bande-son\u2026","rel":"","context":"Dans &quot;DPC&quot;","block_context":{"text":"DPC","link":"https:\/\/www.wallendorff.com\/belogue\/category\/dpc\/"},"img":{"alt_text":"","src":"https:\/\/i0.wp.com\/www.wallendorff.com\/belogue\/wp-content\/uploads\/2015\/04\/200601031.jpg?resize=350%2C200&ssl=1","width":350,"height":200},"classes":[]},{"id":32034,"url":"https:\/\/www.wallendorff.com\/belogue\/2016\/08\/02\/rose-a-heres-ose-aere-aux-as-rosse-sa-roue-meurs-aux-six-heures-aux-six\/","url_meta":{"origin":22345,"position":1},"title":"Rose \u00e0 h\u00e8res, ose, a\u00e8re ! Aux as, rosse sa roue ! Meurs aux six heures ! Aux six !","author":"dpc","date":"2 ao\u00fbt 2016","format":false,"excerpt":"Parvis Notre-Dame \u2013 place Jean-Paul-II, Paris, 15 mai. Plus je passe de temps sur mes titres, plus ils sont pourris. Clouds Bat for Lashes","rel":"","context":"Dans &quot;DPC&quot;","block_context":{"text":"DPC","link":"https:\/\/www.wallendorff.com\/belogue\/category\/dpc\/"},"img":{"alt_text":"","src":"https:\/\/i0.wp.com\/www.wallendorff.com\/belogue\/wp-content\/uploads\/2016\/08\/20160802.jpg?resize=350%2C200&ssl=1","width":350,"height":200,"srcset":"https:\/\/i0.wp.com\/www.wallendorff.com\/belogue\/wp-content\/uploads\/2016\/08\/20160802.jpg?resize=350%2C200&ssl=1 1x, https:\/\/i0.wp.com\/www.wallendorff.com\/belogue\/wp-content\/uploads\/2016\/08\/20160802.jpg?resize=525%2C300&ssl=1 1.5x, https:\/\/i0.wp.com\/www.wallendorff.com\/belogue\/wp-content\/uploads\/2016\/08\/20160802.jpg?resize=700%2C400&ssl=1 2x"},"classes":[]},{"id":200,"url":"https:\/\/www.wallendorff.com\/belogue\/2006\/01\/09\/les-grands-epris-s-rendent-comptes\/","url_meta":{"origin":22345,"position":2},"title":"Les grands &eacute;pris s&rsquo;rendent comptes.","author":"dpc","date":"9 janvier 2006","format":false,"excerpt":"Parvis Notre-Dame1 \u2013 place Jean-Paul-II, Paris, 2 janvier, 19h08. \u201cI'm unclean, a libertine And every time you vent your spleen, I seem to lose the power of speech, Your slipping slowly from my reach. You grow me like an evergreen, You never see the lonely me at all\u201d [En parlant\u2026","rel":"","context":"Dans &quot;DPC&quot;","block_context":{"text":"DPC","link":"https:\/\/www.wallendorff.com\/belogue\/category\/dpc\/"},"img":{"alt_text":"","src":"https:\/\/i0.wp.com\/www.wallendorff.com\/belogue\/wp-content\/uploads\/2015\/04\/200601091.jpg?resize=350%2C200&ssl=1","width":350,"height":200},"classes":[]},{"id":241,"url":"https:\/\/www.wallendorff.com\/belogue\/2005\/12\/13\/des-heures-donnees\/","url_meta":{"origin":22345,"position":3},"title":"Des heures donn&eacute;es&sup1;.","author":"dpc","date":"13 d\u00e9cembre 2005","format":false,"excerpt":"Sleepless in Cit\u00e92, Paris, 02 d\u00e9cembre 2005, 08h05. Et apr\u00e8s tout ces \u00e9crits, Il n'y a plus qu'\u00e0 finir au lit. \u00a0Placebo \u2013 Running Up That Hill (Kate Bush cover) _____ 1 Ils vont finir par le voir, les gens, que j'ai la flemme du titre en ce moment. 2\u2026","rel":"","context":"Dans &quot;DPC&quot;","block_context":{"text":"DPC","link":"https:\/\/www.wallendorff.com\/belogue\/category\/dpc\/"},"img":{"alt_text":"","src":"https:\/\/i0.wp.com\/www.wallendorff.com\/belogue\/wp-content\/uploads\/2015\/04\/200512131.jpg?resize=350%2C200&ssl=1","width":350,"height":200,"srcset":"https:\/\/i0.wp.com\/www.wallendorff.com\/belogue\/wp-content\/uploads\/2015\/04\/200512131.jpg?resize=350%2C200&ssl=1 1x, https:\/\/i0.wp.com\/www.wallendorff.com\/belogue\/wp-content\/uploads\/2015\/04\/200512131.jpg?resize=525%2C300&ssl=1 1.5x, https:\/\/i0.wp.com\/www.wallendorff.com\/belogue\/wp-content\/uploads\/2015\/04\/200512131.jpg?resize=700%2C400&ssl=1 2x"},"classes":[]},{"id":3154,"url":"https:\/\/www.wallendorff.com\/belogue\/2008\/08\/26\/begue-ont-verbes-et-gonds-jaunes1\/","url_meta":{"origin":22345,"position":4},"title":"B\u00e8gue ont verbes et gonds jaunes1.","author":"dpc","date":"26 ao\u00fbt 2008","format":false,"excerpt":"Notre-Dame2, Paris, 24 juillet. The National \u2013 Racing Like a Pro J'aimerais bien savoir pourquoi, depuis toutes ces ann\u00e9es, \u00e0 chaque fois que je r\u00e8gle \u00e0 la souris \u2013\u00a0donc \u00e0 la louche\u00a0\u2013 l'opacit\u00e9 d'un calque Photoshop il faut que je tombe sur 69%. _____ 1 Pfff un titre pareil va\u2026","rel":"","context":"Dans &quot;DPC&quot;","block_context":{"text":"DPC","link":"https:\/\/www.wallendorff.com\/belogue\/category\/dpc\/"},"img":{"alt_text":"","src":"https:\/\/i0.wp.com\/www.wallendorff.com\/belogue\/wp-content\/uploads\/2015\/04\/200808261.jpg?resize=350%2C200&ssl=1","width":350,"height":200},"classes":[]},{"id":130781,"url":"https:\/\/www.wallendorff.com\/belogue\/2024\/10\/10\/reinstallation-de-la-croix-du-chevet-de-notre-dame\/","url_meta":{"origin":22345,"position":5},"title":"R\u00e9installation de la croix du chevet de Notre-Dame","author":"dpc","date":"10 octobre 2024","format":false,"excerpt":"","rel":"","context":"Dans &quot;DPC&quot;","block_context":{"text":"DPC","link":"https:\/\/www.wallendorff.com\/belogue\/category\/dpc\/"},"img":{"alt_text":"","src":"https:\/\/i0.wp.com\/www.wallendorff.com\/belogue\/wp-content\/uploads\/2024\/10\/20241010-23.jpg?resize=350%2C200&ssl=1","width":350,"height":200,"srcset":"https:\/\/i0.wp.com\/www.wallendorff.com\/belogue\/wp-content\/uploads\/2024\/10\/20241010-23.jpg?resize=350%2C200&ssl=1 1x, https:\/\/i0.wp.com\/www.wallendorff.com\/belogue\/wp-content\/uploads\/2024\/10\/20241010-23.jpg?resize=525%2C300&ssl=1 1.5x, https:\/\/i0.wp.com\/www.wallendorff.com\/belogue\/wp-content\/uploads\/2024\/10\/20241010-23.jpg?resize=700%2C400&ssl=1 2x, https:\/\/i0.wp.com\/www.wallendorff.com\/belogue\/wp-content\/uploads\/2024\/10\/20241010-23.jpg?resize=1050%2C600&ssl=1 3x"},"classes":[]}],"_links":{"self":[{"href":"https:\/\/www.wallendorff.com\/belogue\/wp-json\/wp\/v2\/posts\/22345","targetHints":{"allow":["GET"]}}],"collection":[{"href":"https:\/\/www.wallendorff.com\/belogue\/wp-json\/wp\/v2\/posts"}],"about":[{"href":"https:\/\/www.wallendorff.com\/belogue\/wp-json\/wp\/v2\/types\/post"}],"author":[{"embeddable":true,"href":"https:\/\/www.wallendorff.com\/belogue\/wp-json\/wp\/v2\/users\/1"}],"replies":[{"embeddable":true,"href":"https:\/\/www.wallendorff.com\/belogue\/wp-json\/wp\/v2\/comments?post=22345"}],"version-history":[{"count":5,"href":"https:\/\/www.wallendorff.com\/belogue\/wp-json\/wp\/v2\/posts\/22345\/revisions"}],"predecessor-version":[{"id":38237,"href":"https:\/\/www.wallendorff.com\/belogue\/wp-json\/wp\/v2\/posts\/22345\/revisions\/38237"}],"wp:featuredmedia":[{"embeddable":true,"href":"https:\/\/www.wallendorff.com\/belogue\/wp-json\/wp\/v2\/media\/26723"}],"wp:attachment":[{"href":"https:\/\/www.wallendorff.com\/belogue\/wp-json\/wp\/v2\/media?parent=22345"}],"wp:term":[{"taxonomy":"category","embeddable":true,"href":"https:\/\/www.wallendorff.com\/belogue\/wp-json\/wp\/v2\/categories?post=22345"},{"taxonomy":"post_tag","embeddable":true,"href":"https:\/\/www.wallendorff.com\/belogue\/wp-json\/wp\/v2\/tags?post=22345"}],"curies":[{"name":"wp","href":"https:\/\/api.w.org\/{rel}","templated":true}]}}