{"id":22209,"date":"2013-12-28T10:15:15","date_gmt":"2013-12-28T08:15:15","guid":{"rendered":"http:\/\/www.wallendorff.com\/?p=22209"},"modified":"2013-12-28T10:15:15","modified_gmt":"2013-12-28T08:15:15","slug":"2013-en-10-concerts-qui-postillonnrent-du-poney","status":"publish","type":"post","link":"https:\/\/www.wallendorff.com\/belogue\/2013\/12\/28\/2013-en-10-concerts-qui-postillonnrent-du-poney\/","title":{"rendered":"2013 en 10 concerts qui postillonn&egrave;rent du poney."},"content":{"rendered":"<div id=\"photo\">\n<p><img decoding=\"async\" src=\"https:\/\/www.wallendorff.com\/belogue\/photo\/2013\/12\/20131228.jpg\" \/><\/p>\n<\/div>\n<p>Je n&rsquo;ai jamais fait de mauvais concert de Kasabian. Celui-l&agrave; ne pouvait pas d&eacute;roger &agrave; la r&egrave;gle&nbsp;: le voyage, le lieu, le passe photo l&eacute;g&egrave;rement chapard&eacute;, la barri&egrave;re qui s&rsquo;&eacute;croule et, &eacute;videmment, le show en lui-m&ecirc;me&nbsp;: celui d&rsquo;un groupe qui devient d&eacute;cid&eacute;ment &eacute;norme d&eacute;roulant des hymnes de stade devant quelques dizaines de milliers d&rsquo;Italiens compl&egrave;tement dingues, une ambiance chaude-bouillante d&rsquo;un bout &agrave; l&rsquo;autre, &ccedil;a marque beaucoup. &Ccedil;a marque plus que deux heures d&rsquo;Ancienne Belgique survolt&eacute;e par BRMC, que le grand retour d&rsquo;Editors dans mes parages, que mon premier passe photo de Depeche Mode, que la Machine pleine de bras des Crystal Fighters, que ce chouette plateau radio d&rsquo;il y a quinze jours, du Junip intime au Trabendo, que la semaine &eacute;lectrique livr&eacute;e par The Joy Formidable en f&eacute;vrier, d&rsquo;abord seuls &agrave; la Maroquinerie, puis avec Bloc Party au Z&eacute;nith, que la soir&eacute;e folle d&rsquo;&#8230;And You Will Know Us by the Trail of Dead &agrave; la Maro, que Mumford &amp; Sons tour &agrave; tour tonitruants et murmurants au Trianon et que Foals et Miles Kane qui retournent respectivement le Z&eacute;nith et la Maroquinerie.<\/p>\n<p>Ce fut une couette ann&eacute;e de concerts. Gr&acirc;ce &agrave; tout ce que je viens de citer mais aussi parce que j&rsquo;en ai fait dans 4 pays diff&eacute;rents, ce qui ne m&rsquo;&eacute;tait pas arriv&eacute; depuis 2007, parce qu&rsquo;il y a eu <a href=\"https:\/\/www.wallendorff.com\/belogue\/2013\/03\/19\/black-rebel-motorcycle-club-le-trianon-paris-15-16-mars\/\">l&rsquo;expo<\/a> en mars, parce que j&rsquo;ai f&ecirc;t&eacute; mes <a href=\"https:\/\/www.wallendorff.com\/belogue\/2013\/05\/13\/the-first-ten-years\/\">10 ans de passes photos<\/a> en avril, parce que nous nous sommes bien amus&eacute;s avec les topains de <a href=\"http:\/\/www.soul-kitchen.fr\">Soul Kitchen<\/a> et parce que les festivals furent tous mortels. Je ne peux qu&rsquo;en redemander, &eacute;videmment.<\/p>\n<p style=\"text-align:right\">Les liens vers les photos de chaque concert sont ci-dessous. Pour un floril&egrave;ge plus l&eacute;ger, vous pouvez aller voir la belle <a href=\"http:\/\/www.soul-kitchen.fr\/44802-best-of-photos-concert-portraits-2013\">galerie que Soul Kitchen a mise en ligne hier<\/a>.<\/p>\n<ol>\n<ol>\n<ol>\n<li><a href=\"https:\/\/www.wallendorff.com\/belogue\/2013\/06\/03\/kasabian-casa-bacardi-live-milan-30-mai\/\"><strong>Kasabian &ndash; Casa Bacardi Live, Milan, 30 mai<\/strong><\/a><\/li>\n<li><a href=\"https:\/\/www.wallendorff.com\/belogue\/2013\/04\/05\/black-rebel-motorcycle-club-lancienne-belgique-bruxelles-1er-avril\/\">Black Rebel Motorcycle Club &ndash; L&rsquo;Ancienne Belgique, Bruxelles, 1<sup>er<\/sup> avril<\/a><\/li>\n<li><a href=\"https:\/\/www.wallendorff.com\/belogue\/2013\/10\/23\/editors-le-trianon-paris-21-octobre\/\">Editors &ndash; Le Trianon, Paris, 21 octobre<\/a><\/li>\n<li><a href=\"https:\/\/www.wallendorff.com\/belogue\/2013\/06\/17\/depeche-mode-stade-de-france-saint-denis-15-juin\/\">Depeche Mode &ndash; Stade de France, Saint-Denis, 15 juin<\/a><\/li>\n<li><a href=\"https:\/\/www.wallendorff.com\/belogue\/2013\/05\/22\/crystal-fighters-la-machine-du-moulin-rouge-paris\/\">Crystal Fighters &ndash; La Machine du Moulin Rouge, Paris, 21 mai<\/a><\/li>\n<li><a href=\"https:\/\/www.wallendorff.com\/belogue\/2013\/12\/23\/virgin-radio-live-le-zenith-paris-19-decembre\/\">Virgin Radio Live&nbsp;: Placebo + Shaka Ponk + Skip the Use &ndash; le Z&eacute;nith, Paris &ndash; 19 d&eacute;cembre<\/a><\/li>\n<li><a href=\"https:\/\/www.wallendorff.com\/belogue\/2013\/05\/15\/junip-barbarossa-le-trabendo-paris\/\">Junip &ndash; Le Trabendo, Paris, 14 mai<\/a><\/li>\n<li><a href=\"https:\/\/www.wallendorff.com\/belogue\/2013\/02\/13\/the-joy-formidable-la-maroquinerie-paris\/\">The Joy Formidable &ndash; La Maroquinerie, Paris, 12 f&eacute;vrier<\/a><\/li>\n<li><a href=\"https:\/\/www.wallendorff.com\/belogue\/2013\/02\/21\/bloc-party-the-joy-formidable-le-zenith-paris\/\">Bloc Party + The Joy Formidable &ndash; Le Z&eacute;nith, Paris, 20 f&eacute;vrier<\/a><\/li>\n<li><a href=\"https:\/\/www.wallendorff.com\/belogue\/2013\/04\/19\/and-you-will-know-us-by-the-trail-of-dead-la-maroquinerie-paris-17-avril\/\">&hellip;And You Will Know Us By the Trail of Dead &ndash; La Maroquinerie, Paris, 17 avril<\/a><\/li>\n<li><a href=\"https:\/\/www.wallendorff.com\/belogue\/2013\/03\/27\/mumford-sons-mystery-jets-le-trianon-paris\/\">Mumford &amp; Sons &ndash; Le Trianon, Paris, 26 mars<\/a><\/li>\n<li><a href=\"https:\/\/www.wallendorff.com\/belogue\/2013\/09\/24\/the-black-angels-le-trianon-paris\/\">The Black Angels &ndash; le Trianon, Paris, 23 septembre<\/a><\/li>\n<li><a href=\"https:\/\/www.wallendorff.com\/belogue\/2013\/11\/17\/foals-breton-festival-des-inrocks-le-zenith-paris-12-novembre\/\">Foals + Breton &ndash; Festival des Inrocks, le Z&eacute;nith, Paris, 12 novembre<\/a><\/li>\n<li><a href=\"https:\/\/www.wallendorff.com\/belogue\/2013\/05\/24\/miles-kane-la-maroquinerie-paris-22-mai\/\">Miles Kane &ndash; La Maroquinerie, Paris, 22 mai<\/a><\/li>\n<\/ol>\n<\/ol>\n<\/ol>\n<h2>Hors concours<\/h2>\n<ul>\n<ul>\n<ul>\n<li><u><a href=\"https:\/\/www.wallendorff.com\/belogue\/2013\/11\/07\/octobre-2013\/\">Jagwar Ma sous une pluie de basquettes &ndash; Paris, 29 octobre<\/a><\/u><\/li>\n<li><u><a href=\"https:\/\/www.wallendorff.com\/belogue\/tag\/rock-en-seine-2013\/\">3 jours de gens qui sautent et un peu de boue &ndash; Saint-Cloud, 23-25 ao&ucirc;t<\/a><\/u><\/li>\n<li><u><a href=\"https:\/\/www.wallendorff.com\/belogue\/tag\/paleo-festival-2013\/\">6 jours de joie vaudoise &ndash; Nyon, 23-28 juillet<\/a><\/u><\/li>\n<li><u><a href=\"https:\/\/www.wallendorff.com\/belogue\/tag\/eurockeennes-2013\/\">4 jours de grandes retrouvailles &ndash; Belfort, 04-07 juillet<\/a><\/u><\/li>\n<li><u><a href=\"https:\/\/www.wallendorff.com\/belogue\/2013\/06\/24\/muse-stade-de-france-saint-denis-21-juin\/\">Un gros stade dont nous avons bien bien pu visiter les caves &ndash; Saint-Denis &ndash; 21 juin<\/a><\/u><\/li>\n<li><u><a href=\"https:\/\/www.wallendorff.com\/belogue\/2013\/03\/19\/black-rebel-motorcycle-club-le-trianon-paris-15-16-mars\/\">2 jours de rock et roll et de photos aux murs &ndash; Paris,15 et 16 mars<\/a><\/u><\/li>\n<li>Le concert de Miles Kane dont je ne verrai jamais les photos, et pour cause &ndash; Paris, 30 octobre.<\/li>\n<li>et enfin 3 minutes de Cali parce que Cali, d&eacute;cid&eacute;ment, est vraiment sympa &ndash; Paris, 25 f&eacute;vrier<\/li>\n<p>&nbsp;<\/p>\n<\/ul>\n<\/ul>\n<\/ul>\n<div id=\"bandeson\">\n<p><img decoding=\"async\" src=\"https:\/\/www.wallendorff.com\/belogue\/photo\/pochettes\/k\/kasabian-live.jpg\" align=\"left\" \/><a style=\"font-weight:normal\" href=\"http:\/\/www.youtube.com\/watch?v=qUXiyVVMZKU\"><em>Fast Fuse<\/em> \/ <em>Misirlou<\/em> (Dick Dale cover) (live)<\/a><br \/>\n    <a href=\"http:\/\/www.kasabian.co.uk\">Kasabian<\/a><\/p>\n<\/div>\n<p style=\"text-align:center\"> <img decoding=\"async\" src=\"https:\/\/www.wallendorff.com\/belogue\/photo\/2005\/12\/archives.gif\" \/><\/p>\n<h1>2012 en 10 concerts pas oubliables.<\/h1>\n<ol>\n<ol>\n<ol>\n<li><a href=\"https:\/\/www.wallendorff.com\/belogue\/2012\/07\/04\/main-square-festival-jour-2-2\/\"><strong>Pearl Jam @ Main Square Festival, Arras, 30 juin<\/strong><\/a><\/li>\n<li><a href=\"https:\/\/www.wallendorff.com\/belogue\/2012\/04\/30\/the-dandy-warhols-lolympia-paris\/\">The Dandy Warhols @ l&rsquo;Olympia, Paris, 29 avril<\/a><\/li>\n<li>Jack White @ l&rsquo;Olympia, Paris, 2 juillet<\/li>\n<li><a href=\"https:\/\/www.wallendorff.com\/belogue\/2012\/08\/28\/rock-en-seine-2012-jour-2\/\">Eagles of Death Metal @ Rock en Seine, Saint-Cloud, 25 ao&ucirc;t <\/a><\/li>\n<li><a href=\"https:\/\/www.wallendorff.com\/belogue\/2012\/11\/30\/the-dandy-warhols-le-trianon-paris\/\">The Dandy Warhols @ le Trianon, Paris, 29 novembre<\/a><\/li>\n<li><a href=\"https:\/\/www.wallendorff.com\/belogue\/2012\/12\/15\/two-gallants-le-nouveau-casino-paris-11-decembre\/\">Two Gallants @ le Nouveau Casino, Paris, 11 d&eacute;cembre<\/a><\/li>\n<li><a href=\"https:\/\/www.wallendorff.com\/belogue\/2012\/10\/26\/metz-le-nouveau-casino-paris\/\">METZ @ le Nouveau Casino, Paris, 25 octobre<\/a><\/li>\n<li><a href=\"https:\/\/www.wallendorff.com\/belogue\/2012\/03\/06\/sleigh-bells-charli-xcx-la-machine-du-moulin-rouge-paris\/\">Sleigh Bells @ la Machine du Moulin Rouge, Paris, 05 mars<\/a><\/li>\n<li><a href=\"https:\/\/www.wallendorff.com\/belogue\/2012\/11\/27\/biffy-clyro-triggerfinger-le-divan-du-monde-paris\/\">Biffy Clyro + Triggerfinger @ le Divan du Monde, Paris, 26 novembre<\/a><\/li>\n<li><a href=\"https:\/\/www.wallendorff.com\/belogue\/2012\/11\/16\/two-door-cinema-club-alt-j-le-zenith-paris\/\">Two Door Cinema Club @ le Z&eacute;nith, Paris, 15\/11\/2012<\/a>\n      <\/li>\n<\/ol>\n<\/ol>\n<\/ol>\n","protected":false},"excerpt":{"rendered":"<p>Je n&rsquo;ai jamais fait de mauvais concert de Kasabian. Celui-l&agrave; ne pouvait pas d&eacute;roger &agrave; la r&egrave;gle&nbsp;: le voyage, le lieu, le passe photo l&eacute;g&egrave;rement chapard&eacute;, la barri&egrave;re qui s&rsquo;&eacute;croule et, &eacute;videmment, le show en lui-m&ecirc;me&nbsp;: celui d&rsquo;un groupe qui devient d&eacute;cid&eacute;ment &eacute;norme d&eacute;roulant des hymnes de stade devant quelques dizaines de milliers d&rsquo;Italiens compl&egrave;tement&hellip;<\/p>\n","protected":false},"author":1,"featured_media":26716,"comment_status":"open","ping_status":"open","sticky":false,"template":"","format":"standard","meta":{"_acf_changed":false,"ngg_post_thumbnail":0,"jetpack_post_was_ever_published":false,"_jetpack_newsletter_access":"","_jetpack_dont_email_post_to_subs":false,"_jetpack_newsletter_tier_id":0,"_jetpack_memberships_contains_paywalled_content":false,"_jetpack_memberships_contains_paid_content":false,"footnotes":"","jetpack_publicize_message":"","jetpack_publicize_feature_enabled":true,"jetpack_social_post_already_shared":true,"jetpack_social_options":{"image_generator_settings":{"template":"highway","default_image_id":0,"font":"","enabled":false},"version":2}},"categories":[3],"tags":[7192,10118,10220,167,168,10762,10126,6346,10337,3083,10222,10744,10241,10867,6345,10607,10086,10910,11047,10349,10724],"class_list":["post-22209","post","type-post","status-publish","format-standard","has-post-thumbnail","hentry","category-dpc","tag-and-you-will-know-us-by-the-trail-of-dead","tag-black-rebel-motorcycle-club","tag-bloc-party","tag-classements-de-fin-dannee","tag-concerts","tag-crystal-fighters","tag-depeche-mode","tag-dick-dale","tag-editors","tag-fast-fuse","tag-foals","tag-junip","tag-kasabian","tag-miles-kane","tag-misirlou","tag-mumford-sons","tag-placebo","tag-shaka-ponk","tag-skip-the-use","tag-the-black-angels","tag-the-joy-formidable"],"acf":[],"geo":{"latitude":45.4642029,"longitude":9.1896715,"description":"Milano, Lombardia, 20131, IT"},"jetpack_publicize_connections":[],"jetpack_featured_media_url":"https:\/\/www.wallendorff.com\/belogue\/wp-content\/uploads\/2015\/04\/201312281.jpg","jetpack_shortlink":"https:\/\/wp.me\/p3b35P-5Md","jetpack_sharing_enabled":true,"jetpack-related-posts":[{"id":29876,"url":"https:\/\/www.wallendorff.com\/belogue\/2015\/12\/28\/2015-en-10-concerts-qui-envoyrent\/","url_meta":{"origin":22209,"position":0},"title":"2015 en 10 concerts qui envoy&egrave;rent.","author":"dpc","date":"28 d\u00e9cembre 2015","format":false,"excerpt":"\u00c9videmment, le meilleur concert de mon ann\u00e9e 2015 ne sera pas celui dont je me souviendrai le plus. Exactement comme en 2009. Ce n'est toutefois pas une raison pour ne pas faire comme si. Cette soir\u00e9e au Z\u00e9nith fut incroyable. Il y eut la prestation impeccable du groupe, bien s\u00fbr,\u2026","rel":"","context":"Dans &quot;DPC&quot;","block_context":{"text":"DPC","link":"https:\/\/www.wallendorff.com\/belogue\/category\/dpc\/"},"img":{"alt_text":"","src":"https:\/\/i0.wp.com\/www.wallendorff.com\/belogue\/wp-content\/uploads\/2015\/12\/20151228.jpg?resize=350%2C200&ssl=1","width":350,"height":200,"srcset":"https:\/\/i0.wp.com\/www.wallendorff.com\/belogue\/wp-content\/uploads\/2015\/12\/20151228.jpg?resize=350%2C200&ssl=1 1x, https:\/\/i0.wp.com\/www.wallendorff.com\/belogue\/wp-content\/uploads\/2015\/12\/20151228.jpg?resize=525%2C300&ssl=1 1.5x, https:\/\/i0.wp.com\/www.wallendorff.com\/belogue\/wp-content\/uploads\/2015\/12\/20151228.jpg?resize=700%2C400&ssl=1 2x"},"classes":[]},{"id":6730,"url":"https:\/\/www.wallendorff.com\/belogue\/2010\/02\/09\/kasabian-control-lolympia-paris\/","url_meta":{"origin":22209,"position":1},"title":"Kasabian + Control @ l&rsquo;Olympia, Paris.","author":"dpc","date":"9 f\u00e9vrier 2010","format":false,"excerpt":"[Y a pas que les faux punks qui font bien l'avion.] Autant \u00e9conomiser un peu d'encre \u00e0 pixels en nous en tenant \u00e0 simplement constater que Kasabian en concert est une primesauti\u00e8re tuerie de masse \u00e0 renouveler sans attendre. Et pour ceux qui les ont loup\u00e9s, \u00e9pisodes I et II\u2026","rel":"","context":"Dans &quot;Alive&quot;","block_context":{"text":"Alive","link":"https:\/\/www.wallendorff.com\/belogue\/category\/alive\/"},"img":{"alt_text":"","src":"https:\/\/i0.wp.com\/www.wallendorff.com\/belogue\/wp-content\/uploads\/2015\/04\/201002091.jpg?resize=350%2C200&ssl=1","width":350,"height":200,"srcset":"https:\/\/i0.wp.com\/www.wallendorff.com\/belogue\/wp-content\/uploads\/2015\/04\/201002091.jpg?resize=350%2C200&ssl=1 1x, https:\/\/i0.wp.com\/www.wallendorff.com\/belogue\/wp-content\/uploads\/2015\/04\/201002091.jpg?resize=525%2C300&ssl=1 1.5x, https:\/\/i0.wp.com\/www.wallendorff.com\/belogue\/wp-content\/uploads\/2015\/04\/201002091.jpg?resize=700%2C400&ssl=1 2x"},"classes":[]},{"id":36828,"url":"https:\/\/www.wallendorff.com\/belogue\/2017\/12\/28\/2017-en-1\/","url_meta":{"origin":22209,"position":2},"title":"2017 en&#8230; #1.","author":"dpc","date":"28 d\u00e9cembre 2017","format":false,"excerpt":"2017 en 10 concerts. Le set d'Arcade Fire aux Eurock\u00e9ennes fut inoubliable\u00a0: temps id\u00e9al, public dingue et final \u00e9tir\u00e9 \u00e0 un point tel que le feu d'artifice qui cl\u00f4t traditionnellement le festival d\u00fbt d\u00e9marrer avant la fin de Wake Up. L'image de Win Butler qui continue son morceau sans se\u2026","rel":"","context":"Dans &quot;DPC&quot;","block_context":{"text":"DPC","link":"https:\/\/www.wallendorff.com\/belogue\/category\/dpc\/"},"img":{"alt_text":"","src":"https:\/\/i0.wp.com\/www.wallendorff.com\/belogue\/wp-content\/uploads\/2017\/11\/20171130-33.jpg?resize=350%2C200&ssl=1","width":350,"height":200,"srcset":"https:\/\/i0.wp.com\/www.wallendorff.com\/belogue\/wp-content\/uploads\/2017\/11\/20171130-33.jpg?resize=350%2C200&ssl=1 1x, https:\/\/i0.wp.com\/www.wallendorff.com\/belogue\/wp-content\/uploads\/2017\/11\/20171130-33.jpg?resize=525%2C300&ssl=1 1.5x, https:\/\/i0.wp.com\/www.wallendorff.com\/belogue\/wp-content\/uploads\/2017\/11\/20171130-33.jpg?resize=700%2C400&ssl=1 2x"},"classes":[]},{"id":23696,"url":"https:\/\/www.wallendorff.com\/belogue\/2014\/12\/28\/2014-en-10-concerts-qui-poutrrent\/","url_meta":{"origin":22209,"position":3},"title":"2014 en 10 concerts qui poutr&egrave;rent","author":"dpc","date":"28 d\u00e9cembre 2014","format":false,"excerpt":"Je me lasserai jamais des concerts d'Arcade Fire. Ils auront beau sortir des albums tout bizarres et parquer les photographes par brouettes de 8 sur 2\u00a0m2, j'y retournerai toujours avec une joie na\u00efve dans le c\u0153ur, parce que les ch\u0153urs, les confettis et les gens d\u00e9guis\u00e9s en grosses peluches, \u00e7a\u2026","rel":"","context":"Dans &quot;DPC&quot;","block_context":{"text":"DPC","link":"https:\/\/www.wallendorff.com\/belogue\/category\/dpc\/"},"img":{"alt_text":"","src":"https:\/\/i0.wp.com\/www.wallendorff.com\/belogue\/wp-content\/uploads\/2015\/04\/201406043.jpg?resize=350%2C200&ssl=1","width":350,"height":200,"srcset":"https:\/\/i0.wp.com\/www.wallendorff.com\/belogue\/wp-content\/uploads\/2015\/04\/201406043.jpg?resize=350%2C200&ssl=1 1x, https:\/\/i0.wp.com\/www.wallendorff.com\/belogue\/wp-content\/uploads\/2015\/04\/201406043.jpg?resize=525%2C300&ssl=1 1.5x, https:\/\/i0.wp.com\/www.wallendorff.com\/belogue\/wp-content\/uploads\/2015\/04\/201406043.jpg?resize=700%2C400&ssl=1 2x"},"classes":[]},{"id":23003,"url":"https:\/\/www.wallendorff.com\/belogue\/2014\/06\/20\/dix-ans-de-concerts-12\/","url_meta":{"origin":22209,"position":4},"title":"Dix ans de concerts [1\/2].","author":"dpc","date":"20 juin 2014","format":false,"excerpt":"Pas la peine de faire une redite, apr\u00e8s la compile des 500 concerts et celle des 10 ans de passes photos. Depuis 2012, disons que je retiens la fois o\u00f9 je me suis fait maudire par un Italien, Matthias Malzieu qui me tombe sur le nez \u00e0 Rock en Seine,\u2026","rel":"","context":"Dans &quot;DPC&quot;","block_context":{"text":"DPC","link":"https:\/\/www.wallendorff.com\/belogue\/category\/dpc\/"},"img":{"alt_text":"","src":"https:\/\/i0.wp.com\/www.wallendorff.com\/belogue\/wp-content\/uploads\/2015\/04\/20110520-391.jpg?resize=350%2C200&ssl=1","width":350,"height":200,"srcset":"https:\/\/i0.wp.com\/www.wallendorff.com\/belogue\/wp-content\/uploads\/2015\/04\/20110520-391.jpg?resize=350%2C200&ssl=1 1x, https:\/\/i0.wp.com\/www.wallendorff.com\/belogue\/wp-content\/uploads\/2015\/04\/20110520-391.jpg?resize=525%2C300&ssl=1 1.5x, https:\/\/i0.wp.com\/www.wallendorff.com\/belogue\/wp-content\/uploads\/2015\/04\/20110520-391.jpg?resize=700%2C400&ssl=1 2x"},"classes":[]},{"id":21052,"url":"https:\/\/www.wallendorff.com\/belogue\/2013\/06\/03\/kasabian-casa-bacardi-live-milan-30-mai\/","url_meta":{"origin":22209,"position":5},"title":"Kasabian @ Casa Bacardi Live, Milan, 30 mai.","author":"dpc","date":"3 juin 2013","format":false,"excerpt":"Intro\u00a0: The Ecstacy of Gold | Days Are Forgotten | (interruption 14 min) | Shoot the Runner | Velociraptor! | Underdog | Where Did All the Love Go? | I.D. | Man of Simple Pleasures | Take Aim | Il Canto degli Italiani (solo trompette) \/ La F\u00e9e verte |\u2026","rel":"","context":"Dans &quot;Alive&quot;","block_context":{"text":"Alive","link":"https:\/\/www.wallendorff.com\/belogue\/category\/alive\/"},"img":{"alt_text":"","src":"https:\/\/i0.wp.com\/www.wallendorff.com\/belogue\/wp-content\/uploads\/2015\/04\/201306031.jpg?resize=350%2C200&ssl=1","width":350,"height":200,"srcset":"https:\/\/i0.wp.com\/www.wallendorff.com\/belogue\/wp-content\/uploads\/2015\/04\/201306031.jpg?resize=350%2C200&ssl=1 1x, https:\/\/i0.wp.com\/www.wallendorff.com\/belogue\/wp-content\/uploads\/2015\/04\/201306031.jpg?resize=525%2C300&ssl=1 1.5x, https:\/\/i0.wp.com\/www.wallendorff.com\/belogue\/wp-content\/uploads\/2015\/04\/201306031.jpg?resize=700%2C400&ssl=1 2x"},"classes":[]}],"_links":{"self":[{"href":"https:\/\/www.wallendorff.com\/belogue\/wp-json\/wp\/v2\/posts\/22209","targetHints":{"allow":["GET"]}}],"collection":[{"href":"https:\/\/www.wallendorff.com\/belogue\/wp-json\/wp\/v2\/posts"}],"about":[{"href":"https:\/\/www.wallendorff.com\/belogue\/wp-json\/wp\/v2\/types\/post"}],"author":[{"embeddable":true,"href":"https:\/\/www.wallendorff.com\/belogue\/wp-json\/wp\/v2\/users\/1"}],"replies":[{"embeddable":true,"href":"https:\/\/www.wallendorff.com\/belogue\/wp-json\/wp\/v2\/comments?post=22209"}],"version-history":[{"count":8,"href":"https:\/\/www.wallendorff.com\/belogue\/wp-json\/wp\/v2\/posts\/22209\/revisions"}],"predecessor-version":[{"id":22296,"href":"https:\/\/www.wallendorff.com\/belogue\/wp-json\/wp\/v2\/posts\/22209\/revisions\/22296"}],"wp:featuredmedia":[{"embeddable":true,"href":"https:\/\/www.wallendorff.com\/belogue\/wp-json\/wp\/v2\/media\/26716"}],"wp:attachment":[{"href":"https:\/\/www.wallendorff.com\/belogue\/wp-json\/wp\/v2\/media?parent=22209"}],"wp:term":[{"taxonomy":"category","embeddable":true,"href":"https:\/\/www.wallendorff.com\/belogue\/wp-json\/wp\/v2\/categories?post=22209"},{"taxonomy":"post_tag","embeddable":true,"href":"https:\/\/www.wallendorff.com\/belogue\/wp-json\/wp\/v2\/tags?post=22209"}],"curies":[{"name":"wp","href":"https:\/\/api.w.org\/{rel}","templated":true}]}}