{"id":22205,"date":"2013-12-27T13:46:29","date_gmt":"2013-12-27T11:46:29","guid":{"rendered":"http:\/\/www.wallendorff.com\/?p=22205"},"modified":"2013-12-27T14:04:46","modified_gmt":"2013-12-27T12:04:46","slug":"2013-en-5-ouh-mais-cest-pas-mal-a-dis-moi-cest-quoi","status":"publish","type":"post","link":"https:\/\/www.wallendorff.com\/belogue\/2013\/12\/27\/2013-en-5-ouh-mais-cest-pas-mal-a-dis-moi-cest-quoi\/","title":{"rendered":"2013 en 5 ouh-mais-c&rsquo;est-pas-mal-&ccedil;a-dis-moi,-c&rsquo;est-quoi-?"},"content":{"rendered":"<div id=\"photo\">\n<p><img decoding=\"async\" src=\"https:\/\/www.wallendorff.com\/belogue\/photo\/2013\/12\/20131227.jpg\" \/><\/p>\n<\/div>\n<p style=\"text-align:right\">Les Eurock\u00e9ennes, Belfort, 8 juillet.<\/p>\n<ol>\n<ol>\n<ol>\n<ol>\n<li><strong>Chvrches<\/strong><\/li>\n<li>Jagwar Ma<\/li>\n<li>Kodaline<\/li>\n<li>The Strypes<\/li>\n<li>Bastille <\/li>\n<\/ol>\n<\/ol>\n<\/ol>\n<\/ol>\n<p><strong>&Eacute;galement cit&eacute;s&nbsp;:<\/strong> Haim, London Grammar et Palma Violets.<\/p>\n<div id=\"bandeson\">\n<p><img decoding=\"async\" src=\"https:\/\/www.wallendorff.com\/belogue\/photo\/pochettes\/c\/chvrches-the_bones_of_what_you_believe.jpg\" align=\"left\" \/><a href=\"http:\/\/www.youtube.com\/watch?v=5ZJ5KVDdNoA\"><em>We Sink<\/em><\/a><br \/>\n    <a href=\"http:\/\/chvrch.es\">Chvrches<\/a><\/p>\n<\/div>\n<p style=\"text-align:center\"> <img decoding=\"async\" src=\"https:\/\/www.wallendorff.com\/belogue\/photo\/2005\/12\/archives.gif\" width=\"120\" height=\"52\"><\/p>\n<h1>2012 en 5 <em>j&rsquo;adore c&rsquo;que vous faites<\/em> tout neuf<\/h1>\n<ol>\n<ol>\n<ol>\n<ol>\n<li><strong>METZ<\/strong><\/li>\n<li>The Men<\/li>\n<li>FIDLAR<\/li>\n<li>The Big Sleep<\/li>\n<li>Grimes<\/li>\n<\/ol>\n<\/ol>\n<\/ol>\n<\/ol>\n<h1>2003 en 3 groupes aujourd&rsquo;hui pas tout nouveaux<\/h1>\n<ol>\n<ol>\n<ol>\n<ol>\n<li><strong>The White Stripes<\/strong><\/li>\n<li>Serafin<\/li>\n<li>Interpol<\/li>\n<\/ol>\n<\/ol>\n<\/ol>\n<\/ol>\n","protected":false},"excerpt":{"rendered":"<p>Les Eurock\u00e9ennes, Belfort, 8 juillet. Chvrches Jagwar Ma Kodaline The Strypes Bastille &Eacute;galement cit&eacute;s&nbsp;: Haim, London Grammar et Palma Violets. We Sink Chvrches 2012 en 5 j&rsquo;adore c&rsquo;que vous faites tout neuf METZ The Men FIDLAR The Big Sleep Grimes 2003 en 3 groupes aujourd&rsquo;hui pas tout nouveaux The White Stripes Serafin Interpol<\/p>\n","protected":false},"author":1,"featured_media":26715,"comment_status":"open","ping_status":"open","sticky":false,"template":"","format":"standard","meta":{"_acf_changed":false,"ngg_post_thumbnail":0,"jetpack_post_was_ever_published":false,"_jetpack_newsletter_access":"","_jetpack_dont_email_post_to_subs":false,"_jetpack_newsletter_tier_id":0,"_jetpack_memberships_contains_paywalled_content":false,"_jetpack_memberships_contains_paid_content":false,"footnotes":"","jetpack_publicize_message":"","jetpack_publicize_feature_enabled":true,"jetpack_social_post_already_shared":true,"jetpack_social_options":{"image_generator_settings":{"template":"highway","default_image_id":0,"font":"","enabled":false},"version":2}},"categories":[3],"tags":[11281,10084,11424,10110,11559,167,10109,11549,10136,10120,10296,11626,11767,7944,3329,10295,11426],"class_list":["post-22205","post","type-post","status-publish","format-standard","has-post-thumbnail","hentry","category-dpc","tag-11281","tag-alive","tag-bastille-groupe","tag-belfort","tag-chvrches","tag-classements-de-fin-dannee","tag-eurockeennes","tag-eurockeennes-2013","tag-festival","tag-france","tag-franche-comte","tag-jagwar-ma","tag-kodaline","tag-man-i-need","tag-revelation","tag-territoire-de-belfort","tag-the-strypes"],"acf":[],"geo":{"latitude":47.6851463,"longitude":6.8091631,"description":"Chemin de Cramenuz, 90300 Sermamagny, France"},"jetpack_publicize_connections":[],"jetpack_featured_media_url":"https:\/\/www.wallendorff.com\/belogue\/wp-content\/uploads\/2015\/04\/20131227.jpg","jetpack_shortlink":"https:\/\/wp.me\/p3b35P-5M9","jetpack_sharing_enabled":true,"jetpack-related-posts":[{"id":23689,"url":"https:\/\/www.wallendorff.com\/belogue\/2014\/12\/27\/2014-en-5-artistes-tout-nouveaux-et-tous-tres-beaux\/","url_meta":{"origin":22205,"position":0},"title":"2014 en 5 artistes tout nouveaux (et tous tr\u00e8s beaux).","author":"dpc","date":"27 d\u00e9cembre 2014","format":false,"excerpt":"Royal Blood Darlia Nick Mulvey Augustines White Lung Come on Over Royal Blood 2013 en 5 ouh-mais-c\u2019est-pas-mal-\u00e7a-dis-moi,-c\u2019est-quoi-? Chvrches Jagwar Ma Kodaline The Strypes Bastille 2004 en 5 groupes nouvellement connus Franz Ferdinand Ghinzu The Von Bondies Snow Patrol Secret Machines","rel":"","context":"Dans &quot;DPC&quot;","block_context":{"text":"DPC","link":"https:\/\/www.wallendorff.com\/belogue\/category\/dpc\/"},"img":{"alt_text":"","src":"https:\/\/i0.wp.com\/www.wallendorff.com\/belogue\/wp-content\/uploads\/2015\/04\/201412271.jpg?resize=350%2C200&ssl=1","width":350,"height":200,"srcset":"https:\/\/i0.wp.com\/www.wallendorff.com\/belogue\/wp-content\/uploads\/2015\/04\/201412271.jpg?resize=350%2C200&ssl=1 1x, https:\/\/i0.wp.com\/www.wallendorff.com\/belogue\/wp-content\/uploads\/2015\/04\/201412271.jpg?resize=525%2C300&ssl=1 1.5x, https:\/\/i0.wp.com\/www.wallendorff.com\/belogue\/wp-content\/uploads\/2015\/04\/201412271.jpg?resize=700%2C400&ssl=1 2x"},"classes":[]},{"id":128637,"url":"https:\/\/www.wallendorff.com\/belogue\/2024\/06\/24\/cetait-2016\/","url_meta":{"origin":22205,"position":1},"title":"C&rsquo;\u00e9tait 2016.","author":"dpc","date":"24 juin 2024","format":false,"excerpt":"2016, renaissances. Saint-Jean-de-Moirans, 3 janvier 2016. Paris, 7 janvier 2016. Balthazar @ l\u2019Olympia, Paris, 27 janvier 2016 Vienne, 13 f\u00e9vrier 2016. Eagles of Death Metal @ l\u2019Olympia, Paris, 16 f\u00e9vrier 2016 Kodaline @ l\u2019Olympia, Paris, 08 mars 2016 The Dandy Warhols @ le Trianon, Paris, 10 mai 2016 Paris, 3\u2026","rel":"","context":"Dans &quot;DPC&quot;","block_context":{"text":"DPC","link":"https:\/\/www.wallendorff.com\/belogue\/category\/dpc\/"},"img":{"alt_text":"","src":"https:\/\/i0.wp.com\/www.wallendorff.com\/belogue\/wp-content\/uploads\/2024\/06\/20240624-12.jpg?resize=350%2C200&ssl=1","width":350,"height":200,"srcset":"https:\/\/i0.wp.com\/www.wallendorff.com\/belogue\/wp-content\/uploads\/2024\/06\/20240624-12.jpg?resize=350%2C200&ssl=1 1x, https:\/\/i0.wp.com\/www.wallendorff.com\/belogue\/wp-content\/uploads\/2024\/06\/20240624-12.jpg?resize=525%2C300&ssl=1 1.5x, https:\/\/i0.wp.com\/www.wallendorff.com\/belogue\/wp-content\/uploads\/2024\/06\/20240624-12.jpg?resize=700%2C400&ssl=1 2x, https:\/\/i0.wp.com\/www.wallendorff.com\/belogue\/wp-content\/uploads\/2024\/06\/20240624-12.jpg?resize=1050%2C600&ssl=1 3x"},"classes":[]},{"id":23168,"url":"https:\/\/www.wallendorff.com\/belogue\/2014\/07\/10\/les-eurockeennes-belfort-5-juillet-2\/","url_meta":{"origin":22205,"position":2},"title":"Les Eurock\u00e9ennes, Belfort, 5 juillet.","author":"dpc","date":"10 juillet 2014","format":false,"excerpt":"Souvenirs du 2e jour (en vrac)\u00a0: \u00ab\u00a0Vous voulez du lard\u00a0?\u00a0\u00bb Un 6D qui se r\u00e9veille d'un coma hydraulique, c'est comme un humain un lendemain de soir\u00e9e bar\u00a0: \u00e7a se rappelle rien, \u00e7a fait comme s'il ne s'\u00e9tait rien pass\u00e9 et \u00e7a ne comprend pas pourquoi \u00e7'a mal \u00e0 la t\u00eate.\u2026","rel":"","context":"Dans &quot;Alive&quot;","block_context":{"text":"Alive","link":"https:\/\/www.wallendorff.com\/belogue\/category\/alive\/"},"img":{"alt_text":"","src":"https:\/\/i0.wp.com\/www.wallendorff.com\/belogue\/wp-content\/uploads\/2015\/04\/201407101.jpg?resize=350%2C200&ssl=1","width":350,"height":200,"srcset":"https:\/\/i0.wp.com\/www.wallendorff.com\/belogue\/wp-content\/uploads\/2015\/04\/201407101.jpg?resize=350%2C200&ssl=1 1x, https:\/\/i0.wp.com\/www.wallendorff.com\/belogue\/wp-content\/uploads\/2015\/04\/201407101.jpg?resize=525%2C300&ssl=1 1.5x, https:\/\/i0.wp.com\/www.wallendorff.com\/belogue\/wp-content\/uploads\/2015\/04\/201407101.jpg?resize=700%2C400&ssl=1 2x"},"classes":[]},{"id":128953,"url":"https:\/\/www.wallendorff.com\/belogue\/2024\/07\/05\/les-eurockeennes-2024-belfort-jour-1\/","url_meta":{"origin":22205,"position":3},"title":"Les Eurock\u00e9ennes 2024, Belfort, jour 1.","author":"dpc","date":"5 juillet 2024","format":false,"excerpt":"Les Eurock\u00e9ennes, Belfort, 04\/07\/2024 Oumou Sangar\u00e9 @ les Eurock\u00e9ennes, Belfort, 04\/07\/2024 Les Eurock\u00e9ennes, Belfort, 04\/07\/2024 Oumou Sangar\u00e9 @ les Eurock\u00e9ennes, Belfort, 04\/07\/2024 Les Eurock\u00e9ennes, Belfort, 04\/07\/2024 Oumou Sangar\u00e9 @ les Eurock\u00e9ennes, Belfort, 04\/07\/2024 Les Eurock\u00e9ennes, Belfort, 04\/07\/2024 Oumou Sangar\u00e9 @ les Eurock\u00e9ennes, Belfort, 04\/07\/2024 Oumou Sangar\u00e9 @ les Eurock\u00e9ennes, Belfort,\u2026","rel":"","context":"Dans &quot;Alive&quot;","block_context":{"text":"Alive","link":"https:\/\/www.wallendorff.com\/belogue\/category\/alive\/"},"img":{"alt_text":"","src":"https:\/\/i0.wp.com\/www.wallendorff.com\/belogue\/wp-content\/uploads\/2024\/07\/20240705-32.jpg?resize=350%2C200&ssl=1","width":350,"height":200,"srcset":"https:\/\/i0.wp.com\/www.wallendorff.com\/belogue\/wp-content\/uploads\/2024\/07\/20240705-32.jpg?resize=350%2C200&ssl=1 1x, https:\/\/i0.wp.com\/www.wallendorff.com\/belogue\/wp-content\/uploads\/2024\/07\/20240705-32.jpg?resize=525%2C300&ssl=1 1.5x, https:\/\/i0.wp.com\/www.wallendorff.com\/belogue\/wp-content\/uploads\/2024\/07\/20240705-32.jpg?resize=700%2C400&ssl=1 2x, https:\/\/i0.wp.com\/www.wallendorff.com\/belogue\/wp-content\/uploads\/2024\/07\/20240705-32.jpg?resize=1050%2C600&ssl=1 3x"},"classes":[]},{"id":129045,"url":"https:\/\/www.wallendorff.com\/belogue\/2024\/07\/06\/les-eurockeennes-2024-belfort-jour-2\/","url_meta":{"origin":22205,"position":4},"title":"Les Eurock\u00e9ennes 2024, Belfort, jour 2.","author":"dpc","date":"6 juillet 2024","format":false,"excerpt":"Les Eurock\u00e9ennes, Belfort, 05\/07\/2024 Shay @ les Eurock\u00e9ennes, Belfort, 05\/07\/2024 Les Eurock\u00e9ennes, Belfort, 05\/07\/2024 Shay @ les Eurock\u00e9ennes, Belfort, 05\/07\/2024 Shay @ les Eurock\u00e9ennes, Belfort, 05\/07\/2024 Les Eurock\u00e9ennes, Belfort, 05\/07\/2024 Shay @ les Eurock\u00e9ennes, Belfort, 05\/07\/2024 Shay @ les Eurock\u00e9ennes, Belfort, 05\/07\/2024 Shay @ les Eurock\u00e9ennes, Belfort, 05\/07\/2024 Les Eurock\u00e9ennes,\u2026","rel":"","context":"Dans &quot;Alive&quot;","block_context":{"text":"Alive","link":"https:\/\/www.wallendorff.com\/belogue\/category\/alive\/"},"img":{"alt_text":"","src":"https:\/\/i0.wp.com\/www.wallendorff.com\/belogue\/wp-content\/uploads\/2024\/07\/20240706-35.jpg?resize=350%2C200&ssl=1","width":350,"height":200,"srcset":"https:\/\/i0.wp.com\/www.wallendorff.com\/belogue\/wp-content\/uploads\/2024\/07\/20240706-35.jpg?resize=350%2C200&ssl=1 1x, https:\/\/i0.wp.com\/www.wallendorff.com\/belogue\/wp-content\/uploads\/2024\/07\/20240706-35.jpg?resize=525%2C300&ssl=1 1.5x, https:\/\/i0.wp.com\/www.wallendorff.com\/belogue\/wp-content\/uploads\/2024\/07\/20240706-35.jpg?resize=700%2C400&ssl=1 2x, https:\/\/i0.wp.com\/www.wallendorff.com\/belogue\/wp-content\/uploads\/2024\/07\/20240706-35.jpg?resize=1050%2C600&ssl=1 3x"},"classes":[]},{"id":129128,"url":"https:\/\/www.wallendorff.com\/belogue\/2024\/07\/07\/les-eurockeennes-2024-belfort-jour-3\/","url_meta":{"origin":22205,"position":5},"title":"Les Eurock\u00e9ennes 2024, Belfort, jour 3.","author":"dpc","date":"7 juillet 2024","format":false,"excerpt":"Et on finit par une \u00e9pique journ\u00e9e bien bien boueuse des familles. Je m'arr\u00eate l\u00e0 pour cette ann\u00e9e. \u00c0 l'ann\u00e9e prochaine ? Les Eurock\u00e9ennes, Belfort, 06\/07\/2024 Bar Italia @ les Eurock\u00e9ennes, Belfort, 06\/07\/2024 Les Eurock\u00e9ennes, Belfort, 06\/07\/2024 Bar Italia @ les Eurock\u00e9ennes, Belfort, 06\/07\/2024 Les Eurock\u00e9ennes, Belfort, 06\/07\/2024 Bar Italia\u2026","rel":"","context":"Dans &quot;Alive&quot;","block_context":{"text":"Alive","link":"https:\/\/www.wallendorff.com\/belogue\/category\/alive\/"},"img":{"alt_text":"","src":"https:\/\/i0.wp.com\/www.wallendorff.com\/belogue\/wp-content\/uploads\/2024\/07\/20240707-81.jpg?resize=350%2C200&ssl=1","width":350,"height":200,"srcset":"https:\/\/i0.wp.com\/www.wallendorff.com\/belogue\/wp-content\/uploads\/2024\/07\/20240707-81.jpg?resize=350%2C200&ssl=1 1x, https:\/\/i0.wp.com\/www.wallendorff.com\/belogue\/wp-content\/uploads\/2024\/07\/20240707-81.jpg?resize=525%2C300&ssl=1 1.5x, https:\/\/i0.wp.com\/www.wallendorff.com\/belogue\/wp-content\/uploads\/2024\/07\/20240707-81.jpg?resize=700%2C400&ssl=1 2x, https:\/\/i0.wp.com\/www.wallendorff.com\/belogue\/wp-content\/uploads\/2024\/07\/20240707-81.jpg?resize=1050%2C600&ssl=1 3x"},"classes":[]}],"_links":{"self":[{"href":"https:\/\/www.wallendorff.com\/belogue\/wp-json\/wp\/v2\/posts\/22205","targetHints":{"allow":["GET"]}}],"collection":[{"href":"https:\/\/www.wallendorff.com\/belogue\/wp-json\/wp\/v2\/posts"}],"about":[{"href":"https:\/\/www.wallendorff.com\/belogue\/wp-json\/wp\/v2\/types\/post"}],"author":[{"embeddable":true,"href":"https:\/\/www.wallendorff.com\/belogue\/wp-json\/wp\/v2\/users\/1"}],"replies":[{"embeddable":true,"href":"https:\/\/www.wallendorff.com\/belogue\/wp-json\/wp\/v2\/comments?post=22205"}],"version-history":[{"count":10,"href":"https:\/\/www.wallendorff.com\/belogue\/wp-json\/wp\/v2\/posts\/22205\/revisions"}],"predecessor-version":[{"id":22227,"href":"https:\/\/www.wallendorff.com\/belogue\/wp-json\/wp\/v2\/posts\/22205\/revisions\/22227"}],"wp:featuredmedia":[{"embeddable":true,"href":"https:\/\/www.wallendorff.com\/belogue\/wp-json\/wp\/v2\/media\/26715"}],"wp:attachment":[{"href":"https:\/\/www.wallendorff.com\/belogue\/wp-json\/wp\/v2\/media?parent=22205"}],"wp:term":[{"taxonomy":"category","embeddable":true,"href":"https:\/\/www.wallendorff.com\/belogue\/wp-json\/wp\/v2\/categories?post=22205"},{"taxonomy":"post_tag","embeddable":true,"href":"https:\/\/www.wallendorff.com\/belogue\/wp-json\/wp\/v2\/tags?post=22205"}],"curies":[{"name":"wp","href":"https:\/\/api.w.org\/{rel}","templated":true}]}}