{"id":22143,"date":"2013-12-09T13:16:17","date_gmt":"2013-12-09T11:16:17","guid":{"rendered":"http:\/\/www.wallendorff.com\/?p=22143"},"modified":"2014-06-09T15:33:23","modified_gmt":"2014-06-09T13:33:23","slug":"cloudu-spectacle-ii","status":"publish","type":"post","link":"https:\/\/www.wallendorff.com\/belogue\/2013\/12\/09\/cloudu-spectacle-ii\/","title":{"rendered":"Cloudu spectacle [II]."},"content":{"rendered":"\n<div id=\"photo\">\n<p><img decoding=\"async\" src=\"https:\/\/www.wallendorff.com\/belogue\/photo\/2013\/12\/20131209.jpg\"><br \/>\nGen&egrave;ve, 3 novembre.<\/p>\n<\/p><\/div>\n<p style=\"text-align:right\">C&rsquo;est surtout parce que cette photo me rappelle la pochette du 3<sup>e<\/sup> Editors que je la poste.<\/p>\n<p>Ce qui me fait par ailleurs penser, en parlant de 3<sup>e<\/sup> Editors, l&rsquo;album que j&rsquo;ai injustement conspu&eacute; &agrave; sa sortie et <a href=\"https:\/\/www.wallendorff.com\/belogue\/2013\/10\/23\/editors-le-trianon-paris-21-octobre\/\">&agrave; qui j&rsquo;ai fait de plates excuses en octobre<\/a>, et puisque nous sommes en d&eacute;cembre, le mois des classements de fin d&rsquo;ann&eacute;e, cette phrase est bigrement longue, ce qui me fait donc penser, disais-je, que le principal d&eacute;faut du classement de fin d&rsquo;ann&eacute;e provient de sa principale caract&eacute;ristique&nbsp;: le classement de fin d&rsquo;ann&eacute;e est toujours relatif, jamais absolu. Le classement de fin d&rsquo;ann&eacute;e pr&eacute;sente un &eacute;tat des lieux musicaux personnels &agrave; un instant t, un univers, une couleur dont on va &eacute;videmment d&eacute;vier par la suite. Cette &eacute;volution se ressent au travers des classements annuels que l&rsquo;on fait traditionnellement, mais serait bien plus parlante si l&rsquo;on publiait chaque ann&eacute;e son classement de chaque ann&eacute;e. Sans renier l&rsquo;ancien classement de l&rsquo;ann&eacute;e, puisque ce classement a sa raison d&rsquo;&ecirc;tre en tant que t&eacute;moin de l&rsquo;&eacute;tat d&rsquo;esprit de son auteur au moment de sa publication. Si je devais refaire aujourd&rsquo;hui <a href=\"https:\/\/www.wallendorff.com\/belogue\/2009\/12\/29\/en-4\/\">mon classement de 2009<\/a>, <em>In This Light and on This Evening<\/em> appara&icirc;trait dedans&nbsp;; mon classement de 2001 aurait inclus <em>White Blood Cells<\/em> si j&rsquo;avais connu les White Stripes &agrave; l&rsquo;&eacute;poque&nbsp;; a contrario, 13 ans apr&egrave;s, <em>Thirteen Tales of Urban Bohemia<\/em> reste ind&eacute;boulonnable de son tr&ocirc;ne de meilleur album de l&rsquo;ann&eacute;e 2000. &Agrave; chaque ann&eacute;e sa fa&ccedil;on d&rsquo;&eacute;voluer, en fonction de ce que l&rsquo;on ressent et [re]d&eacute;couvre.<\/p>\n<p style=\"text-align:right\">Voil&agrave;. Je viens d&rsquo;inventer le concept de classement annuel annuel.<\/p>\n<p style=\"text-align:right\">Tout &ccedil;a pour deux nuages et trois grues.<\/p>\n<p style=\"text-align:right\">&nbsp;<\/p>\n<div id=\"bandeson\">\n<p><img decoding=\"async\" src=\"https:\/\/www.wallendorff.com\/belogue\/photo\/pochettes\/e\/editors-in_this_light_and_on_this_evening.jpg\" align=\"left\" \/><a href=\"http:\/\/www.youtube.com\/watch?v=Pxpxs3pRcEM\"><em>In This Light and on This Evening<\/em><\/a><br \/>\n          <a href=\"http:\/\/www.editorsofficial.com\/\">Editors<\/a><\/p>\n<\/p><\/div>\n","protected":false},"excerpt":{"rendered":"<p>Gen&egrave;ve, 3 novembre. C&rsquo;est surtout parce que cette photo me rappelle la pochette du 3e Editors que je la poste. Ce qui me fait par ailleurs penser, en parlant de 3e Editors, l&rsquo;album que j&rsquo;ai injustement conspu&eacute; &agrave; sa sortie et &agrave; qui j&rsquo;ai fait de plates excuses en octobre, et puisque nous sommes en&hellip;<\/p>\n","protected":false},"author":1,"featured_media":26704,"comment_status":"open","ping_status":"open","sticky":false,"template":"","format":"standard","meta":{"_acf_changed":false,"ngg_post_thumbnail":0,"jetpack_post_was_ever_published":false,"_jetpack_newsletter_access":"","_jetpack_dont_email_post_to_subs":false,"_jetpack_newsletter_tier_id":0,"_jetpack_memberships_contains_paywalled_content":false,"_jetpack_memberships_contains_paid_content":false,"footnotes":"","jetpack_publicize_message":"","jetpack_publicize_feature_enabled":true,"jetpack_social_post_already_shared":true,"jetpack_social_options":{"image_generator_settings":{"template":"highway","default_image_id":0,"font":"","enabled":false},"version":2}},"categories":[3],"tags":[10977,2638,6766,10975,10144,10337,10974,4486,8238,10599,5476,10886],"class_list":["post-22143","post","type-post","status-publish","format-standard","has-post-thumbnail","hentry","category-dpc","tag-bains-des-paquis","tag-ef-24-105-mm-f40l-is-usm","tag-eos-5d-mark-iii","tag-canton-de-geneve","tag-ciel","tag-editors","tag-geneve","tag-grue","tag-in-this-light-and-on-this-evening","tag-nuage","tag-quartier-mont-blanc","tag-suisse"],"acf":[],"geo":{"latitude":46.2100487,"longitude":6.1552835,"description":"Gen\u00e8ve, Canton de Gen\u00e8ve, 1201, CH"},"jetpack_publicize_connections":[],"jetpack_featured_media_url":"https:\/\/www.wallendorff.com\/belogue\/wp-content\/uploads\/2015\/04\/201312091.jpg","jetpack_shortlink":"https:\/\/wp.me\/p3b35P-5L9","jetpack_sharing_enabled":true,"jetpack-related-posts":[{"id":5478,"url":"https:\/\/www.wallendorff.com\/belogue\/2009\/12\/26\/2009en-1\/","url_meta":{"origin":22143,"position":0},"title":"2009 en&#8230; #1.","author":"dpc","date":"26 d\u00e9cembre 2009","format":false,"excerpt":"Le Fanfaron, Paris, 5 d\u00e9cembre. et pr\u00e9sentent 2009 en 5 titres nases pourris et horripilants qu'on ferait mieux de noyer tous ces zazous plut\u00f4t que leur donner un micro [Et subitement je m'\u00e9tonne de n'avoir pas retenu Sliimy dans la s\u00e9lection de cette ann\u00e9e.] Saluons l'exploit de Muse qui, apr\u00e8s\u2026","rel":"","context":"Dans &quot;DPC&quot;","block_context":{"text":"DPC","link":"https:\/\/www.wallendorff.com\/belogue\/category\/dpc\/"},"img":{"alt_text":"","src":"https:\/\/i0.wp.com\/www.wallendorff.com\/belogue\/wp-content\/uploads\/2015\/04\/200912261.jpg?resize=350%2C200&ssl=1","width":350,"height":200,"srcset":"https:\/\/i0.wp.com\/www.wallendorff.com\/belogue\/wp-content\/uploads\/2015\/04\/200912261.jpg?resize=350%2C200&ssl=1 1x, https:\/\/i0.wp.com\/www.wallendorff.com\/belogue\/wp-content\/uploads\/2015\/04\/200912261.jpg?resize=525%2C300&ssl=1 1.5x"},"classes":[]},{"id":22297,"url":"https:\/\/www.wallendorff.com\/belogue\/2013\/12\/29\/2013-en-10-albums\/","url_meta":{"origin":22143,"position":1},"title":"2013 en 10 albums.","author":"dpc","date":"29 d\u00e9cembre 2013","format":false,"excerpt":"10 | Miles Kane \u2014 Don't Forget Who You Are Columbia \u2014 3 juin Miles Kane a gard\u00e9 sa hargne et a bien boss\u00e9 ses m\u00e9lodies. Tout est dit. [En photos \u2192] 9 | Haim \u2014 Days Are Gone Polydor \u2014 27 septembre Haim signent l'album de pop le plus\u2026","rel":"","context":"Dans &quot;DPC&quot;","block_context":{"text":"DPC","link":"https:\/\/www.wallendorff.com\/belogue\/category\/dpc\/"},"img":{"alt_text":"","src":"https:\/\/i0.wp.com\/www.wallendorff.com\/belogue\/wp-content\/uploads\/2015\/04\/201312291.jpg?resize=350%2C200&ssl=1","width":350,"height":200,"srcset":"https:\/\/i0.wp.com\/www.wallendorff.com\/belogue\/wp-content\/uploads\/2015\/04\/201312291.jpg?resize=350%2C200&ssl=1 1x, https:\/\/i0.wp.com\/www.wallendorff.com\/belogue\/wp-content\/uploads\/2015\/04\/201312291.jpg?resize=525%2C300&ssl=1 1.5x, https:\/\/i0.wp.com\/www.wallendorff.com\/belogue\/wp-content\/uploads\/2015\/04\/201312291.jpg?resize=700%2C400&ssl=1 2x"},"classes":[]},{"id":862,"url":"https:\/\/www.wallendorff.com\/belogue\/2006\/12\/29\/2006en-3\/","url_meta":{"origin":22143,"position":2},"title":"2006 en&#8230; #3.","author":"dpc","date":"29 d\u00e9cembre 2006","format":false,"excerpt":"Jack White est beau, Rock en Seine, Paris, 25 ao\u00fbt. pr\u00e9sentent 2006 en 10 albums dingues de trop l'\u00e9clate puissante qui fouette Et je ne suis pas une groupie. The Raconteurs \u2013 Broken Boys Soldiers Damien Rice \u2013 9 Placebo \u2013 Meds Secret Machines \u2013 Ten Silver Drops Thom Yorke\u2026","rel":"","context":"Dans &quot;DPC&quot;","block_context":{"text":"DPC","link":"https:\/\/www.wallendorff.com\/belogue\/category\/dpc\/"},"img":{"alt_text":"","src":"https:\/\/i0.wp.com\/www.wallendorff.com\/belogue\/wp-content\/uploads\/2015\/04\/200612291.jpg?resize=350%2C200&ssl=1","width":350,"height":200},"classes":[]},{"id":5474,"url":"https:\/\/www.wallendorff.com\/belogue\/2009\/12\/29\/en-4\/","url_meta":{"origin":22143,"position":3},"title":"2009 en&#8230; #4.","author":"dpc","date":"29 d\u00e9cembre 2009","format":false,"excerpt":"et pr\u00e9sentent 2009 en 10 + 10 galettes Ou\u00a0: comment 2009 finit par \u00eatre presque aussi bien que 2007, musicalement causant. 10 | The Raveonettes \u2014 In and Out of Control Pr\u00e9sents dans mon top 10, oui. Comme quoi tout arrive. Les Raveonettes ont livr\u00e9 cette ann\u00e9e un album qui\u2026","rel":"","context":"Dans &quot;DPC&quot;","block_context":{"text":"DPC","link":"https:\/\/www.wallendorff.com\/belogue\/category\/dpc\/"},"img":{"alt_text":"","src":"https:\/\/i0.wp.com\/www.wallendorff.com\/belogue\/photo\/2009\/12\/kasabian-wrpla.jpg?resize=350%2C200","width":350,"height":200},"classes":[]},{"id":10962,"url":"https:\/\/www.wallendorff.com\/belogue\/2010\/12\/26\/2010en-1\/","url_meta":{"origin":22143,"position":4},"title":"2010 en&#8230; #1.","author":"dpc","date":"26 d\u00e9cembre 2010","format":false,"excerpt":"[Merci \u00e0 Marion Ruszniewski et Michela Cuccagna pour l'inestimable aide apport\u00e9e durant l'\u00e9laboration de cette \u0152uvre po\u00e9tique.] pr\u00e9sente 2011 en 5 horreurs musicales radiodiffus\u00e9es [C'est quand m\u00eame fou de voir que chaque ann\u00e9e, c'est dans ce classement-l\u00e0 et nulle part ailleurs que l'on voit se presser le plus d'artistes francophones.]\u2026","rel":"","context":"Dans &quot;DPC&quot;","block_context":{"text":"DPC","link":"https:\/\/www.wallendorff.com\/belogue\/category\/dpc\/"},"img":{"alt_text":"","src":"https:\/\/i0.wp.com\/www.wallendorff.com\/belogue\/wp-content\/uploads\/2015\/04\/201012261.jpg?resize=350%2C200&ssl=1","width":350,"height":200},"classes":[]},{"id":3721,"url":"https:\/\/www.wallendorff.com\/belogue\/2008\/12\/28\/2008en-3\/","url_meta":{"origin":22143,"position":5},"title":"2008 en&#8230; #3.","author":"dpc","date":"28 d\u00e9cembre 2008","format":false,"excerpt":"La Maroquinerie, Paris, 28 mai. pr\u00e9sentent 2008 en 10 soir\u00e9es qui tachent grave je te dis pas Je crois en avoir parl\u00e9 comme il fallait d\u00e8s le lendemain du concert. Ce 27 mai, la meute de damn\u00e9s de Flogging Molly a pris la Maroquinerie, l'a retourn\u00e9e et l'a secou\u00e9e sans\u2026","rel":"","context":"Dans &quot;DPC&quot;","block_context":{"text":"DPC","link":"https:\/\/www.wallendorff.com\/belogue\/category\/dpc\/"},"img":{"alt_text":"","src":"https:\/\/i0.wp.com\/www.wallendorff.com\/belogue\/wp-content\/uploads\/2015\/04\/200812281.jpg?resize=350%2C200&ssl=1","width":350,"height":200},"classes":[]}],"_links":{"self":[{"href":"https:\/\/www.wallendorff.com\/belogue\/wp-json\/wp\/v2\/posts\/22143","targetHints":{"allow":["GET"]}}],"collection":[{"href":"https:\/\/www.wallendorff.com\/belogue\/wp-json\/wp\/v2\/posts"}],"about":[{"href":"https:\/\/www.wallendorff.com\/belogue\/wp-json\/wp\/v2\/types\/post"}],"author":[{"embeddable":true,"href":"https:\/\/www.wallendorff.com\/belogue\/wp-json\/wp\/v2\/users\/1"}],"replies":[{"embeddable":true,"href":"https:\/\/www.wallendorff.com\/belogue\/wp-json\/wp\/v2\/comments?post=22143"}],"version-history":[{"count":4,"href":"https:\/\/www.wallendorff.com\/belogue\/wp-json\/wp\/v2\/posts\/22143\/revisions"}],"predecessor-version":[{"id":22935,"href":"https:\/\/www.wallendorff.com\/belogue\/wp-json\/wp\/v2\/posts\/22143\/revisions\/22935"}],"wp:featuredmedia":[{"embeddable":true,"href":"https:\/\/www.wallendorff.com\/belogue\/wp-json\/wp\/v2\/media\/26704"}],"wp:attachment":[{"href":"https:\/\/www.wallendorff.com\/belogue\/wp-json\/wp\/v2\/media?parent=22143"}],"wp:term":[{"taxonomy":"category","embeddable":true,"href":"https:\/\/www.wallendorff.com\/belogue\/wp-json\/wp\/v2\/categories?post=22143"},{"taxonomy":"post_tag","embeddable":true,"href":"https:\/\/www.wallendorff.com\/belogue\/wp-json\/wp\/v2\/tags?post=22143"}],"curies":[{"name":"wp","href":"https:\/\/api.w.org\/{rel}","templated":true}]}}