{"id":22123,"date":"2013-12-03T12:42:19","date_gmt":"2013-12-03T10:42:19","guid":{"rendered":"http:\/\/www.wallendorff.com\/?p=22123"},"modified":"2018-05-23T08:13:01","modified_gmt":"2018-05-23T06:13:01","slug":"the-big-truie-killed-my-baby","status":"publish","type":"post","link":"https:\/\/www.wallendorff.com\/belogue\/2013\/12\/03\/the-big-truie-killed-my-baby\/","title":{"rendered":"The big truie killed my baby."},"content":{"rendered":"\n<div id=\"photo\">\n<p><img decoding=\"async\" src=\"https:\/\/www.wallendorff.com\/belogue\/photo\/2013\/12\/20131203.jpg\"><br \/>\nSaulces-Monclin, 19 octobre.<\/p>\n<\/p><\/div>\n<p style=\"text-align:right\">Troisi&egrave;me photo de <a href=\"https:\/\/fr.wikipedia.org\/wiki\/Woinic\">Woinic<\/a> apr&egrave;s <a href=\"https:\/\/www.wallendorff.com\/belogue\/2009\/02\/02\/laiiiiiiie-tze-seune-shaine\/\">la premi&egrave;re<\/a> et <a href=\"https:\/\/www.wallendorff.com\/belogue\/2010\/03\/10\/i-hope-this-song-will-guide-you-home\/\">la deuxi&egrave;me<\/a>.<\/p>\n<p style=\"text-align:right\">Encore trois autres comme &ccedil;a et nous aurons un pack de laies.<\/p>\n<p style=\"text-align:right\">[ah, ah, ah.]<\/p>\n<p style=\"text-align:right\">[Vous pouvez vous consoler de ce jeu de mots nul avec le mortel morceau de Telegram ci-dessous, si jamais.]<\/p>\n<div id=\"bandeson\">\n<p><img decoding=\"async\" src=\"https:\/\/www.wallendorff.com\/belogue\/photo\/pochettes\/t\/telegram-follow.jpg\" align=\"left\" \/><a href=\"http:\/\/www.youtube.com\/watch?v=6rK0ODu_GuY\"><em>Follow<\/em><\/a><br \/>\n          <a href=\"http:\/\/telegram-band.com\/\">Telegram<\/a><\/p>\n<\/p><\/div>\n","protected":false},"excerpt":{"rendered":"<p>Saulces-Monclin, 19 octobre. Troisi&egrave;me photo de Woinic apr&egrave;s la premi&egrave;re et la deuxi&egrave;me. Encore trois autres comme &ccedil;a et nous aurons un pack de laies. [ah, ah, ah.] [Vous pouvez vous consoler de ce jeu de mots nul avec le mortel morceau de Telegram ci-dessous, si jamais.] Follow Telegram<\/p>\n","protected":false},"author":1,"featured_media":26702,"comment_status":"open","ping_status":"open","sticky":false,"template":"","format":"standard","meta":{"_acf_changed":false,"ngg_post_thumbnail":0,"jetpack_post_was_ever_published":false,"_jetpack_newsletter_access":"","_jetpack_dont_email_post_to_subs":false,"_jetpack_newsletter_tier_id":0,"_jetpack_memberships_contains_paywalled_content":false,"_jetpack_memberships_contains_paid_content":false,"footnotes":"","jetpack_publicize_message":"","jetpack_publicize_feature_enabled":true,"jetpack_social_post_already_shared":true,"jetpack_social_options":{"image_generator_settings":{"template":"highway","default_image_id":0,"font":"","enabled":false},"version":2}},"categories":[3],"tags":[10255,2571,6766,10254,10246,6934,10120,10512,10407,10227,8183,2538],"class_list":["post-22123","post","type-post","status-publish","format-standard","has-post-thumbnail","hentry","category-dpc","tag-ardenne","tag-ef-16-35-mm-f28l-ii-usm","tag-eos-5d-mark-iii","tag-champagne-ardenne","tag-contre-jour","tag-follow","tag-france","tag-saulces-monclin","tag-silhouette","tag-statue","tag-telegram","tag-woinic"],"acf":[],"geo":{"latitude":49.5945206,"longitude":4.5027637,"description":"D951, 08270 Saulces-Monclin, France"},"jetpack_publicize_connections":[],"jetpack_featured_media_url":"https:\/\/www.wallendorff.com\/belogue\/wp-content\/uploads\/2015\/04\/201312031.jpg","jetpack_shortlink":"https:\/\/wp.me\/p3b35P-5KP","jetpack_sharing_enabled":true,"jetpack-related-posts":[{"id":7158,"url":"https:\/\/www.wallendorff.com\/belogue\/2010\/03\/10\/i-hope-this-song-will-guide-you-home\/","url_meta":{"origin":22123,"position":0},"title":"I hope this song will guide you home.","author":"dpc","date":"10 mars 2010","format":false,"excerpt":"Saulces-Monclin, 30 janvier. Un an plus tard en somme. Et Such Great Heights est un foutrement bon morceau d'hiver. [Et d'ailleurs y a un chouette live au son bien bien pourri du Ben Gibbard seul sur la page concert de l'Internet Archive.] \u00a0The Postal Service \u2013 Such Great Heights","rel":"","context":"Dans &quot;DPC&quot;","block_context":{"text":"DPC","link":"https:\/\/www.wallendorff.com\/belogue\/category\/dpc\/"},"img":{"alt_text":"","src":"https:\/\/i0.wp.com\/www.wallendorff.com\/belogue\/wp-content\/uploads\/2015\/04\/201003101.jpg?resize=350%2C200&ssl=1","width":350,"height":200,"srcset":"https:\/\/i0.wp.com\/www.wallendorff.com\/belogue\/wp-content\/uploads\/2015\/04\/201003101.jpg?resize=350%2C200&ssl=1 1x, https:\/\/i0.wp.com\/www.wallendorff.com\/belogue\/wp-content\/uploads\/2015\/04\/201003101.jpg?resize=525%2C300&ssl=1 1.5x, https:\/\/i0.wp.com\/www.wallendorff.com\/belogue\/wp-content\/uploads\/2015\/04\/201003101.jpg?resize=700%2C400&ssl=1 2x"},"classes":[]},{"id":3863,"url":"https:\/\/www.wallendorff.com\/belogue\/2009\/02\/02\/laiiiiiiie-tze-seune-shaine\/","url_meta":{"origin":22123,"position":1},"title":"Laiiiiiiie t&rsquo;ze seune sha\u00efne.","author":"dpc","date":"2 f\u00e9vrier 2009","format":false,"excerpt":"Saulces-Monclin, 31 janvier. Blitzen Trapper \u2013 Furr Avouez quand m\u00eame qu'elle d\u00e9fonce, notre laie g\u00e9ante. \u00c7a m'en donne des id\u00e9es, tiens.","rel":"","context":"Dans &quot;DPC&quot;","block_context":{"text":"DPC","link":"https:\/\/www.wallendorff.com\/belogue\/category\/dpc\/"},"img":{"alt_text":"","src":"https:\/\/i0.wp.com\/www.wallendorff.com\/belogue\/wp-content\/uploads\/2015\/04\/200902021.jpg?resize=350%2C200&ssl=1","width":350,"height":200,"srcset":"https:\/\/i0.wp.com\/www.wallendorff.com\/belogue\/wp-content\/uploads\/2015\/04\/200902021.jpg?resize=350%2C200&ssl=1 1x, https:\/\/i0.wp.com\/www.wallendorff.com\/belogue\/wp-content\/uploads\/2015\/04\/200902021.jpg?resize=525%2C300&ssl=1 1.5x, https:\/\/i0.wp.com\/www.wallendorff.com\/belogue\/wp-content\/uploads\/2015\/04\/200902021.jpg?resize=700%2C400&ssl=1 2x"},"classes":[]},{"id":27543,"url":"https:\/\/www.wallendorff.com\/belogue\/2015\/05\/31\/mai-2015\/","url_meta":{"origin":22123,"position":2},"title":"Mai 2015.","author":"dpc","date":"31 mai 2015","format":false,"excerpt":"Un anniversaire, un mariage de nouilles, un ap\u00e9ro plein de mains, un concert plein de confettis, un voyage en bus, un mus\u00e9e, une grosse bi\u00e8re, une halle, une chaise, un mur, une visite de nuit, un m\u00e9morial, des moines, une porte, un pape, un caf\u00e9 au lait, un taxi, un\u2026","rel":"","context":"Dans &quot;Blog-note&quot;","block_context":{"text":"Blog-note","link":"https:\/\/www.wallendorff.com\/belogue\/category\/blog-note\/"},"img":{"alt_text":"","src":"https:\/\/i0.wp.com\/www.wallendorff.com\/belogue\/wp-content\/uploads\/2015\/06\/20150618-301.jpg?resize=350%2C200&ssl=1","width":350,"height":200,"srcset":"https:\/\/i0.wp.com\/www.wallendorff.com\/belogue\/wp-content\/uploads\/2015\/06\/20150618-301.jpg?resize=350%2C200&ssl=1 1x, https:\/\/i0.wp.com\/www.wallendorff.com\/belogue\/wp-content\/uploads\/2015\/06\/20150618-301.jpg?resize=525%2C300&ssl=1 1.5x, https:\/\/i0.wp.com\/www.wallendorff.com\/belogue\/wp-content\/uploads\/2015\/06\/20150618-301.jpg?resize=700%2C400&ssl=1 2x"},"classes":[]},{"id":22913,"url":"https:\/\/www.wallendorff.com\/belogue\/2014\/06\/07\/dix-ans-dhivers\/","url_meta":{"origin":22123,"position":3},"title":"Dix ans d&rsquo;hivers.","author":"dpc","date":"7 juin 2014","format":false,"excerpt":"10 ans de blanc, dix ans de bleu d\u00e9satur\u00e9. Dix ans \u00e0 \u00e9couter des morceaux d'Air et des pieds qui crissent. Arbore les sens. Lac Sainte-Claire, D\u00e9troit, 8 janvier 2005. \u00a0 Banc-crise. Lac Sainte-Claire, D\u00e9troit, 8 janvier 2005. \u00a0 Ares comptant pour un. Lac Sainte-Claire, D\u00e9troit, 8 janvier 2005. \u00a0\u2026","rel":"","context":"Dans &quot;DPC&quot;","block_context":{"text":"DPC","link":"https:\/\/www.wallendorff.com\/belogue\/category\/dpc\/"},"img":{"alt_text":"","src":"https:\/\/i0.wp.com\/www.wallendorff.com\/belogue\/wp-content\/uploads\/2015\/04\/201104203.jpg?resize=350%2C200&ssl=1","width":350,"height":200,"srcset":"https:\/\/i0.wp.com\/www.wallendorff.com\/belogue\/wp-content\/uploads\/2015\/04\/201104203.jpg?resize=350%2C200&ssl=1 1x, https:\/\/i0.wp.com\/www.wallendorff.com\/belogue\/wp-content\/uploads\/2015\/04\/201104203.jpg?resize=525%2C300&ssl=1 1.5x, https:\/\/i0.wp.com\/www.wallendorff.com\/belogue\/wp-content\/uploads\/2015\/04\/201104203.jpg?resize=700%2C400&ssl=1 2x"},"classes":[]},{"id":23849,"url":"https:\/\/www.wallendorff.com\/belogue\/2015\/01\/31\/janvier-2015\/","url_meta":{"origin":22123,"position":4},"title":"Janvier 2015.","author":"dpc","date":"31 janvier 2015","format":false,"excerpt":"Douze coups de minuit, du vieux m\u00e9tal, une exposition, une soir\u00e9e \u00e0 haute densit\u00e9, un 7 Janvier, une nouvelle venue, une galette, de bons v\u0153ux, une soir\u00e9e \u00e0 haute densit\u00e9, un concert, un studio, un tour de parc, une ruelle, une galette, une cath\u00e9drale, une soir\u00e9e \u00e0 haute densit\u00e9, un\u2026","rel":"","context":"Dans &quot;Blog-note&quot;","block_context":{"text":"Blog-note","link":"https:\/\/www.wallendorff.com\/belogue\/category\/blog-note\/"},"img":{"alt_text":"","src":"https:\/\/i0.wp.com\/www.wallendorff.com\/belogue\/wp-content\/uploads\/2015\/04\/20150209-161.jpg?resize=350%2C200&ssl=1","width":350,"height":200,"srcset":"https:\/\/i0.wp.com\/www.wallendorff.com\/belogue\/wp-content\/uploads\/2015\/04\/20150209-161.jpg?resize=350%2C200&ssl=1 1x, https:\/\/i0.wp.com\/www.wallendorff.com\/belogue\/wp-content\/uploads\/2015\/04\/20150209-161.jpg?resize=525%2C300&ssl=1 1.5x, https:\/\/i0.wp.com\/www.wallendorff.com\/belogue\/wp-content\/uploads\/2015\/04\/20150209-161.jpg?resize=700%2C400&ssl=1 2x"},"classes":[]},{"id":22886,"url":"https:\/\/www.wallendorff.com\/belogue\/2014\/06\/04\/10-ans-a-la-ferme\/","url_meta":{"origin":22123,"position":5},"title":"10 ans [\u00e0 la] ferme.","author":"dpc","date":"4 juin 2014","format":false,"excerpt":"10 ans de jappement, de meuglements, de caquettements, de b\u00ealements et de piaillement. D'abord avec des toutous, puis des chats, puis tout le reste de la ferme quand na\u00eet en 2011 notre tradition de la visite annuelle au salon de la meuh-meuh (et \u00e0 l'ap\u00e9ro des producteurs de brebis). 10\u2026","rel":"","context":"Dans &quot;DPC&quot;","block_context":{"text":"DPC","link":"https:\/\/www.wallendorff.com\/belogue\/category\/dpc\/"},"img":{"alt_text":"","src":"https:\/\/i0.wp.com\/www.wallendorff.com\/belogue\/wp-content\/uploads\/2015\/04\/201204262.jpg?resize=350%2C200&ssl=1","width":350,"height":200,"srcset":"https:\/\/i0.wp.com\/www.wallendorff.com\/belogue\/wp-content\/uploads\/2015\/04\/201204262.jpg?resize=350%2C200&ssl=1 1x, https:\/\/i0.wp.com\/www.wallendorff.com\/belogue\/wp-content\/uploads\/2015\/04\/201204262.jpg?resize=525%2C300&ssl=1 1.5x, https:\/\/i0.wp.com\/www.wallendorff.com\/belogue\/wp-content\/uploads\/2015\/04\/201204262.jpg?resize=700%2C400&ssl=1 2x"},"classes":[]}],"_links":{"self":[{"href":"https:\/\/www.wallendorff.com\/belogue\/wp-json\/wp\/v2\/posts\/22123","targetHints":{"allow":["GET"]}}],"collection":[{"href":"https:\/\/www.wallendorff.com\/belogue\/wp-json\/wp\/v2\/posts"}],"about":[{"href":"https:\/\/www.wallendorff.com\/belogue\/wp-json\/wp\/v2\/types\/post"}],"author":[{"embeddable":true,"href":"https:\/\/www.wallendorff.com\/belogue\/wp-json\/wp\/v2\/users\/1"}],"replies":[{"embeddable":true,"href":"https:\/\/www.wallendorff.com\/belogue\/wp-json\/wp\/v2\/comments?post=22123"}],"version-history":[{"count":4,"href":"https:\/\/www.wallendorff.com\/belogue\/wp-json\/wp\/v2\/posts\/22123\/revisions"}],"predecessor-version":[{"id":22132,"href":"https:\/\/www.wallendorff.com\/belogue\/wp-json\/wp\/v2\/posts\/22123\/revisions\/22132"}],"wp:featuredmedia":[{"embeddable":true,"href":"https:\/\/www.wallendorff.com\/belogue\/wp-json\/wp\/v2\/media\/26702"}],"wp:attachment":[{"href":"https:\/\/www.wallendorff.com\/belogue\/wp-json\/wp\/v2\/media?parent=22123"}],"wp:term":[{"taxonomy":"category","embeddable":true,"href":"https:\/\/www.wallendorff.com\/belogue\/wp-json\/wp\/v2\/categories?post=22123"},{"taxonomy":"post_tag","embeddable":true,"href":"https:\/\/www.wallendorff.com\/belogue\/wp-json\/wp\/v2\/tags?post=22123"}],"curies":[{"name":"wp","href":"https:\/\/api.w.org\/{rel}","templated":true}]}}