{"id":22090,"date":"2013-11-28T14:17:13","date_gmt":"2013-11-28T12:17:13","guid":{"rendered":"http:\/\/www.wallendorff.com\/?p=22090"},"modified":"2018-05-23T08:13:01","modified_gmt":"2018-05-23T06:13:01","slug":"seuil-face-a-la-nature","status":"publish","type":"post","link":"https:\/\/www.wallendorff.com\/belogue\/2013\/11\/28\/seuil-face-a-la-nature\/","title":{"rendered":"Seuil face \u00e0 la nature."},"content":{"rendered":"\n<div id=\"photo\">\n<p><img decoding=\"async\" src=\"https:\/\/www.wallendorff.com\/belogue\/photo\/2013\/11\/20131128.jpg\"><br \/>\nPlace Martin-Nadaud, Paris, 6 octobre.<\/p>\n<\/p><\/div>\n<p style=\"text-align:right\">[Et l&agrave; tu es content qu&rsquo;il y ait eu un baobab nain dans l&rsquo;entr&eacute;e pour justifier ton titre &agrave; la con.]<\/p>\n<p style=\"text-align:right\">[Et le paillasson est moche, &agrave; part &ccedil;a.]<\/p>\n<div id=\"bandeson\">\n<p><img decoding=\"async\" src=\"https:\/\/www.wallendorff.com\/belogue\/photo\/pochettes\/t\/turner_frank-losing_days.jpg\" align=\"left\" \/><a href=\"http:\/\/www.youtube.com\/watch?v=b-WJW73NzUA\"><em>Hits &amp; Mrs.<\/em><\/a><br \/>\n          <a href=\"http:\/\/frank-turner.com\/\">Frank Turner<\/a><\/p>\n<\/p><\/div>\n","protected":false},"excerpt":{"rendered":"<p>Place Martin-Nadaud, Paris, 6 octobre. [Et l&agrave; tu es content qu&rsquo;il y ait eu un baobab nain dans l&rsquo;entr&eacute;e pour justifier ton titre &agrave; la con.] [Et le paillasson est moche, &agrave; part &ccedil;a.] Hits &amp; Mrs. Frank Turner<\/p>\n","protected":false},"author":1,"featured_media":26698,"comment_status":"open","ping_status":"open","sticky":false,"template":"","format":"standard","meta":{"_acf_changed":false,"ngg_post_thumbnail":0,"jetpack_post_was_ever_published":false,"_jetpack_newsletter_access":"","_jetpack_dont_email_post_to_subs":false,"_jetpack_newsletter_tier_id":0,"_jetpack_memberships_contains_paywalled_content":false,"_jetpack_memberships_contains_paid_content":false,"footnotes":"","jetpack_publicize_message":"","jetpack_publicize_feature_enabled":true,"jetpack_social_post_already_shared":true,"jetpack_social_options":{"image_generator_settings":{"template":"highway","default_image_id":0,"font":"","enabled":false},"version":2}},"categories":[3],"tags":[10216,2571,6766,5745,10120,8155,10970,8156,10121,10646,10098,8180,10305],"class_list":["post-22090","post","type-post","status-publish","format-standard","has-post-thumbnail","hentry","category-dpc","tag-10216","tag-ef-16-35-mm-f28l-ii-usm","tag-eos-5d-mark-iii","tag-entree","tag-france","tag-frank-turner","tag-hall","tag-hits-mrs","tag-ile-de-france","tag-immeuble","tag-paris","tag-place-martin-nadaud","tag-porte"],"acf":[],"geo":{"latitude":48.8650932,"longitude":2.394829,"description":"Paris 20 M\u00e9nilmontant, \u00cele-de-France, 75967 CEDEX 20, FR"},"jetpack_publicize_connections":[],"jetpack_featured_media_url":"https:\/\/www.wallendorff.com\/belogue\/wp-content\/uploads\/2015\/04\/201311281.jpg","jetpack_shortlink":"https:\/\/wp.me\/p3b35P-5Ki","jetpack_sharing_enabled":true,"jetpack-related-posts":[{"id":21968,"url":"https:\/\/www.wallendorff.com\/belogue\/2013\/10\/31\/octobre-2013\/","url_meta":{"origin":22090,"position":0},"title":"Octobre 2013.","author":"dpc","date":"31 octobre 2013","format":false,"excerpt":"Du Neuch\u00e2tel, des heures place de la Concorde, un vernissage et un anniversaire, un mus\u00e9e et un cimeti\u00e8re, une heure en ascenseur, des bi\u00e8res, deux grammes en une heure, trois kilom\u00e8tres \u00e0 pied, un a\u00e9roport, 92 optiques de phares, un autre vernissage et des tours de passe-passe, 600 kilom\u00e8tres, un\u2026","rel":"","context":"Dans &quot;Blog-note&quot;","block_context":{"text":"Blog-note","link":"https:\/\/www.wallendorff.com\/belogue\/category\/blog-note\/"},"img":{"alt_text":"","src":"https:\/\/i0.wp.com\/www.wallendorff.com\/belogue\/wp-content\/uploads\/2015\/04\/20131107-391.jpg?resize=350%2C200&ssl=1","width":350,"height":200,"srcset":"https:\/\/i0.wp.com\/www.wallendorff.com\/belogue\/wp-content\/uploads\/2015\/04\/20131107-391.jpg?resize=350%2C200&ssl=1 1x, https:\/\/i0.wp.com\/www.wallendorff.com\/belogue\/wp-content\/uploads\/2015\/04\/20131107-391.jpg?resize=525%2C300&ssl=1 1.5x, https:\/\/i0.wp.com\/www.wallendorff.com\/belogue\/wp-content\/uploads\/2015\/04\/20131107-391.jpg?resize=700%2C400&ssl=1 2x"},"classes":[]},{"id":33459,"url":"https:\/\/www.wallendorff.com\/belogue\/2017\/01\/31\/biffy-clyro-frank-carter-the-rattlesnakes-lolympia-paris\/","url_meta":{"origin":22090,"position":1},"title":"Biffy Clyro + Frank Carter &#038; the Rattlesnakes @ l&rsquo;Olympia, Paris.","author":"dpc","date":"31 janvier 2017","format":false,"excerpt":"Frank Carter & the Rattlesnakes Biffy Clyro","rel":"","context":"Dans &quot;Alive&quot;","block_context":{"text":"Alive","link":"https:\/\/www.wallendorff.com\/belogue\/category\/alive\/"},"img":{"alt_text":"","src":"https:\/\/i0.wp.com\/www.wallendorff.com\/belogue\/wp-content\/uploads\/2017\/01\/20170131-19-1.jpg?resize=350%2C200&ssl=1","width":350,"height":200,"srcset":"https:\/\/i0.wp.com\/www.wallendorff.com\/belogue\/wp-content\/uploads\/2017\/01\/20170131-19-1.jpg?resize=350%2C200&ssl=1 1x, https:\/\/i0.wp.com\/www.wallendorff.com\/belogue\/wp-content\/uploads\/2017\/01\/20170131-19-1.jpg?resize=525%2C300&ssl=1 1.5x, https:\/\/i0.wp.com\/www.wallendorff.com\/belogue\/wp-content\/uploads\/2017\/01\/20170131-19-1.jpg?resize=700%2C400&ssl=1 2x"},"classes":[]},{"id":4188,"url":"https:\/\/www.wallendorff.com\/belogue\/2009\/05\/13\/toit-laid-toile-toi-les1\/","url_meta":{"origin":22090,"position":2},"title":"Toit laid, toil\u00e9, toi l&rsquo;es1.","author":"dpc","date":"13 mai 2009","format":false,"excerpt":"Jardin Anne-Frank, Paris, 11 avril. Say Hi to your Mom \u2013 Let's Talk About Spaceships _____ 1 L'accord d'\u00eatre est ici ouvert \u00e0 d\u00e9bat.","rel":"","context":"Dans &quot;DPC&quot;","block_context":{"text":"DPC","link":"https:\/\/www.wallendorff.com\/belogue\/category\/dpc\/"},"img":{"alt_text":"","src":"https:\/\/i0.wp.com\/www.wallendorff.com\/belogue\/wp-content\/uploads\/2015\/04\/200905131.jpg?resize=350%2C200&ssl=1","width":350,"height":200},"classes":[]},{"id":3623,"url":"https:\/\/www.wallendorff.com\/belogue\/2008\/11\/27\/blood-red-shoes-le-trabendo-paris\/","url_meta":{"origin":22090,"position":3},"title":"Blood Red Shoes @ le Trabendo, Paris.","author":"dpc","date":"27 novembre 2008","format":false,"excerpt":"Try Harder | Say Something, Say Anything | You Bring Me Down | ? | It's Getting Boring by the Sea | It Is Happening | Doesn't Matter Much | Take the Weight | Forgive Nothing | Count Me Out | This Is Not for You | I Wish I\u2026","rel":"","context":"Dans &quot;Alive&quot;","block_context":{"text":"Alive","link":"https:\/\/www.wallendorff.com\/belogue\/category\/alive\/"},"img":{"alt_text":"","src":"https:\/\/i0.wp.com\/www.wallendorff.com\/belogue\/wp-content\/uploads\/2015\/04\/200811271.jpg?resize=350%2C200&ssl=1","width":350,"height":200},"classes":[]},{"id":450,"url":"https:\/\/www.wallendorff.com\/belogue\/2005\/03\/03\/arrete-toi-eiffel-tour\/","url_meta":{"origin":22090,"position":4},"title":"Arr&ecirc;te-toi Eiffel Tour.","author":"dpc","date":"3 mars 2005","format":false,"excerpt":"Trocad\u00e9ro, Paris, 23 f\u00e9vrier*. \"I am a doctor, I'll be your doctor, I'm on my way, and you won't come down today, Live for the right things, be with the right ones, Or they'll hold you down, they'll turn your world around.\" 1. Un classique de la photo touristique bateau\u2026","rel":"","context":"Dans &quot;Pis \u00e0 prismes&quot;","block_context":{"text":"Pis \u00e0 prismes","link":"https:\/\/www.wallendorff.com\/belogue\/category\/pis-a-prismes\/"},"img":{"alt_text":"","src":"https:\/\/i0.wp.com\/www.wallendorff.com\/belogue\/wp-content\/uploads\/2015\/04\/20050303-021.jpg?resize=350%2C200&ssl=1","width":350,"height":200},"classes":[]},{"id":124851,"url":"https:\/\/www.wallendorff.com\/belogue\/2023\/06\/29\/at-home-astro-salon-international-de-laeronautique-et-de-lespace-le-bourget-20-et-22-juin-2023\/","url_meta":{"origin":22090,"position":5},"title":"At Home Astro @ Salon International de l&rsquo;A\u00e9ronautique et de l&rsquo;Espace, le Bourget, 20 et 22 juin 2023.","author":"dpc","date":"29 juin 2023","format":false,"excerpt":"Une exposition en partenariat avec l'Apave dans le cadre du Salon International de l'A\u00e9ronautique et de l'Espace de Paris-Le Bourget 2023.Merci \u00e0 Thomas Pesquet pour le pr\u00eat de ses imagesConception graphique : Laura L\u00e9sinTextes : Anne Pluvinage-Nierengarten et moi-m\u00eame.Premi\u00e8re photo : Marie Neubauer","rel":"","context":"Dans &quot;DPC&quot;","block_context":{"text":"DPC","link":"https:\/\/www.wallendorff.com\/belogue\/category\/dpc\/"},"img":{"alt_text":"","src":"https:\/\/i0.wp.com\/www.wallendorff.com\/belogue\/wp-content\/uploads\/2023\/06\/20230629-14.png?resize=350%2C200&ssl=1","width":350,"height":200,"srcset":"https:\/\/i0.wp.com\/www.wallendorff.com\/belogue\/wp-content\/uploads\/2023\/06\/20230629-14.png?resize=350%2C200&ssl=1 1x, https:\/\/i0.wp.com\/www.wallendorff.com\/belogue\/wp-content\/uploads\/2023\/06\/20230629-14.png?resize=525%2C300&ssl=1 1.5x, https:\/\/i0.wp.com\/www.wallendorff.com\/belogue\/wp-content\/uploads\/2023\/06\/20230629-14.png?resize=700%2C400&ssl=1 2x, https:\/\/i0.wp.com\/www.wallendorff.com\/belogue\/wp-content\/uploads\/2023\/06\/20230629-14.png?resize=1050%2C600&ssl=1 3x"},"classes":[]}],"_links":{"self":[{"href":"https:\/\/www.wallendorff.com\/belogue\/wp-json\/wp\/v2\/posts\/22090","targetHints":{"allow":["GET"]}}],"collection":[{"href":"https:\/\/www.wallendorff.com\/belogue\/wp-json\/wp\/v2\/posts"}],"about":[{"href":"https:\/\/www.wallendorff.com\/belogue\/wp-json\/wp\/v2\/types\/post"}],"author":[{"embeddable":true,"href":"https:\/\/www.wallendorff.com\/belogue\/wp-json\/wp\/v2\/users\/1"}],"replies":[{"embeddable":true,"href":"https:\/\/www.wallendorff.com\/belogue\/wp-json\/wp\/v2\/comments?post=22090"}],"version-history":[{"count":3,"href":"https:\/\/www.wallendorff.com\/belogue\/wp-json\/wp\/v2\/posts\/22090\/revisions"}],"predecessor-version":[{"id":38240,"href":"https:\/\/www.wallendorff.com\/belogue\/wp-json\/wp\/v2\/posts\/22090\/revisions\/38240"}],"wp:featuredmedia":[{"embeddable":true,"href":"https:\/\/www.wallendorff.com\/belogue\/wp-json\/wp\/v2\/media\/26698"}],"wp:attachment":[{"href":"https:\/\/www.wallendorff.com\/belogue\/wp-json\/wp\/v2\/media?parent=22090"}],"wp:term":[{"taxonomy":"category","embeddable":true,"href":"https:\/\/www.wallendorff.com\/belogue\/wp-json\/wp\/v2\/categories?post=22090"},{"taxonomy":"post_tag","embeddable":true,"href":"https:\/\/www.wallendorff.com\/belogue\/wp-json\/wp\/v2\/tags?post=22090"}],"curies":[{"name":"wp","href":"https:\/\/api.w.org\/{rel}","templated":true}]}}