{"id":22077,"date":"2013-11-27T12:00:59","date_gmt":"2013-11-27T10:00:59","guid":{"rendered":"http:\/\/www.wallendorff.com\/?p=22077"},"modified":"2018-05-23T08:06:55","modified_gmt":"2018-05-23T06:06:55","slug":"bijoux-partout","status":"publish","type":"post","link":"https:\/\/www.wallendorff.com\/belogue\/2013\/11\/27\/bijoux-partout\/","title":{"rendered":"Bijoux partout."},"content":{"rendered":"\n<div id=\"photo\">\n<p><img decoding=\"async\" src=\"https:\/\/www.wallendorff.com\/belogue\/photo\/2013\/11\/20131127.jpg\"><br \/>\nMus&eacute;e des Arts D&eacute;coratifs, Paris, 6 octobre.<\/p>\n<\/p><\/div>\n<div id=\"bandeson\">\n<p><img decoding=\"async\" src=\"https:\/\/www.wallendorff.com\/belogue\/photo\/pochettes\/b\/best_coast-fade_away.jpg\" align=\"left\" \/><em>This Lonely Morning<\/em><br \/>\n          <a href=\"http:\/\/www.bestcoast.us\/\">Best Coast<\/a><\/p>\n<p>        <iframe style=\"align:right\" width=\"400px\" height=\"55\" scrolling=\"no\" frameborder=\"no\" src=\"https:\/\/w.soundcloud.com\/player\/?url=https%3A\/\/api.soundcloud.com\/tracks\/113555160&amp;color=800000&amp;auto_play=false&amp;show_artwork=false\"><\/iframe>\n      <\/div>\n","protected":false},"excerpt":{"rendered":"<p>Mus&eacute;e des Arts D&eacute;coratifs, Paris, 6 octobre. This Lonely Morning Best Coast<\/p>\n","protected":false},"author":1,"featured_media":26697,"comment_status":"open","ping_status":"open","sticky":false,"template":"","format":"standard","meta":{"_acf_changed":false,"ngg_post_thumbnail":0,"jetpack_post_was_ever_published":false,"_jetpack_newsletter_access":"","_jetpack_dont_email_post_to_subs":false,"_jetpack_newsletter_tier_id":0,"_jetpack_memberships_contains_paywalled_content":false,"_jetpack_memberships_contains_paid_content":false,"footnotes":"","jetpack_publicize_message":"","jetpack_publicize_feature_enabled":true,"jetpack_social_post_already_shared":true,"jetpack_social_options":{"image_generator_settings":{"template":"highway","default_image_id":0,"font":"","enabled":false},"version":2}},"categories":[3],"tags":[8178,11733,1016,6766,10120,8176,10121,10232,11700,11237,10098,11701,8179],"class_list":["post-22077","post","type-post","status-publish","format-standard","has-post-thumbnail","hentry","category-dpc","tag-best-coast","tag-bijou","tag-ef-15-mm-f28-fisheye","tag-eos-5d-mark-iii","tag-france","tag-galerie-des-bijoux","tag-ile-de-france","tag-musee","tag-musee-des-arts-decoratifs","tag-palais-du-louvre","tag-paris","tag-rue-de-rivoli","tag-this-lonely-morning"],"acf":[],"geo":{"latitude":48.8631287,"longitude":2.3332803,"description":"Paris 02, \u00cele-de-France, 75067 CEDEX 02, FR"},"jetpack_publicize_connections":[],"jetpack_featured_media_url":"https:\/\/www.wallendorff.com\/belogue\/wp-content\/uploads\/2015\/04\/201311271.jpg","jetpack_shortlink":"https:\/\/wp.me\/p3b35P-5K5","jetpack_sharing_enabled":true,"jetpack-related-posts":[{"id":21968,"url":"https:\/\/www.wallendorff.com\/belogue\/2013\/10\/31\/octobre-2013\/","url_meta":{"origin":22077,"position":0},"title":"Octobre 2013.","author":"dpc","date":"31 octobre 2013","format":false,"excerpt":"Du Neuch\u00e2tel, des heures place de la Concorde, un vernissage et un anniversaire, un mus\u00e9e et un cimeti\u00e8re, une heure en ascenseur, des bi\u00e8res, deux grammes en une heure, trois kilom\u00e8tres \u00e0 pied, un a\u00e9roport, 92 optiques de phares, un autre vernissage et des tours de passe-passe, 600 kilom\u00e8tres, un\u2026","rel":"","context":"Dans &quot;Blog-note&quot;","block_context":{"text":"Blog-note","link":"https:\/\/www.wallendorff.com\/belogue\/category\/blog-note\/"},"img":{"alt_text":"","src":"https:\/\/i0.wp.com\/www.wallendorff.com\/belogue\/wp-content\/uploads\/2015\/04\/20131107-391.jpg?resize=350%2C200&ssl=1","width":350,"height":200,"srcset":"https:\/\/i0.wp.com\/www.wallendorff.com\/belogue\/wp-content\/uploads\/2015\/04\/20131107-391.jpg?resize=350%2C200&ssl=1 1x, https:\/\/i0.wp.com\/www.wallendorff.com\/belogue\/wp-content\/uploads\/2015\/04\/20131107-391.jpg?resize=525%2C300&ssl=1 1.5x, https:\/\/i0.wp.com\/www.wallendorff.com\/belogue\/wp-content\/uploads\/2015\/04\/20131107-391.jpg?resize=700%2C400&ssl=1 2x"},"classes":[]},{"id":7885,"url":"https:\/\/www.wallendorff.com\/belogue\/2010\/07\/22\/lhaiku-rit-aussi-tetin-vit-lun-des-faux\/","url_meta":{"origin":22077,"position":1},"title":"L&rsquo;ha\u00efku rit aussi ; t\u00e9tin vit l&rsquo;un des faux.","author":"dpc","date":"22 juillet 2010","format":false,"excerpt":"Palais du Louvre, Paris, 22 juin. Mais bien s\u00fbr que si que c'est un mot, enfin\u00a0: T\u00e9tin, subst. masc. a) Vx ou litt\u00e9r. Sein. Isabeau, ma mie, je ne serai content de Jupiter que lorsqu'il aura chang\u00e9 vos deux t\u00e9tins blancs en deux noires bouteilles, o\u00f9 je t\u00e9terai du vin\u2026","rel":"","context":"Dans &quot;DPC&quot;","block_context":{"text":"DPC","link":"https:\/\/www.wallendorff.com\/belogue\/category\/dpc\/"},"img":{"alt_text":"","src":"https:\/\/i0.wp.com\/www.wallendorff.com\/belogue\/wp-content\/uploads\/2015\/04\/201007221.jpg?resize=350%2C200&ssl=1","width":350,"height":200},"classes":[]},{"id":302,"url":"https:\/\/www.wallendorff.com\/belogue\/2005\/08\/01\/temps-passe-et-des-m-ailleurs\/","url_meta":{"origin":22077,"position":2},"title":"Temps passe et des m&rsquo;ailleurs.","author":"dpc","date":"1 ao\u00fbt 2005","format":false,"excerpt":"Mus\u00e9e d'Orsay, Paris, 20 juillet. \u00c0 force de tourner, squatter, voyager, partir, revenir, passer, laisser, [re]trouver, d\u00e9coller et arriver, On finit par se demander o\u00f9 l'on sera le mieux. Ou \u00e0 parfaitement conna\u00eetre la r\u00e9ponse de cette question. Ce qui est, apr\u00e8s ces deux ann\u00e9es d'a\u00e9roports, d'autoroutes et de gares,\u2026","rel":"","context":"Dans &quot;DPC&quot;","block_context":{"text":"DPC","link":"https:\/\/www.wallendorff.com\/belogue\/category\/dpc\/"},"img":{"alt_text":"","src":"https:\/\/i0.wp.com\/www.wallendorff.com\/belogue\/wp-content\/uploads\/2015\/04\/200508011.jpg?resize=350%2C200&ssl=1","width":350,"height":200,"srcset":"https:\/\/i0.wp.com\/www.wallendorff.com\/belogue\/wp-content\/uploads\/2015\/04\/200508011.jpg?resize=350%2C200&ssl=1 1x, https:\/\/i0.wp.com\/www.wallendorff.com\/belogue\/wp-content\/uploads\/2015\/04\/200508011.jpg?resize=525%2C300&ssl=1 1.5x"},"classes":[]},{"id":36659,"url":"https:\/\/www.wallendorff.com\/belogue\/2017\/11\/30\/novembre-2017\/","url_meta":{"origin":22077,"position":3},"title":"Novembre 2017.","author":"dpc","date":"30 novembre 2017","format":false,"excerpt":"Un concert, un bar, un concert, un ap\u00e9ro, un resto, un concert, une soir\u00e9e-photo, un m\u00e9tro, un salon, un squat', un dodo, un concert, un num\u00e9ro, une comm\u00e9moration, un concert, un concert, un anniversaire, un num\u00e9ro, un num\u00e9ro, un concert, un train, un concert, un concert, une expo, un avion,\u2026","rel":"","context":"Dans &quot;Blog-note&quot;","block_context":{"text":"Blog-note","link":"https:\/\/www.wallendorff.com\/belogue\/category\/blog-note\/"},"img":{"alt_text":"","src":"https:\/\/i0.wp.com\/www.wallendorff.com\/belogue\/wp-content\/uploads\/2017\/12\/20171213-58.jpg?resize=350%2C200&ssl=1","width":350,"height":200,"srcset":"https:\/\/i0.wp.com\/www.wallendorff.com\/belogue\/wp-content\/uploads\/2017\/12\/20171213-58.jpg?resize=350%2C200&ssl=1 1x, https:\/\/i0.wp.com\/www.wallendorff.com\/belogue\/wp-content\/uploads\/2017\/12\/20171213-58.jpg?resize=525%2C300&ssl=1 1.5x, https:\/\/i0.wp.com\/www.wallendorff.com\/belogue\/wp-content\/uploads\/2017\/12\/20171213-58.jpg?resize=700%2C400&ssl=1 2x"},"classes":[]},{"id":11254,"url":"https:\/\/www.wallendorff.com\/belogue\/2011\/01\/06\/lennui-au-musee\/","url_meta":{"origin":22077,"position":4},"title":"L&rsquo;ennui au mus\u00e9e.","author":"dpc","date":"6 janvier 2011","format":false,"excerpt":"Centre Pompidou-Metz, Metz, 8 novembre 2010. The High Wire \u2013 Odds & Evens","rel":"","context":"Dans &quot;DPC&quot;","block_context":{"text":"DPC","link":"https:\/\/www.wallendorff.com\/belogue\/category\/dpc\/"},"img":{"alt_text":"","src":"https:\/\/i0.wp.com\/www.wallendorff.com\/belogue\/wp-content\/uploads\/2015\/04\/201101061.jpg?resize=350%2C200&ssl=1","width":350,"height":200},"classes":[]},{"id":20135,"url":"https:\/\/www.wallendorff.com\/belogue\/2013\/01\/16\/piliers-en-quatre\/","url_meta":{"origin":22077,"position":5},"title":"Piliers en quatre.","author":"dpc","date":"16 janvier 2013","format":false,"excerpt":"Mus\u00e9e du Louvre, Paris, 20 novembre 2012. Chained The xx","rel":"","context":"Dans &quot;DPC&quot;","block_context":{"text":"DPC","link":"https:\/\/www.wallendorff.com\/belogue\/category\/dpc\/"},"img":{"alt_text":"","src":"https:\/\/i0.wp.com\/www.wallendorff.com\/belogue\/wp-content\/uploads\/2015\/04\/201301161.jpg?resize=350%2C200&ssl=1","width":350,"height":200},"classes":[]}],"_links":{"self":[{"href":"https:\/\/www.wallendorff.com\/belogue\/wp-json\/wp\/v2\/posts\/22077","targetHints":{"allow":["GET"]}}],"collection":[{"href":"https:\/\/www.wallendorff.com\/belogue\/wp-json\/wp\/v2\/posts"}],"about":[{"href":"https:\/\/www.wallendorff.com\/belogue\/wp-json\/wp\/v2\/types\/post"}],"author":[{"embeddable":true,"href":"https:\/\/www.wallendorff.com\/belogue\/wp-json\/wp\/v2\/users\/1"}],"replies":[{"embeddable":true,"href":"https:\/\/www.wallendorff.com\/belogue\/wp-json\/wp\/v2\/comments?post=22077"}],"version-history":[{"count":4,"href":"https:\/\/www.wallendorff.com\/belogue\/wp-json\/wp\/v2\/posts\/22077\/revisions"}],"predecessor-version":[{"id":22089,"href":"https:\/\/www.wallendorff.com\/belogue\/wp-json\/wp\/v2\/posts\/22077\/revisions\/22089"}],"wp:featuredmedia":[{"embeddable":true,"href":"https:\/\/www.wallendorff.com\/belogue\/wp-json\/wp\/v2\/media\/26697"}],"wp:attachment":[{"href":"https:\/\/www.wallendorff.com\/belogue\/wp-json\/wp\/v2\/media?parent=22077"}],"wp:term":[{"taxonomy":"category","embeddable":true,"href":"https:\/\/www.wallendorff.com\/belogue\/wp-json\/wp\/v2\/categories?post=22077"},{"taxonomy":"post_tag","embeddable":true,"href":"https:\/\/www.wallendorff.com\/belogue\/wp-json\/wp\/v2\/tags?post=22077"}],"curies":[{"name":"wp","href":"https:\/\/api.w.org\/{rel}","templated":true}]}}