{"id":22070,"date":"2013-11-26T14:24:17","date_gmt":"2013-11-26T12:24:17","guid":{"rendered":"http:\/\/www.wallendorff.com\/?p=22070"},"modified":"2014-04-15T11:22:24","modified_gmt":"2014-04-15T09:22:24","slug":"pis-a-prismes-35","status":"publish","type":"post","link":"https:\/\/www.wallendorff.com\/belogue\/2013\/11\/26\/pis-a-prismes-35\/","title":{"rendered":"Pis \u00e0 prismes #35."},"content":{"rendered":"\n<div id=\"photo\">\n<p><img decoding=\"async\" src=\"https:\/\/www.wallendorff.com\/belogue\/photo\/2013\/11\/20131126.jpg\"><br \/>\nParc de Belleville, Paris, 4 octobre.<\/p>\n<\/p><\/div>\n<p style=\"text-align:right\">Monter aux Cascades, passer dans un vernissage en coup de vent et chercher &agrave; d&icirc;ner aux Envierges. En arrivant en haut du parc de Belleville, trouver la tour Eiffel devant un trou, la regarder quelques minutes et aller se faire un pr&eacute;-anniversaire dans le restaurant d&rsquo;en face.<\/p>\n<p style=\"text-align:right\">La soir&eacute;e &eacute;tait belle. Je suis content d&rsquo;en avoir des photos.<\/p>\n<div id=\"bandeson\">\n<p><img decoding=\"async\" src=\"https:\/\/www.wallendorff.com\/belogue\/photo\/pochettes\/w\/widower-fool_moon.jpg\" align=\"left\" \/><em>Oh Catherine, My Catherine<\/em><br \/>\n          <a href=\"http:\/\/widower.bandcamp.com\/\">Widower<\/a><\/p>\n<p>        <iframe style=\"align:right\" width=\"400px\" height=\"55\" scrolling=\"no\" frameborder=\"no\" src=\"https:\/\/w.soundcloud.com\/player\/?url=https%3A\/\/api.soundcloud.com\/tracks\/97620617&amp;color=9d0000&amp;auto_play=false&amp;show_artwork=false\"><\/iframe>\n      <\/div>\n","protected":false},"excerpt":{"rendered":"<p>Parc de Belleville, Paris, 4 octobre. Monter aux Cascades, passer dans un vernissage en coup de vent et chercher &agrave; d&icirc;ner aux Envierges. En arrivant en haut du parc de Belleville, trouver la tour Eiffel devant un trou, la regarder quelques minutes et aller se faire un pr&eacute;-anniversaire dans le restaurant d&rsquo;en face. La soir&eacute;e&hellip;<\/p>\n","protected":false},"author":1,"featured_media":26696,"comment_status":"open","ping_status":"open","sticky":false,"template":"","format":"standard","meta":{"_acf_changed":false,"ngg_post_thumbnail":0,"jetpack_post_was_ever_published":false,"_jetpack_newsletter_access":"","_jetpack_dont_email_post_to_subs":false,"_jetpack_newsletter_tier_id":0,"_jetpack_memberships_contains_paywalled_content":false,"_jetpack_memberships_contains_paid_content":false,"footnotes":"","jetpack_publicize_message":"","jetpack_publicize_feature_enabled":true,"jetpack_social_post_already_shared":true,"jetpack_social_options":{"image_generator_settings":{"template":"highway","default_image_id":0,"font":"","enabled":false},"version":2}},"categories":[13],"tags":[10216,1438,6766,10326,10120,10121,8174,10470,10098,10817,8175,10851,10236,8173],"class_list":["post-22070","post","type-post","status-publish","format-standard","has-post-thumbnail","hentry","category-pis-a-prismes","tag-10216","tag-ef-50-mm-f14-usm","tag-eos-5d-mark-iii","tag-crepuscule","tag-france","tag-ile-de-france","tag-oh-catherine-my-catherine","tag-parc-de-belleville","tag-paris","tag-phare","tag-rue-piat","tag-tour","tag-tour-eiffel","tag-widower"],"acf":[],"geo":{"latitude":48.8715668,"longitude":2.3853421,"description":"Paris 19, \u00cele-de-France, 75019, FR"},"jetpack_publicize_connections":[],"jetpack_featured_media_url":"https:\/\/www.wallendorff.com\/belogue\/wp-content\/uploads\/2015\/04\/201311261.jpg","jetpack_shortlink":"https:\/\/wp.me\/p3b35P-5JY","jetpack_sharing_enabled":true,"jetpack-related-posts":[{"id":22712,"url":"https:\/\/www.wallendorff.com\/belogue\/2014\/04\/15\/pis-a-prismes-36\/","url_meta":{"origin":22070,"position":0},"title":"Pis \u00e0 prismes #36.","author":"dpc","date":"15 avril 2014","format":false,"excerpt":"Parc de Belleville, Paris, 16 mars. Pour compl\u00e9ter le num\u00e9ro 35. Walkabout Augustines","rel":"","context":"Dans &quot;Pis \u00e0 prismes&quot;","block_context":{"text":"Pis \u00e0 prismes","link":"https:\/\/www.wallendorff.com\/belogue\/category\/pis-a-prismes\/"},"img":{"alt_text":"","src":"https:\/\/i0.wp.com\/www.wallendorff.com\/belogue\/wp-content\/uploads\/2015\/04\/201404151.jpg?resize=350%2C200&ssl=1","width":350,"height":200,"srcset":"https:\/\/i0.wp.com\/www.wallendorff.com\/belogue\/wp-content\/uploads\/2015\/04\/201404151.jpg?resize=350%2C200&ssl=1 1x, https:\/\/i0.wp.com\/www.wallendorff.com\/belogue\/wp-content\/uploads\/2015\/04\/201404151.jpg?resize=525%2C300&ssl=1 1.5x, https:\/\/i0.wp.com\/www.wallendorff.com\/belogue\/wp-content\/uploads\/2015\/04\/201404151.jpg?resize=700%2C400&ssl=1 2x"},"classes":[]},{"id":22899,"url":"https:\/\/www.wallendorff.com\/belogue\/2014\/06\/05\/dix-ans-et-une-tour\/","url_meta":{"origin":22070,"position":1},"title":"Dix ans et une tour.","author":"dpc","date":"5 juin 2014","format":false,"excerpt":"Dix ans \u00e0 passer devant, \u00e0 tourner autour, \u00e0 la d\u00e9tailler sous toutes les coutures. Dix ans \u00e0 retomber dessus sans cesse sans jamais la chercher, au point de finir par lui d\u00e9dier la s\u00e9rie photographique au titre le plus pourri de la d\u00e9cennie. Pis \u00e0 prismes #11. Champ de\u2026","rel":"","context":"Dans &quot;DPC&quot;","block_context":{"text":"DPC","link":"https:\/\/www.wallendorff.com\/belogue\/category\/dpc\/"},"img":{"alt_text":"","src":"https:\/\/i0.wp.com\/www.wallendorff.com\/belogue\/wp-content\/uploads\/2015\/04\/201301223.jpg?resize=350%2C200&ssl=1","width":350,"height":200,"srcset":"https:\/\/i0.wp.com\/www.wallendorff.com\/belogue\/wp-content\/uploads\/2015\/04\/201301223.jpg?resize=350%2C200&ssl=1 1x, https:\/\/i0.wp.com\/www.wallendorff.com\/belogue\/wp-content\/uploads\/2015\/04\/201301223.jpg?resize=525%2C300&ssl=1 1.5x, https:\/\/i0.wp.com\/www.wallendorff.com\/belogue\/wp-content\/uploads\/2015\/04\/201301223.jpg?resize=700%2C400&ssl=1 2x"},"classes":[]},{"id":245,"url":"https:\/\/www.wallendorff.com\/belogue\/2005\/12\/09\/pis-a-prismes-5\/","url_meta":{"origin":22070,"position":2},"title":"Pis &agrave; prismes #5.","author":"dpc","date":"9 d\u00e9cembre 2005","format":false,"excerpt":"Tour Eiffel , Paris, 30 novembre. [On s'en lasse pas, hein?] Poids\u00a0: La Tour Eiffel est l\u00e9g\u00e8re, elle n'exerce qu'une pression de 4,5\u00a0kg.cm-2 (0,441\u00a0MPa) sur ses fondations. Si on place la Tour Eiffel dans un cylindre d'air, son poids ne d\u00e9passe pas le poids de l'air du cylindre. Poids de\u2026","rel":"","context":"Dans &quot;Pis \u00e0 prismes&quot;","block_context":{"text":"Pis \u00e0 prismes","link":"https:\/\/www.wallendorff.com\/belogue\/category\/pis-a-prismes\/"},"img":{"alt_text":"","src":"https:\/\/i0.wp.com\/www.wallendorff.com\/belogue\/wp-content\/uploads\/2015\/04\/200512091.jpg?resize=350%2C200&ssl=1","width":350,"height":200},"classes":[]},{"id":1173,"url":"https:\/\/www.wallendorff.com\/belogue\/2008\/02\/28\/pis-prismes-11\/","url_meta":{"origin":22070,"position":3},"title":"Pis \u00e0 prismes #11.","author":"dpc","date":"28 f\u00e9vrier 2008","format":false,"excerpt":"Tour Eiffel, Paris, 27 janvier. Et garder le meilleur pour la fin. \u00a0MGMT \u2013 Time to Pretend","rel":"","context":"Dans &quot;Pis \u00e0 prismes&quot;","block_context":{"text":"Pis \u00e0 prismes","link":"https:\/\/www.wallendorff.com\/belogue\/category\/pis-a-prismes\/"},"img":{"alt_text":"","src":"https:\/\/i0.wp.com\/www.wallendorff.com\/belogue\/wp-content\/uploads\/2015\/04\/200802281.jpg?resize=350%2C200&ssl=1","width":350,"height":200,"srcset":"https:\/\/i0.wp.com\/www.wallendorff.com\/belogue\/wp-content\/uploads\/2015\/04\/200802281.jpg?resize=350%2C200&ssl=1 1x, https:\/\/i0.wp.com\/www.wallendorff.com\/belogue\/wp-content\/uploads\/2015\/04\/200802281.jpg?resize=525%2C300&ssl=1 1.5x"},"classes":[]},{"id":247,"url":"https:\/\/www.wallendorff.com\/belogue\/2005\/12\/07\/pis-a-prismes-3\/","url_meta":{"origin":22070,"position":4},"title":"Pis &agrave; prismes #3.","author":"dpc","date":"7 d\u00e9cembre 2005","format":false,"excerpt":"Rue de Monttessuy, Paris, 30 novembre. \"La Tour Eiffel fut construite en 1889 \u00e0 l'occasion de l'Exposition universelle qui devait c\u00e9l\u00e9brer le centenaire de la R\u00e9volution Fran\u00e7aise. Entrepreneur\u00a0: Gustave Eiffel & Cie. Ing\u00e9nieurs\u00a0: Maurice Koechlin et \u00c9mile Nouguier. Architecte\u00a0: Stephen Sauvestre. \u00c9tudes\u00a0: 1884. Ex\u00e9cution\u00a0: 1887-1889 (2 ans, 2 mois et\u2026","rel":"","context":"Dans &quot;Pis \u00e0 prismes&quot;","block_context":{"text":"Pis \u00e0 prismes","link":"https:\/\/www.wallendorff.com\/belogue\/category\/pis-a-prismes\/"},"img":{"alt_text":"","src":"https:\/\/i0.wp.com\/www.wallendorff.com\/belogue\/wp-content\/uploads\/2015\/04\/200512071.jpg?resize=350%2C200&ssl=1","width":350,"height":200},"classes":[]},{"id":246,"url":"https:\/\/www.wallendorff.com\/belogue\/2005\/12\/08\/pis-a-prismes-4\/","url_meta":{"origin":22070,"position":5},"title":"Pis &agrave; prismes #4.","author":"dpc","date":"8 d\u00e9cembre 2005","format":false,"excerpt":"Tour Eiffel, Paris, 30 novembre. Borracho. Voy a dormir.","rel":"","context":"Dans &quot;Pis \u00e0 prismes&quot;","block_context":{"text":"Pis \u00e0 prismes","link":"https:\/\/www.wallendorff.com\/belogue\/category\/pis-a-prismes\/"},"img":{"alt_text":"","src":"https:\/\/i0.wp.com\/www.wallendorff.com\/belogue\/wp-content\/uploads\/2015\/04\/200512081.jpg?resize=350%2C200&ssl=1","width":350,"height":200},"classes":[]}],"_links":{"self":[{"href":"https:\/\/www.wallendorff.com\/belogue\/wp-json\/wp\/v2\/posts\/22070","targetHints":{"allow":["GET"]}}],"collection":[{"href":"https:\/\/www.wallendorff.com\/belogue\/wp-json\/wp\/v2\/posts"}],"about":[{"href":"https:\/\/www.wallendorff.com\/belogue\/wp-json\/wp\/v2\/types\/post"}],"author":[{"embeddable":true,"href":"https:\/\/www.wallendorff.com\/belogue\/wp-json\/wp\/v2\/users\/1"}],"replies":[{"embeddable":true,"href":"https:\/\/www.wallendorff.com\/belogue\/wp-json\/wp\/v2\/comments?post=22070"}],"version-history":[{"count":4,"href":"https:\/\/www.wallendorff.com\/belogue\/wp-json\/wp\/v2\/posts\/22070\/revisions"}],"predecessor-version":[{"id":22714,"href":"https:\/\/www.wallendorff.com\/belogue\/wp-json\/wp\/v2\/posts\/22070\/revisions\/22714"}],"wp:featuredmedia":[{"embeddable":true,"href":"https:\/\/www.wallendorff.com\/belogue\/wp-json\/wp\/v2\/media\/26696"}],"wp:attachment":[{"href":"https:\/\/www.wallendorff.com\/belogue\/wp-json\/wp\/v2\/media?parent=22070"}],"wp:term":[{"taxonomy":"category","embeddable":true,"href":"https:\/\/www.wallendorff.com\/belogue\/wp-json\/wp\/v2\/categories?post=22070"},{"taxonomy":"post_tag","embeddable":true,"href":"https:\/\/www.wallendorff.com\/belogue\/wp-json\/wp\/v2\/tags?post=22070"}],"curies":[{"name":"wp","href":"https:\/\/api.w.org\/{rel}","templated":true}]}}