{"id":22057,"date":"2013-11-25T13:20:57","date_gmt":"2013-11-25T11:20:57","guid":{"rendered":"http:\/\/www.wallendorff.com\/?p=22057"},"modified":"2018-05-23T08:13:01","modified_gmt":"2018-05-23T06:13:01","slug":"concorde-iii","status":"publish","type":"post","link":"https:\/\/www.wallendorff.com\/belogue\/2013\/11\/25\/concorde-iii\/","title":{"rendered":"Concorde [III]."},"content":{"rendered":"\n<div id=\"photo\">\n<p><img decoding=\"async\" src=\"https:\/\/www.wallendorff.com\/belogue\/photo\/2013\/11\/20131125.jpg\"><br \/>\nPlace de la Concorde, Paris, 3 octobre.<\/p>\n<\/p><\/div>\n<div id=\"bandeson\">\n<p><img decoding=\"async\" src=\"https:\/\/www.wallendorff.com\/belogue\/photo\/pochettes\/l\/london_grammar-if_you_wait.jpg\" align=\"left\" \/><em>Wasting My Young Years<\/em><br \/>\n          <a href=\"http:\/\/www.londongrammar.com\">London Grammar<\/a><\/p>\n<p>        <iframe style=\"align:right\" width=\"400px\" height=\"55\" scrolling=\"no\" frameborder=\"no\" src=\"https:\/\/w.soundcloud.com\/player\/?url=https%3A\/\/api.soundcloud.com\/tracks\/88299044&amp;color=8b0000&amp;auto_play=false&amp;show_artwork=false\"><\/iframe>\n      <\/div>\n","protected":false},"excerpt":{"rendered":"<p>Place de la Concorde, Paris, 3 octobre. Wasting My Young Years London Grammar<\/p>\n","protected":false},"author":1,"featured_media":26694,"comment_status":"open","ping_status":"open","sticky":false,"template":"","format":"standard","meta":{"_acf_changed":false,"ngg_post_thumbnail":0,"jetpack_post_was_ever_published":false,"_jetpack_newsletter_access":"","_jetpack_dont_email_post_to_subs":false,"_jetpack_newsletter_tier_id":0,"_jetpack_memberships_contains_paywalled_content":false,"_jetpack_memberships_contains_paid_content":false,"footnotes":"","jetpack_publicize_message":"","jetpack_publicize_feature_enabled":true,"jetpack_social_post_already_shared":true,"jetpack_social_options":{"image_generator_settings":{"template":"highway","default_image_id":0,"font":"","enabled":false},"version":2}},"categories":[3],"tags":[10182,2571,6766,10326,10515,11695,10120,10121,11727,10147,1477,10098,10366,10592,8157],"class_list":["post-22057","post","type-post","status-publish","format-standard","has-post-thumbnail","hentry","category-dpc","tag-10182","tag-ef-16-35-mm-f28l-ii-usm","tag-eos-5d-mark-iii","tag-crepuscule","tag-fontaine","tag-fontaine-des-mers","tag-france","tag-ile-de-france","tag-london-grammar","tag-nuit","tag-obelisque","tag-paris","tag-place-de-la-concorde","tag-pose-longue","tag-wasting-my-young-years"],"acf":[],"geo":{"latitude":48.8648643,"longitude":2.3206632,"description":"Paris 07 Palais-Bourbon, \u00cele-de-France, 75353 SP 07, FR"},"jetpack_publicize_connections":[],"jetpack_featured_media_url":"https:\/\/www.wallendorff.com\/belogue\/wp-content\/uploads\/2015\/04\/201311251.jpg","jetpack_shortlink":"https:\/\/wp.me\/p3b35P-5JL","jetpack_sharing_enabled":true,"jetpack-related-posts":[{"id":21993,"url":"https:\/\/www.wallendorff.com\/belogue\/2013\/11\/13\/concorde-i\/","url_meta":{"origin":22057,"position":0},"title":"Concorde [I].","author":"dpc","date":"13 novembre 2013","format":false,"excerpt":"Place de la Concorde, Paris, 1er octobre. Explain Nothing Infadels","rel":"","context":"Dans &quot;DPC&quot;","block_context":{"text":"DPC","link":"https:\/\/www.wallendorff.com\/belogue\/category\/dpc\/"},"img":{"alt_text":"","src":"https:\/\/i0.wp.com\/www.wallendorff.com\/belogue\/wp-content\/uploads\/2015\/04\/201311131.jpg?resize=350%2C200&ssl=1","width":350,"height":200,"srcset":"https:\/\/i0.wp.com\/www.wallendorff.com\/belogue\/wp-content\/uploads\/2015\/04\/201311131.jpg?resize=350%2C200&ssl=1 1x, https:\/\/i0.wp.com\/www.wallendorff.com\/belogue\/wp-content\/uploads\/2015\/04\/201311131.jpg?resize=525%2C300&ssl=1 1.5x, https:\/\/i0.wp.com\/www.wallendorff.com\/belogue\/wp-content\/uploads\/2015\/04\/201311131.jpg?resize=700%2C400&ssl=1 2x"},"classes":[]},{"id":33665,"url":"https:\/\/www.wallendorff.com\/belogue\/2017\/03\/13\/into-the-wide-88\/","url_meta":{"origin":22057,"position":1},"title":"Into the wide #88.","author":"dpc","date":"13 mars 2017","format":false,"excerpt":"\u00a0 Place de la Concorde, Paris, 29 d\u00e9cembre 2016. Arc of Bar Japandroids","rel":"","context":"Dans &quot;Into the wide&quot;","block_context":{"text":"Into the wide","link":"https:\/\/www.wallendorff.com\/belogue\/category\/into-the-wide\/"},"img":{"alt_text":"","src":"https:\/\/i0.wp.com\/www.wallendorff.com\/belogue\/wp-content\/uploads\/2017\/03\/20170313.jpg?resize=350%2C200&ssl=1","width":350,"height":200,"srcset":"https:\/\/i0.wp.com\/www.wallendorff.com\/belogue\/wp-content\/uploads\/2017\/03\/20170313.jpg?resize=350%2C200&ssl=1 1x, https:\/\/i0.wp.com\/www.wallendorff.com\/belogue\/wp-content\/uploads\/2017\/03\/20170313.jpg?resize=525%2C300&ssl=1 1.5x, https:\/\/i0.wp.com\/www.wallendorff.com\/belogue\/wp-content\/uploads\/2017\/03\/20170313.jpg?resize=700%2C400&ssl=1 2x"},"classes":[]},{"id":14430,"url":"https:\/\/www.wallendorff.com\/belogue\/2011\/11\/11\/goutte-que-goutte\/","url_meta":{"origin":22057,"position":2},"title":"Goutte que goutte.","author":"dpc","date":"11 novembre 2011","format":false,"excerpt":"Place de la Concorde, Paris, 30 ao\u00fbt. Happyyyyyyyyyyyyyyyyyyyyyyyyyyyyyyy Tufnel Day. Nigel Tufnel \u2013 Lick My Love Pump [youtube]http:\/\/www.youtube.com\/watch?v=DX3ssZIMF9E[\/youtube]","rel":"","context":"Dans &quot;DPC&quot;","block_context":{"text":"DPC","link":"https:\/\/www.wallendorff.com\/belogue\/category\/dpc\/"},"img":{"alt_text":"","src":"https:\/\/i0.wp.com\/www.wallendorff.com\/belogue\/wp-content\/uploads\/2015\/04\/201111111.jpg?resize=350%2C200&ssl=1","width":350,"height":200,"srcset":"https:\/\/i0.wp.com\/www.wallendorff.com\/belogue\/wp-content\/uploads\/2015\/04\/201111111.jpg?resize=350%2C200&ssl=1 1x, https:\/\/i0.wp.com\/www.wallendorff.com\/belogue\/wp-content\/uploads\/2015\/04\/201111111.jpg?resize=525%2C300&ssl=1 1.5x, https:\/\/i0.wp.com\/www.wallendorff.com\/belogue\/wp-content\/uploads\/2015\/04\/201111111.jpg?resize=700%2C400&ssl=1 2x"},"classes":[]},{"id":48489,"url":"https:\/\/www.wallendorff.com\/belogue\/2021\/06\/01\/place-de-la-conque-dor\/","url_meta":{"origin":22057,"position":3},"title":"Place de la conque d&rsquo;or.","author":"dpc","date":"1 juin 2021","format":false,"excerpt":"Place de la Concorde, Paris, 25 mars 2021. Pendant des ann\u00e9es je ne savais pas diff\u00e9rencier la fontaine des Mers de la fontaine des Fleuves quand, tout \u00e0 coup, j'ai r\u00e9alis\u00e9 qu'elles sont class\u00e9es dans l'ordre alphab\u00e9tique du nord au sud. Depuis, je vais mieux dans ma vie. Higlight Reel\u2026","rel":"","context":"Dans &quot;DPC&quot;","block_context":{"text":"DPC","link":"https:\/\/www.wallendorff.com\/belogue\/category\/dpc\/"},"img":{"alt_text":"","src":"https:\/\/i0.wp.com\/www.wallendorff.com\/belogue\/wp-content\/uploads\/2021\/06\/20210601-03.jpg?resize=350%2C200&ssl=1","width":350,"height":200,"srcset":"https:\/\/i0.wp.com\/www.wallendorff.com\/belogue\/wp-content\/uploads\/2021\/06\/20210601-03.jpg?resize=350%2C200&ssl=1 1x, https:\/\/i0.wp.com\/www.wallendorff.com\/belogue\/wp-content\/uploads\/2021\/06\/20210601-03.jpg?resize=525%2C300&ssl=1 1.5x, https:\/\/i0.wp.com\/www.wallendorff.com\/belogue\/wp-content\/uploads\/2021\/06\/20210601-03.jpg?resize=700%2C400&ssl=1 2x, https:\/\/i0.wp.com\/www.wallendorff.com\/belogue\/wp-content\/uploads\/2021\/06\/20210601-03.jpg?resize=1050%2C600&ssl=1 3x"},"classes":[]},{"id":21968,"url":"https:\/\/www.wallendorff.com\/belogue\/2013\/10\/31\/octobre-2013\/","url_meta":{"origin":22057,"position":4},"title":"Octobre 2013.","author":"dpc","date":"31 octobre 2013","format":false,"excerpt":"Du Neuch\u00e2tel, des heures place de la Concorde, un vernissage et un anniversaire, un mus\u00e9e et un cimeti\u00e8re, une heure en ascenseur, des bi\u00e8res, deux grammes en une heure, trois kilom\u00e8tres \u00e0 pied, un a\u00e9roport, 92 optiques de phares, un autre vernissage et des tours de passe-passe, 600 kilom\u00e8tres, un\u2026","rel":"","context":"Dans &quot;Blog-note&quot;","block_context":{"text":"Blog-note","link":"https:\/\/www.wallendorff.com\/belogue\/category\/blog-note\/"},"img":{"alt_text":"","src":"https:\/\/i0.wp.com\/www.wallendorff.com\/belogue\/wp-content\/uploads\/2015\/04\/20131107-391.jpg?resize=350%2C200&ssl=1","width":350,"height":200,"srcset":"https:\/\/i0.wp.com\/www.wallendorff.com\/belogue\/wp-content\/uploads\/2015\/04\/20131107-391.jpg?resize=350%2C200&ssl=1 1x, https:\/\/i0.wp.com\/www.wallendorff.com\/belogue\/wp-content\/uploads\/2015\/04\/20131107-391.jpg?resize=525%2C300&ssl=1 1.5x, https:\/\/i0.wp.com\/www.wallendorff.com\/belogue\/wp-content\/uploads\/2015\/04\/20131107-391.jpg?resize=700%2C400&ssl=1 2x"},"classes":[]},{"id":22045,"url":"https:\/\/www.wallendorff.com\/belogue\/2013\/11\/21\/concorde-ii\/","url_meta":{"origin":22057,"position":5},"title":"Concorde [II].","author":"dpc","date":"21 novembre 2013","format":false,"excerpt":"Place de la Concorde, Paris, 3 octobre. High Road Cults","rel":"","context":"Dans &quot;DPC&quot;","block_context":{"text":"DPC","link":"https:\/\/www.wallendorff.com\/belogue\/category\/dpc\/"},"img":{"alt_text":"","src":"https:\/\/i0.wp.com\/www.wallendorff.com\/belogue\/wp-content\/uploads\/2015\/04\/201311211.jpg?resize=350%2C200&ssl=1","width":350,"height":200,"srcset":"https:\/\/i0.wp.com\/www.wallendorff.com\/belogue\/wp-content\/uploads\/2015\/04\/201311211.jpg?resize=350%2C200&ssl=1 1x, https:\/\/i0.wp.com\/www.wallendorff.com\/belogue\/wp-content\/uploads\/2015\/04\/201311211.jpg?resize=525%2C300&ssl=1 1.5x, https:\/\/i0.wp.com\/www.wallendorff.com\/belogue\/wp-content\/uploads\/2015\/04\/201311211.jpg?resize=700%2C400&ssl=1 2x"},"classes":[]}],"_links":{"self":[{"href":"https:\/\/www.wallendorff.com\/belogue\/wp-json\/wp\/v2\/posts\/22057","targetHints":{"allow":["GET"]}}],"collection":[{"href":"https:\/\/www.wallendorff.com\/belogue\/wp-json\/wp\/v2\/posts"}],"about":[{"href":"https:\/\/www.wallendorff.com\/belogue\/wp-json\/wp\/v2\/types\/post"}],"author":[{"embeddable":true,"href":"https:\/\/www.wallendorff.com\/belogue\/wp-json\/wp\/v2\/users\/1"}],"replies":[{"embeddable":true,"href":"https:\/\/www.wallendorff.com\/belogue\/wp-json\/wp\/v2\/comments?post=22057"}],"version-history":[{"count":5,"href":"https:\/\/www.wallendorff.com\/belogue\/wp-json\/wp\/v2\/posts\/22057\/revisions"}],"predecessor-version":[{"id":22071,"href":"https:\/\/www.wallendorff.com\/belogue\/wp-json\/wp\/v2\/posts\/22057\/revisions\/22071"}],"wp:featuredmedia":[{"embeddable":true,"href":"https:\/\/www.wallendorff.com\/belogue\/wp-json\/wp\/v2\/media\/26694"}],"wp:attachment":[{"href":"https:\/\/www.wallendorff.com\/belogue\/wp-json\/wp\/v2\/media?parent=22057"}],"wp:term":[{"taxonomy":"category","embeddable":true,"href":"https:\/\/www.wallendorff.com\/belogue\/wp-json\/wp\/v2\/categories?post=22057"},{"taxonomy":"post_tag","embeddable":true,"href":"https:\/\/www.wallendorff.com\/belogue\/wp-json\/wp\/v2\/tags?post=22057"}],"curies":[{"name":"wp","href":"https:\/\/api.w.org\/{rel}","templated":true}]}}