{"id":22022,"date":"2013-11-16T12:59:51","date_gmt":"2013-11-16T10:59:51","guid":{"rendered":"http:\/\/www.wallendorff.com\/?p=22022"},"modified":"2014-05-24T15:18:30","modified_gmt":"2014-05-24T13:18:30","slug":"suede-temples-festival-des-inrocks-la-cigale-paris-11-novembre","status":"publish","type":"post","link":"https:\/\/www.wallendorff.com\/belogue\/2013\/11\/16\/suede-temples-festival-des-inrocks-la-cigale-paris-11-novembre\/","title":{"rendered":"Suede + Temples @ Festival des Inrocks, la Cigale, Paris, 11 novembre."},"content":{"rendered":"\n<div id=\"photo\">\n<p><img decoding=\"async\" src=\"https:\/\/www.wallendorff.com\/belogue\/photo\/2013\/11\/20131116.jpg\"><\/p>\n<\/p><\/div>\n<h2>Temples<\/h2>ngg_shortcode_0_placeholder<p>&nbsp;<\/p>\n<h2>Suede<\/h2>ngg_shortcode_1_placeholder<p>&nbsp;<\/p>\n","protected":false},"excerpt":{"rendered":"<p>Temples &nbsp; Suede &nbsp;<\/p>\n","protected":false},"author":1,"featured_media":26689,"comment_status":"open","ping_status":"open","sticky":false,"template":"","format":"standard","meta":{"_acf_changed":false,"ngg_post_thumbnail":0,"jetpack_post_was_ever_published":false,"_jetpack_newsletter_access":"","_jetpack_dont_email_post_to_subs":false,"_jetpack_newsletter_tier_id":0,"_jetpack_memberships_contains_paywalled_content":false,"_jetpack_memberships_contains_paid_content":false,"footnotes":"","jetpack_publicize_message":"","jetpack_publicize_feature_enabled":true,"jetpack_social_post_already_shared":true,"jetpack_social_options":{"image_generator_settings":{"template":"highway","default_image_id":0,"font":"","enabled":false},"version":2}},"categories":[7],"tags":[11281,10143,10084,11014,2638,6766,8164,8165,10120,10121,10139,10098,4138,11388],"class_list":["post-22022","post","type-post","status-publish","format-standard","has-post-thumbnail","hentry","category-alive","tag-11281","tag-10143","tag-alive","tag-boulevard-de-rochechouart","tag-ef-24-105-mm-f40l-is-usm","tag-eos-5d-mark-iii","tag-festival-des-inrocks-2","tag-festival-des-inrocks-2013-2","tag-france","tag-ile-de-france","tag-la-cigale","tag-paris","tag-suede","tag-temples"],"acf":[],"geo":{"latitude":48.8822441,"longitude":2.340147,"description":"118-126 Boulevard de Rochechouart, 75018 Paris, France"},"jetpack_publicize_connections":[],"jetpack_featured_media_url":"https:\/\/www.wallendorff.com\/belogue\/wp-content\/uploads\/2015\/04\/201311161.jpg","jetpack_shortlink":"https:\/\/wp.me\/p3b35P-5Jc","jetpack_sharing_enabled":true,"jetpack-related-posts":[{"id":33004,"url":"https:\/\/www.wallendorff.com\/belogue\/2016\/11\/20\/lescop-paradis-festival-des-inrocks-la-cigale-paris\/","url_meta":{"origin":22022,"position":0},"title":"Lescop + Paradis @ Festival des Inrocks, la Cigale, Paris.","author":"dpc","date":"20 novembre 2016","format":false,"excerpt":"Paradis Lescop","rel":"","context":"Dans &quot;Alive&quot;","block_context":{"text":"Alive","link":"https:\/\/www.wallendorff.com\/belogue\/category\/alive\/"},"img":{"alt_text":"","src":"https:\/\/i0.wp.com\/www.wallendorff.com\/belogue\/wp-content\/uploads\/2016\/11\/20161119-08-1.jpg?resize=350%2C200&ssl=1","width":350,"height":200,"srcset":"https:\/\/i0.wp.com\/www.wallendorff.com\/belogue\/wp-content\/uploads\/2016\/11\/20161119-08-1.jpg?resize=350%2C200&ssl=1 1x, https:\/\/i0.wp.com\/www.wallendorff.com\/belogue\/wp-content\/uploads\/2016\/11\/20161119-08-1.jpg?resize=525%2C300&ssl=1 1.5x, https:\/\/i0.wp.com\/www.wallendorff.com\/belogue\/wp-content\/uploads\/2016\/11\/20161119-08-1.jpg?resize=700%2C400&ssl=1 2x"},"classes":[]},{"id":22005,"url":"https:\/\/www.wallendorff.com\/belogue\/2013\/11\/14\/valerie-june-jacco-gardner-london-grammar-festival-des-inrocks-la-cigale-paris-9-novembre\/","url_meta":{"origin":22022,"position":1},"title":"Valerie June + Jacco Gardner + London Grammar @ Festival des Inrocks, la Cigale, Paris, 9 novembre.","author":"dpc","date":"14 novembre 2013","format":false,"excerpt":"London Grammar \u00a0 Jacco Gardner \u00a0 Valerie June \u00a0","rel":"","context":"Dans &quot;Alive&quot;","block_context":{"text":"Alive","link":"https:\/\/www.wallendorff.com\/belogue\/category\/alive\/"},"img":{"alt_text":"","src":"https:\/\/i0.wp.com\/www.wallendorff.com\/belogue\/wp-content\/uploads\/2015\/04\/201311141.jpg?resize=350%2C200&ssl=1","width":350,"height":200,"srcset":"https:\/\/i0.wp.com\/www.wallendorff.com\/belogue\/wp-content\/uploads\/2015\/04\/201311141.jpg?resize=350%2C200&ssl=1 1x, https:\/\/i0.wp.com\/www.wallendorff.com\/belogue\/wp-content\/uploads\/2015\/04\/201311141.jpg?resize=525%2C300&ssl=1 1.5x, https:\/\/i0.wp.com\/www.wallendorff.com\/belogue\/wp-content\/uploads\/2015\/04\/201311141.jpg?resize=700%2C400&ssl=1 2x"},"classes":[]},{"id":33021,"url":"https:\/\/www.wallendorff.com\/belogue\/2016\/11\/21\/festival-des-inrocks-2016-jour-2\/","url_meta":{"origin":22022,"position":2},"title":"Festival des Inrocks 2016, jour 2.","author":"dpc","date":"21 novembre 2016","format":false,"excerpt":"Keep Dancing Inc RAT BOY Jagwar Ma","rel":"","context":"Dans &quot;Alive&quot;","block_context":{"text":"Alive","link":"https:\/\/www.wallendorff.com\/belogue\/category\/alive\/"},"img":{"alt_text":"","src":"https:\/\/i0.wp.com\/www.wallendorff.com\/belogue\/wp-content\/uploads\/2016\/11\/20161120-24-1.jpg?resize=350%2C200&ssl=1","width":350,"height":200,"srcset":"https:\/\/i0.wp.com\/www.wallendorff.com\/belogue\/wp-content\/uploads\/2016\/11\/20161120-24-1.jpg?resize=350%2C200&ssl=1 1x, https:\/\/i0.wp.com\/www.wallendorff.com\/belogue\/wp-content\/uploads\/2016\/11\/20161120-24-1.jpg?resize=525%2C300&ssl=1 1.5x, https:\/\/i0.wp.com\/www.wallendorff.com\/belogue\/wp-content\/uploads\/2016\/11\/20161120-24-1.jpg?resize=700%2C400&ssl=1 2x"},"classes":[]},{"id":1079,"url":"https:\/\/www.wallendorff.com\/belogue\/2007\/11\/12\/editors-la-cigale-paris\/","url_meta":{"origin":22022,"position":3},"title":"Editors @ la Cigale, Paris.","author":"dpc","date":"12 novembre 2007","format":false,"excerpt":"Bones Bullets An End Has a Start The Weight of the World Blood A\u00efe mon dos A\u00efe mon dos A\u00efe mon dos A\u00efe mon dos A\u00efe mon dos Rappel A\u00efe mon dos A\u00efe mon dos A\u00efe mon dos, a\u00efe mon dos, a\u00efe mon dos, a\u00efe mon dos. \u00a0Editors \u2013 You\u2026","rel":"","context":"Dans &quot;Alive&quot;","block_context":{"text":"Alive","link":"https:\/\/www.wallendorff.com\/belogue\/category\/alive\/"},"img":{"alt_text":"","src":"https:\/\/i0.wp.com\/www.wallendorff.com\/belogue\/wp-content\/uploads\/2015\/04\/200711121.jpg?resize=350%2C200&ssl=1","width":350,"height":200},"classes":[]},{"id":8994,"url":"https:\/\/www.wallendorff.com\/belogue\/2010\/09\/14\/klaxons-baby-monster-la-cigale-paris\/","url_meta":{"origin":22022,"position":4},"title":"Klaxons + Baby Monster @ la Cigale, Paris.","author":"dpc","date":"14 septembre 2010","format":false,"excerpt":"Y a pas \u00e0 dire ils tabassent tout. La suite des photos est en bas de la note, juste apr\u00e8s notre Lucas le Roadie sympa s'est par inadvertance v\u00eatu d'un ticheurte trop court\u00a0! Quelques minutes avant l'entr\u00e9e en sc\u00e8ne de Klaxons, se baissant pour cacher un c\u00e2ble de l'ampli de\u2026","rel":"","context":"Dans &quot;Alive&quot;","block_context":{"text":"Alive","link":"https:\/\/www.wallendorff.com\/belogue\/category\/alive\/"},"img":{"alt_text":"","src":"https:\/\/i0.wp.com\/www.wallendorff.com\/belogue\/wp-content\/uploads\/2015\/04\/201009141.jpg?resize=350%2C200&ssl=1","width":350,"height":200,"srcset":"https:\/\/i0.wp.com\/www.wallendorff.com\/belogue\/wp-content\/uploads\/2015\/04\/201009141.jpg?resize=350%2C200&ssl=1 1x, https:\/\/i0.wp.com\/www.wallendorff.com\/belogue\/wp-content\/uploads\/2015\/04\/201009141.jpg?resize=525%2C300&ssl=1 1.5x, https:\/\/i0.wp.com\/www.wallendorff.com\/belogue\/wp-content\/uploads\/2015\/04\/201009141.jpg?resize=700%2C400&ssl=1 2x"},"classes":[]},{"id":1133,"url":"https:\/\/www.wallendorff.com\/belogue\/2008\/01\/09\/previously-unreleased-77\/","url_meta":{"origin":22022,"position":5},"title":"Previously unreleased #77\u00b9.","author":"dpc","date":"9 janvier 2008","format":false,"excerpt":"The Noisettes, la Cigale, Paris, 11 novembre 2007. T'y peux rien, y'a des jours comme \u00e7a o\u00f9 tu te l\u00e8ves avec une furieuse envie de Datsuns. \u00a0The Datsuns\u2013 That Sure Ain't Right _____ 1 Un grand classique de chez la fille au panoramique.","rel":"","context":"Dans &quot;Previously unreleased&quot;","block_context":{"text":"Previously unreleased","link":"https:\/\/www.wallendorff.com\/belogue\/category\/previously-unreleased\/"},"img":{"alt_text":"","src":"https:\/\/i0.wp.com\/www.wallendorff.com\/belogue\/wp-content\/uploads\/2015\/04\/200801091.jpg?resize=350%2C200&ssl=1","width":350,"height":200},"classes":[]}],"_links":{"self":[{"href":"https:\/\/www.wallendorff.com\/belogue\/wp-json\/wp\/v2\/posts\/22022","targetHints":{"allow":["GET"]}}],"collection":[{"href":"https:\/\/www.wallendorff.com\/belogue\/wp-json\/wp\/v2\/posts"}],"about":[{"href":"https:\/\/www.wallendorff.com\/belogue\/wp-json\/wp\/v2\/types\/post"}],"author":[{"embeddable":true,"href":"https:\/\/www.wallendorff.com\/belogue\/wp-json\/wp\/v2\/users\/1"}],"replies":[{"embeddable":true,"href":"https:\/\/www.wallendorff.com\/belogue\/wp-json\/wp\/v2\/comments?post=22022"}],"version-history":[{"count":4,"href":"https:\/\/www.wallendorff.com\/belogue\/wp-json\/wp\/v2\/posts\/22022\/revisions"}],"predecessor-version":[{"id":22822,"href":"https:\/\/www.wallendorff.com\/belogue\/wp-json\/wp\/v2\/posts\/22022\/revisions\/22822"}],"wp:featuredmedia":[{"embeddable":true,"href":"https:\/\/www.wallendorff.com\/belogue\/wp-json\/wp\/v2\/media\/26689"}],"wp:attachment":[{"href":"https:\/\/www.wallendorff.com\/belogue\/wp-json\/wp\/v2\/media?parent=22022"}],"wp:term":[{"taxonomy":"category","embeddable":true,"href":"https:\/\/www.wallendorff.com\/belogue\/wp-json\/wp\/v2\/categories?post=22022"},{"taxonomy":"post_tag","embeddable":true,"href":"https:\/\/www.wallendorff.com\/belogue\/wp-json\/wp\/v2\/tags?post=22022"}],"curies":[{"name":"wp","href":"https:\/\/api.w.org\/{rel}","templated":true}]}}