{"id":22014,"date":"2013-11-15T13:25:43","date_gmt":"2013-11-15T11:25:43","guid":{"rendered":"http:\/\/www.wallendorff.com\/?p=22014"},"modified":"2013-12-02T18:56:25","modified_gmt":"2013-12-02T16:56:25","slug":"findlay-festival-des-inrocks-la-boule-noire-paris-10-novembre","status":"publish","type":"post","link":"https:\/\/www.wallendorff.com\/belogue\/2013\/11\/15\/findlay-festival-des-inrocks-la-boule-noire-paris-10-novembre\/","title":{"rendered":"Findlay @ Festival des Inrocks, la Boule Noire, Paris, 10 novembre."},"content":{"rendered":"\n<div id=\"photo\">\n<p><img decoding=\"async\" src=\"https:\/\/www.wallendorff.com\/belogue\/photo\/2013\/11\/20131115.jpg\"><\/p>\n<\/p><\/div>\n<div id=\"bandeson\">\n<p><img decoding=\"async\" src=\"https:\/\/www.wallendorff.com\/belogue\/photo\/pochettes\/f\/findlay-greasy_love.jpg\" align=\"left\" \/><a href=\"http:\/\/www.youtube.com\/watch?v=_JwqRHE1Q2E\"><em>Greasy Love<\/em><\/a><br \/>\n        <a href=\"http:\/\/www.findlaymusic.com\">Findlay<\/a><\/p>\n<\/p><\/div>ngg_shortcode_0_placeholder<p>&nbsp;<\/p>\n","protected":false},"excerpt":{"rendered":"<p>Greasy Love Findlay &nbsp;<\/p>\n","protected":false},"author":1,"featured_media":26688,"comment_status":"open","ping_status":"open","sticky":false,"template":"","format":"standard","meta":{"_acf_changed":false,"ngg_post_thumbnail":0,"jetpack_post_was_ever_published":false,"_jetpack_newsletter_access":"","_jetpack_dont_email_post_to_subs":false,"_jetpack_newsletter_tier_id":0,"_jetpack_memberships_contains_paywalled_content":false,"_jetpack_memberships_contains_paid_content":false,"footnotes":"","jetpack_publicize_message":"","jetpack_publicize_feature_enabled":true,"jetpack_social_post_already_shared":true,"jetpack_social_options":{"image_generator_settings":{"template":"highway","default_image_id":0,"font":"","enabled":false},"version":2}},"categories":[7],"tags":[11281,10143,10084,11014,2638,6766,8164,8165,11729,10120,8167,10121,10273,10098],"class_list":["post-22014","post","type-post","status-publish","format-standard","has-post-thumbnail","hentry","category-alive","tag-11281","tag-10143","tag-alive","tag-boulevard-de-rochechouart","tag-ef-24-105-mm-f40l-is-usm","tag-eos-5d-mark-iii","tag-festival-des-inrocks-2","tag-festival-des-inrocks-2013-2","tag-findlay","tag-france","tag-greasy-love","tag-ile-de-france","tag-la-boule-noire","tag-paris"],"acf":[],"geo":{"latitude":48.8823128,"longitude":2.3403132,"description":null},"jetpack_publicize_connections":[],"jetpack_featured_media_url":"https:\/\/www.wallendorff.com\/belogue\/wp-content\/uploads\/2015\/04\/201311151.jpg","jetpack_shortlink":"https:\/\/wp.me\/p3b35P-5J4","jetpack_sharing_enabled":true,"jetpack-related-posts":[{"id":33021,"url":"https:\/\/www.wallendorff.com\/belogue\/2016\/11\/21\/festival-des-inrocks-2016-jour-2\/","url_meta":{"origin":22014,"position":0},"title":"Festival des Inrocks 2016, jour 2.","author":"dpc","date":"21 novembre 2016","format":false,"excerpt":"Keep Dancing Inc RAT BOY Jagwar Ma","rel":"","context":"Dans &quot;Alive&quot;","block_context":{"text":"Alive","link":"https:\/\/www.wallendorff.com\/belogue\/category\/alive\/"},"img":{"alt_text":"","src":"https:\/\/i0.wp.com\/www.wallendorff.com\/belogue\/wp-content\/uploads\/2016\/11\/20161120-24-1.jpg?resize=350%2C200&ssl=1","width":350,"height":200,"srcset":"https:\/\/i0.wp.com\/www.wallendorff.com\/belogue\/wp-content\/uploads\/2016\/11\/20161120-24-1.jpg?resize=350%2C200&ssl=1 1x, https:\/\/i0.wp.com\/www.wallendorff.com\/belogue\/wp-content\/uploads\/2016\/11\/20161120-24-1.jpg?resize=525%2C300&ssl=1 1.5x, https:\/\/i0.wp.com\/www.wallendorff.com\/belogue\/wp-content\/uploads\/2016\/11\/20161120-24-1.jpg?resize=700%2C400&ssl=1 2x"},"classes":[]},{"id":5002,"url":"https:\/\/www.wallendorff.com\/belogue\/2009\/11\/07\/the-big-pink-chew-lips-the-bewitched-hands-on-the-top-of-our-heads-la-boule-noire-paris\/","url_meta":{"origin":22014,"position":1},"title":"The Big Pink + Chew Lips + The Bewitched Hands on the Top of Our Heads @ la Boule Noire, Paris.","author":"dpc","date":"7 novembre 2009","format":false,"excerpt":"Alors en gros\u00a0: The Bewitched Hands on the Top of Our Heads, c'est tr\u00e8s bon, mangez-en. Chew Lips, on oublie The Big Pink, c'est tr\u00e8s dur \u00e0 photographier mais fichtre que tout \u00e7a d\u00e9pote dans la vraie vie. The Bewitched Hands on the Top of Our Heads Chew Lips The\u2026","rel":"","context":"Dans &quot;Alive&quot;","block_context":{"text":"Alive","link":"https:\/\/www.wallendorff.com\/belogue\/category\/alive\/"},"img":{"alt_text":"","src":"https:\/\/i0.wp.com\/www.wallendorff.com\/belogue\/wp-content\/uploads\/2015\/04\/200911071.jpg?resize=350%2C200&ssl=1","width":350,"height":200,"srcset":"https:\/\/i0.wp.com\/www.wallendorff.com\/belogue\/wp-content\/uploads\/2015\/04\/200911071.jpg?resize=350%2C200&ssl=1 1x, https:\/\/i0.wp.com\/www.wallendorff.com\/belogue\/wp-content\/uploads\/2015\/04\/200911071.jpg?resize=525%2C300&ssl=1 1.5x, https:\/\/i0.wp.com\/www.wallendorff.com\/belogue\/wp-content\/uploads\/2015\/04\/200911071.jpg?resize=700%2C400&ssl=1 2x"},"classes":[]},{"id":22133,"url":"https:\/\/www.wallendorff.com\/belogue\/2013\/11\/30\/novembre-2013\/","url_meta":{"origin":22014,"position":2},"title":"Novembre 2013.","author":"dpc","date":"30 novembre 2013","format":false,"excerpt":"Un train, une fondue, un lac, un train, un lac, un bar, des montres, un grand reretour, un train, une tour, des bras, des chaises, des bi\u00e8res, des photos, des burg\u00e8res, encore un train, encore une fondue, un mus\u00e9e, des phares, des bi\u00e8res et du p\u00e2t\u00e9, un gros chien, une\u2026","rel":"","context":"Dans &quot;Blog-note&quot;","block_context":{"text":"Blog-note","link":"https:\/\/www.wallendorff.com\/belogue\/category\/blog-note\/"},"img":{"alt_text":"","src":"https:\/\/i0.wp.com\/www.wallendorff.com\/belogue\/wp-content\/uploads\/2015\/04\/20131205-321.jpg?resize=350%2C200&ssl=1","width":350,"height":200,"srcset":"https:\/\/i0.wp.com\/www.wallendorff.com\/belogue\/wp-content\/uploads\/2015\/04\/20131205-321.jpg?resize=350%2C200&ssl=1 1x, https:\/\/i0.wp.com\/www.wallendorff.com\/belogue\/wp-content\/uploads\/2015\/04\/20131205-321.jpg?resize=525%2C300&ssl=1 1.5x, https:\/\/i0.wp.com\/www.wallendorff.com\/belogue\/wp-content\/uploads\/2015\/04\/20131205-321.jpg?resize=700%2C400&ssl=1 2x"},"classes":[]},{"id":33004,"url":"https:\/\/www.wallendorff.com\/belogue\/2016\/11\/20\/lescop-paradis-festival-des-inrocks-la-cigale-paris\/","url_meta":{"origin":22014,"position":3},"title":"Lescop + Paradis @ Festival des Inrocks, la Cigale, Paris.","author":"dpc","date":"20 novembre 2016","format":false,"excerpt":"Paradis Lescop","rel":"","context":"Dans &quot;Alive&quot;","block_context":{"text":"Alive","link":"https:\/\/www.wallendorff.com\/belogue\/category\/alive\/"},"img":{"alt_text":"","src":"https:\/\/i0.wp.com\/www.wallendorff.com\/belogue\/wp-content\/uploads\/2016\/11\/20161119-08-1.jpg?resize=350%2C200&ssl=1","width":350,"height":200,"srcset":"https:\/\/i0.wp.com\/www.wallendorff.com\/belogue\/wp-content\/uploads\/2016\/11\/20161119-08-1.jpg?resize=350%2C200&ssl=1 1x, https:\/\/i0.wp.com\/www.wallendorff.com\/belogue\/wp-content\/uploads\/2016\/11\/20161119-08-1.jpg?resize=525%2C300&ssl=1 1.5x, https:\/\/i0.wp.com\/www.wallendorff.com\/belogue\/wp-content\/uploads\/2016\/11\/20161119-08-1.jpg?resize=700%2C400&ssl=1 2x"},"classes":[]},{"id":22024,"url":"https:\/\/www.wallendorff.com\/belogue\/2013\/11\/17\/foals-breton-festival-des-inrocks-le-zenith-paris-12-novembre\/","url_meta":{"origin":22014,"position":4},"title":"Foals + Breton @ Festival des Inrocks, le Z\u00e9nith, Paris, 12 novembre.","author":"dpc","date":"17 novembre 2013","format":false,"excerpt":"Breton \u00a0 Foals \u00a0","rel":"","context":"Dans &quot;Alive&quot;","block_context":{"text":"Alive","link":"https:\/\/www.wallendorff.com\/belogue\/category\/alive\/"},"img":{"alt_text":"","src":"https:\/\/i0.wp.com\/www.wallendorff.com\/belogue\/wp-content\/uploads\/2015\/04\/201311171.jpg?resize=350%2C200&ssl=1","width":350,"height":200,"srcset":"https:\/\/i0.wp.com\/www.wallendorff.com\/belogue\/wp-content\/uploads\/2015\/04\/201311171.jpg?resize=350%2C200&ssl=1 1x, https:\/\/i0.wp.com\/www.wallendorff.com\/belogue\/wp-content\/uploads\/2015\/04\/201311171.jpg?resize=525%2C300&ssl=1 1.5x, https:\/\/i0.wp.com\/www.wallendorff.com\/belogue\/wp-content\/uploads\/2015\/04\/201311171.jpg?resize=700%2C400&ssl=1 2x"},"classes":[]},{"id":22022,"url":"https:\/\/www.wallendorff.com\/belogue\/2013\/11\/16\/suede-temples-festival-des-inrocks-la-cigale-paris-11-novembre\/","url_meta":{"origin":22014,"position":5},"title":"Suede + Temples @ Festival des Inrocks, la Cigale, Paris, 11 novembre.","author":"dpc","date":"16 novembre 2013","format":false,"excerpt":"Temples \u00a0 Suede \u00a0","rel":"","context":"Dans &quot;Alive&quot;","block_context":{"text":"Alive","link":"https:\/\/www.wallendorff.com\/belogue\/category\/alive\/"},"img":{"alt_text":"","src":"https:\/\/i0.wp.com\/www.wallendorff.com\/belogue\/wp-content\/uploads\/2015\/04\/201311161.jpg?resize=350%2C200&ssl=1","width":350,"height":200,"srcset":"https:\/\/i0.wp.com\/www.wallendorff.com\/belogue\/wp-content\/uploads\/2015\/04\/201311161.jpg?resize=350%2C200&ssl=1 1x, https:\/\/i0.wp.com\/www.wallendorff.com\/belogue\/wp-content\/uploads\/2015\/04\/201311161.jpg?resize=525%2C300&ssl=1 1.5x, https:\/\/i0.wp.com\/www.wallendorff.com\/belogue\/wp-content\/uploads\/2015\/04\/201311161.jpg?resize=700%2C400&ssl=1 2x"},"classes":[]}],"_links":{"self":[{"href":"https:\/\/www.wallendorff.com\/belogue\/wp-json\/wp\/v2\/posts\/22014","targetHints":{"allow":["GET"]}}],"collection":[{"href":"https:\/\/www.wallendorff.com\/belogue\/wp-json\/wp\/v2\/posts"}],"about":[{"href":"https:\/\/www.wallendorff.com\/belogue\/wp-json\/wp\/v2\/types\/post"}],"author":[{"embeddable":true,"href":"https:\/\/www.wallendorff.com\/belogue\/wp-json\/wp\/v2\/users\/1"}],"replies":[{"embeddable":true,"href":"https:\/\/www.wallendorff.com\/belogue\/wp-json\/wp\/v2\/comments?post=22014"}],"version-history":[{"count":6,"href":"https:\/\/www.wallendorff.com\/belogue\/wp-json\/wp\/v2\/posts\/22014\/revisions"}],"predecessor-version":[{"id":22119,"href":"https:\/\/www.wallendorff.com\/belogue\/wp-json\/wp\/v2\/posts\/22014\/revisions\/22119"}],"wp:featuredmedia":[{"embeddable":true,"href":"https:\/\/www.wallendorff.com\/belogue\/wp-json\/wp\/v2\/media\/26688"}],"wp:attachment":[{"href":"https:\/\/www.wallendorff.com\/belogue\/wp-json\/wp\/v2\/media?parent=22014"}],"wp:term":[{"taxonomy":"category","embeddable":true,"href":"https:\/\/www.wallendorff.com\/belogue\/wp-json\/wp\/v2\/categories?post=22014"},{"taxonomy":"post_tag","embeddable":true,"href":"https:\/\/www.wallendorff.com\/belogue\/wp-json\/wp\/v2\/tags?post=22014"}],"curies":[{"name":"wp","href":"https:\/\/api.w.org\/{rel}","templated":true}]}}