{"id":21993,"date":"2013-11-13T11:30:57","date_gmt":"2013-11-13T09:30:57","guid":{"rendered":"http:\/\/www.wallendorff.com\/?p=21993"},"modified":"2018-05-23T08:13:02","modified_gmt":"2018-05-23T06:13:02","slug":"concorde-i","status":"publish","type":"post","link":"https:\/\/www.wallendorff.com\/belogue\/2013\/11\/13\/concorde-i\/","title":{"rendered":"Concorde [I]."},"content":{"rendered":"\n<div id=\"photo\">\n<p><img decoding=\"async\" src=\"https:\/\/www.wallendorff.com\/belogue\/photo\/2013\/11\/20131113.jpg\"><br \/>\nPlace de la Concorde, Paris, 1<sup>er<\/sup> octobre.<\/p>\n<\/p><\/div>\n<div id=\"bandeson\">\n<p><img decoding=\"async\" src=\"https:\/\/www.wallendorff.com\/belogue\/photo\/pochettes\/i\/infadels-the_future_of_the_gravity_boys.jpg\" align=\"left\" \/><em>Explain Nothing<\/em><br \/>\n        <a href=\"https:\/\/myspace.com\/infadels\">Infadels<\/a><\/p>\n<p>        <iframe style=\"align:right\" width=\"400px\" height=\"55\" scrolling=\"no\" frameborder=\"no\" frameborder=\"no\" src=\"https:\/\/w.soundcloud.com\/player\/?url=https%3A\/\/api.soundcloud.com\/tracks\/35777822&amp;color=a00000&amp;auto_play=false&amp;show_artwork=false\"><\/iframe>\n      <\/div>\n","protected":false},"excerpt":{"rendered":"<p>Place de la Concorde, Paris, 1er octobre. Explain Nothing Infadels<\/p>\n","protected":false},"author":1,"featured_media":26680,"comment_status":"open","ping_status":"open","sticky":false,"template":"","format":"standard","meta":{"_acf_changed":false,"ngg_post_thumbnail":0,"jetpack_post_was_ever_published":false,"_jetpack_newsletter_access":"","_jetpack_dont_email_post_to_subs":false,"_jetpack_newsletter_tier_id":0,"_jetpack_memberships_contains_paywalled_content":false,"_jetpack_memberships_contains_paid_content":false,"footnotes":"","jetpack_publicize_message":"","jetpack_publicize_feature_enabled":true,"jetpack_social_post_already_shared":true,"jetpack_social_options":{"image_generator_settings":{"template":"highway","default_image_id":0,"font":"","enabled":false},"version":2}},"categories":[3],"tags":[10182,2571,6766,6882,10515,8161,10120,10121,1794,143,10147,10098,10366,10592],"class_list":["post-21993","post","type-post","status-publish","format-standard","has-post-thumbnail","hentry","category-dpc","tag-10182","tag-ef-16-35-mm-f28l-ii-usm","tag-eos-5d-mark-iii","tag-explain-nothing","tag-fontaine","tag-fontaine-des-fleuves","tag-france","tag-ile-de-france","tag-infadels","tag-noir-et-blanc","tag-nuit","tag-paris","tag-place-de-la-concorde","tag-pose-longue"],"acf":[],"geo":{"latitude":48.8659325,"longitude":2.3214786,"description":"Paris 07 Palais-Bourbon, \u00cele-de-France, 75353 SP 07, FR"},"jetpack_publicize_connections":[],"jetpack_featured_media_url":"https:\/\/www.wallendorff.com\/belogue\/wp-content\/uploads\/2015\/04\/201311131.jpg","jetpack_shortlink":"https:\/\/wp.me\/p3b35P-5IJ","jetpack_sharing_enabled":true,"jetpack-related-posts":[{"id":22057,"url":"https:\/\/www.wallendorff.com\/belogue\/2013\/11\/25\/concorde-iii\/","url_meta":{"origin":21993,"position":0},"title":"Concorde [III].","author":"dpc","date":"25 novembre 2013","format":false,"excerpt":"Place de la Concorde, Paris, 3 octobre. Wasting My Young Years London Grammar","rel":"","context":"Dans &quot;DPC&quot;","block_context":{"text":"DPC","link":"https:\/\/www.wallendorff.com\/belogue\/category\/dpc\/"},"img":{"alt_text":"","src":"https:\/\/i0.wp.com\/www.wallendorff.com\/belogue\/wp-content\/uploads\/2015\/04\/201311251.jpg?resize=350%2C200&ssl=1","width":350,"height":200,"srcset":"https:\/\/i0.wp.com\/www.wallendorff.com\/belogue\/wp-content\/uploads\/2015\/04\/201311251.jpg?resize=350%2C200&ssl=1 1x, https:\/\/i0.wp.com\/www.wallendorff.com\/belogue\/wp-content\/uploads\/2015\/04\/201311251.jpg?resize=525%2C300&ssl=1 1.5x, https:\/\/i0.wp.com\/www.wallendorff.com\/belogue\/wp-content\/uploads\/2015\/04\/201311251.jpg?resize=700%2C400&ssl=1 2x"},"classes":[]},{"id":33665,"url":"https:\/\/www.wallendorff.com\/belogue\/2017\/03\/13\/into-the-wide-88\/","url_meta":{"origin":21993,"position":1},"title":"Into the wide #88.","author":"dpc","date":"13 mars 2017","format":false,"excerpt":"\u00a0 Place de la Concorde, Paris, 29 d\u00e9cembre 2016. Arc of Bar Japandroids","rel":"","context":"Dans &quot;Into the wide&quot;","block_context":{"text":"Into the wide","link":"https:\/\/www.wallendorff.com\/belogue\/category\/into-the-wide\/"},"img":{"alt_text":"","src":"https:\/\/i0.wp.com\/www.wallendorff.com\/belogue\/wp-content\/uploads\/2017\/03\/20170313.jpg?resize=350%2C200&ssl=1","width":350,"height":200,"srcset":"https:\/\/i0.wp.com\/www.wallendorff.com\/belogue\/wp-content\/uploads\/2017\/03\/20170313.jpg?resize=350%2C200&ssl=1 1x, https:\/\/i0.wp.com\/www.wallendorff.com\/belogue\/wp-content\/uploads\/2017\/03\/20170313.jpg?resize=525%2C300&ssl=1 1.5x, https:\/\/i0.wp.com\/www.wallendorff.com\/belogue\/wp-content\/uploads\/2017\/03\/20170313.jpg?resize=700%2C400&ssl=1 2x"},"classes":[]},{"id":14430,"url":"https:\/\/www.wallendorff.com\/belogue\/2011\/11\/11\/goutte-que-goutte\/","url_meta":{"origin":21993,"position":2},"title":"Goutte que goutte.","author":"dpc","date":"11 novembre 2011","format":false,"excerpt":"Place de la Concorde, Paris, 30 ao\u00fbt. Happyyyyyyyyyyyyyyyyyyyyyyyyyyyyyyy Tufnel Day. Nigel Tufnel \u2013 Lick My Love Pump [youtube]http:\/\/www.youtube.com\/watch?v=DX3ssZIMF9E[\/youtube]","rel":"","context":"Dans &quot;DPC&quot;","block_context":{"text":"DPC","link":"https:\/\/www.wallendorff.com\/belogue\/category\/dpc\/"},"img":{"alt_text":"","src":"https:\/\/i0.wp.com\/www.wallendorff.com\/belogue\/wp-content\/uploads\/2015\/04\/201111111.jpg?resize=350%2C200&ssl=1","width":350,"height":200,"srcset":"https:\/\/i0.wp.com\/www.wallendorff.com\/belogue\/wp-content\/uploads\/2015\/04\/201111111.jpg?resize=350%2C200&ssl=1 1x, https:\/\/i0.wp.com\/www.wallendorff.com\/belogue\/wp-content\/uploads\/2015\/04\/201111111.jpg?resize=525%2C300&ssl=1 1.5x, https:\/\/i0.wp.com\/www.wallendorff.com\/belogue\/wp-content\/uploads\/2015\/04\/201111111.jpg?resize=700%2C400&ssl=1 2x"},"classes":[]},{"id":48489,"url":"https:\/\/www.wallendorff.com\/belogue\/2021\/06\/01\/place-de-la-conque-dor\/","url_meta":{"origin":21993,"position":3},"title":"Place de la conque d&rsquo;or.","author":"dpc","date":"1 juin 2021","format":false,"excerpt":"Place de la Concorde, Paris, 25 mars 2021. Pendant des ann\u00e9es je ne savais pas diff\u00e9rencier la fontaine des Mers de la fontaine des Fleuves quand, tout \u00e0 coup, j'ai r\u00e9alis\u00e9 qu'elles sont class\u00e9es dans l'ordre alphab\u00e9tique du nord au sud. Depuis, je vais mieux dans ma vie. Higlight Reel\u2026","rel":"","context":"Dans &quot;DPC&quot;","block_context":{"text":"DPC","link":"https:\/\/www.wallendorff.com\/belogue\/category\/dpc\/"},"img":{"alt_text":"","src":"https:\/\/i0.wp.com\/www.wallendorff.com\/belogue\/wp-content\/uploads\/2021\/06\/20210601-03.jpg?resize=350%2C200&ssl=1","width":350,"height":200,"srcset":"https:\/\/i0.wp.com\/www.wallendorff.com\/belogue\/wp-content\/uploads\/2021\/06\/20210601-03.jpg?resize=350%2C200&ssl=1 1x, https:\/\/i0.wp.com\/www.wallendorff.com\/belogue\/wp-content\/uploads\/2021\/06\/20210601-03.jpg?resize=525%2C300&ssl=1 1.5x, https:\/\/i0.wp.com\/www.wallendorff.com\/belogue\/wp-content\/uploads\/2021\/06\/20210601-03.jpg?resize=700%2C400&ssl=1 2x, https:\/\/i0.wp.com\/www.wallendorff.com\/belogue\/wp-content\/uploads\/2021\/06\/20210601-03.jpg?resize=1050%2C600&ssl=1 3x"},"classes":[]},{"id":135715,"url":"https:\/\/www.wallendorff.com\/belogue\/2026\/04\/02\/obelisque-et-compagnie\/","url_meta":{"origin":21993,"position":4},"title":"Ob\u00e9lisque et compagnie.","author":"dpc","date":"2 avril 2026","format":false,"excerpt":"Place de la Concorde, Paris, 26 janvier 2026.","rel":"","context":"Dans &quot;DPC&quot;","block_context":{"text":"DPC","link":"https:\/\/www.wallendorff.com\/belogue\/category\/dpc\/"},"img":{"alt_text":"","src":"https:\/\/i0.wp.com\/www.wallendorff.com\/belogue\/wp-content\/uploads\/2026\/04\/20260402.jpg?resize=350%2C200&ssl=1","width":350,"height":200,"srcset":"https:\/\/i0.wp.com\/www.wallendorff.com\/belogue\/wp-content\/uploads\/2026\/04\/20260402.jpg?resize=350%2C200&ssl=1 1x, https:\/\/i0.wp.com\/www.wallendorff.com\/belogue\/wp-content\/uploads\/2026\/04\/20260402.jpg?resize=525%2C300&ssl=1 1.5x, https:\/\/i0.wp.com\/www.wallendorff.com\/belogue\/wp-content\/uploads\/2026\/04\/20260402.jpg?resize=700%2C400&ssl=1 2x"},"classes":[]},{"id":40548,"url":"https:\/\/www.wallendorff.com\/belogue\/2018\/11\/20\/langueurs-dondes\/","url_meta":{"origin":21993,"position":5},"title":"Langueurs d&rsquo;ondes.","author":"dpc","date":"20 novembre 2018","format":false,"excerpt":"Place de la Concorde, Paris, 2 septembre 2018. Mountains (acoustic) Biffy Clyro","rel":"","context":"Dans &quot;DPC&quot;","block_context":{"text":"DPC","link":"https:\/\/www.wallendorff.com\/belogue\/category\/dpc\/"},"img":{"alt_text":"","src":"https:\/\/i0.wp.com\/www.wallendorff.com\/belogue\/wp-content\/uploads\/2018\/11\/20181120.jpg?resize=350%2C200&ssl=1","width":350,"height":200,"srcset":"https:\/\/i0.wp.com\/www.wallendorff.com\/belogue\/wp-content\/uploads\/2018\/11\/20181120.jpg?resize=350%2C200&ssl=1 1x, https:\/\/i0.wp.com\/www.wallendorff.com\/belogue\/wp-content\/uploads\/2018\/11\/20181120.jpg?resize=525%2C300&ssl=1 1.5x, https:\/\/i0.wp.com\/www.wallendorff.com\/belogue\/wp-content\/uploads\/2018\/11\/20181120.jpg?resize=700%2C400&ssl=1 2x, https:\/\/i0.wp.com\/www.wallendorff.com\/belogue\/wp-content\/uploads\/2018\/11\/20181120.jpg?resize=1050%2C600&ssl=1 3x"},"classes":[]}],"_links":{"self":[{"href":"https:\/\/www.wallendorff.com\/belogue\/wp-json\/wp\/v2\/posts\/21993","targetHints":{"allow":["GET"]}}],"collection":[{"href":"https:\/\/www.wallendorff.com\/belogue\/wp-json\/wp\/v2\/posts"}],"about":[{"href":"https:\/\/www.wallendorff.com\/belogue\/wp-json\/wp\/v2\/types\/post"}],"author":[{"embeddable":true,"href":"https:\/\/www.wallendorff.com\/belogue\/wp-json\/wp\/v2\/users\/1"}],"replies":[{"embeddable":true,"href":"https:\/\/www.wallendorff.com\/belogue\/wp-json\/wp\/v2\/comments?post=21993"}],"version-history":[{"count":4,"href":"https:\/\/www.wallendorff.com\/belogue\/wp-json\/wp\/v2\/posts\/21993\/revisions"}],"predecessor-version":[{"id":21999,"href":"https:\/\/www.wallendorff.com\/belogue\/wp-json\/wp\/v2\/posts\/21993\/revisions\/21999"}],"wp:featuredmedia":[{"embeddable":true,"href":"https:\/\/www.wallendorff.com\/belogue\/wp-json\/wp\/v2\/media\/26680"}],"wp:attachment":[{"href":"https:\/\/www.wallendorff.com\/belogue\/wp-json\/wp\/v2\/media?parent=21993"}],"wp:term":[{"taxonomy":"category","embeddable":true,"href":"https:\/\/www.wallendorff.com\/belogue\/wp-json\/wp\/v2\/categories?post=21993"},{"taxonomy":"post_tag","embeddable":true,"href":"https:\/\/www.wallendorff.com\/belogue\/wp-json\/wp\/v2\/tags?post=21993"}],"curies":[{"name":"wp","href":"https:\/\/api.w.org\/{rel}","templated":true}]}}