{"id":21984,"date":"2013-11-12T13:29:43","date_gmt":"2013-11-12T11:29:43","guid":{"rendered":"http:\/\/www.wallendorff.com\/?p=21984"},"modified":"2013-12-27T15:50:23","modified_gmt":"2013-12-27T13:50:23","slug":"couleur","status":"publish","type":"post","link":"https:\/\/www.wallendorff.com\/belogue\/2013\/11\/12\/couleur\/","title":{"rendered":"Couleur."},"content":{"rendered":"\n<div id=\"photo\">\n<p><img decoding=\"async\" src=\"https:\/\/www.wallendorff.com\/belogue\/photo\/2013\/11\/20131112.jpg\"><br \/>\nRue Jules-Vall&egrave;s, Saint-Ouen, 22 septembre.<\/p>\n<\/p><\/div>\n<div id=\"bandeson\">\n<p><img decoding=\"async\" src=\"https:\/\/www.wallendorff.com\/belogue\/photo\/pochettes\/a\/arcade_fire-reflektor.jpg\" align=\"left\" \/><a style=\"font-weight:normal\" id=\"lienmp3\" href=\"http:\/\/www.youtube.com\/watch?v=r75BFcH4u2k\"><em>Afterlife<\/em><\/a><br \/>\n        <a href=\"http:\/\/www.arcadefire.com\">Arcade Fire<\/a><\/p>\n<\/p><\/div>\n","protected":false},"excerpt":{"rendered":"<p>Rue Jules-Vall&egrave;s, Saint-Ouen, 22 septembre. Afterlife Arcade Fire<\/p>\n","protected":false},"author":1,"featured_media":26685,"comment_status":"open","ping_status":"open","sticky":false,"template":"","format":"standard","meta":{"_acf_changed":false,"ngg_post_thumbnail":0,"jetpack_post_was_ever_published":false,"_jetpack_newsletter_access":"","_jetpack_dont_email_post_to_subs":false,"_jetpack_newsletter_tier_id":0,"_jetpack_memberships_contains_paywalled_content":false,"_jetpack_memberships_contains_paid_content":false,"footnotes":"","jetpack_publicize_message":"","jetpack_publicize_feature_enabled":true,"jetpack_social_post_already_shared":true,"jetpack_social_options":{"image_generator_settings":{"template":"highway","default_image_id":0,"font":"","enabled":false},"version":2}},"categories":[3],"tags":[8159,10263,737,6766,10225,10307,10120,10538,10121,8262,8160,10876,10398,170,10851],"class_list":["post-21984","post","type-post","status-publish","format-standard","has-post-thumbnail","hentry","category-dpc","tag-afterlife","tag-arcade-fire","tag-bleu","tag-eos-5d-mark-iii","tag-drapeau","tag-fenetre","tag-france","tag-gratte-ciel","tag-ile-de-france","tag-reflektor-album","tag-rue-jules-valles","tag-saint-ouen","tag-seine-saint-denis","tag-sigma-70-300-mm-f4-56-dg-apo-macro","tag-tour"],"acf":[],"geo":{"latitude":48.9014549,"longitude":2.3394094,"description":"58 Rue Jules Vall\u00e8s, 93400 Saint-Ouen, France"},"jetpack_publicize_connections":[],"jetpack_featured_media_url":"https:\/\/www.wallendorff.com\/belogue\/wp-content\/uploads\/2015\/04\/201311121.jpg","jetpack_shortlink":"https:\/\/wp.me\/s3b35P-couleur","jetpack_sharing_enabled":true,"jetpack-related-posts":[{"id":12626,"url":"https:\/\/www.wallendorff.com\/belogue\/2011\/04\/11\/azur-rance-tout-rixe\/","url_meta":{"origin":21984,"position":0},"title":"Azur rance, tout rixe.","author":"dpc","date":"11 avril 2011","format":false,"excerpt":"Rue Paul Bert, Saint-Ouen, 20 mars. \u00a0The Go! Team \u2014 Back Like 8 Track [youtube]http:\/\/www.youtube.com\/watch?v=_l7FgzQxlU8[\/youtube]","rel":"","context":"Dans &quot;DPC&quot;","block_context":{"text":"DPC","link":"https:\/\/www.wallendorff.com\/belogue\/category\/dpc\/"},"img":{"alt_text":"","src":"https:\/\/i0.wp.com\/www.wallendorff.com\/belogue\/wp-content\/uploads\/2015\/04\/201104111.jpg?resize=350%2C200&ssl=1","width":350,"height":200},"classes":[]},{"id":29667,"url":"https:\/\/www.wallendorff.com\/belogue\/2015\/10\/31\/octobre-2015\/","url_meta":{"origin":21984,"position":1},"title":"Octobre 2015.","author":"dpc","date":"31 octobre 2015","format":false,"excerpt":"Un vernissage, un escalier, un di\u0161que, une moustache, un test \u00e0 l'aveugle, un coucher de soleil, une cr\u00e9maill\u00e8re, un d\u00e9m\u00e9nagement, un emm\u00e9nagement, un num\u00e9ro, un trottoir, un duo pock et roll, des pieds, un anniversaire, un concert, un anniversaire, un di\u0161que, un bar, un concert, un dictionnaire, un ch\u00e2teau haut-perch\u00e9,\u2026","rel":"","context":"Dans &quot;Blog-note&quot;","block_context":{"text":"Blog-note","link":"https:\/\/www.wallendorff.com\/belogue\/category\/blog-note\/"},"img":{"alt_text":"","src":"https:\/\/i0.wp.com\/www.wallendorff.com\/belogue\/wp-content\/uploads\/2015\/11\/20151116-30.jpg?resize=350%2C200&ssl=1","width":350,"height":200,"srcset":"https:\/\/i0.wp.com\/www.wallendorff.com\/belogue\/wp-content\/uploads\/2015\/11\/20151116-30.jpg?resize=350%2C200&ssl=1 1x, https:\/\/i0.wp.com\/www.wallendorff.com\/belogue\/wp-content\/uploads\/2015\/11\/20151116-30.jpg?resize=525%2C300&ssl=1 1.5x, https:\/\/i0.wp.com\/www.wallendorff.com\/belogue\/wp-content\/uploads\/2015\/11\/20151116-30.jpg?resize=700%2C400&ssl=1 2x"},"classes":[]},{"id":21123,"url":"https:\/\/www.wallendorff.com\/belogue\/2013\/06\/11\/jaime-pas-les-gants\/","url_meta":{"origin":21984,"position":2},"title":"J&rsquo;aime pas les gants.","author":"dpc","date":"11 juin 2013","format":false,"excerpt":"Quintessence, Saint-Ouen, avril 2013. Sleep with the Lights onFox and the Law","rel":"","context":"Dans &quot;DPC&quot;","block_context":{"text":"DPC","link":"https:\/\/www.wallendorff.com\/belogue\/category\/dpc\/"},"img":{"alt_text":"","src":"https:\/\/i0.wp.com\/www.wallendorff.com\/belogue\/wp-content\/uploads\/2015\/04\/20130611.jpg?resize=350%2C200&ssl=1","width":350,"height":200,"srcset":"https:\/\/i0.wp.com\/www.wallendorff.com\/belogue\/wp-content\/uploads\/2015\/04\/20130611.jpg?resize=350%2C200&ssl=1 1x, https:\/\/i0.wp.com\/www.wallendorff.com\/belogue\/wp-content\/uploads\/2015\/04\/20130611.jpg?resize=525%2C300&ssl=1 1.5x, https:\/\/i0.wp.com\/www.wallendorff.com\/belogue\/wp-content\/uploads\/2015\/04\/20130611.jpg?resize=700%2C400&ssl=1 2x"},"classes":[]},{"id":21456,"url":"https:\/\/www.wallendorff.com\/belogue\/2013\/08\/20\/culs-nuls-leau-nains-bussent\/","url_meta":{"origin":21984,"position":3},"title":"Culs nus, l&rsquo;eau nains bussent.","author":"dpc","date":"20 ao\u00fbt 2013","format":false,"excerpt":"Rue des Rosiers, Saint-Ouen, 16 juin. Tout le monde \u00e9tant encore en vacances, \u00e0 peu pr\u00e8s personne ne constatera que\u00a0: Ce titre est pourri. L'emploi de l'imp' sub' y est tout \u00e0 fait discutable. \u00c0 vue de pif, il s'agit plut\u00f4t d'un fractus. Et c'est point plus mal. Indigo MeadowThe\u2026","rel":"","context":"Dans &quot;DPC&quot;","block_context":{"text":"DPC","link":"https:\/\/www.wallendorff.com\/belogue\/category\/dpc\/"},"img":{"alt_text":"","src":"https:\/\/i0.wp.com\/www.wallendorff.com\/belogue\/wp-content\/uploads\/2015\/04\/201308201.jpg?resize=350%2C200&ssl=1","width":350,"height":200,"srcset":"https:\/\/i0.wp.com\/www.wallendorff.com\/belogue\/wp-content\/uploads\/2015\/04\/201308201.jpg?resize=350%2C200&ssl=1 1x, https:\/\/i0.wp.com\/www.wallendorff.com\/belogue\/wp-content\/uploads\/2015\/04\/201308201.jpg?resize=525%2C300&ssl=1 1.5x, https:\/\/i0.wp.com\/www.wallendorff.com\/belogue\/wp-content\/uploads\/2015\/04\/201308201.jpg?resize=700%2C400&ssl=1 2x"},"classes":[]},{"id":21968,"url":"https:\/\/www.wallendorff.com\/belogue\/2013\/10\/31\/octobre-2013\/","url_meta":{"origin":21984,"position":4},"title":"Octobre 2013.","author":"dpc","date":"31 octobre 2013","format":false,"excerpt":"Du Neuch\u00e2tel, des heures place de la Concorde, un vernissage et un anniversaire, un mus\u00e9e et un cimeti\u00e8re, une heure en ascenseur, des bi\u00e8res, deux grammes en une heure, trois kilom\u00e8tres \u00e0 pied, un a\u00e9roport, 92 optiques de phares, un autre vernissage et des tours de passe-passe, 600 kilom\u00e8tres, un\u2026","rel":"","context":"Dans &quot;Blog-note&quot;","block_context":{"text":"Blog-note","link":"https:\/\/www.wallendorff.com\/belogue\/category\/blog-note\/"},"img":{"alt_text":"","src":"https:\/\/i0.wp.com\/www.wallendorff.com\/belogue\/wp-content\/uploads\/2015\/04\/20131107-391.jpg?resize=350%2C200&ssl=1","width":350,"height":200,"srcset":"https:\/\/i0.wp.com\/www.wallendorff.com\/belogue\/wp-content\/uploads\/2015\/04\/20131107-391.jpg?resize=350%2C200&ssl=1 1x, https:\/\/i0.wp.com\/www.wallendorff.com\/belogue\/wp-content\/uploads\/2015\/04\/20131107-391.jpg?resize=525%2C300&ssl=1 1.5x, https:\/\/i0.wp.com\/www.wallendorff.com\/belogue\/wp-content\/uploads\/2015\/04\/20131107-391.jpg?resize=700%2C400&ssl=1 2x"},"classes":[]},{"id":12623,"url":"https:\/\/www.wallendorff.com\/belogue\/2011\/04\/08\/ccon-quun-ane-scie\/","url_meta":{"origin":21984,"position":5},"title":"C&rsquo;con qu&rsquo;un \u00e2ne scie.","author":"dpc","date":"8 avril 2011","format":false,"excerpt":"March\u00e9 Dauphine, Saint-Ouen, 20 mars. \u00a0Matthew and the Atlas \u2014 I Will Remain","rel":"","context":"Dans &quot;DPC&quot;","block_context":{"text":"DPC","link":"https:\/\/www.wallendorff.com\/belogue\/category\/dpc\/"},"img":{"alt_text":"","src":"https:\/\/i0.wp.com\/www.wallendorff.com\/belogue\/wp-content\/uploads\/2015\/04\/201104081.jpg?resize=350%2C200&ssl=1","width":350,"height":200},"classes":[]}],"_links":{"self":[{"href":"https:\/\/www.wallendorff.com\/belogue\/wp-json\/wp\/v2\/posts\/21984","targetHints":{"allow":["GET"]}}],"collection":[{"href":"https:\/\/www.wallendorff.com\/belogue\/wp-json\/wp\/v2\/posts"}],"about":[{"href":"https:\/\/www.wallendorff.com\/belogue\/wp-json\/wp\/v2\/types\/post"}],"author":[{"embeddable":true,"href":"https:\/\/www.wallendorff.com\/belogue\/wp-json\/wp\/v2\/users\/1"}],"replies":[{"embeddable":true,"href":"https:\/\/www.wallendorff.com\/belogue\/wp-json\/wp\/v2\/comments?post=21984"}],"version-history":[{"count":5,"href":"https:\/\/www.wallendorff.com\/belogue\/wp-json\/wp\/v2\/posts\/21984\/revisions"}],"predecessor-version":[{"id":22249,"href":"https:\/\/www.wallendorff.com\/belogue\/wp-json\/wp\/v2\/posts\/21984\/revisions\/22249"}],"wp:featuredmedia":[{"embeddable":true,"href":"https:\/\/www.wallendorff.com\/belogue\/wp-json\/wp\/v2\/media\/26685"}],"wp:attachment":[{"href":"https:\/\/www.wallendorff.com\/belogue\/wp-json\/wp\/v2\/media?parent=21984"}],"wp:term":[{"taxonomy":"category","embeddable":true,"href":"https:\/\/www.wallendorff.com\/belogue\/wp-json\/wp\/v2\/categories?post=21984"},{"taxonomy":"post_tag","embeddable":true,"href":"https:\/\/www.wallendorff.com\/belogue\/wp-json\/wp\/v2\/tags?post=21984"}],"curies":[{"name":"wp","href":"https:\/\/api.w.org\/{rel}","templated":true}]}}