{"id":21937,"date":"2013-10-29T13:44:33","date_gmt":"2013-10-29T11:44:33","guid":{"rendered":"http:\/\/www.wallendorff.com\/?p=21937"},"modified":"2013-10-29T15:05:43","modified_gmt":"2013-10-29T13:05:43","slug":"ni-puce-ni-sous-mite","status":"publish","type":"post","link":"https:\/\/www.wallendorff.com\/belogue\/2013\/10\/29\/ni-puce-ni-sous-mite\/","title":{"rendered":"Ni puce, ni sous-mite."},"content":{"rendered":"\n<div id=\"photo\">\n<p><img decoding=\"async\" src=\"https:\/\/www.wallendorff.com\/belogue\/photo\/2013\/10\/20131029.jpg\"><br \/>\nClo&icirc;tre des R&eacute;collets, Metz, 14 septembre.<\/p>\n<\/p><\/div>\n<div id=\"bandeson\">\n<p><img decoding=\"async\" src=\"https:\/\/www.wallendorff.com\/belogue\/photo\/pochettes\/l\/lonely_forest_the-adding_up_the_wasted_hours.jpg\" align=\"left\" \/><em>Warm\/Happy<\/em><br \/>\n        <a href=\"http:\/\/cultscultscults.com\">The Lonely Forest<\/a><\/p>\n<p>        <iframe style=\"align:right\" width=\"400px\" height=\"55\" scrolling=\"no\" frameborder=\"no\" src=\"https:\/\/w.soundcloud.com\/player\/?url=https%3A\/\/api.soundcloud.com\/tracks\/106535865&amp;color=ff6600&amp;auto_play=false&amp;show_artwork=false\"><\/iframe>\n      <\/div>\n","protected":false},"excerpt":{"rendered":"<p>Clo&icirc;tre des R&eacute;collets, Metz, 14 septembre. Warm\/Happy The Lonely Forest<\/p>\n","protected":false},"author":1,"featured_media":26624,"comment_status":"open","ping_status":"open","sticky":false,"template":"","format":"standard","meta":{"_acf_changed":false,"ngg_post_thumbnail":0,"jetpack_post_was_ever_published":false,"_jetpack_newsletter_access":"","_jetpack_dont_email_post_to_subs":false,"_jetpack_newsletter_tier_id":0,"_jetpack_memberships_contains_paywalled_content":false,"_jetpack_memberships_contains_paid_content":false,"footnotes":"","jetpack_publicize_message":"","jetpack_publicize_feature_enabled":true,"jetpack_social_post_already_shared":true,"jetpack_social_options":{"image_generator_settings":{"template":"highway","default_image_id":0,"font":"","enabled":false},"version":2}},"categories":[3],"tags":[1016,6766,3700,11672,8102,10619,10175,10173,10174,143,8103,11673,8104,8105],"class_list":["post-21937","post","type-post","status-publish","format-standard","has-post-thumbnail","hentry","category-dpc","tag-ef-15-mm-f28-fisheye","tag-eos-5d-mark-iii","tag-cloitre","tag-cloitre-des-recollets","tag-franc","tag-jardin","tag-lorraine","tag-metz","tag-moselle","tag-noir-et-blanc","tag-puits","tag-rue-des-recollets-metz","tag-the-lonely-forest","tag-warmhappy"],"acf":[],"geo":{"latitude":49.1195984,"longitude":6.1803703,"description":"Bureau de Poste de Metz Saint Jacques, Lorraine, 57000, FR"},"jetpack_publicize_connections":[],"jetpack_featured_media_url":"https:\/\/www.wallendorff.com\/belogue\/wp-content\/uploads\/2015\/04\/201310291.jpg","jetpack_shortlink":"https:\/\/wp.me\/p3b35P-5HP","jetpack_sharing_enabled":true,"jetpack-related-posts":[{"id":21964,"url":"https:\/\/www.wallendorff.com\/belogue\/2013\/11\/06\/ghosts-in-the-shelves\/","url_meta":{"origin":21937,"position":0},"title":"Ghosts in the shelves.","author":"dpc","date":"6 novembre 2013","format":false,"excerpt":"Archives Municipales, Metz, 14 septembre. We Sink Chvrches","rel":"","context":"Dans &quot;DPC&quot;","block_context":{"text":"DPC","link":"https:\/\/www.wallendorff.com\/belogue\/category\/dpc\/"},"img":{"alt_text":"","src":"https:\/\/i0.wp.com\/www.wallendorff.com\/belogue\/wp-content\/uploads\/2015\/04\/201311061.jpg?resize=350%2C200&ssl=1","width":350,"height":200},"classes":[]},{"id":21715,"url":"https:\/\/www.wallendorff.com\/belogue\/2013\/09\/30\/septembre-2013\/","url_meta":{"origin":21937,"position":1},"title":"Septembre 2013.","author":"dpc","date":"30 septembre 2013","format":false,"excerpt":"Un gros fil, des tentes, une expo, du graf, des poses longues, boire, des saucisses-momies, une gare, un graouilly, des b\u00e9rets, un mariage, un concert dans un fumoir, un concert dans une p\u00e9niche, boire, un lapin bourr\u00e9, un d\u00e9m\u00e9nagement, un concert dans un balcon, un grand retour, Cali (est super\u2026","rel":"","context":"Dans &quot;Blog-note&quot;","block_context":{"text":"Blog-note","link":"https:\/\/www.wallendorff.com\/belogue\/category\/blog-note\/"},"img":{"alt_text":"","src":"https:\/\/i0.wp.com\/www.wallendorff.com\/belogue\/wp-content\/uploads\/2015\/04\/20131003-241.jpg?resize=350%2C200&ssl=1","width":350,"height":200,"srcset":"https:\/\/i0.wp.com\/www.wallendorff.com\/belogue\/wp-content\/uploads\/2015\/04\/20131003-241.jpg?resize=350%2C200&ssl=1 1x, https:\/\/i0.wp.com\/www.wallendorff.com\/belogue\/wp-content\/uploads\/2015\/04\/20131003-241.jpg?resize=525%2C300&ssl=1 1.5x, https:\/\/i0.wp.com\/www.wallendorff.com\/belogue\/wp-content\/uploads\/2015\/04\/20131003-241.jpg?resize=700%2C400&ssl=1 2x"},"classes":[]},{"id":111,"url":"https:\/\/www.wallendorff.com\/belogue\/2006\/03\/30\/monte-et-des-entre\/","url_meta":{"origin":21937,"position":2},"title":"Monte et d\u00e9s-entre.","author":"dpc","date":"30 mars 2006","format":false,"excerpt":"Rue du Four du Clo\u00eetre, Metz, 25 mars. Se lever \u00e0 5h30, Se faire arr\u00eater pour photographiage de m\u00e9tro sauvage \u00e0 6h15, \u00catre rendu malade par une jambe perdue \u00e0 6h51, Entamer un voyage \u00e0 7h01, Repenser \u00e0 la jambe \u00e0 12h16, Continuer le voyage \u00e0 13h02, R\u00e9aliser qu'\u00eatre rock\u2026","rel":"","context":"Dans &quot;DPC&quot;","block_context":{"text":"DPC","link":"https:\/\/www.wallendorff.com\/belogue\/category\/dpc\/"},"img":{"alt_text":"","src":"https:\/\/i0.wp.com\/www.wallendorff.com\/belogue\/wp-content\/uploads\/2015\/04\/200603301.jpg?resize=350%2C200&ssl=1","width":350,"height":200},"classes":[]},{"id":127050,"url":"https:\/\/www.wallendorff.com\/belogue\/2023\/12\/31\/decembre-2023\/","url_meta":{"origin":21937,"position":3},"title":"D\u00e9cembre 2023.","author":"dpc","date":"31 d\u00e9cembre 2023","format":false,"excerpt":"Un vernissage, un m\u00e9tro, un miroir d\u2019eau, une esplanade, un avion, une tour, un v\u00e9lo, un avion, une pause, un m\u00e9tro, une pyramide floue, une passerelle, un banc, un mus\u00e9e, une arcade, une acrobatie, un r\u00e9veillon, une conf\u00e9rence, un escalier bien achaland\u00e9, un choual, une \u00e9curie, un man\u00e8ge, un saut,\u2026","rel":"","context":"Dans &quot;Blog-note&quot;","block_context":{"text":"Blog-note","link":"https:\/\/www.wallendorff.com\/belogue\/category\/blog-note\/"},"img":{"alt_text":"","src":"https:\/\/i0.wp.com\/www.wallendorff.com\/belogue\/wp-content\/uploads\/2024\/01\/20240110-62.jpg?resize=350%2C200&ssl=1","width":350,"height":200,"srcset":"https:\/\/i0.wp.com\/www.wallendorff.com\/belogue\/wp-content\/uploads\/2024\/01\/20240110-62.jpg?resize=350%2C200&ssl=1 1x, https:\/\/i0.wp.com\/www.wallendorff.com\/belogue\/wp-content\/uploads\/2024\/01\/20240110-62.jpg?resize=525%2C300&ssl=1 1.5x, https:\/\/i0.wp.com\/www.wallendorff.com\/belogue\/wp-content\/uploads\/2024\/01\/20240110-62.jpg?resize=700%2C400&ssl=1 2x, https:\/\/i0.wp.com\/www.wallendorff.com\/belogue\/wp-content\/uploads\/2024\/01\/20240110-62.jpg?resize=1050%2C600&ssl=1 3x"},"classes":[]},{"id":5732,"url":"https:\/\/www.wallendorff.com\/belogue\/2010\/01\/04\/pape-happa-pas-pas\/","url_meta":{"origin":21937,"position":4},"title":"Pape happa pas pas.","author":"dpc","date":"4 janvier 2010","format":false,"excerpt":"Rue des R\u00e9collets, Paris, 7 novembre 2009. \u00a0Herman D\u00fcne \u2013 My Home is Nowhere Without You","rel":"","context":"Dans &quot;DPC&quot;","block_context":{"text":"DPC","link":"https:\/\/www.wallendorff.com\/belogue\/category\/dpc\/"},"img":{"alt_text":"","src":"https:\/\/i0.wp.com\/www.wallendorff.com\/belogue\/wp-content\/uploads\/2015\/04\/201001041.jpg?resize=350%2C200&ssl=1","width":350,"height":200},"classes":[]},{"id":22926,"url":"https:\/\/www.wallendorff.com\/belogue\/2014\/06\/08\/top-10-des-plus-belles-cathedrales-de-la-decennie\/","url_meta":{"origin":21937,"position":5},"title":"Top 10 des plus belles cath\u00e9drales de la d\u00e9cennie.","author":"dpc","date":"8 juin 2014","format":false,"excerpt":"Dix ans \u00e0 faire le tour de toutes les cath\u00e9drales du monde entier et bien les regarder sous toutes les coutures pour \u00e9tablir le classement d\u00e9finitif et impartial des plus jolies cath\u00e9drales de l'univers. No 10 ex-\u00e6quo\u00a0: La cath\u00e9drale Notre-Dame de Chartres du 7 avril 2012... Chartres Attack. \u00a0 ...\u2026","rel":"","context":"Dans &quot;DPC&quot;","block_context":{"text":"DPC","link":"https:\/\/www.wallendorff.com\/belogue\/category\/dpc\/"},"img":{"alt_text":"","src":"https:\/\/i0.wp.com\/www.wallendorff.com\/belogue\/wp-content\/uploads\/2015\/04\/201310243.jpg?resize=350%2C200&ssl=1","width":350,"height":200,"srcset":"https:\/\/i0.wp.com\/www.wallendorff.com\/belogue\/wp-content\/uploads\/2015\/04\/201310243.jpg?resize=350%2C200&ssl=1 1x, https:\/\/i0.wp.com\/www.wallendorff.com\/belogue\/wp-content\/uploads\/2015\/04\/201310243.jpg?resize=525%2C300&ssl=1 1.5x, https:\/\/i0.wp.com\/www.wallendorff.com\/belogue\/wp-content\/uploads\/2015\/04\/201310243.jpg?resize=700%2C400&ssl=1 2x"},"classes":[]}],"_links":{"self":[{"href":"https:\/\/www.wallendorff.com\/belogue\/wp-json\/wp\/v2\/posts\/21937","targetHints":{"allow":["GET"]}}],"collection":[{"href":"https:\/\/www.wallendorff.com\/belogue\/wp-json\/wp\/v2\/posts"}],"about":[{"href":"https:\/\/www.wallendorff.com\/belogue\/wp-json\/wp\/v2\/types\/post"}],"author":[{"embeddable":true,"href":"https:\/\/www.wallendorff.com\/belogue\/wp-json\/wp\/v2\/users\/1"}],"replies":[{"embeddable":true,"href":"https:\/\/www.wallendorff.com\/belogue\/wp-json\/wp\/v2\/comments?post=21937"}],"version-history":[{"count":3,"href":"https:\/\/www.wallendorff.com\/belogue\/wp-json\/wp\/v2\/posts\/21937\/revisions"}],"predecessor-version":[{"id":21940,"href":"https:\/\/www.wallendorff.com\/belogue\/wp-json\/wp\/v2\/posts\/21937\/revisions\/21940"}],"wp:featuredmedia":[{"embeddable":true,"href":"https:\/\/www.wallendorff.com\/belogue\/wp-json\/wp\/v2\/media\/26624"}],"wp:attachment":[{"href":"https:\/\/www.wallendorff.com\/belogue\/wp-json\/wp\/v2\/media?parent=21937"}],"wp:term":[{"taxonomy":"category","embeddable":true,"href":"https:\/\/www.wallendorff.com\/belogue\/wp-json\/wp\/v2\/categories?post=21937"},{"taxonomy":"post_tag","embeddable":true,"href":"https:\/\/www.wallendorff.com\/belogue\/wp-json\/wp\/v2\/tags?post=21937"}],"curies":[{"name":"wp","href":"https:\/\/api.w.org\/{rel}","templated":true}]}}