{"id":21785,"date":"2013-10-17T12:45:46","date_gmt":"2013-10-17T10:45:46","guid":{"rendered":"http:\/\/www.wallendorff.com\/?p=21785"},"modified":"2014-04-25T09:55:25","modified_gmt":"2014-04-25T07:55:25","slug":"rafoules","status":"publish","type":"post","link":"https:\/\/www.wallendorff.com\/belogue\/2013\/10\/17\/rafoules\/","title":{"rendered":"Rafoules."},"content":{"rendered":"\n<div id=\"photo\">\n<p><img decoding=\"async\" src=\"https:\/\/www.wallendorff.com\/belogue\/photo\/2013\/10\/20131017.gif\"><\/p>\n<\/p><\/div>\n<p style=\"text-align:right\"><strong>Rafoule<\/strong>, subst. f&eacute;m. (ang. <em>crowdburst<\/em>) &mdash; Mouvement de foule photographi&eacute; en rafale.<\/p>\n<div id=\"photo2\">\n<p><img decoding=\"async\" src=\"https:\/\/www.wallendorff.com\/belogue\/photo\/2013\/10\/20131017-02.gif\"><\/p>\n<\/p><\/div>\n<div id=\"photo2\">\n<p><img decoding=\"async\" src=\"https:\/\/www.wallendorff.com\/belogue\/photo\/2013\/10\/20131017-03.gif\"><\/p>\n<\/p><\/div>\n<div id=\"photo2\">\n<p><img decoding=\"async\" src=\"https:\/\/www.wallendorff.com\/belogue\/photo\/2013\/10\/20131017-04.gif\"><\/p>\n<\/p><\/div>\n<div id=\"bandeson\">\n<p><img decoding=\"async\" src=\"https:\/\/www.wallendorff.com\/belogue\/photo\/pochettes\/p\/pearl_jam-lightning_bolt.jpg\" align=\"left\" \/><a style=\"font-weight:normal\" href=\"http:\/\/www.youtube.com\/watch?v=jWQYYavheUA\"><em>Mind Your Manners<\/em><\/a><br \/>\n          <a href=\"http:\/\/www.tenclub.net\/\">Pearl Jam<\/a><\/p>\n<\/p><\/div>\n","protected":false},"excerpt":{"rendered":"<p>Rafoule, subst. f&eacute;m. (ang. crowdburst) &mdash; Mouvement de foule photographi&eacute; en rafale. Mind Your Manners Pearl Jam<\/p>\n","protected":false},"author":1,"featured_media":26671,"comment_status":"open","ping_status":"open","sticky":false,"template":"","format":"standard","meta":{"_acf_changed":false,"ngg_post_thumbnail":0,"jetpack_post_was_ever_published":false,"_jetpack_newsletter_access":"","_jetpack_dont_email_post_to_subs":false,"_jetpack_newsletter_tier_id":0,"_jetpack_memberships_contains_paywalled_content":false,"_jetpack_memberships_contains_paid_content":false,"footnotes":"","jetpack_publicize_message":"","jetpack_publicize_feature_enabled":true,"jetpack_social_post_already_shared":true,"jetpack_social_options":{"image_generator_settings":{"template":"highway","default_image_id":0,"font":"","enabled":false},"version":2}},"categories":[8528],"tags":[10951,11281,10084,1016,6766,11062,11063,11560,10471,8092,1708,11566,10165,10135,8091,10133,11627,11047],"class_list":["post-21785","post","type-post","status-publish","format-standard","has-post-thumbnail","hentry","category-rafoules","tag-10951","tag-11281","tag-alive","tag-ef-15-mm-f28-fisheye","tag-eos-5d-mark-iii","tag-les-deferlantes","tag-les-deferlantes-2012","tag-mass-hysteria","tag-mika","tag-mind-your-manners","tag-paleo-festival","tag-paleo-festival-2013","tag-pearl-jam","tag-public","tag-rafoule","tag-rock-en-seine","tag-rock-en-seine-2013","tag-skip-the-use"],"acf":[],"geo":null,"jetpack_publicize_connections":[],"jetpack_featured_media_url":"https:\/\/www.wallendorff.com\/belogue\/wp-content\/uploads\/2015\/04\/20131017.gif","jetpack_shortlink":"https:\/\/wp.me\/s3b35P-rafoules","jetpack_sharing_enabled":true,"jetpack-related-posts":[{"id":20530,"url":"https:\/\/www.wallendorff.com\/belogue\/2013\/03\/01\/shooting-people-101\/","url_meta":{"origin":21785,"position":0},"title":"Shooting people #101.","author":"dpc","date":"1 mars 2013","format":false,"excerpt":"Les D\u00e9ferlantes, Argel\u00e8s-sur-Mer, 8 juillet 2012. Three days, maybe longer. Last ExitPearl Jam","rel":"","context":"Dans &quot;Portraits&quot;","block_context":{"text":"Portraits","link":"https:\/\/www.wallendorff.com\/belogue\/category\/portraits\/"},"img":{"alt_text":"","src":"https:\/\/i0.wp.com\/www.wallendorff.com\/belogue\/wp-content\/uploads\/2015\/04\/20130301.jpg?resize=350%2C200&ssl=1","width":350,"height":200,"srcset":"https:\/\/i0.wp.com\/www.wallendorff.com\/belogue\/wp-content\/uploads\/2015\/04\/20130301.jpg?resize=350%2C200&ssl=1 1x, https:\/\/i0.wp.com\/www.wallendorff.com\/belogue\/wp-content\/uploads\/2015\/04\/20130301.jpg?resize=525%2C300&ssl=1 1.5x, https:\/\/i0.wp.com\/www.wallendorff.com\/belogue\/wp-content\/uploads\/2015\/04\/20130301.jpg?resize=700%2C400&ssl=1 2x"},"classes":[]},{"id":128516,"url":"https:\/\/www.wallendorff.com\/belogue\/2024\/06\/20\/cetait-2012\/","url_meta":{"origin":21785,"position":1},"title":"C&rsquo;\u00e9tait 2012.","author":"dpc","date":"20 juin 2024","format":false,"excerpt":"2012, rebonds. Gossip @ la Cigale, Paris, 14\/05\/2012 Les D\u00e9ferlantes, Argel\u00e8s-sur-Mer, 07\/07\/2012 Daniel Darc @ les D\u00e9ferlantes, Argel\u00e8s-sur-Mer, 08\/07\/2012 Dionysos @ Pal\u00e9o Festival, Nyon, 18\/07\/2012 Pal\u00e9o Festival, Nyon, 20\/07\/2012 Airnadette @ Pal\u00e9o Festival, Nyon, 21\/07\/2012 Green Day @ Rock en Seine, Domaine National de Saint-Cloud, 26\/08\/2012","rel":"","context":"Dans &quot;DPC&quot;","block_context":{"text":"DPC","link":"https:\/\/www.wallendorff.com\/belogue\/category\/dpc\/"},"img":{"alt_text":"","src":"https:\/\/i0.wp.com\/www.wallendorff.com\/belogue\/wp-content\/uploads\/2024\/06\/20240620-17.jpg?resize=350%2C200&ssl=1","width":350,"height":200,"srcset":"https:\/\/i0.wp.com\/www.wallendorff.com\/belogue\/wp-content\/uploads\/2024\/06\/20240620-17.jpg?resize=350%2C200&ssl=1 1x, https:\/\/i0.wp.com\/www.wallendorff.com\/belogue\/wp-content\/uploads\/2024\/06\/20240620-17.jpg?resize=525%2C300&ssl=1 1.5x, https:\/\/i0.wp.com\/www.wallendorff.com\/belogue\/wp-content\/uploads\/2024\/06\/20240620-17.jpg?resize=700%2C400&ssl=1 2x, https:\/\/i0.wp.com\/www.wallendorff.com\/belogue\/wp-content\/uploads\/2024\/06\/20240620-17.jpg?resize=1050%2C600&ssl=1 3x"},"classes":[]},{"id":22957,"url":"https:\/\/www.wallendorff.com\/belogue\/2014\/06\/13\/dix-ans-en-publics\/","url_meta":{"origin":21785,"position":2},"title":"Dix ans en publics.","author":"dpc","date":"13 juin 2014","format":false,"excerpt":"Dix ans d'yeux riv\u00e9s dans la m\u00eame direction. Dix ans de sourires, d'attente f\u00e9brile et de mains tendus. Dix ans de gens qui, pour une minute, oublient tout le reste. Previously unreleased #49. Franz Ferdinand, Cobo Arena, D\u00e9troit, 1er d\u00e9cembre 2004. \u00a0 Jah dort, s'cuve ou f\u00eate. AqME, Metiz'Art, Metz,\u2026","rel":"","context":"Dans &quot;DPC&quot;","block_context":{"text":"DPC","link":"https:\/\/www.wallendorff.com\/belogue\/category\/dpc\/"},"img":{"alt_text":"","src":"https:\/\/i0.wp.com\/www.wallendorff.com\/belogue\/wp-content\/uploads\/2015\/04\/200506022.jpg?resize=350%2C200&ssl=1","width":350,"height":200,"srcset":"https:\/\/i0.wp.com\/www.wallendorff.com\/belogue\/wp-content\/uploads\/2015\/04\/200506022.jpg?resize=350%2C200&ssl=1 1x, https:\/\/i0.wp.com\/www.wallendorff.com\/belogue\/wp-content\/uploads\/2015\/04\/200506022.jpg?resize=525%2C300&ssl=1 1.5x, https:\/\/i0.wp.com\/www.wallendorff.com\/belogue\/wp-content\/uploads\/2015\/04\/200506022.jpg?resize=700%2C400&ssl=1 2x"},"classes":[]},{"id":18174,"url":"https:\/\/www.wallendorff.com\/belogue\/2012\/07\/12\/les-deferlantes-argeles-sur-mer-7-10-juillet\/","url_meta":{"origin":21785,"position":3},"title":"Les D\u00e9ferlantes, Argel\u00e8s-sur-Mer, 7-10 juillet.","author":"dpc","date":"12 juillet 2012","format":false,"excerpt":"J'ai tout mis p\u00e8le-m\u00eale pour vous la faire courte. Bonne ambiance, joli cadre, belles rencontres, du taureau en brochette et Cali qu'on croise partout. Il para\u00eet qu'il est super sympa en vrai, Cali. The Henry Clay People \u2013 Hide Samedi 7 juillet The Ting Tings | Camille | Metronomy |\u2026","rel":"","context":"Dans &quot;Alive&quot;","block_context":{"text":"Alive","link":"https:\/\/www.wallendorff.com\/belogue\/category\/alive\/"},"img":{"alt_text":"","src":"https:\/\/i0.wp.com\/www.wallendorff.com\/belogue\/wp-content\/uploads\/2015\/04\/201207121.jpg?resize=350%2C200&ssl=1","width":350,"height":200,"srcset":"https:\/\/i0.wp.com\/www.wallendorff.com\/belogue\/wp-content\/uploads\/2015\/04\/201207121.jpg?resize=350%2C200&ssl=1 1x, https:\/\/i0.wp.com\/www.wallendorff.com\/belogue\/wp-content\/uploads\/2015\/04\/201207121.jpg?resize=525%2C300&ssl=1 1.5x, https:\/\/i0.wp.com\/www.wallendorff.com\/belogue\/wp-content\/uploads\/2015\/04\/201207121.jpg?resize=700%2C400&ssl=1 2x"},"classes":[]},{"id":5839,"url":"https:\/\/www.wallendorff.com\/belogue\/2010\/01\/06\/another-day-you-leave-behind\/","url_meta":{"origin":21785,"position":4},"title":"Another day you leave behind.","author":"dpc","date":"6 janvier 2010","format":false,"excerpt":"Galerie Vivienne, Paris, 11 novembre 2009. \u00a0Black Rebel Motorcycle Club \u2013 Mercy","rel":"","context":"Dans &quot;DPC&quot;","block_context":{"text":"DPC","link":"https:\/\/www.wallendorff.com\/belogue\/category\/dpc\/"},"img":{"alt_text":"","src":"https:\/\/i0.wp.com\/www.wallendorff.com\/belogue\/wp-content\/uploads\/2015\/04\/201001061.jpg?resize=350%2C200&ssl=1","width":350,"height":200,"srcset":"https:\/\/i0.wp.com\/www.wallendorff.com\/belogue\/wp-content\/uploads\/2015\/04\/201001061.jpg?resize=350%2C200&ssl=1 1x, https:\/\/i0.wp.com\/www.wallendorff.com\/belogue\/wp-content\/uploads\/2015\/04\/201001061.jpg?resize=525%2C300&ssl=1 1.5x, https:\/\/i0.wp.com\/www.wallendorff.com\/belogue\/wp-content\/uploads\/2015\/04\/201001061.jpg?resize=700%2C400&ssl=1 2x"},"classes":[]},{"id":1003,"url":"https:\/\/www.wallendorff.com\/belogue\/2007\/07\/28\/arcade-fire-paleo-festival-nyon\/","url_meta":{"origin":21785,"position":5},"title":"Arcade Fire @ Pal\u00e9o festival, Nyon.","author":"dpc","date":"28 juillet 2007","format":false,"excerpt":"Arcade Fire, les Eurock\u00e9ennes, Belfort, 1er juillet. Les Suisses sont cools. Les Suisse ont enregistr\u00e9 le concert d'Arcade Fire au Pal\u00e9o de mercredi et en ont diffus\u00e9 une heure hier soir. Concert manifestement aussi mortel qu'\u00e0 Belfort, avec le m\u00eame encha\u00eenement dingue de Power Out et Rebellion que je vous\u2026","rel":"","context":"Dans &quot;Alive&quot;","block_context":{"text":"Alive","link":"https:\/\/www.wallendorff.com\/belogue\/category\/alive\/"},"img":{"alt_text":"","src":"https:\/\/i0.wp.com\/www.wallendorff.com\/belogue\/wp-content\/uploads\/2015\/04\/200707281.jpg?resize=350%2C200&ssl=1","width":350,"height":200,"srcset":"https:\/\/i0.wp.com\/www.wallendorff.com\/belogue\/wp-content\/uploads\/2015\/04\/200707281.jpg?resize=350%2C200&ssl=1 1x, https:\/\/i0.wp.com\/www.wallendorff.com\/belogue\/wp-content\/uploads\/2015\/04\/200707281.jpg?resize=525%2C300&ssl=1 1.5x, https:\/\/i0.wp.com\/www.wallendorff.com\/belogue\/wp-content\/uploads\/2015\/04\/200707281.jpg?resize=700%2C400&ssl=1 2x"},"classes":[]}],"_links":{"self":[{"href":"https:\/\/www.wallendorff.com\/belogue\/wp-json\/wp\/v2\/posts\/21785","targetHints":{"allow":["GET"]}}],"collection":[{"href":"https:\/\/www.wallendorff.com\/belogue\/wp-json\/wp\/v2\/posts"}],"about":[{"href":"https:\/\/www.wallendorff.com\/belogue\/wp-json\/wp\/v2\/types\/post"}],"author":[{"embeddable":true,"href":"https:\/\/www.wallendorff.com\/belogue\/wp-json\/wp\/v2\/users\/1"}],"replies":[{"embeddable":true,"href":"https:\/\/www.wallendorff.com\/belogue\/wp-json\/wp\/v2\/comments?post=21785"}],"version-history":[{"count":8,"href":"https:\/\/www.wallendorff.com\/belogue\/wp-json\/wp\/v2\/posts\/21785\/revisions"}],"predecessor-version":[{"id":22743,"href":"https:\/\/www.wallendorff.com\/belogue\/wp-json\/wp\/v2\/posts\/21785\/revisions\/22743"}],"wp:featuredmedia":[{"embeddable":true,"href":"https:\/\/www.wallendorff.com\/belogue\/wp-json\/wp\/v2\/media\/26671"}],"wp:attachment":[{"href":"https:\/\/www.wallendorff.com\/belogue\/wp-json\/wp\/v2\/media?parent=21785"}],"wp:term":[{"taxonomy":"category","embeddable":true,"href":"https:\/\/www.wallendorff.com\/belogue\/wp-json\/wp\/v2\/categories?post=21785"},{"taxonomy":"post_tag","embeddable":true,"href":"https:\/\/www.wallendorff.com\/belogue\/wp-json\/wp\/v2\/tags?post=21785"}],"curies":[{"name":"wp","href":"https:\/\/api.w.org\/{rel}","templated":true}]}}