{"id":21754,"date":"2013-10-09T10:52:09","date_gmt":"2013-10-09T08:52:09","guid":{"rendered":"http:\/\/www.wallendorff.com\/?p=21754"},"modified":"2018-05-23T08:13:04","modified_gmt":"2018-05-23T06:13:04","slug":"into-the-wide-22","status":"publish","type":"post","link":"https:\/\/www.wallendorff.com\/belogue\/2013\/10\/09\/into-the-wide-22\/","title":{"rendered":"Into the wide #22."},"content":{"rendered":"\n<div id=\"photo\">\n<p><img decoding=\"async\" src=\"https:\/\/www.wallendorff.com\/belogue\/photo\/2013\/10\/20131009.jpg\"><br \/>\nPasserelle Simone-de-Beauvoir, Paris, 19 ao&ucirc;t.<\/p>\n<\/p><\/div>\n<div id=\"bandeson\">\n<p><img decoding=\"async\" src=\"https:\/\/www.wallendorff.com\/belogue\/photo\/pochettes\/s\/small_blacks-limits_of_desire.jpg\" align=\"left\" \/><em>Free at Dawn<\/em><br \/><a href=\"http:\/\/smallblack.tumblr.com\/\">Small Black<\/a><\/p>\n<p>        <iframe style=\"align:right\" width=\"400px\" height=\"55\" scrolling=\"no\" frameborder=\"no\" src=\"https:\/\/w.soundcloud.com\/player\/?url=http%3A%2F%2Fapi.soundcloud.com%2Ftracks%2F81700928&amp;color=ff6600&amp;auto_play=false&amp;show_artwork=false\"><\/iframe>\n      <\/div>\n","protected":false},"excerpt":{"rendered":"<p>Passerelle Simone-de-Beauvoir, Paris, 19 ao&ucirc;t. Free at DawnSmall Black<\/p>\n","protected":false},"author":1,"featured_media":26668,"comment_status":"open","ping_status":"open","sticky":false,"template":"","format":"standard","meta":{"_acf_changed":false,"ngg_post_thumbnail":0,"jetpack_post_was_ever_published":false,"_jetpack_newsletter_access":"","_jetpack_dont_email_post_to_subs":false,"_jetpack_newsletter_tier_id":0,"_jetpack_memberships_contains_paywalled_content":false,"_jetpack_memberships_contains_paid_content":false,"footnotes":"","jetpack_publicize_message":"","jetpack_publicize_feature_enabled":true,"jetpack_social_post_already_shared":true,"jetpack_social_options":{"image_generator_settings":{"template":"highway","default_image_id":0,"font":"","enabled":false},"version":2}},"categories":[7356],"tags":[10122,131,2571,6766,10326,10120,8087,10538,10121,11323,10098,10689,10520,10380,10944,11607,10286,8086,10851,164],"class_list":["post-21754","post","type-post","status-publish","format-standard","has-post-thumbnail","hentry","category-into-the-wide","tag-10122","tag-bibliotheque-francois-mitterrand","tag-ef-16-35-mm-f28l-ii-usm","tag-eos-5d-mark-iii","tag-crepuscule","tag-france","tag-free-at-dawn","tag-gratte-ciel","tag-ile-de-france","tag-panoramique","tag-paris","tag-passerelle","tag-passerelle-simone-de-beauvoir","tag-pont","tag-pont-de-bercy","tag-quai-francois-mauriac","tag-seine","tag-small-black","tag-tour","tag-urbain"],"acf":[],"geo":{"latitude":48.8353043,"longitude":2.3782098,"description":"Paris 12 Reuilly, \u00cele-de-France, 75562 CEDEX 12, FR"},"jetpack_publicize_connections":[],"jetpack_featured_media_url":"https:\/\/www.wallendorff.com\/belogue\/wp-content\/uploads\/2015\/04\/201310091.jpg","jetpack_shortlink":"https:\/\/wp.me\/p3b35P-5ES","jetpack_sharing_enabled":true,"jetpack-related-posts":[{"id":21759,"url":"https:\/\/www.wallendorff.com\/belogue\/2013\/10\/10\/zou\/","url_meta":{"origin":21754,"position":0},"title":"Zou.","author":"dpc","date":"10 octobre 2013","format":false,"excerpt":"Passerelle Simone-de-Beauvoir, Paris, 19 ao\u00fbt. Il n'y avait rien, puis le bateau est arriv\u00e9. J'ai pens\u00e9 faire une variation de celle-ci, puis un deuxi\u00e8me bateau est arriv\u00e9, alors j'ai encha\u00een\u00e9 les poses de 30 s. Et du coup, j'ai fait un gif. Ghost on the ShoreLord Huron","rel":"","context":"Dans &quot;DPC&quot;","block_context":{"text":"DPC","link":"https:\/\/www.wallendorff.com\/belogue\/category\/dpc\/"},"img":{"alt_text":"","src":"https:\/\/i0.wp.com\/www.wallendorff.com\/belogue\/wp-content\/uploads\/2015\/04\/201310101.gif?resize=350%2C200&ssl=1","width":350,"height":200,"srcset":"https:\/\/i0.wp.com\/www.wallendorff.com\/belogue\/wp-content\/uploads\/2015\/04\/201310101.gif?resize=350%2C200&ssl=1 1x, https:\/\/i0.wp.com\/www.wallendorff.com\/belogue\/wp-content\/uploads\/2015\/04\/201310101.gif?resize=525%2C300&ssl=1 1.5x, https:\/\/i0.wp.com\/www.wallendorff.com\/belogue\/wp-content\/uploads\/2015\/04\/201310101.gif?resize=700%2C400&ssl=1 2x"},"classes":[]},{"id":47793,"url":"https:\/\/www.wallendorff.com\/belogue\/2021\/02\/08\/into-the-wide-211\/","url_meta":{"origin":21754,"position":1},"title":"Into the wide #211.","author":"dpc","date":"8 f\u00e9vrier 2021","format":false,"excerpt":"Passerelle Simone-de-Beauvoir, Paris, 21 octobre 2020. Palaces of Montezuma Grinderman","rel":"","context":"Dans &quot;Into the wide&quot;","block_context":{"text":"Into the wide","link":"https:\/\/www.wallendorff.com\/belogue\/category\/into-the-wide\/"},"img":{"alt_text":"","src":"https:\/\/i0.wp.com\/www.wallendorff.com\/belogue\/wp-content\/uploads\/2021\/02\/20210208.jpg?resize=350%2C200&ssl=1","width":350,"height":200,"srcset":"https:\/\/i0.wp.com\/www.wallendorff.com\/belogue\/wp-content\/uploads\/2021\/02\/20210208.jpg?resize=350%2C200&ssl=1 1x, https:\/\/i0.wp.com\/www.wallendorff.com\/belogue\/wp-content\/uploads\/2021\/02\/20210208.jpg?resize=525%2C300&ssl=1 1.5x, https:\/\/i0.wp.com\/www.wallendorff.com\/belogue\/wp-content\/uploads\/2021\/02\/20210208.jpg?resize=700%2C400&ssl=1 2x, https:\/\/i0.wp.com\/www.wallendorff.com\/belogue\/wp-content\/uploads\/2021\/02\/20210208.jpg?resize=1050%2C600&ssl=1 3x"},"classes":[]},{"id":18946,"url":"https:\/\/www.wallendorff.com\/belogue\/2012\/09\/11\/voisins-de-panier-i\/","url_meta":{"origin":21754,"position":2},"title":"Voisins de panier [I].","author":"dpc","date":"11 septembre 2012","format":false,"excerpt":"Passerelle Simone-de-Beauvoir, Paris, 25 juillet. The Ting Tings \u2013 Day to Day","rel":"","context":"Dans &quot;DPC&quot;","block_context":{"text":"DPC","link":"https:\/\/www.wallendorff.com\/belogue\/category\/dpc\/"},"img":{"alt_text":"","src":"https:\/\/i0.wp.com\/www.wallendorff.com\/belogue\/wp-content\/uploads\/2015\/04\/201209111.jpg?resize=350%2C200&ssl=1","width":350,"height":200,"srcset":"https:\/\/i0.wp.com\/www.wallendorff.com\/belogue\/wp-content\/uploads\/2015\/04\/201209111.jpg?resize=350%2C200&ssl=1 1x, https:\/\/i0.wp.com\/www.wallendorff.com\/belogue\/wp-content\/uploads\/2015\/04\/201209111.jpg?resize=525%2C300&ssl=1 1.5x, https:\/\/i0.wp.com\/www.wallendorff.com\/belogue\/wp-content\/uploads\/2015\/04\/201209111.jpg?resize=700%2C400&ssl=1 2x"},"classes":[]},{"id":18954,"url":"https:\/\/www.wallendorff.com\/belogue\/2012\/09\/12\/voisins-de-panier-ii\/","url_meta":{"origin":21754,"position":3},"title":"Voisins de panier [II].","author":"dpc","date":"12 septembre 2012","format":false,"excerpt":"Passerelle Simone-de-Beauvoir, Paris, 25 juillet. The xx \u2013 Angels","rel":"","context":"Dans &quot;DPC&quot;","block_context":{"text":"DPC","link":"https:\/\/www.wallendorff.com\/belogue\/category\/dpc\/"},"img":{"alt_text":"","src":"https:\/\/i0.wp.com\/www.wallendorff.com\/belogue\/wp-content\/uploads\/2015\/04\/201209121.jpg?resize=350%2C200&ssl=1","width":350,"height":200,"srcset":"https:\/\/i0.wp.com\/www.wallendorff.com\/belogue\/wp-content\/uploads\/2015\/04\/201209121.jpg?resize=350%2C200&ssl=1 1x, https:\/\/i0.wp.com\/www.wallendorff.com\/belogue\/wp-content\/uploads\/2015\/04\/201209121.jpg?resize=525%2C300&ssl=1 1.5x, https:\/\/i0.wp.com\/www.wallendorff.com\/belogue\/wp-content\/uploads\/2015\/04\/201209121.jpg?resize=700%2C400&ssl=1 2x"},"classes":[]},{"id":3934,"url":"https:\/\/www.wallendorff.com\/belogue\/2009\/02\/23\/all-those-tomorrows\/","url_meta":{"origin":21754,"position":4},"title":"All those tomorrows.","author":"dpc","date":"23 f\u00e9vrier 2009","format":false,"excerpt":"Passerelle Simone-de-Beauvoir, Paris, 17 janvier. \u00a0Pearl Jam \u2013 Low Light","rel":"","context":"Dans &quot;DPC&quot;","block_context":{"text":"DPC","link":"https:\/\/www.wallendorff.com\/belogue\/category\/dpc\/"},"img":{"alt_text":"","src":"https:\/\/i0.wp.com\/www.wallendorff.com\/belogue\/wp-content\/uploads\/2015\/04\/200902231.jpg?resize=350%2C200&ssl=1","width":350,"height":200},"classes":[]},{"id":36069,"url":"https:\/\/www.wallendorff.com\/belogue\/2017\/10\/17\/into-the-wide-114-115\/","url_meta":{"origin":21754,"position":5},"title":"Into the wide #114, 115.","author":"dpc","date":"17 octobre 2017","format":false,"excerpt":"Passerelle Simone-de-Beauvoir, Paris, 28 ao\u00fbt. Je voulais tester le nouveau fotoapparat en panoramique, et ma premi\u00e8re id\u00e9e fut de revenir sur les lieux du num\u00e9ro 22. Un num\u00e9ro 22 qui, \u00e0 l'\u00e9poque, avait \u00e9t\u00e9 fait sans t\u00eate pano et avait donc requis beaucoup de photoshopages en tous genres pour un\u2026","rel":"","context":"Dans &quot;Into the wide&quot;","block_context":{"text":"Into the wide","link":"https:\/\/www.wallendorff.com\/belogue\/category\/into-the-wide\/"},"img":{"alt_text":"","src":"https:\/\/i0.wp.com\/www.wallendorff.com\/belogue\/wp-content\/uploads\/2017\/10\/20171017-01.jpg?resize=350%2C200&ssl=1","width":350,"height":200,"srcset":"https:\/\/i0.wp.com\/www.wallendorff.com\/belogue\/wp-content\/uploads\/2017\/10\/20171017-01.jpg?resize=350%2C200&ssl=1 1x, https:\/\/i0.wp.com\/www.wallendorff.com\/belogue\/wp-content\/uploads\/2017\/10\/20171017-01.jpg?resize=525%2C300&ssl=1 1.5x, https:\/\/i0.wp.com\/www.wallendorff.com\/belogue\/wp-content\/uploads\/2017\/10\/20171017-01.jpg?resize=700%2C400&ssl=1 2x, https:\/\/i0.wp.com\/www.wallendorff.com\/belogue\/wp-content\/uploads\/2017\/10\/20171017-01.jpg?resize=1050%2C600&ssl=1 3x"},"classes":[]}],"_links":{"self":[{"href":"https:\/\/www.wallendorff.com\/belogue\/wp-json\/wp\/v2\/posts\/21754","targetHints":{"allow":["GET"]}}],"collection":[{"href":"https:\/\/www.wallendorff.com\/belogue\/wp-json\/wp\/v2\/posts"}],"about":[{"href":"https:\/\/www.wallendorff.com\/belogue\/wp-json\/wp\/v2\/types\/post"}],"author":[{"embeddable":true,"href":"https:\/\/www.wallendorff.com\/belogue\/wp-json\/wp\/v2\/users\/1"}],"replies":[{"embeddable":true,"href":"https:\/\/www.wallendorff.com\/belogue\/wp-json\/wp\/v2\/comments?post=21754"}],"version-history":[{"count":3,"href":"https:\/\/www.wallendorff.com\/belogue\/wp-json\/wp\/v2\/posts\/21754\/revisions"}],"predecessor-version":[{"id":21757,"href":"https:\/\/www.wallendorff.com\/belogue\/wp-json\/wp\/v2\/posts\/21754\/revisions\/21757"}],"wp:featuredmedia":[{"embeddable":true,"href":"https:\/\/www.wallendorff.com\/belogue\/wp-json\/wp\/v2\/media\/26668"}],"wp:attachment":[{"href":"https:\/\/www.wallendorff.com\/belogue\/wp-json\/wp\/v2\/media?parent=21754"}],"wp:term":[{"taxonomy":"category","embeddable":true,"href":"https:\/\/www.wallendorff.com\/belogue\/wp-json\/wp\/v2\/categories?post=21754"},{"taxonomy":"post_tag","embeddable":true,"href":"https:\/\/www.wallendorff.com\/belogue\/wp-json\/wp\/v2\/tags?post=21754"}],"curies":[{"name":"wp","href":"https:\/\/api.w.org\/{rel}","templated":true}]}}