{"id":21741,"date":"2013-10-07T13:18:36","date_gmt":"2013-10-07T11:18:36","guid":{"rendered":"http:\/\/www.wallendorff.com\/?p=21741"},"modified":"2013-10-11T11:52:13","modified_gmt":"2013-10-11T09:52:13","slug":"gibbeux-rien","status":"publish","type":"post","link":"https:\/\/www.wallendorff.com\/belogue\/2013\/10\/07\/gibbeux-rien\/","title":{"rendered":"Gibbeux [rien]."},"content":{"rendered":"\n<div id=\"photo\">\n<p><img decoding=\"async\" src=\"https:\/\/www.wallendorff.com\/belogue\/photo\/2013\/10\/20131007.jpg\"><br \/>\nBiblioth&egrave;que Fran&ccedil;ois-Mitterrand, Paris, 19 ao&ucirc;t.<\/p>\n<\/p><\/div>\n<div id=\"bandeson\">\n<p><img decoding=\"async\" src=\"https:\/\/www.wallendorff.com\/belogue\/photo\/pochettes\/e\/editors-the_weight_of_your_love.jpg\" align=\"left\" \/><a style=\"font-weight:normal\" href=\"http:\/\/www.youtube.com\/watch?v=NXFGJp6AOcE\"><em>The Phone Book<\/em><\/a><br \/><a href=\"http:\/\/www.editors-official.co.uk\">Editors<\/a><\/p>\n<\/p><\/div>\n","protected":false},"excerpt":{"rendered":"<p>Biblioth&egrave;que Fran&ccedil;ois-Mitterrand, Paris, 19 ao&ucirc;t. The Phone BookEditors<\/p>\n","protected":false},"author":1,"featured_media":26660,"comment_status":"open","ping_status":"open","sticky":false,"template":"","format":"standard","meta":{"_acf_changed":false,"ngg_post_thumbnail":0,"jetpack_post_was_ever_published":false,"_jetpack_newsletter_access":"","_jetpack_dont_email_post_to_subs":false,"_jetpack_newsletter_tier_id":0,"_jetpack_memberships_contains_paywalled_content":false,"_jetpack_memberships_contains_paid_content":false,"footnotes":"","jetpack_publicize_message":"","jetpack_publicize_feature_enabled":true,"jetpack_social_post_already_shared":true,"jetpack_social_options":{"image_generator_settings":{"template":"highway","default_image_id":0,"font":"","enabled":false},"version":2}},"categories":[3],"tags":[10122,131,6766,10144,10326,10307,10120,10538,10121,10151,10098,8084,170,10851],"class_list":["post-21741","post","type-post","status-publish","format-standard","has-post-thumbnail","hentry","category-dpc","tag-10122","tag-bibliotheque-francois-mitterrand","tag-eos-5d-mark-iii","tag-ciel","tag-crepuscule","tag-fenetre","tag-france","tag-gratte-ciel","tag-ile-de-france","tag-lune","tag-paris","tag-pleine-lune","tag-sigma-70-300-mm-f4-56-dg-apo-macro","tag-tour"],"acf":[],"geo":{"latitude":48.8338509,"longitude":2.376287,"description":"Place Simone de Beauvoir, 75013 Paris, France"},"jetpack_publicize_connections":[],"jetpack_featured_media_url":"https:\/\/www.wallendorff.com\/belogue\/wp-content\/uploads\/2015\/04\/201310071.jpg","jetpack_shortlink":"https:\/\/wp.me\/p3b35P-5EF","jetpack_sharing_enabled":true,"jetpack-related-posts":[{"id":21766,"url":"https:\/\/www.wallendorff.com\/belogue\/2013\/10\/11\/into-the-wide-23\/","url_meta":{"origin":21741,"position":0},"title":"Into the wide #23.","author":"dpc","date":"11 octobre 2013","format":false,"excerpt":"Biblioth\u00e8que Fran\u00e7ois-Mitterrand, Paris, 19 ao\u00fbt. The Keepers Ty Segall","rel":"","context":"Dans &quot;Into the wide&quot;","block_context":{"text":"Into the wide","link":"https:\/\/www.wallendorff.com\/belogue\/category\/into-the-wide\/"},"img":{"alt_text":"","src":"https:\/\/i0.wp.com\/www.wallendorff.com\/belogue\/wp-content\/uploads\/2015\/04\/20131011.jpg?resize=350%2C200&ssl=1","width":350,"height":200,"srcset":"https:\/\/i0.wp.com\/www.wallendorff.com\/belogue\/wp-content\/uploads\/2015\/04\/20131011.jpg?resize=350%2C200&ssl=1 1x, https:\/\/i0.wp.com\/www.wallendorff.com\/belogue\/wp-content\/uploads\/2015\/04\/20131011.jpg?resize=525%2C300&ssl=1 1.5x, https:\/\/i0.wp.com\/www.wallendorff.com\/belogue\/wp-content\/uploads\/2015\/04\/20131011.jpg?resize=700%2C400&ssl=1 2x"},"classes":[]},{"id":21754,"url":"https:\/\/www.wallendorff.com\/belogue\/2013\/10\/09\/into-the-wide-22\/","url_meta":{"origin":21741,"position":1},"title":"Into the wide #22.","author":"dpc","date":"9 octobre 2013","format":false,"excerpt":"Passerelle Simone-de-Beauvoir, Paris, 19 ao\u00fbt. Free at DawnSmall Black","rel":"","context":"Dans &quot;Into the wide&quot;","block_context":{"text":"Into the wide","link":"https:\/\/www.wallendorff.com\/belogue\/category\/into-the-wide\/"},"img":{"alt_text":"","src":"https:\/\/i0.wp.com\/www.wallendorff.com\/belogue\/wp-content\/uploads\/2015\/04\/201310091.jpg?resize=350%2C200&ssl=1","width":350,"height":200,"srcset":"https:\/\/i0.wp.com\/www.wallendorff.com\/belogue\/wp-content\/uploads\/2015\/04\/201310091.jpg?resize=350%2C200&ssl=1 1x, https:\/\/i0.wp.com\/www.wallendorff.com\/belogue\/wp-content\/uploads\/2015\/04\/201310091.jpg?resize=525%2C300&ssl=1 1.5x, https:\/\/i0.wp.com\/www.wallendorff.com\/belogue\/wp-content\/uploads\/2015\/04\/201310091.jpg?resize=700%2C400&ssl=1 2x"},"classes":[]},{"id":45499,"url":"https:\/\/www.wallendorff.com\/belogue\/2020\/04\/10\/rainbow-x-2-la-mission\/","url_meta":{"origin":21741,"position":2},"title":"Rainbow \u00d7 2 [la mission].","author":"dpc","date":"10 avril 2020","format":false,"excerpt":"Rue du Chevaleret, Paris, 17 janvier 2020. Locust Black Lips","rel":"","context":"Dans &quot;DPC&quot;","block_context":{"text":"DPC","link":"https:\/\/www.wallendorff.com\/belogue\/category\/dpc\/"},"img":{"alt_text":"","src":"https:\/\/i0.wp.com\/www.wallendorff.com\/belogue\/wp-content\/uploads\/2020\/04\/20200410.jpg?resize=350%2C200&ssl=1","width":350,"height":200,"srcset":"https:\/\/i0.wp.com\/www.wallendorff.com\/belogue\/wp-content\/uploads\/2020\/04\/20200410.jpg?resize=350%2C200&ssl=1 1x, https:\/\/i0.wp.com\/www.wallendorff.com\/belogue\/wp-content\/uploads\/2020\/04\/20200410.jpg?resize=525%2C300&ssl=1 1.5x, https:\/\/i0.wp.com\/www.wallendorff.com\/belogue\/wp-content\/uploads\/2020\/04\/20200410.jpg?resize=700%2C400&ssl=1 2x, https:\/\/i0.wp.com\/www.wallendorff.com\/belogue\/wp-content\/uploads\/2020\/04\/20200410.jpg?resize=1050%2C600&ssl=1 3x"},"classes":[]},{"id":23906,"url":"https:\/\/www.wallendorff.com\/belogue\/2015\/03\/24\/into-the-wide-40\/","url_meta":{"origin":21741,"position":3},"title":"Into the wide #42.","author":"dpc","date":"24 mars 2015","format":false,"excerpt":"Tr\u00e8s grosse biblioth\u00e8que, Paris, 8 f\u00e9vrier. En plus grand sur 500px, si jamais. River Lea Nick Mulvey","rel":"","context":"Dans &quot;Into the wide&quot;","block_context":{"text":"Into the wide","link":"https:\/\/www.wallendorff.com\/belogue\/category\/into-the-wide\/"},"img":{"alt_text":"","src":"https:\/\/i0.wp.com\/www.wallendorff.com\/belogue\/wp-content\/uploads\/2015\/04\/201503241.jpg?resize=350%2C200&ssl=1","width":350,"height":200,"srcset":"https:\/\/i0.wp.com\/www.wallendorff.com\/belogue\/wp-content\/uploads\/2015\/04\/201503241.jpg?resize=350%2C200&ssl=1 1x, https:\/\/i0.wp.com\/www.wallendorff.com\/belogue\/wp-content\/uploads\/2015\/04\/201503241.jpg?resize=525%2C300&ssl=1 1.5x, https:\/\/i0.wp.com\/www.wallendorff.com\/belogue\/wp-content\/uploads\/2015\/04\/201503241.jpg?resize=700%2C400&ssl=1 2x, https:\/\/i0.wp.com\/www.wallendorff.com\/belogue\/wp-content\/uploads\/2015\/04\/201503241.jpg?resize=1050%2C600&ssl=1 3x"},"classes":[]},{"id":48593,"url":"https:\/\/www.wallendorff.com\/belogue\/2021\/06\/14\/parvis-pas-pu\/","url_meta":{"origin":21741,"position":4},"title":"Parvis, pas pu.","author":"dpc","date":"14 juin 2021","format":false,"excerpt":"Tr\u00e8s Grosse Biblioth\u00e8que, Paris, 13 avril 2021. FUBT Haim","rel":"","context":"Dans &quot;DPC&quot;","block_context":{"text":"DPC","link":"https:\/\/www.wallendorff.com\/belogue\/category\/dpc\/"},"img":{"alt_text":"","src":"https:\/\/i0.wp.com\/www.wallendorff.com\/belogue\/wp-content\/uploads\/2021\/06\/20210614.jpg?resize=350%2C200&ssl=1","width":350,"height":200,"srcset":"https:\/\/i0.wp.com\/www.wallendorff.com\/belogue\/wp-content\/uploads\/2021\/06\/20210614.jpg?resize=350%2C200&ssl=1 1x, https:\/\/i0.wp.com\/www.wallendorff.com\/belogue\/wp-content\/uploads\/2021\/06\/20210614.jpg?resize=525%2C300&ssl=1 1.5x, https:\/\/i0.wp.com\/www.wallendorff.com\/belogue\/wp-content\/uploads\/2021\/06\/20210614.jpg?resize=700%2C400&ssl=1 2x"},"classes":[]},{"id":21549,"url":"https:\/\/www.wallendorff.com\/belogue\/2013\/09\/05\/et-degres-a-la-flane\/","url_meta":{"origin":21741,"position":5},"title":"Et degr\u00e9s \u00e0 la fl\u00e2ne.","author":"dpc","date":"5 septembre 2013","format":false,"excerpt":"Tr\u00e8s Grosse Biblioth\u00e8que, Paris, 17 juillet. La pr\u00e9quelle de celle-ci. Oh SailorMr. Little Jeans","rel":"","context":"Dans &quot;DPC&quot;","block_context":{"text":"DPC","link":"https:\/\/www.wallendorff.com\/belogue\/category\/dpc\/"},"img":{"alt_text":"","src":"https:\/\/i0.wp.com\/www.wallendorff.com\/belogue\/wp-content\/uploads\/2015\/04\/201309051.jpg?resize=350%2C200&ssl=1","width":350,"height":200,"srcset":"https:\/\/i0.wp.com\/www.wallendorff.com\/belogue\/wp-content\/uploads\/2015\/04\/201309051.jpg?resize=350%2C200&ssl=1 1x, https:\/\/i0.wp.com\/www.wallendorff.com\/belogue\/wp-content\/uploads\/2015\/04\/201309051.jpg?resize=525%2C300&ssl=1 1.5x, https:\/\/i0.wp.com\/www.wallendorff.com\/belogue\/wp-content\/uploads\/2015\/04\/201309051.jpg?resize=700%2C400&ssl=1 2x"},"classes":[]}],"_links":{"self":[{"href":"https:\/\/www.wallendorff.com\/belogue\/wp-json\/wp\/v2\/posts\/21741","targetHints":{"allow":["GET"]}}],"collection":[{"href":"https:\/\/www.wallendorff.com\/belogue\/wp-json\/wp\/v2\/posts"}],"about":[{"href":"https:\/\/www.wallendorff.com\/belogue\/wp-json\/wp\/v2\/types\/post"}],"author":[{"embeddable":true,"href":"https:\/\/www.wallendorff.com\/belogue\/wp-json\/wp\/v2\/users\/1"}],"replies":[{"embeddable":true,"href":"https:\/\/www.wallendorff.com\/belogue\/wp-json\/wp\/v2\/comments?post=21741"}],"version-history":[{"count":5,"href":"https:\/\/www.wallendorff.com\/belogue\/wp-json\/wp\/v2\/posts\/21741\/revisions"}],"predecessor-version":[{"id":21771,"href":"https:\/\/www.wallendorff.com\/belogue\/wp-json\/wp\/v2\/posts\/21741\/revisions\/21771"}],"wp:featuredmedia":[{"embeddable":true,"href":"https:\/\/www.wallendorff.com\/belogue\/wp-json\/wp\/v2\/media\/26660"}],"wp:attachment":[{"href":"https:\/\/www.wallendorff.com\/belogue\/wp-json\/wp\/v2\/media?parent=21741"}],"wp:term":[{"taxonomy":"category","embeddable":true,"href":"https:\/\/www.wallendorff.com\/belogue\/wp-json\/wp\/v2\/categories?post=21741"},{"taxonomy":"post_tag","embeddable":true,"href":"https:\/\/www.wallendorff.com\/belogue\/wp-json\/wp\/v2\/tags?post=21741"}],"curies":[{"name":"wp","href":"https:\/\/api.w.org\/{rel}","templated":true}]}}