{"id":217,"date":"2005-09-19T23:22:47","date_gmt":"2005-09-19T23:22:47","guid":{"rendered":"http:\/\/www.po-l.com\/wordpress\/?p=217"},"modified":"2012-07-19T12:43:32","modified_gmt":"2012-07-19T10:43:32","slug":"a-se-mettre-saoul-la-d-dans","status":"publish","type":"post","link":"https:\/\/www.wallendorff.com\/belogue\/2005\/09\/19\/a-se-mettre-saoul-la-d-dans\/","title":{"rendered":"&Agrave; se mettre saoul l&agrave;-d&rsquo;dans."},"content":{"rendered":"\n<div id=\"photo\">\n<p><img decoding=\"async\" src=\"http:\/\/www.po-L.com\/belogue\/photo\/2005\/09\/20050919.jpg\" \/><br \/>\n            Rue Oberkampf, Paris, 12 septembre.<\/p>\n<\/p><\/div>\n<p>&Ccedil;a a commenc&eacute; le 1<sup>er<\/sup> septembre 2001 avec le chez lui d&rsquo;Ann Arbor.<br \/>\n          Puis deux ans de chez nous et 4 mois de chez le gros, &agrave; Metz<br \/>\n          Puis un peu de chez les parents.<br \/>\n          Puis un an de Michigan chez M&eacute;m&egrave;re.<br \/>\n          Puis encore un peu de chez les parents.<br \/>\n          Puis 4 mois de chez les gros.<br \/>\n          Et puis, surtout, 7 jours de chez toi. <\/p>\n<p style=\"text-align:right\">Et l&agrave;, je suis chez moi. <\/p>\n<p style=\"text-align:right\">Et je me balade &agrave; poil.<\/p>\n<p style=\"text-align:right\">[For a change.]<\/p>\n<p style=\"text-align:right\">\u00ab&nbsp;<em>My apartment, the home where I hide<br \/>\n          Away from all the darkness outside.<br \/>\n          I&rsquo;m there all the time.<\/em>&nbsp;\u00bb<\/p>\n<div id=\"bandeson\">\n<p><img decoding=\"async\" src=\"https:\/\/www.wallendorff.com\/belogue\/photo\/pochettes\/k\/kweller_ben-on_my_way.jpg\" align=\"left\" \/>&nbsp;<a href=\"http:\/\/www.benkweller.com\/\">Ben Kweller<\/a> &ndash; <em>My Apartment<\/em><\/p>\n<\/div>\n","protected":false},"excerpt":{"rendered":"<p>Rue Oberkampf, Paris, 12 septembre. &Ccedil;a a commenc&eacute; le 1er septembre 2001 avec le chez lui d&rsquo;Ann Arbor. Puis deux ans de chez nous et 4 mois de chez le gros, &agrave; Metz Puis un peu de chez les parents. Puis un an de Michigan chez M&eacute;m&egrave;re. Puis encore un peu de chez les parents.&hellip;<\/p>\n","protected":false},"author":1,"featured_media":24154,"comment_status":"open","ping_status":"open","sticky":false,"template":"","format":"standard","meta":{"_acf_changed":false,"ngg_post_thumbnail":0,"jetpack_post_was_ever_published":false,"_jetpack_newsletter_access":"","_jetpack_dont_email_post_to_subs":false,"_jetpack_newsletter_tier_id":0,"_jetpack_memberships_contains_paywalled_content":false,"_jetpack_memberships_contains_paid_content":false,"footnotes":"","jetpack_publicize_message":"","jetpack_publicize_feature_enabled":true,"jetpack_social_post_already_shared":false,"jetpack_social_options":{"image_generator_settings":{"template":"highway","default_image_id":0,"font":"","enabled":false},"version":2}},"categories":[3],"tags":[10183,544,132,10319,10120,10121,1250,143,10147,10098,10102,10280,173,10171],"class_list":["post-217","post","type-post","status-publish","format-standard","has-post-thumbnail","hentry","category-dpc","tag-10183","tag-ben-kweller","tag-eos-20d","tag-flou","tag-france","tag-ile-de-france","tag-my-apartment","tag-noir-et-blanc","tag-nuit","tag-paris","tag-pluie","tag-rue-oberkampf","tag-sigma-28-70-mm-f28-dg-ex","tag-voiture"],"acf":[],"geo":{"latitude":48.8669472,"longitude":2.3822281,"description":null},"jetpack_publicize_connections":[],"jetpack_featured_media_url":"https:\/\/www.wallendorff.com\/belogue\/wp-content\/uploads\/2015\/04\/200509191.jpg","jetpack_shortlink":"https:\/\/wp.me\/p3b35P-3v","jetpack_sharing_enabled":true,"jetpack-related-posts":[{"id":32793,"url":"https:\/\/www.wallendorff.com\/belogue\/2016\/11\/03\/shooting-people-124\/","url_meta":{"origin":217,"position":0},"title":"Shooting people #124.","author":"dpc","date":"3 novembre 2016","format":false,"excerpt":"Rue Lemercier, Paris, 13 octobre. Portrait illustrant l\u2019interview par No\u00e9mie Lambert \u00e0 lire chez Soul Kitchen. Nous sortons de la Cigale en retard et sautons dans le m\u00e9tro, direction les Batignolles. Il nous re\u00e7oit dans une cour d'immeuble. Nuit noire, l\u00e9g\u00e8re pluie. Dans le local d'\u00e0 c\u00f4t\u00e9, on double un\u2026","rel":"","context":"Dans &quot;Portraits&quot;","block_context":{"text":"Portraits","link":"https:\/\/www.wallendorff.com\/belogue\/category\/portraits\/"},"img":{"alt_text":"","src":"https:\/\/i0.wp.com\/www.wallendorff.com\/belogue\/wp-content\/uploads\/2016\/11\/20161102.jpg?resize=350%2C200&ssl=1","width":350,"height":200,"srcset":"https:\/\/i0.wp.com\/www.wallendorff.com\/belogue\/wp-content\/uploads\/2016\/11\/20161102.jpg?resize=350%2C200&ssl=1 1x, https:\/\/i0.wp.com\/www.wallendorff.com\/belogue\/wp-content\/uploads\/2016\/11\/20161102.jpg?resize=525%2C300&ssl=1 1.5x, https:\/\/i0.wp.com\/www.wallendorff.com\/belogue\/wp-content\/uploads\/2016\/11\/20161102.jpg?resize=700%2C400&ssl=1 2x"},"classes":[]},{"id":21833,"url":"https:\/\/www.wallendorff.com\/belogue\/2013\/10\/25\/oasis-be-here-now\/","url_meta":{"origin":217,"position":1},"title":"Oasis &ndash; Be Here Now","author":"dpc","date":"25 octobre 2013","format":false,"excerpt":"#67 Label\u00a0: Creation Sortie\u00a0: 21 ao\u00fbt 1997 Producteur\u00a0: Owen Morris, Noel Gallagher 2\u00a0167 jours et 40 disques plus tard. La s\u00e9rie reprend ici et maintenant (ahah) pour trois raisons\u00a0: un message de monsieur C., d'\u00cele-de-France, qui m'a sugg\u00e9r\u00e9 de m'y remettre\u00a0; la ressortie d'In Utero, qui m'a rappel\u00e9 que je\u2026","rel":"","context":"Dans &quot;Autodiscobiographie&quot;","block_context":{"text":"Autodiscobiographie","link":"https:\/\/www.wallendorff.com\/belogue\/category\/autodiscobiographie\/"},"img":{"alt_text":"","src":"https:\/\/i0.wp.com\/www.wallendorff.com\/belogue\/wp-content\/uploads\/2015\/04\/017b1.jpg?resize=350%2C200&ssl=1","width":350,"height":200,"srcset":"https:\/\/i0.wp.com\/www.wallendorff.com\/belogue\/wp-content\/uploads\/2015\/04\/017b1.jpg?resize=350%2C200&ssl=1 1x, https:\/\/i0.wp.com\/www.wallendorff.com\/belogue\/wp-content\/uploads\/2015\/04\/017b1.jpg?resize=525%2C300&ssl=1 1.5x, https:\/\/i0.wp.com\/www.wallendorff.com\/belogue\/wp-content\/uploads\/2015\/04\/017b1.jpg?resize=700%2C400&ssl=1 2x"},"classes":[]},{"id":7549,"url":"https:\/\/www.wallendorff.com\/belogue\/2010\/05\/18\/shooting-people-69\/","url_meta":{"origin":217,"position":2},"title":"Shooting people #69.","author":"dpc","date":"18 mai 2010","format":false,"excerpt":"Breakfast in America, Paris, 24 septembre 2009. \u00c0 l'automne dernier, donc, \u00c9lixie et moi sommes all\u00e9s de tr\u00e8s bon matin au Breakfast in America de la rue des \u00c9coles \u2015\u00a0r\u00e9put\u00e9 pour sa cuisine am\u00e9ricaine salvatrice et ses serveuses authentiques qui te disent \u00ab\u00a0ya want more coffee with that\u00a0?\u00a0\u00bb et \u00ab\u00a0are\u2026","rel":"","context":"Dans &quot;Portraits&quot;","block_context":{"text":"Portraits","link":"https:\/\/www.wallendorff.com\/belogue\/category\/portraits\/"},"img":{"alt_text":"","src":"https:\/\/i0.wp.com\/www.wallendorff.com\/belogue\/wp-content\/uploads\/2015\/04\/201005181.jpg?resize=350%2C200&ssl=1","width":350,"height":200,"srcset":"https:\/\/i0.wp.com\/www.wallendorff.com\/belogue\/wp-content\/uploads\/2015\/04\/201005181.jpg?resize=350%2C200&ssl=1 1x, https:\/\/i0.wp.com\/www.wallendorff.com\/belogue\/wp-content\/uploads\/2015\/04\/201005181.jpg?resize=525%2C300&ssl=1 1.5x"},"classes":[]},{"id":21619,"url":"https:\/\/www.wallendorff.com\/belogue\/2013\/09\/19\/portugal-the-man-le-nouveau-casino-paris\/","url_meta":{"origin":217,"position":3},"title":"Portugal. The Man @ le Nouveau Casino, Paris.","author":"dpc","date":"19 septembre 2013","format":false,"excerpt":"Purple Yellow Red and Blue | All Your Light (Times Like These) | Evil Friends | Day Man | So American | People Say | Guns & Dogs | Atomic Man | The Sun | Senseless | Sea of Air | Modern Jesus | Got It All (This Can Be\u2026","rel":"","context":"Dans &quot;Alive&quot;","block_context":{"text":"Alive","link":"https:\/\/www.wallendorff.com\/belogue\/category\/alive\/"},"img":{"alt_text":"","src":"https:\/\/i0.wp.com\/www.wallendorff.com\/belogue\/wp-content\/uploads\/2015\/04\/201309191.jpg?resize=350%2C200&ssl=1","width":350,"height":200,"srcset":"https:\/\/i0.wp.com\/www.wallendorff.com\/belogue\/wp-content\/uploads\/2015\/04\/201309191.jpg?resize=350%2C200&ssl=1 1x, https:\/\/i0.wp.com\/www.wallendorff.com\/belogue\/wp-content\/uploads\/2015\/04\/201309191.jpg?resize=525%2C300&ssl=1 1.5x, https:\/\/i0.wp.com\/www.wallendorff.com\/belogue\/wp-content\/uploads\/2015\/04\/201309191.jpg?resize=700%2C400&ssl=1 2x"},"classes":[]},{"id":4984,"url":"https:\/\/www.wallendorff.com\/belogue\/2009\/11\/04\/les-digues-a-gars\/","url_meta":{"origin":217,"position":4},"title":"Les digues \u00e0 gars.","author":"dpc","date":"4 novembre 2009","format":false,"excerpt":"Rue de Nantes, Paris, 31 mai. Bien s\u00fbr pour voir un rapport entre la photo et le titre il faut penser \u00e0 des gars qui aiment entrer chez toi par les fen\u00eatres comme Dawson-de-dans-Dawson, Rom\u00e9o Montaigu de dans Rom\u00e9o et Juyette1 ou les m\u00e9chants de dans Le 11 Septembre. Sinon\u2026","rel":"","context":"Dans &quot;DPC&quot;","block_context":{"text":"DPC","link":"https:\/\/www.wallendorff.com\/belogue\/category\/dpc\/"},"img":{"alt_text":"","src":"https:\/\/i0.wp.com\/www.wallendorff.com\/belogue\/wp-content\/uploads\/2015\/04\/200911041.jpg?resize=350%2C200&ssl=1","width":350,"height":200},"classes":[]},{"id":22930,"url":"https:\/\/www.wallendorff.com\/belogue\/2014\/06\/09\/dix-ans-chez-les-bisounours\/","url_meta":{"origin":217,"position":5},"title":"Dix ans chez les bisounours.","author":"dpc","date":"9 juin 2014","format":false,"excerpt":"Dix ans de conjugu\u00e9 et dix ans d'\u00e9v\u00e9nements, dont beaucoup en blanc. Il ne faut jamais dire \u00ab\u00a0j'aimais\u00a0\u00bb. Station Charles de Gaulle \u2014 \u00c9toile, Paris, 8 juin 2005. \u00a0 L'ar\u00f4me entiche. Palais Royal, Paris, 21 juillet 2005. \u00a0 Garde leste. Gare de l'Est, Paris, 27 ao\u00fbt 2006. \u00a0 We live\u2026","rel":"","context":"Dans &quot;DPC&quot;","block_context":{"text":"DPC","link":"https:\/\/www.wallendorff.com\/belogue\/category\/dpc\/"},"img":{"alt_text":"","src":"https:\/\/i0.wp.com\/www.wallendorff.com\/belogue\/wp-content\/uploads\/2015\/04\/201206133.jpg?resize=350%2C200&ssl=1","width":350,"height":200,"srcset":"https:\/\/i0.wp.com\/www.wallendorff.com\/belogue\/wp-content\/uploads\/2015\/04\/201206133.jpg?resize=350%2C200&ssl=1 1x, https:\/\/i0.wp.com\/www.wallendorff.com\/belogue\/wp-content\/uploads\/2015\/04\/201206133.jpg?resize=525%2C300&ssl=1 1.5x, https:\/\/i0.wp.com\/www.wallendorff.com\/belogue\/wp-content\/uploads\/2015\/04\/201206133.jpg?resize=700%2C400&ssl=1 2x"},"classes":[]}],"_links":{"self":[{"href":"https:\/\/www.wallendorff.com\/belogue\/wp-json\/wp\/v2\/posts\/217","targetHints":{"allow":["GET"]}}],"collection":[{"href":"https:\/\/www.wallendorff.com\/belogue\/wp-json\/wp\/v2\/posts"}],"about":[{"href":"https:\/\/www.wallendorff.com\/belogue\/wp-json\/wp\/v2\/types\/post"}],"author":[{"embeddable":true,"href":"https:\/\/www.wallendorff.com\/belogue\/wp-json\/wp\/v2\/users\/1"}],"replies":[{"embeddable":true,"href":"https:\/\/www.wallendorff.com\/belogue\/wp-json\/wp\/v2\/comments?post=217"}],"version-history":[{"count":1,"href":"https:\/\/www.wallendorff.com\/belogue\/wp-json\/wp\/v2\/posts\/217\/revisions"}],"predecessor-version":[{"id":18279,"href":"https:\/\/www.wallendorff.com\/belogue\/wp-json\/wp\/v2\/posts\/217\/revisions\/18279"}],"wp:featuredmedia":[{"embeddable":true,"href":"https:\/\/www.wallendorff.com\/belogue\/wp-json\/wp\/v2\/media\/24154"}],"wp:attachment":[{"href":"https:\/\/www.wallendorff.com\/belogue\/wp-json\/wp\/v2\/media?parent=217"}],"wp:term":[{"taxonomy":"category","embeddable":true,"href":"https:\/\/www.wallendorff.com\/belogue\/wp-json\/wp\/v2\/categories?post=217"},{"taxonomy":"post_tag","embeddable":true,"href":"https:\/\/www.wallendorff.com\/belogue\/wp-json\/wp\/v2\/tags?post=217"}],"curies":[{"name":"wp","href":"https:\/\/api.w.org\/{rel}","templated":true}]}}