{"id":21690,"date":"2013-09-30T11:42:56","date_gmt":"2013-09-30T09:42:56","guid":{"rendered":"http:\/\/www.wallendorff.com\/?p=21690"},"modified":"2018-05-23T08:13:24","modified_gmt":"2018-05-23T06:13:24","slug":"darc-side","status":"publish","type":"post","link":"https:\/\/www.wallendorff.com\/belogue\/2013\/09\/30\/darc-side\/","title":{"rendered":"D&rsquo;arc side."},"content":{"rendered":"\n<div id=\"photo\">\n<p><img decoding=\"async\" src=\"https:\/\/www.wallendorff.com\/belogue\/photo\/2013\/09\/20130930.jpg\"><br \/>\nPlace Charles-de-Gaulle, Paris, 14 ao&ucirc;t.<\/p>\n<\/p><\/div>\n<div id=\"bandeson\">\n<p><img decoding=\"async\" src=\"https:\/\/www.wallendorff.com\/belogue\/photo\/pochettes\/s\/star_anna-go_to_hell.jpg\" align=\"left\" \/><em>For Anyone<\/em><br \/><a href=\"http:\/\/www.staranna.com\">Star Anna<\/a><\/p>\n<p>        <iframe style=\"align:right\" width=\"400px\" height=\"55\" scrolling=\"no\" frameborder=\"no\" src=\"https:\/\/w.soundcloud.com\/player\/?url=http%3A%2F%2Fapi.soundcloud.com%2Ftracks%2F107818340&amp;color=ff6600&amp;auto_play=false&amp;show_artwork=false\"><\/iframe>\n      <\/div>\n","protected":false},"excerpt":{"rendered":"<p>Place Charles-de-Gaulle, Paris, 14 ao&ucirc;t. For AnyoneStar Anna<\/p>\n","protected":false},"author":1,"featured_media":26661,"comment_status":"open","ping_status":"open","sticky":false,"template":"","format":"standard","meta":{"_acf_changed":false,"ngg_post_thumbnail":0,"jetpack_post_was_ever_published":false,"_jetpack_newsletter_access":"","_jetpack_dont_email_post_to_subs":false,"_jetpack_newsletter_tier_id":0,"_jetpack_memberships_contains_paywalled_content":false,"_jetpack_memberships_contains_paid_content":false,"footnotes":"","jetpack_publicize_message":"","jetpack_publicize_feature_enabled":true,"jetpack_social_post_already_shared":true,"jetpack_social_options":{"image_generator_settings":{"template":"highway","default_image_id":0,"font":"","enabled":false},"version":2}},"categories":[3],"tags":[10237,10372,10414,708,8016,2571,6766,10246,8030,10120,10121,10098,5416,8029],"class_list":["post-21690","post","type-post","status-publish","format-standard","has-post-thumbnail","hentry","category-dpc","tag-10237","tag-10372","tag-10414","tag-arc-de-triomphe","tag-arc-de-triomphe-de-letoile","tag-ef-16-35-mm-f28l-ii-usm","tag-eos-5d-mark-iii","tag-contre-jour","tag-for-anyone","tag-france","tag-ile-de-france","tag-paris","tag-place-charles-de-gaulle","tag-star-anna"],"acf":[],"geo":{"latitude":48.8738289,"longitude":2.295007,"description":"Gare Charles de Gaulle - \u00c9toile, 75017 Paris, France"},"jetpack_publicize_connections":[],"jetpack_featured_media_url":"https:\/\/www.wallendorff.com\/belogue\/wp-content\/uploads\/2015\/04\/201309301.jpg","jetpack_shortlink":"https:\/\/wp.me\/p3b35P-5DQ","jetpack_sharing_enabled":true,"jetpack-related-posts":[{"id":14761,"url":"https:\/\/www.wallendorff.com\/belogue\/2011\/12\/14\/etoile-filee\/","url_meta":{"origin":21690,"position":0},"title":"\u00c9toile fil\u00e9e.","author":"dpc","date":"14 d\u00e9cembre 2011","format":false,"excerpt":"Place Charles-de-Gaulle, Paris, 12 octobre. UNKLE \u2013 Nursery Rhyme \/ Breather (feat. Badly Drawn Boy) [youtube]http:\/\/www.youtube.com\/watch?v=1TccqNSzskI[\/youtube]","rel":"","context":"Dans &quot;DPC&quot;","block_context":{"text":"DPC","link":"https:\/\/www.wallendorff.com\/belogue\/category\/dpc\/"},"img":{"alt_text":"","src":"https:\/\/i0.wp.com\/www.wallendorff.com\/belogue\/wp-content\/uploads\/2015\/04\/201112141.jpg?resize=350%2C200&ssl=1","width":350,"height":200,"srcset":"https:\/\/i0.wp.com\/www.wallendorff.com\/belogue\/wp-content\/uploads\/2015\/04\/201112141.jpg?resize=350%2C200&ssl=1 1x, https:\/\/i0.wp.com\/www.wallendorff.com\/belogue\/wp-content\/uploads\/2015\/04\/201112141.jpg?resize=525%2C300&ssl=1 1.5x, https:\/\/i0.wp.com\/www.wallendorff.com\/belogue\/wp-content\/uploads\/2015\/04\/201112141.jpg?resize=700%2C400&ssl=1 2x"},"classes":[]},{"id":12331,"url":"https:\/\/www.wallendorff.com\/belogue\/2011\/02\/22\/un-parthe-houpa-lhaut-cintre\/","url_meta":{"origin":21690,"position":1},"title":"Un Parthe houpa l&rsquo;haut cintre.","author":"dpc","date":"22 f\u00e9vrier 2011","format":false,"excerpt":"Arc de Triomphe de l'\u00c9toile, Paris, 17 janvier. C'est magnifique. Je n'avais jamais post\u00e9 une telle photo. [Absolument jamais.] \u00a0The Dandy Warhols \u2013 Hells Bells (AC\/DC cover)","rel":"","context":"Dans &quot;DPC&quot;","block_context":{"text":"DPC","link":"https:\/\/www.wallendorff.com\/belogue\/category\/dpc\/"},"img":{"alt_text":"","src":"https:\/\/i0.wp.com\/www.wallendorff.com\/belogue\/wp-content\/uploads\/2015\/04\/201102221.jpg?resize=350%2C200&ssl=1","width":350,"height":200,"srcset":"https:\/\/i0.wp.com\/www.wallendorff.com\/belogue\/wp-content\/uploads\/2015\/04\/201102221.jpg?resize=350%2C200&ssl=1 1x, https:\/\/i0.wp.com\/www.wallendorff.com\/belogue\/wp-content\/uploads\/2015\/04\/201102221.jpg?resize=525%2C300&ssl=1 1.5x, https:\/\/i0.wp.com\/www.wallendorff.com\/belogue\/wp-content\/uploads\/2015\/04\/201102221.jpg?resize=700%2C400&ssl=1 2x"},"classes":[]},{"id":1147,"url":"https:\/\/www.wallendorff.com\/belogue\/2008\/01\/25\/aux-arcs-on-rit\/","url_meta":{"origin":21690,"position":2},"title":"Aux arcs on rit.","author":"dpc","date":"25 janvier 2008","format":false,"excerpt":"Arc de Triomphe de l'\u00c9toile, Paris, 8 janvier. Arcade Fire nous refait le coup de la vid\u00e9o interactive. \u00a0Eddie Vedder \u2013 Long Nights","rel":"","context":"Dans &quot;DPC&quot;","block_context":{"text":"DPC","link":"https:\/\/www.wallendorff.com\/belogue\/category\/dpc\/"},"img":{"alt_text":"","src":"https:\/\/i0.wp.com\/www.wallendorff.com\/belogue\/wp-content\/uploads\/2015\/04\/200801251.jpg?resize=350%2C200&ssl=1","width":350,"height":200},"classes":[]},{"id":33871,"url":"https:\/\/www.wallendorff.com\/belogue\/2017\/04\/20\/pis-a-prismes-43\/","url_meta":{"origin":21690,"position":3},"title":"Pis \u00e0 prismes #43.","author":"dpc","date":"20 avril 2017","format":false,"excerpt":"Arc de Triomphe de l'\u00c9toile, Paris, 12 mars. Hunt Me Down The Black Angels","rel":"","context":"Dans &quot;Pis \u00e0 prismes&quot;","block_context":{"text":"Pis \u00e0 prismes","link":"https:\/\/www.wallendorff.com\/belogue\/category\/pis-a-prismes\/"},"img":{"alt_text":"","src":"https:\/\/i0.wp.com\/www.wallendorff.com\/belogue\/wp-content\/uploads\/2017\/04\/20170420-1.jpg?resize=350%2C200&ssl=1","width":350,"height":200,"srcset":"https:\/\/i0.wp.com\/www.wallendorff.com\/belogue\/wp-content\/uploads\/2017\/04\/20170420-1.jpg?resize=350%2C200&ssl=1 1x, https:\/\/i0.wp.com\/www.wallendorff.com\/belogue\/wp-content\/uploads\/2017\/04\/20170420-1.jpg?resize=525%2C300&ssl=1 1.5x, https:\/\/i0.wp.com\/www.wallendorff.com\/belogue\/wp-content\/uploads\/2017\/04\/20170420-1.jpg?resize=700%2C400&ssl=1 2x"},"classes":[]},{"id":1145,"url":"https:\/\/www.wallendorff.com\/belogue\/2008\/01\/23\/gaule-d-or-arc-go\/","url_meta":{"origin":21690,"position":4},"title":"Gaule d&rsquo;or Arc goth.","author":"dpc","date":"23 janvier 2008","format":false,"excerpt":"Arc de Triomphe de l'\u00c9toile, Paris, 8 janvier. C'est pas une repompe \u00e9hont\u00e9e1, c'est un hommage. Tiens au fait, si vous avez envie de perdre une journ\u00e9e dans une bonne grosse glande, voil\u00e0 de quoi. \u00a0Pearl Jam \u2013 Aye Davanita _____ 1 Explications techniques, barbantes et soporifiques sur les raisons\u2026","rel":"","context":"Dans &quot;DPC&quot;","block_context":{"text":"DPC","link":"https:\/\/www.wallendorff.com\/belogue\/category\/dpc\/"},"img":{"alt_text":"","src":"https:\/\/i0.wp.com\/www.wallendorff.com\/belogue\/wp-content\/uploads\/2015\/04\/200801231.jpg?resize=350%2C200&ssl=1","width":350,"height":200,"srcset":"https:\/\/i0.wp.com\/www.wallendorff.com\/belogue\/wp-content\/uploads\/2015\/04\/200801231.jpg?resize=350%2C200&ssl=1 1x, https:\/\/i0.wp.com\/www.wallendorff.com\/belogue\/wp-content\/uploads\/2015\/04\/200801231.jpg?resize=525%2C300&ssl=1 1.5x, https:\/\/i0.wp.com\/www.wallendorff.com\/belogue\/wp-content\/uploads\/2015\/04\/200801231.jpg?resize=700%2C400&ssl=1 2x"},"classes":[]},{"id":33876,"url":"https:\/\/www.wallendorff.com\/belogue\/2017\/04\/24\/into-the-wide-93\/","url_meta":{"origin":21690,"position":5},"title":"Into the wide #93.","author":"dpc","date":"24 avril 2017","format":false,"excerpt":"Arc de Triomphe, Paris, 12 mars. J'eusse aim\u00e9 faire une pose lente, propre, pour remplacer tous ces stagnants v\u00e9hicules par de jolies train\u00e9es rouges et jaunes concentriques du plus bel effet. Mais les tr\u00e9pieds sont interdits sur le toit de l'arc. C'est con. Restart BNQT","rel":"","context":"Dans &quot;Into the wide&quot;","block_context":{"text":"Into the wide","link":"https:\/\/www.wallendorff.com\/belogue\/category\/into-the-wide\/"},"img":{"alt_text":"","src":"https:\/\/i0.wp.com\/www.wallendorff.com\/belogue\/wp-content\/uploads\/2017\/04\/20170424.jpg?resize=350%2C200&ssl=1","width":350,"height":200,"srcset":"https:\/\/i0.wp.com\/www.wallendorff.com\/belogue\/wp-content\/uploads\/2017\/04\/20170424.jpg?resize=350%2C200&ssl=1 1x, https:\/\/i0.wp.com\/www.wallendorff.com\/belogue\/wp-content\/uploads\/2017\/04\/20170424.jpg?resize=525%2C300&ssl=1 1.5x, https:\/\/i0.wp.com\/www.wallendorff.com\/belogue\/wp-content\/uploads\/2017\/04\/20170424.jpg?resize=700%2C400&ssl=1 2x"},"classes":[]}],"_links":{"self":[{"href":"https:\/\/www.wallendorff.com\/belogue\/wp-json\/wp\/v2\/posts\/21690","targetHints":{"allow":["GET"]}}],"collection":[{"href":"https:\/\/www.wallendorff.com\/belogue\/wp-json\/wp\/v2\/posts"}],"about":[{"href":"https:\/\/www.wallendorff.com\/belogue\/wp-json\/wp\/v2\/types\/post"}],"author":[{"embeddable":true,"href":"https:\/\/www.wallendorff.com\/belogue\/wp-json\/wp\/v2\/users\/1"}],"replies":[{"embeddable":true,"href":"https:\/\/www.wallendorff.com\/belogue\/wp-json\/wp\/v2\/comments?post=21690"}],"version-history":[{"count":4,"href":"https:\/\/www.wallendorff.com\/belogue\/wp-json\/wp\/v2\/posts\/21690\/revisions"}],"predecessor-version":[{"id":21701,"href":"https:\/\/www.wallendorff.com\/belogue\/wp-json\/wp\/v2\/posts\/21690\/revisions\/21701"}],"wp:featuredmedia":[{"embeddable":true,"href":"https:\/\/www.wallendorff.com\/belogue\/wp-json\/wp\/v2\/media\/26661"}],"wp:attachment":[{"href":"https:\/\/www.wallendorff.com\/belogue\/wp-json\/wp\/v2\/media?parent=21690"}],"wp:term":[{"taxonomy":"category","embeddable":true,"href":"https:\/\/www.wallendorff.com\/belogue\/wp-json\/wp\/v2\/categories?post=21690"},{"taxonomy":"post_tag","embeddable":true,"href":"https:\/\/www.wallendorff.com\/belogue\/wp-json\/wp\/v2\/tags?post=21690"}],"curies":[{"name":"wp","href":"https:\/\/api.w.org\/{rel}","templated":true}]}}